{"id":140814,"date":"2024-09-24T08:36:12","date_gmt":"2024-09-24T08:36:12","guid":{"rendered":"https:\/\/www.nettali.com\/?p=140814"},"modified":"2024-09-24T08:36:12","modified_gmt":"2024-09-24T08:36:12","slug":"valence-real-immigres-un-ex-president-derape","status":"publish","type":"post","link":"https:\/\/www.nettali.com\/2024\/09\/24\/valence-real-immigres-un-ex-president-derape\/","title":{"rendered":"VALENCE  Real immigr\u00e9s, un  ex-pr\u00e9sident d\u00e9rape"},"content":{"rendered":"<p class=\"p3\"><strong>NETTALI.COM -<\/strong> Dans un entretien accord\u00e9 au m\u00e9dia espagnol Relevo, Paco Roig a tenu des propos racistes. L\u2019ancien pr\u00e9sident du FC Valence (1994-1997) a point\u00e9 du doigt les joueurs \u00e9trangers du Real Madrid. \u201c<em>Avant il n\u2019y avait pas de probl\u00e8mes de ce type, ou alors je ne les remarquais pas, a r\u00e9pondu l\u2019ex-dirigeant. Romario \u00e9tait \u00e0 moiti\u00e9 noir et il n\u2019avait pas de probl\u00e8me. C\u2019est qu\u2019\u00e0 Madrid, il y a ce type, qui est\u2026 J'appelle le Real Madrid, le Real Immigr\u00e9s. A Madrid, il y a huit noirs, deux blancs \u00e9trangers et un Espagnol, Carvajal, et il y a ce Vinicius. Vous savez ce qu'il a fait ici ? <\/em><em>Il a escalad\u00e9 la barri\u00e8re \u00e0 Mestalla et il a dit : 'vous m'avez trait\u00e9 de fils de pute'<\/em>.\u201d<\/p>\n<p class=\"p3\">\u201c<em>Ce jour-l\u00e0, j'\u00e9tais \u00e0 Mestalla avec mon petit-fils et mon fils, a-t-il racont\u00e9. J'ai dit \u00e0 mon petit-fils : 'Alfonsito, qu'est-ce qu'ils disent ?' Et il m'a r\u00e9pondu : 'Ils le traitent d'imb\u00e9cile'. Je pensais qu'ils le traitaient de singe. Mais ce n'\u00e9tait pas le cas. (\u2026) Vinicius est peut-\u00eatre un grand joueur, et je pense qu\u2019il l\u2019est, mais c\u2019est une merde en tant que personne<\/em>.\u201d<\/p>\n<p class=\"p3\">Engag\u00e9 dans la lutte contre le racisme en Liga, l\u2019ailier br\u00e9silien va s\u00fbrement r\u00e9agir apr\u00e8s cette d\u00e9claration inacceptable<\/p>\n<div class='share-to-whatsapp-wrapper'><div class='share-on-whsp'>PARTAGER SUR : <\/div><a data-text='VALENCE  Real immigr\u00e9s, un  ex-pr\u00e9sident d\u00e9rape' data-link='https:\/\/www.nettali.com\/2024\/09\/24\/valence-real-immigres-un-ex-president-derape\/' class='whatsapp-button whatsapp-share'>WhatsApp<\/a><div class='clear '><\/div><\/div>","protected":false},"excerpt":{"rendered":"<p>NETTALI.COM - Dans un entretien accord\u00e9 au m\u00e9dia espagnol Relevo, Paco Roig a tenu des propos racistes. L\u2019ancien pr\u00e9sident du FC Valence (1994-1997) a point\u00e9 du doigt les joueurs \u00e9trangers du Real Madrid. \u201cAvant il n\u2019y avait pas de probl\u00e8mes de ce type, ou alors je ne les remarquais pas, a r\u00e9pondu l\u2019ex-dirigeant. Romario \u00e9tait [&hellip;]<\/p>\n","protected":false},"author":2,"featured_media":140815,"comment_status":"open","ping_status":"open","sticky":false,"template":"","format":"standard","meta":{"_et_pb_use_builder":"","_et_pb_old_content":""},"categories":[6],"tags":[],"yoast_head":"<!-- This site is optimized with the Yoast SEO Premium plugin v17.8 (Yoast SEO v17.8) - https:\/\/yoast.com\/wordpress\/plugins\/seo\/ -->\n<title>VALENCE Real immigr\u00e9s, un ex-pr\u00e9sident d\u00e9rape | Nettali.com<\/title>\n<meta name=\"robots\" content=\"index, follow, max-snippet:-1, max-image-preview:large, max-video-preview:-1\" \/>\n<link rel=\"canonical\" href=\"https:\/\/www.nettali.com\/2024\/09\/24\/valence-real-immigres-un-ex-president-derape\/\" \/>\n<meta property=\"og:locale\" content=\"fr_FR\" \/>\n<meta property=\"og:type\" content=\"article\" \/>\n<meta property=\"og:title\" content=\"VALENCE Real immigr\u00e9s, un ex-pr\u00e9sident d\u00e9rape\" \/>\n<meta property=\"og:description\" content=\"NETTALI.COM - Dans un entretien accord\u00e9 au m\u00e9dia espagnol Relevo, Paco Roig a tenu des propos racistes. L\u2019ancien pr\u00e9sident du FC Valence (1994-1997) a point\u00e9 du doigt les joueurs \u00e9trangers du Real Madrid. \u201cAvant il n\u2019y avait pas de probl\u00e8mes de ce type, ou alors je ne les remarquais pas, a r\u00e9pondu l\u2019ex-dirigeant. Romario \u00e9tait [&hellip;]\" \/>\n<meta property=\"og:url\" content=\"https:\/\/www.nettali.com\/2024\/09\/24\/valence-real-immigres-un-ex-president-derape\/\" \/>\n<meta property=\"og:site_name\" content=\"Nettali.com\" \/>\n<meta property=\"article:publisher\" content=\"https:\/\/www.facebook.com\/nettalicom\" \/>\n<meta property=\"article:published_time\" content=\"2024-09-24T08:36:12+00:00\" \/>\n<meta property=\"og:image\" content=\"https:\/\/www.nettali.com\/wp-content\/uploads\/2024\/09\/79c6b7a2-ca47-4419-a868-c52f1ad66eec_16-9-aspect-ratio_default_0.jpg\" \/>\n\t<meta property=\"og:image:width\" content=\"880\" \/>\n\t<meta property=\"og:image:height\" content=\"495\" \/>\n<meta name=\"twitter:card\" content=\"summary_large_image\" \/>\n<meta name=\"twitter:label1\" content=\"\u00c9crit par\" \/>\n\t<meta name=\"twitter:data1\" content=\"CK\" \/>\n\t<meta name=\"twitter:label2\" content=\"Dur\u00e9e de lecture estim\u00e9e\" \/>\n\t<meta name=\"twitter:data2\" content=\"1 minute\" \/>\n<script type=\"application\/ld+json\" class=\"yoast-schema-graph\">{\"@context\":\"https:\/\/schema.org\",\"@graph\":[{\"@type\":\"WebSite\",\"@id\":\"https:\/\/www.nettali.com\/#website\",\"url\":\"https:\/\/www.nettali.com\/\",\"name\":\"Nettali.com\",\"description\":\"Le rendez-vous critique du Net\",\"potentialAction\":[{\"@type\":\"SearchAction\",\"target\":{\"@type\":\"EntryPoint\",\"urlTemplate\":\"https:\/\/www.nettali.com\/?s={search_term_string}\"},\"query-input\":\"required name=search_term_string\"}],\"inLanguage\":\"fr-FR\"},{\"@type\":\"ImageObject\",\"@id\":\"https:\/\/www.nettali.com\/2024\/09\/24\/valence-real-immigres-un-ex-president-derape\/#primaryimage\",\"inLanguage\":\"fr-FR\",\"url\":\"https:\/\/www.nettali.com\/wp-content\/uploads\/2024\/09\/79c6b7a2-ca47-4419-a868-c52f1ad66eec_16-9-aspect-ratio_default_0.jpg\",\"contentUrl\":\"https:\/\/www.nettali.com\/wp-content\/uploads\/2024\/09\/79c6b7a2-ca47-4419-a868-c52f1ad66eec_16-9-aspect-ratio_default_0.jpg\",\"width\":880,\"height\":495},{\"@type\":\"WebPage\",\"@id\":\"https:\/\/www.nettali.com\/2024\/09\/24\/valence-real-immigres-un-ex-president-derape\/#webpage\",\"url\":\"https:\/\/www.nettali.com\/2024\/09\/24\/valence-real-immigres-un-ex-president-derape\/\",\"name\":\"VALENCE Real immigr\\u00e9s, un ex-pr\\u00e9sident d\\u00e9rape | Nettali.com\",\"isPartOf\":{\"@id\":\"https:\/\/www.nettali.com\/#website\"},\"primaryImageOfPage\":{\"@id\":\"https:\/\/www.nettali.com\/2024\/09\/24\/valence-real-immigres-un-ex-president-derape\/#primaryimage\"},\"datePublished\":\"2024-09-24T08:36:12+00:00\",\"dateModified\":\"2024-09-24T08:36:12+00:00\",\"author\":{\"@id\":\"https:\/\/www.nettali.com\/#\/schema\/person\/d8ac7b7e27ddad43f1c0d2ef090d7f71\"},\"breadcrumb\":{\"@id\":\"https:\/\/www.nettali.com\/2024\/09\/24\/valence-real-immigres-un-ex-president-derape\/#breadcrumb\"},\"inLanguage\":\"fr-FR\",\"potentialAction\":[{\"@type\":\"ReadAction\",\"target\":[\"https:\/\/www.nettali.com\/2024\/09\/24\/valence-real-immigres-un-ex-president-derape\/\"]}]},{\"@type\":\"BreadcrumbList\",\"@id\":\"https:\/\/www.nettali.com\/2024\/09\/24\/valence-real-immigres-un-ex-president-derape\/#breadcrumb\",\"itemListElement\":[{\"@type\":\"ListItem\",\"position\":1,\"name\":\"Accueil\",\"item\":\"https:\/\/www.nettali.com\/\"},{\"@type\":\"ListItem\",\"position\":2,\"name\":\"VALENCE Real immigr\\u00e9s, un ex-pr\\u00e9sident d\\u00e9rape\"}]},{\"@type\":\"Person\",\"@id\":\"https:\/\/www.nettali.com\/#\/schema\/person\/d8ac7b7e27ddad43f1c0d2ef090d7f71\",\"name\":\"CK\",\"image\":{\"@type\":\"ImageObject\",\"@id\":\"https:\/\/www.nettali.com\/#personlogo\",\"inLanguage\":\"fr-FR\",\"url\":\"https:\/\/secure.gravatar.com\/avatar\/1d8d5118b9327d94da7cd4ce7f17fec2?s=96&d=mm&r=g\",\"contentUrl\":\"https:\/\/secure.gravatar.com\/avatar\/1d8d5118b9327d94da7cd4ce7f17fec2?s=96&d=mm&r=g\",\"caption\":\"CK\"},\"sameAs\":[\"https:\/\/www.nettali.com\"]}]}<\/script>\n<!-- \/ Yoast SEO Premium plugin. -->","yoast_head_json":{"title":"VALENCE Real immigr\u00e9s, un ex-pr\u00e9sident d\u00e9rape | Nettali.com","robots":{"index":"index","follow":"follow","max-snippet":"max-snippet:-1","max-image-preview":"max-image-preview:large","max-video-preview":"max-video-preview:-1"},"canonical":"https:\/\/www.nettali.com\/2024\/09\/24\/valence-real-immigres-un-ex-president-derape\/","og_locale":"fr_FR","og_type":"article","og_title":"VALENCE Real immigr\u00e9s, un ex-pr\u00e9sident d\u00e9rape","og_description":"NETTALI.COM - Dans un entretien accord\u00e9 au m\u00e9dia espagnol Relevo, Paco Roig a tenu des propos racistes. L\u2019ancien pr\u00e9sident du FC Valence (1994-1997) a point\u00e9 du doigt les joueurs \u00e9trangers du Real Madrid. \u201cAvant il n\u2019y avait pas de probl\u00e8mes de ce type, ou alors je ne les remarquais pas, a r\u00e9pondu l\u2019ex-dirigeant. Romario \u00e9tait [&hellip;]","og_url":"https:\/\/www.nettali.com\/2024\/09\/24\/valence-real-immigres-un-ex-president-derape\/","og_site_name":"Nettali.com","article_publisher":"https:\/\/www.facebook.com\/nettalicom","article_published_time":"2024-09-24T08:36:12+00:00","og_image":[{"width":880,"height":495,"url":"https:\/\/www.nettali.com\/wp-content\/uploads\/2024\/09\/79c6b7a2-ca47-4419-a868-c52f1ad66eec_16-9-aspect-ratio_default_0.jpg","type":"image\/jpeg"}],"twitter_card":"summary_large_image","twitter_misc":{"\u00c9crit par":"CK","Dur\u00e9e de lecture estim\u00e9e":"1 minute"},"schema":{"@context":"https:\/\/schema.org","@graph":[{"@type":"WebSite","@id":"https:\/\/www.nettali.com\/#website","url":"https:\/\/www.nettali.com\/","name":"Nettali.com","description":"Le rendez-vous critique du Net","potentialAction":[{"@type":"SearchAction","target":{"@type":"EntryPoint","urlTemplate":"https:\/\/www.nettali.com\/?s={search_term_string}"},"query-input":"required name=search_term_string"}],"inLanguage":"fr-FR"},{"@type":"ImageObject","@id":"https:\/\/www.nettali.com\/2024\/09\/24\/valence-real-immigres-un-ex-president-derape\/#primaryimage","inLanguage":"fr-FR","url":"https:\/\/www.nettali.com\/wp-content\/uploads\/2024\/09\/79c6b7a2-ca47-4419-a868-c52f1ad66eec_16-9-aspect-ratio_default_0.jpg","contentUrl":"https:\/\/www.nettali.com\/wp-content\/uploads\/2024\/09\/79c6b7a2-ca47-4419-a868-c52f1ad66eec_16-9-aspect-ratio_default_0.jpg","width":880,"height":495},{"@type":"WebPage","@id":"https:\/\/www.nettali.com\/2024\/09\/24\/valence-real-immigres-un-ex-president-derape\/#webpage","url":"https:\/\/www.nettali.com\/2024\/09\/24\/valence-real-immigres-un-ex-president-derape\/","name":"VALENCE Real immigr\u00e9s, un ex-pr\u00e9sident d\u00e9rape | Nettali.com","isPartOf":{"@id":"https:\/\/www.nettali.com\/#website"},"primaryImageOfPage":{"@id":"https:\/\/www.nettali.com\/2024\/09\/24\/valence-real-immigres-un-ex-president-derape\/#primaryimage"},"datePublished":"2024-09-24T08:36:12+00:00","dateModified":"2024-09-24T08:36:12+00:00","author":{"@id":"https:\/\/www.nettali.com\/#\/schema\/person\/d8ac7b7e27ddad43f1c0d2ef090d7f71"},"breadcrumb":{"@id":"https:\/\/www.nettali.com\/2024\/09\/24\/valence-real-immigres-un-ex-president-derape\/#breadcrumb"},"inLanguage":"fr-FR","potentialAction":[{"@type":"ReadAction","target":["https:\/\/www.nettali.com\/2024\/09\/24\/valence-real-immigres-un-ex-president-derape\/"]}]},{"@type":"BreadcrumbList","@id":"https:\/\/www.nettali.com\/2024\/09\/24\/valence-real-immigres-un-ex-president-derape\/#breadcrumb","itemListElement":[{"@type":"ListItem","position":1,"name":"Accueil","item":"https:\/\/www.nettali.com\/"},{"@type":"ListItem","position":2,"name":"VALENCE Real immigr\u00e9s, un ex-pr\u00e9sident d\u00e9rape"}]},{"@type":"Person","@id":"https:\/\/www.nettali.com\/#\/schema\/person\/d8ac7b7e27ddad43f1c0d2ef090d7f71","name":"CK","image":{"@type":"ImageObject","@id":"https:\/\/www.nettali.com\/#personlogo","inLanguage":"fr-FR","url":"https:\/\/secure.gravatar.com\/avatar\/1d8d5118b9327d94da7cd4ce7f17fec2?s=96&d=mm&r=g","contentUrl":"https:\/\/secure.gravatar.com\/avatar\/1d8d5118b9327d94da7cd4ce7f17fec2?s=96&d=mm&r=g","caption":"CK"},"sameAs":["https:\/\/www.nettali.com"]}]}},"_links":{"self":[{"href":"https:\/\/www.nettali.com\/rest\/wp\/v2\/posts\/140814"}],"collection":[{"href":"https:\/\/www.nettali.com\/rest\/wp\/v2\/posts"}],"about":[{"href":"https:\/\/www.nettali.com\/rest\/wp\/v2\/types\/post"}],"author":[{"embeddable":true,"href":"https:\/\/www.nettali.com\/rest\/wp\/v2\/users\/2"}],"replies":[{"embeddable":true,"href":"https:\/\/www.nettali.com\/rest\/wp\/v2\/comments?post=140814"}],"version-history":[{"count":1,"href":"https:\/\/www.nettali.com\/rest\/wp\/v2\/posts\/140814\/revisions"}],"predecessor-version":[{"id":140816,"href":"https:\/\/www.nettali.com\/rest\/wp\/v2\/posts\/140814\/revisions\/140816"}],"wp:featuredmedia":[{"embeddable":true,"href":"https:\/\/www.nettali.com\/rest\/wp\/v2\/media\/140815"}],"wp:attachment":[{"href":"https:\/\/www.nettali.com\/rest\/wp\/v2\/media?parent=140814"}],"wp:term":[{"taxonomy":"category","embeddable":true,"href":"https:\/\/www.nettali.com\/rest\/wp\/v2\/categories?post=140814"},{"taxonomy":"post_tag","embeddable":true,"href":"https:\/\/www.nettali.com\/rest\/wp\/v2\/tags?post=140814"}],"curies":[{"name":"wp","href":"https:\/\/api.w.org\/{rel}","templated":true}]}}