{"id":140781,"date":"2024-09-23T16:57:35","date_gmt":"2024-09-23T16:57:35","guid":{"rendered":"https:\/\/www.nettali.com\/?p=140781"},"modified":"2024-09-23T16:57:35","modified_gmt":"2024-09-23T16:57:35","slug":"elections-legislatives-anticipees-les-partis-non-alignes-denoncent-le-deroulement-du-processus","status":"publish","type":"post","link":"https:\/\/www.nettali.com\/2024\/09\/23\/elections-legislatives-anticipees-les-partis-non-alignes-denoncent-le-deroulement-du-processus\/","title":{"rendered":"ELECTIONS L\u00c9GISLATIVES ANTICIP\u00c9ES - Les partis non align\u00e9s d\u00e9noncent le d\u00e9roulement du processus"},"content":{"rendered":"<p><strong>NETTALI.COM-\u00a0Les partis non-align\u00e9s d\u00e9noncent la d\u00e9marche unilat\u00e9rale du pouvoir concernant le processus \u00e9lectoral. Ils fustigent par ailleurs les prises de position jug\u00e9es partisanes du ministre de l'Int\u00e9rieur, le g\u00e9n\u00e9ral Jean-Baptiste Tine, non sans appeler les citoyens \u00e0 la mobilisation pour faire face.<\/strong><\/p>\n<p>Un mauvais d\u00e9roulement du processus \u00e9lectoral en vue des l\u00e9gislatives du 17 novembre prochain, c\u2019est ce que d\u00e9noncent les partis non-align\u00e9s. \u00ab <em>C'est une situation regrettable, c'est aussi une premi\u00e8re au S\u00e9n\u00e9gal depuis 40 ans. Depuis le code \u00e9lectoral consensuel de 1992, les S\u00e9n\u00e9galais ne sont plus all\u00e9s aux \u00e9lections sans qu'il n'y ait au pr\u00e9alable des concertations entre acteurs politiques pour s'entendre sur les r\u00e8gles du jeu \u00e9lectoral. Le gouvernement a voulu prendre les autres acteurs politiques par surprise. Il est m\u00eame possible de se dire est-ce qu'il a voulu surprendre seulement l'opposition. Parce que quand vous regardez ce qui se passe au sein m\u00eame de la mouvance pr\u00e9sidentielle, on a le sentiment que cette surprise n\u2019est pas le propre seulement de l'opposition. Il y a des raisons pour lesquelles il veut prendre les gens par surprise<\/em> \u00bb, a d\u2019embl\u00e9e d\u00e9clar\u00e9 le coordonnateur du p\u00f4le des non-align\u00e9s, D\u00e9thi\u00e9 Faye.<\/p>\n<p>Il ajoute : \u00ab <em>ce sont tous les S\u00e9n\u00e9galais qui ont des craintes, parce que quand une chose qui ne s'est jamais produite depuis 40 ans appara\u00eet au grand jour, de fa\u00e7on subite, on ne peut qu'\u00eatre inquiet. Il appartient maintenant \u00e0 tous les d\u00e9mocrates de se mobiliser, de faire face pour d\u00e9fendre la d\u00e9mocratie et le S\u00e9n\u00e9gal<\/em> \u00bb.<\/p>\n<p>Ainsi, il avertit : \u00ab <em>mais c'est interdit parce que les acteurs politiques prendront toutes les dispositions malgr\u00e9 les actes administratifs d\u00e9j\u00e0 pris par le ministre de l'Int\u00e9rieur, qui a r\u00e9v\u00e9l\u00e9 aussi sa posture partisane. Ce qui est une premi\u00e8re au S\u00e9n\u00e9gal, un g\u00e9n\u00e9ral prend position sur des questions politiques. Nous avons eu d'autres g\u00e9n\u00e9raux qui ont \u00e9t\u00e9 ministres de l'Int\u00e9rieur, mais jamais ces g\u00e9n\u00e9raux-l\u00e0 n'ont eu \u00e0 adopter de telles postures<\/em> \u00bb.<\/p>\n<div class='share-to-whatsapp-wrapper'><div class='share-on-whsp'>PARTAGER SUR : <\/div><a data-text='ELECTIONS L\u00c9GISLATIVES ANTICIP\u00c9ES - Les partis non align\u00e9s d\u00e9noncent le d\u00e9roulement du processus' data-link='https:\/\/www.nettali.com\/2024\/09\/23\/elections-legislatives-anticipees-les-partis-non-alignes-denoncent-le-deroulement-du-processus\/' class='whatsapp-button whatsapp-share'>WhatsApp<\/a><div class='clear '><\/div><\/div>","protected":false},"excerpt":{"rendered":"<p>NETTALI.COM-\u00a0Les partis non-align\u00e9s d\u00e9noncent la d\u00e9marche unilat\u00e9rale du pouvoir concernant le processus \u00e9lectoral. Ils fustigent par ailleurs les prises de position jug\u00e9es partisanes du ministre de l'Int\u00e9rieur, le g\u00e9n\u00e9ral Jean-Baptiste Tine, non sans appeler les citoyens \u00e0 la mobilisation pour faire face. Un mauvais d\u00e9roulement du processus \u00e9lectoral en vue des l\u00e9gislatives du 17 novembre [&hellip;]<\/p>\n","protected":false},"author":6,"featured_media":130223,"comment_status":"open","ping_status":"open","sticky":false,"template":"","format":"standard","meta":{"_et_pb_use_builder":"","_et_pb_old_content":""},"categories":[2],"tags":[],"yoast_head":"<!-- This site is optimized with the Yoast SEO Premium plugin v17.8 (Yoast SEO v17.8) - https:\/\/yoast.com\/wordpress\/plugins\/seo\/ -->\n<title>ELECTIONS L\u00c9GISLATIVES ANTICIP\u00c9ES - Les partis non align\u00e9s d\u00e9noncent le d\u00e9roulement du processus | Nettali.com<\/title>\n<meta name=\"robots\" content=\"index, follow, max-snippet:-1, max-image-preview:large, max-video-preview:-1\" \/>\n<link rel=\"canonical\" href=\"https:\/\/www.nettali.com\/2024\/09\/23\/elections-legislatives-anticipees-les-partis-non-alignes-denoncent-le-deroulement-du-processus\/\" \/>\n<meta property=\"og:locale\" content=\"fr_FR\" \/>\n<meta property=\"og:type\" content=\"article\" \/>\n<meta property=\"og:title\" content=\"ELECTIONS L\u00c9GISLATIVES ANTICIP\u00c9ES - Les partis non align\u00e9s d\u00e9noncent le d\u00e9roulement du processus\" \/>\n<meta property=\"og:description\" content=\"NETTALI.COM-\u00a0Les partis non-align\u00e9s d\u00e9noncent la d\u00e9marche unilat\u00e9rale du pouvoir concernant le processus \u00e9lectoral. Ils fustigent par ailleurs les prises de position jug\u00e9es partisanes du ministre de l&#039;Int\u00e9rieur, le g\u00e9n\u00e9ral Jean-Baptiste Tine, non sans appeler les citoyens \u00e0 la mobilisation pour faire face. Un mauvais d\u00e9roulement du processus \u00e9lectoral en vue des l\u00e9gislatives du 17 novembre [&hellip;]\" \/>\n<meta property=\"og:url\" content=\"https:\/\/www.nettali.com\/2024\/09\/23\/elections-legislatives-anticipees-les-partis-non-alignes-denoncent-le-deroulement-du-processus\/\" \/>\n<meta property=\"og:site_name\" content=\"Nettali.com\" \/>\n<meta property=\"article:publisher\" content=\"https:\/\/www.facebook.com\/nettalicom\" \/>\n<meta property=\"article:published_time\" content=\"2024-09-23T16:57:35+00:00\" \/>\n<meta property=\"og:image\" content=\"https:\/\/www.nettali.com\/wp-content\/uploads\/2024\/03\/une_femme_met_son_bulletin_de_vote_dans_lurne_le_jour_de_lelection_presidentielle_dans_un_centre_de_vote_aux_hlm._le_24_fevrier_2019._photo_unowas_unowas_scpio.jpg\" \/>\n\t<meta property=\"og:image:width\" content=\"1200\" \/>\n\t<meta property=\"og:image:height\" content=\"695\" \/>\n<meta name=\"twitter:card\" content=\"summary_large_image\" \/>\n<meta name=\"twitter:label1\" content=\"\u00c9crit par\" \/>\n\t<meta name=\"twitter:data1\" content=\"Fatou\" \/>\n\t<meta name=\"twitter:label2\" content=\"Dur\u00e9e de lecture estim\u00e9e\" \/>\n\t<meta name=\"twitter:data2\" content=\"2 minutes\" \/>\n<script type=\"application\/ld+json\" class=\"yoast-schema-graph\">{\"@context\":\"https:\/\/schema.org\",\"@graph\":[{\"@type\":\"WebSite\",\"@id\":\"https:\/\/www.nettali.com\/#website\",\"url\":\"https:\/\/www.nettali.com\/\",\"name\":\"Nettali.com\",\"description\":\"Le rendez-vous critique du Net\",\"potentialAction\":[{\"@type\":\"SearchAction\",\"target\":{\"@type\":\"EntryPoint\",\"urlTemplate\":\"https:\/\/www.nettali.com\/?s={search_term_string}\"},\"query-input\":\"required name=search_term_string\"}],\"inLanguage\":\"fr-FR\"},{\"@type\":\"ImageObject\",\"@id\":\"https:\/\/www.nettali.com\/2024\/09\/23\/elections-legislatives-anticipees-les-partis-non-alignes-denoncent-le-deroulement-du-processus\/#primaryimage\",\"inLanguage\":\"fr-FR\",\"url\":\"https:\/\/www.nettali.com\/wp-content\/uploads\/2024\/03\/une_femme_met_son_bulletin_de_vote_dans_lurne_le_jour_de_lelection_presidentielle_dans_un_centre_de_vote_aux_hlm._le_24_fevrier_2019._photo_unowas_unowas_scpio.jpg\",\"contentUrl\":\"https:\/\/www.nettali.com\/wp-content\/uploads\/2024\/03\/une_femme_met_son_bulletin_de_vote_dans_lurne_le_jour_de_lelection_presidentielle_dans_un_centre_de_vote_aux_hlm._le_24_fevrier_2019._photo_unowas_unowas_scpio.jpg\",\"width\":1200,\"height\":695},{\"@type\":\"WebPage\",\"@id\":\"https:\/\/www.nettali.com\/2024\/09\/23\/elections-legislatives-anticipees-les-partis-non-alignes-denoncent-le-deroulement-du-processus\/#webpage\",\"url\":\"https:\/\/www.nettali.com\/2024\/09\/23\/elections-legislatives-anticipees-les-partis-non-alignes-denoncent-le-deroulement-du-processus\/\",\"name\":\"ELECTIONS L\\u00c9GISLATIVES ANTICIP\\u00c9ES - Les partis non align\\u00e9s d\\u00e9noncent le d\\u00e9roulement du processus | Nettali.com\",\"isPartOf\":{\"@id\":\"https:\/\/www.nettali.com\/#website\"},\"primaryImageOfPage\":{\"@id\":\"https:\/\/www.nettali.com\/2024\/09\/23\/elections-legislatives-anticipees-les-partis-non-alignes-denoncent-le-deroulement-du-processus\/#primaryimage\"},\"datePublished\":\"2024-09-23T16:57:35+00:00\",\"dateModified\":\"2024-09-23T16:57:35+00:00\",\"author\":{\"@id\":\"https:\/\/www.nettali.com\/#\/schema\/person\/418274a86bdf87caff7a3ef476bd0bbf\"},\"breadcrumb\":{\"@id\":\"https:\/\/www.nettali.com\/2024\/09\/23\/elections-legislatives-anticipees-les-partis-non-alignes-denoncent-le-deroulement-du-processus\/#breadcrumb\"},\"inLanguage\":\"fr-FR\",\"potentialAction\":[{\"@type\":\"ReadAction\",\"target\":[\"https:\/\/www.nettali.com\/2024\/09\/23\/elections-legislatives-anticipees-les-partis-non-alignes-denoncent-le-deroulement-du-processus\/\"]}]},{\"@type\":\"BreadcrumbList\",\"@id\":\"https:\/\/www.nettali.com\/2024\/09\/23\/elections-legislatives-anticipees-les-partis-non-alignes-denoncent-le-deroulement-du-processus\/#breadcrumb\",\"itemListElement\":[{\"@type\":\"ListItem\",\"position\":1,\"name\":\"Accueil\",\"item\":\"https:\/\/www.nettali.com\/\"},{\"@type\":\"ListItem\",\"position\":2,\"name\":\"ELECTIONS L\\u00c9GISLATIVES ANTICIP\\u00c9ES - Les partis non align\\u00e9s d\\u00e9noncent le d\\u00e9roulement du processus\"}]},{\"@type\":\"Person\",\"@id\":\"https:\/\/www.nettali.com\/#\/schema\/person\/418274a86bdf87caff7a3ef476bd0bbf\",\"name\":\"Fatou\",\"image\":{\"@type\":\"ImageObject\",\"@id\":\"https:\/\/www.nettali.com\/#personlogo\",\"inLanguage\":\"fr-FR\",\"url\":\"https:\/\/secure.gravatar.com\/avatar\/5a9442a2bee7b4dcf167cab035858e9a?s=96&d=mm&r=g\",\"contentUrl\":\"https:\/\/secure.gravatar.com\/avatar\/5a9442a2bee7b4dcf167cab035858e9a?s=96&d=mm&r=g\",\"caption\":\"Fatou\"},\"sameAs\":[\"https:\/\/www.nettali.com\"]}]}<\/script>\n<!-- \/ Yoast SEO Premium plugin. -->","yoast_head_json":{"title":"ELECTIONS L\u00c9GISLATIVES ANTICIP\u00c9ES - Les partis non align\u00e9s d\u00e9noncent le d\u00e9roulement du processus | Nettali.com","robots":{"index":"index","follow":"follow","max-snippet":"max-snippet:-1","max-image-preview":"max-image-preview:large","max-video-preview":"max-video-preview:-1"},"canonical":"https:\/\/www.nettali.com\/2024\/09\/23\/elections-legislatives-anticipees-les-partis-non-alignes-denoncent-le-deroulement-du-processus\/","og_locale":"fr_FR","og_type":"article","og_title":"ELECTIONS L\u00c9GISLATIVES ANTICIP\u00c9ES - Les partis non align\u00e9s d\u00e9noncent le d\u00e9roulement du processus","og_description":"NETTALI.COM-\u00a0Les partis non-align\u00e9s d\u00e9noncent la d\u00e9marche unilat\u00e9rale du pouvoir concernant le processus \u00e9lectoral. Ils fustigent par ailleurs les prises de position jug\u00e9es partisanes du ministre de l'Int\u00e9rieur, le g\u00e9n\u00e9ral Jean-Baptiste Tine, non sans appeler les citoyens \u00e0 la mobilisation pour faire face. Un mauvais d\u00e9roulement du processus \u00e9lectoral en vue des l\u00e9gislatives du 17 novembre [&hellip;]","og_url":"https:\/\/www.nettali.com\/2024\/09\/23\/elections-legislatives-anticipees-les-partis-non-alignes-denoncent-le-deroulement-du-processus\/","og_site_name":"Nettali.com","article_publisher":"https:\/\/www.facebook.com\/nettalicom","article_published_time":"2024-09-23T16:57:35+00:00","og_image":[{"width":1200,"height":695,"url":"https:\/\/www.nettali.com\/wp-content\/uploads\/2024\/03\/une_femme_met_son_bulletin_de_vote_dans_lurne_le_jour_de_lelection_presidentielle_dans_un_centre_de_vote_aux_hlm._le_24_fevrier_2019._photo_unowas_unowas_scpio.jpg","type":"image\/jpeg"}],"twitter_card":"summary_large_image","twitter_misc":{"\u00c9crit par":"Fatou","Dur\u00e9e de lecture estim\u00e9e":"2 minutes"},"schema":{"@context":"https:\/\/schema.org","@graph":[{"@type":"WebSite","@id":"https:\/\/www.nettali.com\/#website","url":"https:\/\/www.nettali.com\/","name":"Nettali.com","description":"Le rendez-vous critique du Net","potentialAction":[{"@type":"SearchAction","target":{"@type":"EntryPoint","urlTemplate":"https:\/\/www.nettali.com\/?s={search_term_string}"},"query-input":"required name=search_term_string"}],"inLanguage":"fr-FR"},{"@type":"ImageObject","@id":"https:\/\/www.nettali.com\/2024\/09\/23\/elections-legislatives-anticipees-les-partis-non-alignes-denoncent-le-deroulement-du-processus\/#primaryimage","inLanguage":"fr-FR","url":"https:\/\/www.nettali.com\/wp-content\/uploads\/2024\/03\/une_femme_met_son_bulletin_de_vote_dans_lurne_le_jour_de_lelection_presidentielle_dans_un_centre_de_vote_aux_hlm._le_24_fevrier_2019._photo_unowas_unowas_scpio.jpg","contentUrl":"https:\/\/www.nettali.com\/wp-content\/uploads\/2024\/03\/une_femme_met_son_bulletin_de_vote_dans_lurne_le_jour_de_lelection_presidentielle_dans_un_centre_de_vote_aux_hlm._le_24_fevrier_2019._photo_unowas_unowas_scpio.jpg","width":1200,"height":695},{"@type":"WebPage","@id":"https:\/\/www.nettali.com\/2024\/09\/23\/elections-legislatives-anticipees-les-partis-non-alignes-denoncent-le-deroulement-du-processus\/#webpage","url":"https:\/\/www.nettali.com\/2024\/09\/23\/elections-legislatives-anticipees-les-partis-non-alignes-denoncent-le-deroulement-du-processus\/","name":"ELECTIONS L\u00c9GISLATIVES ANTICIP\u00c9ES - Les partis non align\u00e9s d\u00e9noncent le d\u00e9roulement du processus | Nettali.com","isPartOf":{"@id":"https:\/\/www.nettali.com\/#website"},"primaryImageOfPage":{"@id":"https:\/\/www.nettali.com\/2024\/09\/23\/elections-legislatives-anticipees-les-partis-non-alignes-denoncent-le-deroulement-du-processus\/#primaryimage"},"datePublished":"2024-09-23T16:57:35+00:00","dateModified":"2024-09-23T16:57:35+00:00","author":{"@id":"https:\/\/www.nettali.com\/#\/schema\/person\/418274a86bdf87caff7a3ef476bd0bbf"},"breadcrumb":{"@id":"https:\/\/www.nettali.com\/2024\/09\/23\/elections-legislatives-anticipees-les-partis-non-alignes-denoncent-le-deroulement-du-processus\/#breadcrumb"},"inLanguage":"fr-FR","potentialAction":[{"@type":"ReadAction","target":["https:\/\/www.nettali.com\/2024\/09\/23\/elections-legislatives-anticipees-les-partis-non-alignes-denoncent-le-deroulement-du-processus\/"]}]},{"@type":"BreadcrumbList","@id":"https:\/\/www.nettali.com\/2024\/09\/23\/elections-legislatives-anticipees-les-partis-non-alignes-denoncent-le-deroulement-du-processus\/#breadcrumb","itemListElement":[{"@type":"ListItem","position":1,"name":"Accueil","item":"https:\/\/www.nettali.com\/"},{"@type":"ListItem","position":2,"name":"ELECTIONS L\u00c9GISLATIVES ANTICIP\u00c9ES - Les partis non align\u00e9s d\u00e9noncent le d\u00e9roulement du processus"}]},{"@type":"Person","@id":"https:\/\/www.nettali.com\/#\/schema\/person\/418274a86bdf87caff7a3ef476bd0bbf","name":"Fatou","image":{"@type":"ImageObject","@id":"https:\/\/www.nettali.com\/#personlogo","inLanguage":"fr-FR","url":"https:\/\/secure.gravatar.com\/avatar\/5a9442a2bee7b4dcf167cab035858e9a?s=96&d=mm&r=g","contentUrl":"https:\/\/secure.gravatar.com\/avatar\/5a9442a2bee7b4dcf167cab035858e9a?s=96&d=mm&r=g","caption":"Fatou"},"sameAs":["https:\/\/www.nettali.com"]}]}},"_links":{"self":[{"href":"https:\/\/www.nettali.com\/rest\/wp\/v2\/posts\/140781"}],"collection":[{"href":"https:\/\/www.nettali.com\/rest\/wp\/v2\/posts"}],"about":[{"href":"https:\/\/www.nettali.com\/rest\/wp\/v2\/types\/post"}],"author":[{"embeddable":true,"href":"https:\/\/www.nettali.com\/rest\/wp\/v2\/users\/6"}],"replies":[{"embeddable":true,"href":"https:\/\/www.nettali.com\/rest\/wp\/v2\/comments?post=140781"}],"version-history":[{"count":3,"href":"https:\/\/www.nettali.com\/rest\/wp\/v2\/posts\/140781\/revisions"}],"predecessor-version":[{"id":140785,"href":"https:\/\/www.nettali.com\/rest\/wp\/v2\/posts\/140781\/revisions\/140785"}],"wp:featuredmedia":[{"embeddable":true,"href":"https:\/\/www.nettali.com\/rest\/wp\/v2\/media\/130223"}],"wp:attachment":[{"href":"https:\/\/www.nettali.com\/rest\/wp\/v2\/media?parent=140781"}],"wp:term":[{"taxonomy":"category","embeddable":true,"href":"https:\/\/www.nettali.com\/rest\/wp\/v2\/categories?post=140781"},{"taxonomy":"post_tag","embeddable":true,"href":"https:\/\/www.nettali.com\/rest\/wp\/v2\/tags?post=140781"}],"curies":[{"name":"wp","href":"https:\/\/api.w.org\/{rel}","templated":true}]}}