{"id":140718,"date":"2024-09-23T08:45:09","date_gmt":"2024-09-23T08:45:09","guid":{"rendered":"https:\/\/www.nettali.com\/?p=140718"},"modified":"2024-09-23T08:45:09","modified_gmt":"2024-09-23T08:45:09","slug":"coupe-caf-le-jaraaf-ecrase-le-rc-dabidjan-3-0-et-se-qualifie-en-phase-de-groupes","status":"publish","type":"post","link":"https:\/\/www.nettali.com\/2024\/09\/23\/coupe-caf-le-jaraaf-ecrase-le-rc-dabidjan-3-0-et-se-qualifie-en-phase-de-groupes\/","title":{"rendered":"COUPE CAF - Le Jaraaf \u00e9crase le RC d\u2019Abidjan (3-0) et se qualifie en phase de groupes"},"content":{"rendered":"<p><strong>NETTALI.COM - \u00c7a y est, le Jaraaf de Dakar a d\u00e9croch\u00e9 son ticket pour la phase de poules de la Coupe de la Conf\u00e9d\u00e9ration africaine. Le club de la M\u00e9dina a surclass\u00e9 le Racing Club d\u2019Abidjan (3-0), ce dimanche 22 septembre au stade Lat Dior de Thi\u00e8s \u00e0 l'occasion de la manche retour du deuxi\u00e8me tour des pr\u00e9liminaires de la Coupe CAF.<\/strong><\/p>\n<p>L\u2019obstacle ivoirien est \u00e9vit\u00e9 pour le club de la M\u00e9dina qui va bel et bien jouer la Coupe CAF cette saison. Apr\u00e8s l\u2019\u00e9limination de Teungueth FC en tour pr\u00e9liminaire de Ligue des Champions Africaine, le S\u00e9n\u00e9gal avait mis ses espoirs sur le Jaraaf qui n\u2019a pas d\u00e9\u00e7u. Ayant pass\u00e9 avec brio le premier tour pr\u00e9liminaire, les Vert et Blanc ont bien g\u00e9r\u00e9 le match aller du deuxi\u00e8me tour face au RC d\u2019Abidjan (0-0), avant de s\u2019imposer ce dimanche 22 septembre au stade Lat Dior 3-0.<\/p>\n<p>Malgr\u00e9 l\u2019absence de leur avant-centre et meilleur buteur de ce d\u00e9but de saison Souleymane Ciss\u00e9 (expuls\u00e9 \u00e0 l\u2019aller), les hommes de Malick Daf ont d\u00e9marr\u00e9 tr\u00e8s fort la rencontre avec un but de Matheuw Fall apr\u00e8s moins de dix minutes de jeu (1-0). Passeur d\u00e9cisif sur l\u2019ouverture du score, Souleymane Dione va enfoncer le clou en transformant un penalty avant la pause (2-0).<\/p>\n<p>En fin de match, le capitaine R\u00e9my Bocand\u00e9 va tirer sur l'ambulance en marquant \u00e0 son tour un penalty \u00e0 la 85e minute, envoyant ainsi le Jaraaf en Coupe CAF.<\/p>\n<div class='share-to-whatsapp-wrapper'><div class='share-on-whsp'>PARTAGER SUR : <\/div><a data-text='COUPE CAF - Le Jaraaf \u00e9crase le RC d\u2019Abidjan (3-0) et se qualifie en phase de groupes' data-link='https:\/\/www.nettali.com\/2024\/09\/23\/coupe-caf-le-jaraaf-ecrase-le-rc-dabidjan-3-0-et-se-qualifie-en-phase-de-groupes\/' class='whatsapp-button whatsapp-share'>WhatsApp<\/a><div class='clear '><\/div><\/div>","protected":false},"excerpt":{"rendered":"<p>NETTALI.COM - \u00c7a y est, le Jaraaf de Dakar a d\u00e9croch\u00e9 son ticket pour la phase de poules de la Coupe de la Conf\u00e9d\u00e9ration africaine. Le club de la M\u00e9dina a surclass\u00e9 le Racing Club d\u2019Abidjan (3-0), ce dimanche 22 septembre au stade Lat Dior de Thi\u00e8s \u00e0 l'occasion de la manche retour du deuxi\u00e8me [&hellip;]<\/p>\n","protected":false},"author":5,"featured_media":140720,"comment_status":"open","ping_status":"open","sticky":false,"template":"","format":"standard","meta":{"_et_pb_use_builder":"","_et_pb_old_content":""},"categories":[6],"tags":[],"yoast_head":"<!-- This site is optimized with the Yoast SEO Premium plugin v17.8 (Yoast SEO v17.8) - https:\/\/yoast.com\/wordpress\/plugins\/seo\/ -->\n<title>COUPE CAF - Le Jaraaf \u00e9crase le RC d\u2019Abidjan (3-0) et se qualifie en phase de groupes | Nettali.com<\/title>\n<meta name=\"robots\" content=\"index, follow, max-snippet:-1, max-image-preview:large, max-video-preview:-1\" \/>\n<link rel=\"canonical\" href=\"https:\/\/www.nettali.com\/2024\/09\/23\/coupe-caf-le-jaraaf-ecrase-le-rc-dabidjan-3-0-et-se-qualifie-en-phase-de-groupes\/\" \/>\n<meta property=\"og:locale\" content=\"fr_FR\" \/>\n<meta property=\"og:type\" content=\"article\" \/>\n<meta property=\"og:title\" content=\"COUPE CAF - Le Jaraaf \u00e9crase le RC d\u2019Abidjan (3-0) et se qualifie en phase de groupes\" \/>\n<meta property=\"og:description\" content=\"NETTALI.COM - \u00c7a y est, le Jaraaf de Dakar a d\u00e9croch\u00e9 son ticket pour la phase de poules de la Coupe de la Conf\u00e9d\u00e9ration africaine. Le club de la M\u00e9dina a surclass\u00e9 le Racing Club d\u2019Abidjan (3-0), ce dimanche 22 septembre au stade Lat Dior de Thi\u00e8s \u00e0 l&#039;occasion de la manche retour du deuxi\u00e8me [&hellip;]\" \/>\n<meta property=\"og:url\" content=\"https:\/\/www.nettali.com\/2024\/09\/23\/coupe-caf-le-jaraaf-ecrase-le-rc-dabidjan-3-0-et-se-qualifie-en-phase-de-groupes\/\" \/>\n<meta property=\"og:site_name\" content=\"Nettali.com\" \/>\n<meta property=\"article:publisher\" content=\"https:\/\/www.facebook.com\/nettalicom\" \/>\n<meta property=\"article:published_time\" content=\"2024-09-23T08:45:09+00:00\" \/>\n<meta property=\"og:image\" content=\"https:\/\/www.nettali.com\/wp-content\/uploads\/2024\/09\/hq720-1.jpg\" \/>\n\t<meta property=\"og:image:width\" content=\"686\" \/>\n\t<meta property=\"og:image:height\" content=\"386\" \/>\n<meta name=\"twitter:card\" content=\"summary_large_image\" \/>\n<meta name=\"twitter:label1\" content=\"\u00c9crit par\" \/>\n\t<meta name=\"twitter:data1\" content=\"Ibrahima\" \/>\n\t<meta name=\"twitter:label2\" content=\"Dur\u00e9e de lecture estim\u00e9e\" \/>\n\t<meta name=\"twitter:data2\" content=\"2 minutes\" \/>\n<script type=\"application\/ld+json\" class=\"yoast-schema-graph\">{\"@context\":\"https:\/\/schema.org\",\"@graph\":[{\"@type\":\"WebSite\",\"@id\":\"https:\/\/www.nettali.com\/#website\",\"url\":\"https:\/\/www.nettali.com\/\",\"name\":\"Nettali.com\",\"description\":\"Le rendez-vous critique du Net\",\"potentialAction\":[{\"@type\":\"SearchAction\",\"target\":{\"@type\":\"EntryPoint\",\"urlTemplate\":\"https:\/\/www.nettali.com\/?s={search_term_string}\"},\"query-input\":\"required name=search_term_string\"}],\"inLanguage\":\"fr-FR\"},{\"@type\":\"ImageObject\",\"@id\":\"https:\/\/www.nettali.com\/2024\/09\/23\/coupe-caf-le-jaraaf-ecrase-le-rc-dabidjan-3-0-et-se-qualifie-en-phase-de-groupes\/#primaryimage\",\"inLanguage\":\"fr-FR\",\"url\":\"https:\/\/www.nettali.com\/wp-content\/uploads\/2024\/09\/hq720-1.jpg\",\"contentUrl\":\"https:\/\/www.nettali.com\/wp-content\/uploads\/2024\/09\/hq720-1.jpg\",\"width\":686,\"height\":386},{\"@type\":\"WebPage\",\"@id\":\"https:\/\/www.nettali.com\/2024\/09\/23\/coupe-caf-le-jaraaf-ecrase-le-rc-dabidjan-3-0-et-se-qualifie-en-phase-de-groupes\/#webpage\",\"url\":\"https:\/\/www.nettali.com\/2024\/09\/23\/coupe-caf-le-jaraaf-ecrase-le-rc-dabidjan-3-0-et-se-qualifie-en-phase-de-groupes\/\",\"name\":\"COUPE CAF - Le Jaraaf \\u00e9crase le RC d\\u2019Abidjan (3-0) et se qualifie en phase de groupes | Nettali.com\",\"isPartOf\":{\"@id\":\"https:\/\/www.nettali.com\/#website\"},\"primaryImageOfPage\":{\"@id\":\"https:\/\/www.nettali.com\/2024\/09\/23\/coupe-caf-le-jaraaf-ecrase-le-rc-dabidjan-3-0-et-se-qualifie-en-phase-de-groupes\/#primaryimage\"},\"datePublished\":\"2024-09-23T08:45:09+00:00\",\"dateModified\":\"2024-09-23T08:45:09+00:00\",\"author\":{\"@id\":\"https:\/\/www.nettali.com\/#\/schema\/person\/bb147657c2986240405a608162b9bb23\"},\"breadcrumb\":{\"@id\":\"https:\/\/www.nettali.com\/2024\/09\/23\/coupe-caf-le-jaraaf-ecrase-le-rc-dabidjan-3-0-et-se-qualifie-en-phase-de-groupes\/#breadcrumb\"},\"inLanguage\":\"fr-FR\",\"potentialAction\":[{\"@type\":\"ReadAction\",\"target\":[\"https:\/\/www.nettali.com\/2024\/09\/23\/coupe-caf-le-jaraaf-ecrase-le-rc-dabidjan-3-0-et-se-qualifie-en-phase-de-groupes\/\"]}]},{\"@type\":\"BreadcrumbList\",\"@id\":\"https:\/\/www.nettali.com\/2024\/09\/23\/coupe-caf-le-jaraaf-ecrase-le-rc-dabidjan-3-0-et-se-qualifie-en-phase-de-groupes\/#breadcrumb\",\"itemListElement\":[{\"@type\":\"ListItem\",\"position\":1,\"name\":\"Accueil\",\"item\":\"https:\/\/www.nettali.com\/\"},{\"@type\":\"ListItem\",\"position\":2,\"name\":\"COUPE CAF - Le Jaraaf \\u00e9crase le RC d\\u2019Abidjan (3-0) et se qualifie en phase de groupes\"}]},{\"@type\":\"Person\",\"@id\":\"https:\/\/www.nettali.com\/#\/schema\/person\/bb147657c2986240405a608162b9bb23\",\"name\":\"Ibrahima\",\"image\":{\"@type\":\"ImageObject\",\"@id\":\"https:\/\/www.nettali.com\/#personlogo\",\"inLanguage\":\"fr-FR\",\"url\":\"https:\/\/secure.gravatar.com\/avatar\/26a8a81f09f0dd7624c9d5c36c9ba3a2?s=96&d=mm&r=g\",\"contentUrl\":\"https:\/\/secure.gravatar.com\/avatar\/26a8a81f09f0dd7624c9d5c36c9ba3a2?s=96&d=mm&r=g\",\"caption\":\"Ibrahima\"},\"sameAs\":[\"https:\/\/www.nettali.com\"]}]}<\/script>\n<!-- \/ Yoast SEO Premium plugin. -->","yoast_head_json":{"title":"COUPE CAF - Le Jaraaf \u00e9crase le RC d\u2019Abidjan (3-0) et se qualifie en phase de groupes | Nettali.com","robots":{"index":"index","follow":"follow","max-snippet":"max-snippet:-1","max-image-preview":"max-image-preview:large","max-video-preview":"max-video-preview:-1"},"canonical":"https:\/\/www.nettali.com\/2024\/09\/23\/coupe-caf-le-jaraaf-ecrase-le-rc-dabidjan-3-0-et-se-qualifie-en-phase-de-groupes\/","og_locale":"fr_FR","og_type":"article","og_title":"COUPE CAF - Le Jaraaf \u00e9crase le RC d\u2019Abidjan (3-0) et se qualifie en phase de groupes","og_description":"NETTALI.COM - \u00c7a y est, le Jaraaf de Dakar a d\u00e9croch\u00e9 son ticket pour la phase de poules de la Coupe de la Conf\u00e9d\u00e9ration africaine. Le club de la M\u00e9dina a surclass\u00e9 le Racing Club d\u2019Abidjan (3-0), ce dimanche 22 septembre au stade Lat Dior de Thi\u00e8s \u00e0 l'occasion de la manche retour du deuxi\u00e8me [&hellip;]","og_url":"https:\/\/www.nettali.com\/2024\/09\/23\/coupe-caf-le-jaraaf-ecrase-le-rc-dabidjan-3-0-et-se-qualifie-en-phase-de-groupes\/","og_site_name":"Nettali.com","article_publisher":"https:\/\/www.facebook.com\/nettalicom","article_published_time":"2024-09-23T08:45:09+00:00","og_image":[{"width":686,"height":386,"url":"https:\/\/www.nettali.com\/wp-content\/uploads\/2024\/09\/hq720-1.jpg","type":"image\/jpeg"}],"twitter_card":"summary_large_image","twitter_misc":{"\u00c9crit par":"Ibrahima","Dur\u00e9e de lecture estim\u00e9e":"2 minutes"},"schema":{"@context":"https:\/\/schema.org","@graph":[{"@type":"WebSite","@id":"https:\/\/www.nettali.com\/#website","url":"https:\/\/www.nettali.com\/","name":"Nettali.com","description":"Le rendez-vous critique du Net","potentialAction":[{"@type":"SearchAction","target":{"@type":"EntryPoint","urlTemplate":"https:\/\/www.nettali.com\/?s={search_term_string}"},"query-input":"required name=search_term_string"}],"inLanguage":"fr-FR"},{"@type":"ImageObject","@id":"https:\/\/www.nettali.com\/2024\/09\/23\/coupe-caf-le-jaraaf-ecrase-le-rc-dabidjan-3-0-et-se-qualifie-en-phase-de-groupes\/#primaryimage","inLanguage":"fr-FR","url":"https:\/\/www.nettali.com\/wp-content\/uploads\/2024\/09\/hq720-1.jpg","contentUrl":"https:\/\/www.nettali.com\/wp-content\/uploads\/2024\/09\/hq720-1.jpg","width":686,"height":386},{"@type":"WebPage","@id":"https:\/\/www.nettali.com\/2024\/09\/23\/coupe-caf-le-jaraaf-ecrase-le-rc-dabidjan-3-0-et-se-qualifie-en-phase-de-groupes\/#webpage","url":"https:\/\/www.nettali.com\/2024\/09\/23\/coupe-caf-le-jaraaf-ecrase-le-rc-dabidjan-3-0-et-se-qualifie-en-phase-de-groupes\/","name":"COUPE CAF - Le Jaraaf \u00e9crase le RC d\u2019Abidjan (3-0) et se qualifie en phase de groupes | Nettali.com","isPartOf":{"@id":"https:\/\/www.nettali.com\/#website"},"primaryImageOfPage":{"@id":"https:\/\/www.nettali.com\/2024\/09\/23\/coupe-caf-le-jaraaf-ecrase-le-rc-dabidjan-3-0-et-se-qualifie-en-phase-de-groupes\/#primaryimage"},"datePublished":"2024-09-23T08:45:09+00:00","dateModified":"2024-09-23T08:45:09+00:00","author":{"@id":"https:\/\/www.nettali.com\/#\/schema\/person\/bb147657c2986240405a608162b9bb23"},"breadcrumb":{"@id":"https:\/\/www.nettali.com\/2024\/09\/23\/coupe-caf-le-jaraaf-ecrase-le-rc-dabidjan-3-0-et-se-qualifie-en-phase-de-groupes\/#breadcrumb"},"inLanguage":"fr-FR","potentialAction":[{"@type":"ReadAction","target":["https:\/\/www.nettali.com\/2024\/09\/23\/coupe-caf-le-jaraaf-ecrase-le-rc-dabidjan-3-0-et-se-qualifie-en-phase-de-groupes\/"]}]},{"@type":"BreadcrumbList","@id":"https:\/\/www.nettali.com\/2024\/09\/23\/coupe-caf-le-jaraaf-ecrase-le-rc-dabidjan-3-0-et-se-qualifie-en-phase-de-groupes\/#breadcrumb","itemListElement":[{"@type":"ListItem","position":1,"name":"Accueil","item":"https:\/\/www.nettali.com\/"},{"@type":"ListItem","position":2,"name":"COUPE CAF - Le Jaraaf \u00e9crase le RC d\u2019Abidjan (3-0) et se qualifie en phase de groupes"}]},{"@type":"Person","@id":"https:\/\/www.nettali.com\/#\/schema\/person\/bb147657c2986240405a608162b9bb23","name":"Ibrahima","image":{"@type":"ImageObject","@id":"https:\/\/www.nettali.com\/#personlogo","inLanguage":"fr-FR","url":"https:\/\/secure.gravatar.com\/avatar\/26a8a81f09f0dd7624c9d5c36c9ba3a2?s=96&d=mm&r=g","contentUrl":"https:\/\/secure.gravatar.com\/avatar\/26a8a81f09f0dd7624c9d5c36c9ba3a2?s=96&d=mm&r=g","caption":"Ibrahima"},"sameAs":["https:\/\/www.nettali.com"]}]}},"_links":{"self":[{"href":"https:\/\/www.nettali.com\/rest\/wp\/v2\/posts\/140718"}],"collection":[{"href":"https:\/\/www.nettali.com\/rest\/wp\/v2\/posts"}],"about":[{"href":"https:\/\/www.nettali.com\/rest\/wp\/v2\/types\/post"}],"author":[{"embeddable":true,"href":"https:\/\/www.nettali.com\/rest\/wp\/v2\/users\/5"}],"replies":[{"embeddable":true,"href":"https:\/\/www.nettali.com\/rest\/wp\/v2\/comments?post=140718"}],"version-history":[{"count":2,"href":"https:\/\/www.nettali.com\/rest\/wp\/v2\/posts\/140718\/revisions"}],"predecessor-version":[{"id":140733,"href":"https:\/\/www.nettali.com\/rest\/wp\/v2\/posts\/140718\/revisions\/140733"}],"wp:featuredmedia":[{"embeddable":true,"href":"https:\/\/www.nettali.com\/rest\/wp\/v2\/media\/140720"}],"wp:attachment":[{"href":"https:\/\/www.nettali.com\/rest\/wp\/v2\/media?parent=140718"}],"wp:term":[{"taxonomy":"category","embeddable":true,"href":"https:\/\/www.nettali.com\/rest\/wp\/v2\/categories?post=140718"},{"taxonomy":"post_tag","embeddable":true,"href":"https:\/\/www.nettali.com\/rest\/wp\/v2\/tags?post=140718"}],"curies":[{"name":"wp","href":"https:\/\/api.w.org\/{rel}","templated":true}]}}