{"id":140648,"date":"2024-09-21T23:42:55","date_gmt":"2024-09-21T23:42:55","guid":{"rendered":"https:\/\/www.nettali.com\/?p=140648"},"modified":"2024-09-22T13:01:47","modified_gmt":"2024-09-22T13:01:47","slug":"en-coulisses-diomaye-president-devient-coalition-pastef","status":"publish","type":"post","link":"https:\/\/www.nettali.com\/2024\/09\/21\/en-coulisses-diomaye-president-devient-coalition-pastef\/","title":{"rendered":"EN COULISSES - \"Diomaye pr\u00e9sident\" devient \"coalition Pastef\""},"content":{"rendered":"<p><strong>NETTALI.COM - Les tractations se poursuivent dans les rangs de la mouvance pr\u00e9sidentielle pour pr\u00e9parer les prochaines l\u00e9gislatives. Ainsi, \"Diomaye pr\u00e9sident\" partira sous la banni\u00e8re de Pastef.<\/strong><\/p>\n<p>La mouvance pr\u00e9sidentielle sera bien en coalition aux prochaines \u00e9lections l\u00e9gislatives anticip\u00e9es du 17 novembre prochain. Le Pastef et ses alli\u00e9s qui avaient soutenu la candidature de Bassirou Diomaye Faye \u00e0 la derni\u00e8re pr\u00e9sidentielle, seront dans une liste commune.<\/p>\n<p>Toutefois, \"<em>Diomaye pr\u00e9sident<\/em>\" sera bien enterr\u00e9e. Cette coalition sera remplac\u00e9e par une autre dirig\u00e9e par Ousmane Sonko. C'est en tout cas ce qui a \u00e9t\u00e9 retenu au terme d'une rencontre tenue le samedi 21 septembre au King Fahd entre Ousmane Sonko et les leaders de la mouvance pr\u00e9sidentielle. Pastef impose ainsi sa volont\u00e9 \u00e0 ses alli\u00e9s.<\/p>\n<p>Pour certains observateurs, Ousmane Sonko veut ainsi \u00e9viter les trahisons des hommes politiques une fois \u00e9lus d\u00e9put\u00e9s. Un d\u00e9put\u00e9 \u00e9lu sous la banni\u00e8re de Pastef et non d'une coalition de parti, ne pourra pas d\u00e9missionner sans perdre son mandat.<\/p>\n<div class='share-to-whatsapp-wrapper'><div class='share-on-whsp'>PARTAGER SUR : <\/div><a data-text='EN COULISSES - \"Diomaye pr\u00e9sident\" devient \"coalition Pastef\"' data-link='https:\/\/www.nettali.com\/2024\/09\/21\/en-coulisses-diomaye-president-devient-coalition-pastef\/' class='whatsapp-button whatsapp-share'>WhatsApp<\/a><div class='clear '><\/div><\/div>","protected":false},"excerpt":{"rendered":"<p>NETTALI.COM - Les tractations se poursuivent dans les rangs de la mouvance pr\u00e9sidentielle pour pr\u00e9parer les prochaines l\u00e9gislatives. Ainsi, \"Diomaye pr\u00e9sident\" partira sous la banni\u00e8re de Pastef. La mouvance pr\u00e9sidentielle sera bien en coalition aux prochaines \u00e9lections l\u00e9gislatives anticip\u00e9es du 17 novembre prochain. Le Pastef et ses alli\u00e9s qui avaient soutenu la candidature de Bassirou [&hellip;]<\/p>\n","protected":false},"author":3,"featured_media":140649,"comment_status":"open","ping_status":"open","sticky":false,"template":"","format":"standard","meta":{"_et_pb_use_builder":"","_et_pb_old_content":""},"categories":[34945],"tags":[],"yoast_head":"<!-- This site is optimized with the Yoast SEO Premium plugin v17.8 (Yoast SEO v17.8) - https:\/\/yoast.com\/wordpress\/plugins\/seo\/ -->\n<title>EN COULISSES - &quot;Diomaye pr\u00e9sident&quot; devient &quot;coalition Pastef&quot; | Nettali.com<\/title>\n<meta name=\"robots\" content=\"index, follow, max-snippet:-1, max-image-preview:large, max-video-preview:-1\" \/>\n<link rel=\"canonical\" href=\"https:\/\/www.nettali.com\/2024\/09\/21\/en-coulisses-diomaye-president-devient-coalition-pastef\/\" \/>\n<meta property=\"og:locale\" content=\"fr_FR\" \/>\n<meta property=\"og:type\" content=\"article\" \/>\n<meta property=\"og:title\" content=\"EN COULISSES - &quot;Diomaye pr\u00e9sident&quot; devient &quot;coalition Pastef&quot;\" \/>\n<meta property=\"og:description\" content=\"NETTALI.COM - Les tractations se poursuivent dans les rangs de la mouvance pr\u00e9sidentielle pour pr\u00e9parer les prochaines l\u00e9gislatives. Ainsi, &quot;Diomaye pr\u00e9sident&quot; partira sous la banni\u00e8re de Pastef. La mouvance pr\u00e9sidentielle sera bien en coalition aux prochaines \u00e9lections l\u00e9gislatives anticip\u00e9es du 17 novembre prochain. Le Pastef et ses alli\u00e9s qui avaient soutenu la candidature de Bassirou [&hellip;]\" \/>\n<meta property=\"og:url\" content=\"https:\/\/www.nettali.com\/2024\/09\/21\/en-coulisses-diomaye-president-devient-coalition-pastef\/\" \/>\n<meta property=\"og:site_name\" content=\"Nettali.com\" \/>\n<meta property=\"article:publisher\" content=\"https:\/\/www.facebook.com\/nettalicom\" \/>\n<meta property=\"article:published_time\" content=\"2024-09-21T23:42:55+00:00\" \/>\n<meta property=\"article:modified_time\" content=\"2024-09-22T13:01:47+00:00\" \/>\n<meta property=\"og:image\" content=\"https:\/\/www.nettali.com\/wp-content\/uploads\/2024\/09\/sonko-diomaye-2.jpg\" \/>\n\t<meta property=\"og:image:width\" content=\"600\" \/>\n\t<meta property=\"og:image:height\" content=\"375\" \/>\n<meta name=\"twitter:card\" content=\"summary_large_image\" \/>\n<meta name=\"twitter:label1\" content=\"\u00c9crit par\" \/>\n\t<meta name=\"twitter:data1\" content=\"Moustapha\" \/>\n\t<meta name=\"twitter:label2\" content=\"Dur\u00e9e de lecture estim\u00e9e\" \/>\n\t<meta name=\"twitter:data2\" content=\"1 minute\" \/>\n<script type=\"application\/ld+json\" class=\"yoast-schema-graph\">{\"@context\":\"https:\/\/schema.org\",\"@graph\":[{\"@type\":\"WebSite\",\"@id\":\"https:\/\/www.nettali.com\/#website\",\"url\":\"https:\/\/www.nettali.com\/\",\"name\":\"Nettali.com\",\"description\":\"Le rendez-vous critique du Net\",\"potentialAction\":[{\"@type\":\"SearchAction\",\"target\":{\"@type\":\"EntryPoint\",\"urlTemplate\":\"https:\/\/www.nettali.com\/?s={search_term_string}\"},\"query-input\":\"required name=search_term_string\"}],\"inLanguage\":\"fr-FR\"},{\"@type\":\"ImageObject\",\"@id\":\"https:\/\/www.nettali.com\/2024\/09\/21\/en-coulisses-diomaye-president-devient-coalition-pastef\/#primaryimage\",\"inLanguage\":\"fr-FR\",\"url\":\"https:\/\/www.nettali.com\/wp-content\/uploads\/2024\/09\/sonko-diomaye-2.jpg\",\"contentUrl\":\"https:\/\/www.nettali.com\/wp-content\/uploads\/2024\/09\/sonko-diomaye-2.jpg\",\"width\":600,\"height\":375},{\"@type\":\"WebPage\",\"@id\":\"https:\/\/www.nettali.com\/2024\/09\/21\/en-coulisses-diomaye-president-devient-coalition-pastef\/#webpage\",\"url\":\"https:\/\/www.nettali.com\/2024\/09\/21\/en-coulisses-diomaye-president-devient-coalition-pastef\/\",\"name\":\"EN COULISSES - \\\"Diomaye pr\\u00e9sident\\\" devient \\\"coalition Pastef\\\" | Nettali.com\",\"isPartOf\":{\"@id\":\"https:\/\/www.nettali.com\/#website\"},\"primaryImageOfPage\":{\"@id\":\"https:\/\/www.nettali.com\/2024\/09\/21\/en-coulisses-diomaye-president-devient-coalition-pastef\/#primaryimage\"},\"datePublished\":\"2024-09-21T23:42:55+00:00\",\"dateModified\":\"2024-09-22T13:01:47+00:00\",\"author\":{\"@id\":\"https:\/\/www.nettali.com\/#\/schema\/person\/7962a12a6e0267f88f0ffa544c36469a\"},\"breadcrumb\":{\"@id\":\"https:\/\/www.nettali.com\/2024\/09\/21\/en-coulisses-diomaye-president-devient-coalition-pastef\/#breadcrumb\"},\"inLanguage\":\"fr-FR\",\"potentialAction\":[{\"@type\":\"ReadAction\",\"target\":[\"https:\/\/www.nettali.com\/2024\/09\/21\/en-coulisses-diomaye-president-devient-coalition-pastef\/\"]}]},{\"@type\":\"BreadcrumbList\",\"@id\":\"https:\/\/www.nettali.com\/2024\/09\/21\/en-coulisses-diomaye-president-devient-coalition-pastef\/#breadcrumb\",\"itemListElement\":[{\"@type\":\"ListItem\",\"position\":1,\"name\":\"Accueil\",\"item\":\"https:\/\/www.nettali.com\/\"},{\"@type\":\"ListItem\",\"position\":2,\"name\":\"EN COULISSES - \\\"Diomaye pr\\u00e9sident\\\" devient \\\"coalition Pastef\\\"\"}]},{\"@type\":\"Person\",\"@id\":\"https:\/\/www.nettali.com\/#\/schema\/person\/7962a12a6e0267f88f0ffa544c36469a\",\"name\":\"Moustapha\",\"image\":{\"@type\":\"ImageObject\",\"@id\":\"https:\/\/www.nettali.com\/#personlogo\",\"inLanguage\":\"fr-FR\",\"url\":\"https:\/\/secure.gravatar.com\/avatar\/10fdf6a071cccdcf374e3dbe45159590?s=96&d=mm&r=g\",\"contentUrl\":\"https:\/\/secure.gravatar.com\/avatar\/10fdf6a071cccdcf374e3dbe45159590?s=96&d=mm&r=g\",\"caption\":\"Moustapha\"},\"sameAs\":[\"https:\/\/www.nettali.com\"]}]}<\/script>\n<!-- \/ Yoast SEO Premium plugin. -->","yoast_head_json":{"title":"EN COULISSES - \"Diomaye pr\u00e9sident\" devient \"coalition Pastef\" | Nettali.com","robots":{"index":"index","follow":"follow","max-snippet":"max-snippet:-1","max-image-preview":"max-image-preview:large","max-video-preview":"max-video-preview:-1"},"canonical":"https:\/\/www.nettali.com\/2024\/09\/21\/en-coulisses-diomaye-president-devient-coalition-pastef\/","og_locale":"fr_FR","og_type":"article","og_title":"EN COULISSES - \"Diomaye pr\u00e9sident\" devient \"coalition Pastef\"","og_description":"NETTALI.COM - Les tractations se poursuivent dans les rangs de la mouvance pr\u00e9sidentielle pour pr\u00e9parer les prochaines l\u00e9gislatives. Ainsi, \"Diomaye pr\u00e9sident\" partira sous la banni\u00e8re de Pastef. La mouvance pr\u00e9sidentielle sera bien en coalition aux prochaines \u00e9lections l\u00e9gislatives anticip\u00e9es du 17 novembre prochain. Le Pastef et ses alli\u00e9s qui avaient soutenu la candidature de Bassirou [&hellip;]","og_url":"https:\/\/www.nettali.com\/2024\/09\/21\/en-coulisses-diomaye-president-devient-coalition-pastef\/","og_site_name":"Nettali.com","article_publisher":"https:\/\/www.facebook.com\/nettalicom","article_published_time":"2024-09-21T23:42:55+00:00","article_modified_time":"2024-09-22T13:01:47+00:00","og_image":[{"width":600,"height":375,"url":"https:\/\/www.nettali.com\/wp-content\/uploads\/2024\/09\/sonko-diomaye-2.jpg","type":"image\/jpeg"}],"twitter_card":"summary_large_image","twitter_misc":{"\u00c9crit par":"Moustapha","Dur\u00e9e de lecture estim\u00e9e":"1 minute"},"schema":{"@context":"https:\/\/schema.org","@graph":[{"@type":"WebSite","@id":"https:\/\/www.nettali.com\/#website","url":"https:\/\/www.nettali.com\/","name":"Nettali.com","description":"Le rendez-vous critique du Net","potentialAction":[{"@type":"SearchAction","target":{"@type":"EntryPoint","urlTemplate":"https:\/\/www.nettali.com\/?s={search_term_string}"},"query-input":"required name=search_term_string"}],"inLanguage":"fr-FR"},{"@type":"ImageObject","@id":"https:\/\/www.nettali.com\/2024\/09\/21\/en-coulisses-diomaye-president-devient-coalition-pastef\/#primaryimage","inLanguage":"fr-FR","url":"https:\/\/www.nettali.com\/wp-content\/uploads\/2024\/09\/sonko-diomaye-2.jpg","contentUrl":"https:\/\/www.nettali.com\/wp-content\/uploads\/2024\/09\/sonko-diomaye-2.jpg","width":600,"height":375},{"@type":"WebPage","@id":"https:\/\/www.nettali.com\/2024\/09\/21\/en-coulisses-diomaye-president-devient-coalition-pastef\/#webpage","url":"https:\/\/www.nettali.com\/2024\/09\/21\/en-coulisses-diomaye-president-devient-coalition-pastef\/","name":"EN COULISSES - \"Diomaye pr\u00e9sident\" devient \"coalition Pastef\" | Nettali.com","isPartOf":{"@id":"https:\/\/www.nettali.com\/#website"},"primaryImageOfPage":{"@id":"https:\/\/www.nettali.com\/2024\/09\/21\/en-coulisses-diomaye-president-devient-coalition-pastef\/#primaryimage"},"datePublished":"2024-09-21T23:42:55+00:00","dateModified":"2024-09-22T13:01:47+00:00","author":{"@id":"https:\/\/www.nettali.com\/#\/schema\/person\/7962a12a6e0267f88f0ffa544c36469a"},"breadcrumb":{"@id":"https:\/\/www.nettali.com\/2024\/09\/21\/en-coulisses-diomaye-president-devient-coalition-pastef\/#breadcrumb"},"inLanguage":"fr-FR","potentialAction":[{"@type":"ReadAction","target":["https:\/\/www.nettali.com\/2024\/09\/21\/en-coulisses-diomaye-president-devient-coalition-pastef\/"]}]},{"@type":"BreadcrumbList","@id":"https:\/\/www.nettali.com\/2024\/09\/21\/en-coulisses-diomaye-president-devient-coalition-pastef\/#breadcrumb","itemListElement":[{"@type":"ListItem","position":1,"name":"Accueil","item":"https:\/\/www.nettali.com\/"},{"@type":"ListItem","position":2,"name":"EN COULISSES - \"Diomaye pr\u00e9sident\" devient \"coalition Pastef\""}]},{"@type":"Person","@id":"https:\/\/www.nettali.com\/#\/schema\/person\/7962a12a6e0267f88f0ffa544c36469a","name":"Moustapha","image":{"@type":"ImageObject","@id":"https:\/\/www.nettali.com\/#personlogo","inLanguage":"fr-FR","url":"https:\/\/secure.gravatar.com\/avatar\/10fdf6a071cccdcf374e3dbe45159590?s=96&d=mm&r=g","contentUrl":"https:\/\/secure.gravatar.com\/avatar\/10fdf6a071cccdcf374e3dbe45159590?s=96&d=mm&r=g","caption":"Moustapha"},"sameAs":["https:\/\/www.nettali.com"]}]}},"_links":{"self":[{"href":"https:\/\/www.nettali.com\/rest\/wp\/v2\/posts\/140648"}],"collection":[{"href":"https:\/\/www.nettali.com\/rest\/wp\/v2\/posts"}],"about":[{"href":"https:\/\/www.nettali.com\/rest\/wp\/v2\/types\/post"}],"author":[{"embeddable":true,"href":"https:\/\/www.nettali.com\/rest\/wp\/v2\/users\/3"}],"replies":[{"embeddable":true,"href":"https:\/\/www.nettali.com\/rest\/wp\/v2\/comments?post=140648"}],"version-history":[{"count":2,"href":"https:\/\/www.nettali.com\/rest\/wp\/v2\/posts\/140648\/revisions"}],"predecessor-version":[{"id":140656,"href":"https:\/\/www.nettali.com\/rest\/wp\/v2\/posts\/140648\/revisions\/140656"}],"wp:featuredmedia":[{"embeddable":true,"href":"https:\/\/www.nettali.com\/rest\/wp\/v2\/media\/140649"}],"wp:attachment":[{"href":"https:\/\/www.nettali.com\/rest\/wp\/v2\/media?parent=140648"}],"wp:term":[{"taxonomy":"category","embeddable":true,"href":"https:\/\/www.nettali.com\/rest\/wp\/v2\/categories?post=140648"},{"taxonomy":"post_tag","embeddable":true,"href":"https:\/\/www.nettali.com\/rest\/wp\/v2\/tags?post=140648"}],"curies":[{"name":"wp","href":"https:\/\/api.w.org\/{rel}","templated":true}]}}