{"id":140628,"date":"2024-09-21T20:22:07","date_gmt":"2024-09-21T20:22:07","guid":{"rendered":"https:\/\/www.nettali.com\/?p=140628"},"modified":"2024-09-23T10:31:28","modified_gmt":"2024-09-23T10:31:28","slug":"legislatives-du-17-novembre-le-ps-scelle-une-alliance-avec-amadou-ba","status":"publish","type":"post","link":"https:\/\/www.nettali.com\/2024\/09\/21\/legislatives-du-17-novembre-le-ps-scelle-une-alliance-avec-amadou-ba\/","title":{"rendered":"LEGISLATIVES DU 17 NOVEMBRE - Le PS scelle une alliance avec Amadou Ba"},"content":{"rendered":"<p><strong>NETTALI.COM - Le Parti socialiste (PS) participera aux prochaines l\u00e9gislatives dans le cadre d'une alliance avec Amadou Ba. Le principe a \u00e9t\u00e9 act\u00e9 ce samedi au si\u00e8ge du PS.\u00a0<\/strong><\/p>\n<p>Les partis et coalitions politiques pr\u00e9parent activement les l\u00e9gislatives pr\u00e9vues le 17 novembre prochain. L'opposition a d'ailleurs mis en place cette semaine une structure d\u00e9nomm\u00e9e Alliance pour la transparence des \u00e9lections (Atel). Au m\u00eame moment, des n\u00e9gociations se m\u00e8nent en coulisses pour former des coalitions.<\/p>\n<p>C'est dans cette perspective que l'ancien Premier ministre Amadou Ba s'est rendu ce samedi \u00e0 la maison L\u00e9opold S\u00e9dar Senghor du Parti socialiste (PS). Et ses \u00e9changes avec la Direction du PS n'ont pas \u00e9t\u00e9 vaines. Puisque les socialistes ont d\u00e9cid\u00e9 d'aller aux prochaines \u00e9lections dans le cadre d'une alliance avec la \"Nouvelle responsabilit\u00e9\", une plate-forme qu'Amadou Ba a port\u00e9e sur les fonts baptismaux le 9 septembre dernier.<\/p>\n<p>\"<em>A l'issue de notre rencontre, nous avons acte, avec le Premier ministre Amadou Ba, le principe d'aller ensemble aux \u00e9lections l\u00e9gislatives de novembre 2024<\/em>\", a annonc\u00e9 Aminata Mbengue Ndiaye, secr\u00e9taire g\u00e9n\u00e9rale du PS. Mais elle ne donne aucune autre pr\u00e9cision sur les contours de cette alliance.<\/p>\n<p>Il faut que l'ancien Premier ministre Amadou Ba est en train de tisser sa toile dans la perspective des prochaines l\u00e9gislatives. Il a, d'ailleurs, convoqu\u00e9 une r\u00e9union le 26 septembre prochain avec des maires, des pr\u00e9sidents de Conseil d\u00e9partemental,\u00a0 d'ex membres du d\u00e9funt Haut conseil des collectivit\u00e9s territoriales... Objectif : discuter des modalit\u00e9s de participation aux l\u00e9gislatives pr\u00e9vues le 17 novembre 2024.<\/p>\n<p>&nbsp;<\/p>\n<div class='share-to-whatsapp-wrapper'><div class='share-on-whsp'>PARTAGER SUR : <\/div><a data-text='LEGISLATIVES DU 17 NOVEMBRE - Le PS scelle une alliance avec Amadou Ba' data-link='https:\/\/www.nettali.com\/2024\/09\/21\/legislatives-du-17-novembre-le-ps-scelle-une-alliance-avec-amadou-ba\/' class='whatsapp-button whatsapp-share'>WhatsApp<\/a><div class='clear '><\/div><\/div>","protected":false},"excerpt":{"rendered":"<p>NETTALI.COM - Le Parti socialiste (PS) participera aux prochaines l\u00e9gislatives dans le cadre d'une alliance avec Amadou Ba. Le principe a \u00e9t\u00e9 act\u00e9 ce samedi au si\u00e8ge du PS.\u00a0 Les partis et coalitions politiques pr\u00e9parent activement les l\u00e9gislatives pr\u00e9vues le 17 novembre prochain. L'opposition a d'ailleurs mis en place cette semaine une structure d\u00e9nomm\u00e9e Alliance [&hellip;]<\/p>\n","protected":false},"author":3,"featured_media":140629,"comment_status":"open","ping_status":"open","sticky":false,"template":"","format":"standard","meta":{"_et_pb_use_builder":"","_et_pb_old_content":""},"categories":[2],"tags":[],"yoast_head":"<!-- This site is optimized with the Yoast SEO Premium plugin v17.8 (Yoast SEO v17.8) - https:\/\/yoast.com\/wordpress\/plugins\/seo\/ -->\n<title>LEGISLATIVES DU 17 NOVEMBRE - Le PS scelle une alliance avec Amadou Ba | Nettali.com<\/title>\n<meta name=\"robots\" content=\"index, follow, max-snippet:-1, max-image-preview:large, max-video-preview:-1\" \/>\n<link rel=\"canonical\" href=\"https:\/\/www.nettali.com\/2024\/09\/21\/legislatives-du-17-novembre-le-ps-scelle-une-alliance-avec-amadou-ba\/\" \/>\n<meta property=\"og:locale\" content=\"fr_FR\" \/>\n<meta property=\"og:type\" content=\"article\" \/>\n<meta property=\"og:title\" content=\"LEGISLATIVES DU 17 NOVEMBRE - Le PS scelle une alliance avec Amadou Ba\" \/>\n<meta property=\"og:description\" content=\"NETTALI.COM - Le Parti socialiste (PS) participera aux prochaines l\u00e9gislatives dans le cadre d&#039;une alliance avec Amadou Ba. Le principe a \u00e9t\u00e9 act\u00e9 ce samedi au si\u00e8ge du PS.\u00a0 Les partis et coalitions politiques pr\u00e9parent activement les l\u00e9gislatives pr\u00e9vues le 17 novembre prochain. L&#039;opposition a d&#039;ailleurs mis en place cette semaine une structure d\u00e9nomm\u00e9e Alliance [&hellip;]\" \/>\n<meta property=\"og:url\" content=\"https:\/\/www.nettali.com\/2024\/09\/21\/legislatives-du-17-novembre-le-ps-scelle-une-alliance-avec-amadou-ba\/\" \/>\n<meta property=\"og:site_name\" content=\"Nettali.com\" \/>\n<meta property=\"article:publisher\" content=\"https:\/\/www.facebook.com\/nettalicom\" \/>\n<meta property=\"article:published_time\" content=\"2024-09-21T20:22:07+00:00\" \/>\n<meta property=\"article:modified_time\" content=\"2024-09-23T10:31:28+00:00\" \/>\n<meta property=\"og:image\" content=\"https:\/\/www.nettali.com\/wp-content\/uploads\/2024\/09\/bd81dbf6b70055aa61ec9a94d4bc4c5ad9d98e10-678x381-1.jpg\" \/>\n\t<meta property=\"og:image:width\" content=\"678\" \/>\n\t<meta property=\"og:image:height\" content=\"381\" \/>\n<meta name=\"twitter:card\" content=\"summary_large_image\" \/>\n<meta name=\"twitter:label1\" content=\"\u00c9crit par\" \/>\n\t<meta name=\"twitter:data1\" content=\"Moustapha\" \/>\n\t<meta name=\"twitter:label2\" content=\"Dur\u00e9e de lecture estim\u00e9e\" \/>\n\t<meta name=\"twitter:data2\" content=\"2 minutes\" \/>\n<script type=\"application\/ld+json\" class=\"yoast-schema-graph\">{\"@context\":\"https:\/\/schema.org\",\"@graph\":[{\"@type\":\"WebSite\",\"@id\":\"https:\/\/www.nettali.com\/#website\",\"url\":\"https:\/\/www.nettali.com\/\",\"name\":\"Nettali.com\",\"description\":\"Le rendez-vous critique du Net\",\"potentialAction\":[{\"@type\":\"SearchAction\",\"target\":{\"@type\":\"EntryPoint\",\"urlTemplate\":\"https:\/\/www.nettali.com\/?s={search_term_string}\"},\"query-input\":\"required name=search_term_string\"}],\"inLanguage\":\"fr-FR\"},{\"@type\":\"ImageObject\",\"@id\":\"https:\/\/www.nettali.com\/2024\/09\/21\/legislatives-du-17-novembre-le-ps-scelle-une-alliance-avec-amadou-ba\/#primaryimage\",\"inLanguage\":\"fr-FR\",\"url\":\"https:\/\/www.nettali.com\/wp-content\/uploads\/2024\/09\/bd81dbf6b70055aa61ec9a94d4bc4c5ad9d98e10-678x381-1.jpg\",\"contentUrl\":\"https:\/\/www.nettali.com\/wp-content\/uploads\/2024\/09\/bd81dbf6b70055aa61ec9a94d4bc4c5ad9d98e10-678x381-1.jpg\",\"width\":678,\"height\":381},{\"@type\":\"WebPage\",\"@id\":\"https:\/\/www.nettali.com\/2024\/09\/21\/legislatives-du-17-novembre-le-ps-scelle-une-alliance-avec-amadou-ba\/#webpage\",\"url\":\"https:\/\/www.nettali.com\/2024\/09\/21\/legislatives-du-17-novembre-le-ps-scelle-une-alliance-avec-amadou-ba\/\",\"name\":\"LEGISLATIVES DU 17 NOVEMBRE - Le PS scelle une alliance avec Amadou Ba | Nettali.com\",\"isPartOf\":{\"@id\":\"https:\/\/www.nettali.com\/#website\"},\"primaryImageOfPage\":{\"@id\":\"https:\/\/www.nettali.com\/2024\/09\/21\/legislatives-du-17-novembre-le-ps-scelle-une-alliance-avec-amadou-ba\/#primaryimage\"},\"datePublished\":\"2024-09-21T20:22:07+00:00\",\"dateModified\":\"2024-09-23T10:31:28+00:00\",\"author\":{\"@id\":\"https:\/\/www.nettali.com\/#\/schema\/person\/7962a12a6e0267f88f0ffa544c36469a\"},\"breadcrumb\":{\"@id\":\"https:\/\/www.nettali.com\/2024\/09\/21\/legislatives-du-17-novembre-le-ps-scelle-une-alliance-avec-amadou-ba\/#breadcrumb\"},\"inLanguage\":\"fr-FR\",\"potentialAction\":[{\"@type\":\"ReadAction\",\"target\":[\"https:\/\/www.nettali.com\/2024\/09\/21\/legislatives-du-17-novembre-le-ps-scelle-une-alliance-avec-amadou-ba\/\"]}]},{\"@type\":\"BreadcrumbList\",\"@id\":\"https:\/\/www.nettali.com\/2024\/09\/21\/legislatives-du-17-novembre-le-ps-scelle-une-alliance-avec-amadou-ba\/#breadcrumb\",\"itemListElement\":[{\"@type\":\"ListItem\",\"position\":1,\"name\":\"Accueil\",\"item\":\"https:\/\/www.nettali.com\/\"},{\"@type\":\"ListItem\",\"position\":2,\"name\":\"LEGISLATIVES DU 17 NOVEMBRE - Le PS scelle une alliance avec Amadou Ba\"}]},{\"@type\":\"Person\",\"@id\":\"https:\/\/www.nettali.com\/#\/schema\/person\/7962a12a6e0267f88f0ffa544c36469a\",\"name\":\"Moustapha\",\"image\":{\"@type\":\"ImageObject\",\"@id\":\"https:\/\/www.nettali.com\/#personlogo\",\"inLanguage\":\"fr-FR\",\"url\":\"https:\/\/secure.gravatar.com\/avatar\/10fdf6a071cccdcf374e3dbe45159590?s=96&d=mm&r=g\",\"contentUrl\":\"https:\/\/secure.gravatar.com\/avatar\/10fdf6a071cccdcf374e3dbe45159590?s=96&d=mm&r=g\",\"caption\":\"Moustapha\"},\"sameAs\":[\"https:\/\/www.nettali.com\"]}]}<\/script>\n<!-- \/ Yoast SEO Premium plugin. -->","yoast_head_json":{"title":"LEGISLATIVES DU 17 NOVEMBRE - Le PS scelle une alliance avec Amadou Ba | Nettali.com","robots":{"index":"index","follow":"follow","max-snippet":"max-snippet:-1","max-image-preview":"max-image-preview:large","max-video-preview":"max-video-preview:-1"},"canonical":"https:\/\/www.nettali.com\/2024\/09\/21\/legislatives-du-17-novembre-le-ps-scelle-une-alliance-avec-amadou-ba\/","og_locale":"fr_FR","og_type":"article","og_title":"LEGISLATIVES DU 17 NOVEMBRE - Le PS scelle une alliance avec Amadou Ba","og_description":"NETTALI.COM - Le Parti socialiste (PS) participera aux prochaines l\u00e9gislatives dans le cadre d'une alliance avec Amadou Ba. Le principe a \u00e9t\u00e9 act\u00e9 ce samedi au si\u00e8ge du PS.\u00a0 Les partis et coalitions politiques pr\u00e9parent activement les l\u00e9gislatives pr\u00e9vues le 17 novembre prochain. L'opposition a d'ailleurs mis en place cette semaine une structure d\u00e9nomm\u00e9e Alliance [&hellip;]","og_url":"https:\/\/www.nettali.com\/2024\/09\/21\/legislatives-du-17-novembre-le-ps-scelle-une-alliance-avec-amadou-ba\/","og_site_name":"Nettali.com","article_publisher":"https:\/\/www.facebook.com\/nettalicom","article_published_time":"2024-09-21T20:22:07+00:00","article_modified_time":"2024-09-23T10:31:28+00:00","og_image":[{"width":678,"height":381,"url":"https:\/\/www.nettali.com\/wp-content\/uploads\/2024\/09\/bd81dbf6b70055aa61ec9a94d4bc4c5ad9d98e10-678x381-1.jpg","type":"image\/jpeg"}],"twitter_card":"summary_large_image","twitter_misc":{"\u00c9crit par":"Moustapha","Dur\u00e9e de lecture estim\u00e9e":"2 minutes"},"schema":{"@context":"https:\/\/schema.org","@graph":[{"@type":"WebSite","@id":"https:\/\/www.nettali.com\/#website","url":"https:\/\/www.nettali.com\/","name":"Nettali.com","description":"Le rendez-vous critique du Net","potentialAction":[{"@type":"SearchAction","target":{"@type":"EntryPoint","urlTemplate":"https:\/\/www.nettali.com\/?s={search_term_string}"},"query-input":"required name=search_term_string"}],"inLanguage":"fr-FR"},{"@type":"ImageObject","@id":"https:\/\/www.nettali.com\/2024\/09\/21\/legislatives-du-17-novembre-le-ps-scelle-une-alliance-avec-amadou-ba\/#primaryimage","inLanguage":"fr-FR","url":"https:\/\/www.nettali.com\/wp-content\/uploads\/2024\/09\/bd81dbf6b70055aa61ec9a94d4bc4c5ad9d98e10-678x381-1.jpg","contentUrl":"https:\/\/www.nettali.com\/wp-content\/uploads\/2024\/09\/bd81dbf6b70055aa61ec9a94d4bc4c5ad9d98e10-678x381-1.jpg","width":678,"height":381},{"@type":"WebPage","@id":"https:\/\/www.nettali.com\/2024\/09\/21\/legislatives-du-17-novembre-le-ps-scelle-une-alliance-avec-amadou-ba\/#webpage","url":"https:\/\/www.nettali.com\/2024\/09\/21\/legislatives-du-17-novembre-le-ps-scelle-une-alliance-avec-amadou-ba\/","name":"LEGISLATIVES DU 17 NOVEMBRE - Le PS scelle une alliance avec Amadou Ba | Nettali.com","isPartOf":{"@id":"https:\/\/www.nettali.com\/#website"},"primaryImageOfPage":{"@id":"https:\/\/www.nettali.com\/2024\/09\/21\/legislatives-du-17-novembre-le-ps-scelle-une-alliance-avec-amadou-ba\/#primaryimage"},"datePublished":"2024-09-21T20:22:07+00:00","dateModified":"2024-09-23T10:31:28+00:00","author":{"@id":"https:\/\/www.nettali.com\/#\/schema\/person\/7962a12a6e0267f88f0ffa544c36469a"},"breadcrumb":{"@id":"https:\/\/www.nettali.com\/2024\/09\/21\/legislatives-du-17-novembre-le-ps-scelle-une-alliance-avec-amadou-ba\/#breadcrumb"},"inLanguage":"fr-FR","potentialAction":[{"@type":"ReadAction","target":["https:\/\/www.nettali.com\/2024\/09\/21\/legislatives-du-17-novembre-le-ps-scelle-une-alliance-avec-amadou-ba\/"]}]},{"@type":"BreadcrumbList","@id":"https:\/\/www.nettali.com\/2024\/09\/21\/legislatives-du-17-novembre-le-ps-scelle-une-alliance-avec-amadou-ba\/#breadcrumb","itemListElement":[{"@type":"ListItem","position":1,"name":"Accueil","item":"https:\/\/www.nettali.com\/"},{"@type":"ListItem","position":2,"name":"LEGISLATIVES DU 17 NOVEMBRE - Le PS scelle une alliance avec Amadou Ba"}]},{"@type":"Person","@id":"https:\/\/www.nettali.com\/#\/schema\/person\/7962a12a6e0267f88f0ffa544c36469a","name":"Moustapha","image":{"@type":"ImageObject","@id":"https:\/\/www.nettali.com\/#personlogo","inLanguage":"fr-FR","url":"https:\/\/secure.gravatar.com\/avatar\/10fdf6a071cccdcf374e3dbe45159590?s=96&d=mm&r=g","contentUrl":"https:\/\/secure.gravatar.com\/avatar\/10fdf6a071cccdcf374e3dbe45159590?s=96&d=mm&r=g","caption":"Moustapha"},"sameAs":["https:\/\/www.nettali.com"]}]}},"_links":{"self":[{"href":"https:\/\/www.nettali.com\/rest\/wp\/v2\/posts\/140628"}],"collection":[{"href":"https:\/\/www.nettali.com\/rest\/wp\/v2\/posts"}],"about":[{"href":"https:\/\/www.nettali.com\/rest\/wp\/v2\/types\/post"}],"author":[{"embeddable":true,"href":"https:\/\/www.nettali.com\/rest\/wp\/v2\/users\/3"}],"replies":[{"embeddable":true,"href":"https:\/\/www.nettali.com\/rest\/wp\/v2\/comments?post=140628"}],"version-history":[{"count":1,"href":"https:\/\/www.nettali.com\/rest\/wp\/v2\/posts\/140628\/revisions"}],"predecessor-version":[{"id":140630,"href":"https:\/\/www.nettali.com\/rest\/wp\/v2\/posts\/140628\/revisions\/140630"}],"wp:featuredmedia":[{"embeddable":true,"href":"https:\/\/www.nettali.com\/rest\/wp\/v2\/media\/140629"}],"wp:attachment":[{"href":"https:\/\/www.nettali.com\/rest\/wp\/v2\/media?parent=140628"}],"wp:term":[{"taxonomy":"category","embeddable":true,"href":"https:\/\/www.nettali.com\/rest\/wp\/v2\/categories?post=140628"},{"taxonomy":"post_tag","embeddable":true,"href":"https:\/\/www.nettali.com\/rest\/wp\/v2\/tags?post=140628"}],"curies":[{"name":"wp","href":"https:\/\/api.w.org\/{rel}","templated":true}]}}