{"id":140591,"date":"2024-09-20T14:25:14","date_gmt":"2024-09-20T14:25:14","guid":{"rendered":"https:\/\/www.nettali.com\/?p=140591"},"modified":"2024-09-20T14:25:14","modified_gmt":"2024-09-20T14:25:14","slug":"education-vers-lintroduction-de-lenseignement-de-langlais-a-lelementaire","status":"publish","type":"post","link":"https:\/\/www.nettali.com\/2024\/09\/20\/education-vers-lintroduction-de-lenseignement-de-langlais-a-lelementaire\/","title":{"rendered":"\u00c9DUCATION - Vers l\u2019introduction de l\u2019enseignement de l\u2019anglais \u00e0 l\u2019El\u00e9mentaire"},"content":{"rendered":"<p><strong>NETTALI.COM - L\u2019introduction de l\u2019anglais \u00e0 l\u2019El\u00e9mentaire notamment au niveau du CM1 et du CM2 sera effective \u00e0 la rentr\u00e9e des classes prochaine pour une phase exp\u00e9rimentale. L'annonce a \u00e9t\u00e9 faite par le Secr\u00e9taire g\u00e9n\u00e9ral du gouvernement.<\/strong><\/p>\n<p>\"<em>Le Premier ministre demande au ministre de l\u2019Education de veiller, en ce qui concerne l\u2019introduction de l\u2019Anglais, aussi bien pour la phase exp\u00e9rimentale que pour le d\u00e9ploiement, \u00e0 l\u2019\u00e9laboration d\u2019une feuille de route pr\u00e9cise et r\u00e9aliste en veillant \u00e0 l\u2019\u00e9galit\u00e9 d\u2019acc\u00e8s des apprenants ainsi que l\u2019ad\u00e9quation avec les besoins de production et du monde travail\", <\/em>a indiqu\u00e9 Ahmadou Al Aminou Lo.<\/p>\n<p>Lisant les recommandations du Conseil interminist\u00e9riel sur la rentr\u00e9e 2024 -2025, pr\u00e9sid\u00e9e par le Premier ministre, Ousmane Sonko, M. Lo a annonc\u00e9 \u00e0 cet effet que \"<em>les ministres charg\u00e9s de l\u2019\u00e9ducation nationale et de la formation professionnelle, en rapport avec toutes les parties prenantes, engageront d\u00e8s cette ann\u00e9e, la refonte profonde des curricula de l\u2019Education et de la Formation, selon la Vision du Projet\".<\/em><\/p>\n<p>Il a rappel\u00e9 que cette vision est ax\u00e9e sur la souverainet\u00e9 nationale, la promotion des valeurs et de la citoyennet\u00e9, de l\u2019histoire authentique et des langues nationales, des sciences, des techniques et du num\u00e9rique, de la s\u00e9curit\u00e9 routi\u00e8re, de l\u2019\u00e9ducation environnementale et du d\u00e9veloppement durable.<\/p>\n<p>Concernant les langues nationales, le Premier ministre a \u00e9mis le souhait de faire le bilan des initiatives en cours et de lui soumettre les r\u00e9sultats, a t-il rapport\u00e9.<\/p>\n<p>Parmi toujours les r\u00e9formes, \"<em>les ministres charg\u00e9s de l\u2019Education nationale, de l\u2019enseignement sup\u00e9rieur et de la Formation professionnelle, en rapport avec toutes les parties prenantes, engageront d\u00e8s cette ann\u00e9e, la r\u00e9forme du syst\u00e8me d\u2019\u00e9valuation certificative (CFEE, BFEM, BAC) en lien avec la refonte des curricula\",<\/em> a fait savoir le Secr\u00e9taire g\u00e9n\u00e9ral du gouvernement.<\/p>\n<p>Il a indiqu\u00e9 par ailleurs que \"<em>le ministre de l\u2019Education nationale devra prendre les dispositions idoines pour mettre en \u0153uvre la Strat\u00e9gie num\u00e9rique pour l\u2019\u00c9ducation, avec notamment la cr\u00e9ation, d\u00e8s la rentr\u00e9e scolaire, d\u2019une fili\u00e8re num\u00e9rique et le d\u00e9marrage de son exp\u00e9rimentation au sein des Lyc\u00e9es Nation-Arm\u00e9e pour la Qualit\u00e9 et l\u2019\u00c9quit\u00e9 (LYNAQE) et de certains lyc\u00e9es d\u2019excellence\".<\/em><\/p>\n<p>Le ministre de l\u2019Enseignement sup\u00e9rieur est invit\u00e9, en rapport avec le ministre des Finances et du Budget, \u00e0 \"veiller \u00e0 la finalisation des chantiers en cours dans les campus p\u00e9dagogiques et sociaux\".<\/p>\n<p>Le ministre de l\u2019Education nationale est invit\u00e9 \"<em>\u00e0 d\u00e9ployer la Nouvelle Initiative pour la Transformation Humaniste de l\u2019\u00c9ducation (NITH\u00c9)\".<\/em><\/p>\n<div class='share-to-whatsapp-wrapper'><div class='share-on-whsp'>PARTAGER SUR : <\/div><a data-text='\u00c9DUCATION - Vers l\u2019introduction de l\u2019enseignement de l\u2019anglais \u00e0 l\u2019El\u00e9mentaire' data-link='https:\/\/www.nettali.com\/2024\/09\/20\/education-vers-lintroduction-de-lenseignement-de-langlais-a-lelementaire\/' class='whatsapp-button whatsapp-share'>WhatsApp<\/a><div class='clear '><\/div><\/div>","protected":false},"excerpt":{"rendered":"<p>NETTALI.COM - L\u2019introduction de l\u2019anglais \u00e0 l\u2019El\u00e9mentaire notamment au niveau du CM1 et du CM2 sera effective \u00e0 la rentr\u00e9e des classes prochaine pour une phase exp\u00e9rimentale. L'annonce a \u00e9t\u00e9 faite par le Secr\u00e9taire g\u00e9n\u00e9ral du gouvernement. \"Le Premier ministre demande au ministre de l\u2019Education de veiller, en ce qui concerne l\u2019introduction de l\u2019Anglais, aussi [&hellip;]<\/p>\n","protected":false},"author":5,"featured_media":135731,"comment_status":"open","ping_status":"open","sticky":false,"template":"","format":"standard","meta":{"_et_pb_use_builder":"","_et_pb_old_content":""},"categories":[3],"tags":[],"yoast_head":"<!-- This site is optimized with the Yoast SEO Premium plugin v17.8 (Yoast SEO v17.8) - https:\/\/yoast.com\/wordpress\/plugins\/seo\/ -->\n<title>\u00c9DUCATION - Vers l\u2019introduction de l\u2019enseignement de l\u2019anglais \u00e0 l\u2019El\u00e9mentaire | Nettali.com<\/title>\n<meta name=\"robots\" content=\"index, follow, max-snippet:-1, max-image-preview:large, max-video-preview:-1\" \/>\n<link rel=\"canonical\" href=\"https:\/\/www.nettali.com\/2024\/09\/20\/education-vers-lintroduction-de-lenseignement-de-langlais-a-lelementaire\/\" \/>\n<meta property=\"og:locale\" content=\"fr_FR\" \/>\n<meta property=\"og:type\" content=\"article\" \/>\n<meta property=\"og:title\" content=\"\u00c9DUCATION - Vers l\u2019introduction de l\u2019enseignement de l\u2019anglais \u00e0 l\u2019El\u00e9mentaire\" \/>\n<meta property=\"og:description\" content=\"NETTALI.COM - L\u2019introduction de l\u2019anglais \u00e0 l\u2019El\u00e9mentaire notamment au niveau du CM1 et du CM2 sera effective \u00e0 la rentr\u00e9e des classes prochaine pour une phase exp\u00e9rimentale. L&#039;annonce a \u00e9t\u00e9 faite par le Secr\u00e9taire g\u00e9n\u00e9ral du gouvernement. &quot;Le Premier ministre demande au ministre de l\u2019Education de veiller, en ce qui concerne l\u2019introduction de l\u2019Anglais, aussi [&hellip;]\" \/>\n<meta property=\"og:url\" content=\"https:\/\/www.nettali.com\/2024\/09\/20\/education-vers-lintroduction-de-lenseignement-de-langlais-a-lelementaire\/\" \/>\n<meta property=\"og:site_name\" content=\"Nettali.com\" \/>\n<meta property=\"article:publisher\" content=\"https:\/\/www.facebook.com\/nettalicom\" \/>\n<meta property=\"article:published_time\" content=\"2024-09-20T14:25:14+00:00\" \/>\n<meta property=\"og:image\" content=\"https:\/\/www.nettali.com\/wp-content\/uploads\/2024\/06\/CFEE-860x573-1.jpeg\" \/>\n\t<meta property=\"og:image:width\" content=\"860\" \/>\n\t<meta property=\"og:image:height\" content=\"573\" \/>\n<meta name=\"twitter:card\" content=\"summary_large_image\" \/>\n<meta name=\"twitter:label1\" content=\"\u00c9crit par\" \/>\n\t<meta name=\"twitter:data1\" content=\"Ibrahima\" \/>\n\t<meta name=\"twitter:label2\" content=\"Dur\u00e9e de lecture estim\u00e9e\" \/>\n\t<meta name=\"twitter:data2\" content=\"3 minutes\" \/>\n<script type=\"application\/ld+json\" class=\"yoast-schema-graph\">{\"@context\":\"https:\/\/schema.org\",\"@graph\":[{\"@type\":\"WebSite\",\"@id\":\"https:\/\/www.nettali.com\/#website\",\"url\":\"https:\/\/www.nettali.com\/\",\"name\":\"Nettali.com\",\"description\":\"Le rendez-vous critique du Net\",\"potentialAction\":[{\"@type\":\"SearchAction\",\"target\":{\"@type\":\"EntryPoint\",\"urlTemplate\":\"https:\/\/www.nettali.com\/?s={search_term_string}\"},\"query-input\":\"required name=search_term_string\"}],\"inLanguage\":\"fr-FR\"},{\"@type\":\"ImageObject\",\"@id\":\"https:\/\/www.nettali.com\/2024\/09\/20\/education-vers-lintroduction-de-lenseignement-de-langlais-a-lelementaire\/#primaryimage\",\"inLanguage\":\"fr-FR\",\"url\":\"https:\/\/www.nettali.com\/wp-content\/uploads\/2024\/06\/CFEE-860x573-1.jpeg\",\"contentUrl\":\"https:\/\/www.nettali.com\/wp-content\/uploads\/2024\/06\/CFEE-860x573-1.jpeg\",\"width\":860,\"height\":573},{\"@type\":\"WebPage\",\"@id\":\"https:\/\/www.nettali.com\/2024\/09\/20\/education-vers-lintroduction-de-lenseignement-de-langlais-a-lelementaire\/#webpage\",\"url\":\"https:\/\/www.nettali.com\/2024\/09\/20\/education-vers-lintroduction-de-lenseignement-de-langlais-a-lelementaire\/\",\"name\":\"\\u00c9DUCATION - Vers l\\u2019introduction de l\\u2019enseignement de l\\u2019anglais \\u00e0 l\\u2019El\\u00e9mentaire | Nettali.com\",\"isPartOf\":{\"@id\":\"https:\/\/www.nettali.com\/#website\"},\"primaryImageOfPage\":{\"@id\":\"https:\/\/www.nettali.com\/2024\/09\/20\/education-vers-lintroduction-de-lenseignement-de-langlais-a-lelementaire\/#primaryimage\"},\"datePublished\":\"2024-09-20T14:25:14+00:00\",\"dateModified\":\"2024-09-20T14:25:14+00:00\",\"author\":{\"@id\":\"https:\/\/www.nettali.com\/#\/schema\/person\/bb147657c2986240405a608162b9bb23\"},\"breadcrumb\":{\"@id\":\"https:\/\/www.nettali.com\/2024\/09\/20\/education-vers-lintroduction-de-lenseignement-de-langlais-a-lelementaire\/#breadcrumb\"},\"inLanguage\":\"fr-FR\",\"potentialAction\":[{\"@type\":\"ReadAction\",\"target\":[\"https:\/\/www.nettali.com\/2024\/09\/20\/education-vers-lintroduction-de-lenseignement-de-langlais-a-lelementaire\/\"]}]},{\"@type\":\"BreadcrumbList\",\"@id\":\"https:\/\/www.nettali.com\/2024\/09\/20\/education-vers-lintroduction-de-lenseignement-de-langlais-a-lelementaire\/#breadcrumb\",\"itemListElement\":[{\"@type\":\"ListItem\",\"position\":1,\"name\":\"Accueil\",\"item\":\"https:\/\/www.nettali.com\/\"},{\"@type\":\"ListItem\",\"position\":2,\"name\":\"\\u00c9DUCATION - Vers l\\u2019introduction de l\\u2019enseignement de l\\u2019anglais \\u00e0 l\\u2019El\\u00e9mentaire\"}]},{\"@type\":\"Person\",\"@id\":\"https:\/\/www.nettali.com\/#\/schema\/person\/bb147657c2986240405a608162b9bb23\",\"name\":\"Ibrahima\",\"image\":{\"@type\":\"ImageObject\",\"@id\":\"https:\/\/www.nettali.com\/#personlogo\",\"inLanguage\":\"fr-FR\",\"url\":\"https:\/\/secure.gravatar.com\/avatar\/26a8a81f09f0dd7624c9d5c36c9ba3a2?s=96&d=mm&r=g\",\"contentUrl\":\"https:\/\/secure.gravatar.com\/avatar\/26a8a81f09f0dd7624c9d5c36c9ba3a2?s=96&d=mm&r=g\",\"caption\":\"Ibrahima\"},\"sameAs\":[\"https:\/\/www.nettali.com\"]}]}<\/script>\n<!-- \/ Yoast SEO Premium plugin. -->","yoast_head_json":{"title":"\u00c9DUCATION - Vers l\u2019introduction de l\u2019enseignement de l\u2019anglais \u00e0 l\u2019El\u00e9mentaire | Nettali.com","robots":{"index":"index","follow":"follow","max-snippet":"max-snippet:-1","max-image-preview":"max-image-preview:large","max-video-preview":"max-video-preview:-1"},"canonical":"https:\/\/www.nettali.com\/2024\/09\/20\/education-vers-lintroduction-de-lenseignement-de-langlais-a-lelementaire\/","og_locale":"fr_FR","og_type":"article","og_title":"\u00c9DUCATION - Vers l\u2019introduction de l\u2019enseignement de l\u2019anglais \u00e0 l\u2019El\u00e9mentaire","og_description":"NETTALI.COM - L\u2019introduction de l\u2019anglais \u00e0 l\u2019El\u00e9mentaire notamment au niveau du CM1 et du CM2 sera effective \u00e0 la rentr\u00e9e des classes prochaine pour une phase exp\u00e9rimentale. L'annonce a \u00e9t\u00e9 faite par le Secr\u00e9taire g\u00e9n\u00e9ral du gouvernement. \"Le Premier ministre demande au ministre de l\u2019Education de veiller, en ce qui concerne l\u2019introduction de l\u2019Anglais, aussi [&hellip;]","og_url":"https:\/\/www.nettali.com\/2024\/09\/20\/education-vers-lintroduction-de-lenseignement-de-langlais-a-lelementaire\/","og_site_name":"Nettali.com","article_publisher":"https:\/\/www.facebook.com\/nettalicom","article_published_time":"2024-09-20T14:25:14+00:00","og_image":[{"width":860,"height":573,"url":"https:\/\/www.nettali.com\/wp-content\/uploads\/2024\/06\/CFEE-860x573-1.jpeg","type":"image\/jpeg"}],"twitter_card":"summary_large_image","twitter_misc":{"\u00c9crit par":"Ibrahima","Dur\u00e9e de lecture estim\u00e9e":"3 minutes"},"schema":{"@context":"https:\/\/schema.org","@graph":[{"@type":"WebSite","@id":"https:\/\/www.nettali.com\/#website","url":"https:\/\/www.nettali.com\/","name":"Nettali.com","description":"Le rendez-vous critique du Net","potentialAction":[{"@type":"SearchAction","target":{"@type":"EntryPoint","urlTemplate":"https:\/\/www.nettali.com\/?s={search_term_string}"},"query-input":"required name=search_term_string"}],"inLanguage":"fr-FR"},{"@type":"ImageObject","@id":"https:\/\/www.nettali.com\/2024\/09\/20\/education-vers-lintroduction-de-lenseignement-de-langlais-a-lelementaire\/#primaryimage","inLanguage":"fr-FR","url":"https:\/\/www.nettali.com\/wp-content\/uploads\/2024\/06\/CFEE-860x573-1.jpeg","contentUrl":"https:\/\/www.nettali.com\/wp-content\/uploads\/2024\/06\/CFEE-860x573-1.jpeg","width":860,"height":573},{"@type":"WebPage","@id":"https:\/\/www.nettali.com\/2024\/09\/20\/education-vers-lintroduction-de-lenseignement-de-langlais-a-lelementaire\/#webpage","url":"https:\/\/www.nettali.com\/2024\/09\/20\/education-vers-lintroduction-de-lenseignement-de-langlais-a-lelementaire\/","name":"\u00c9DUCATION - Vers l\u2019introduction de l\u2019enseignement de l\u2019anglais \u00e0 l\u2019El\u00e9mentaire | Nettali.com","isPartOf":{"@id":"https:\/\/www.nettali.com\/#website"},"primaryImageOfPage":{"@id":"https:\/\/www.nettali.com\/2024\/09\/20\/education-vers-lintroduction-de-lenseignement-de-langlais-a-lelementaire\/#primaryimage"},"datePublished":"2024-09-20T14:25:14+00:00","dateModified":"2024-09-20T14:25:14+00:00","author":{"@id":"https:\/\/www.nettali.com\/#\/schema\/person\/bb147657c2986240405a608162b9bb23"},"breadcrumb":{"@id":"https:\/\/www.nettali.com\/2024\/09\/20\/education-vers-lintroduction-de-lenseignement-de-langlais-a-lelementaire\/#breadcrumb"},"inLanguage":"fr-FR","potentialAction":[{"@type":"ReadAction","target":["https:\/\/www.nettali.com\/2024\/09\/20\/education-vers-lintroduction-de-lenseignement-de-langlais-a-lelementaire\/"]}]},{"@type":"BreadcrumbList","@id":"https:\/\/www.nettali.com\/2024\/09\/20\/education-vers-lintroduction-de-lenseignement-de-langlais-a-lelementaire\/#breadcrumb","itemListElement":[{"@type":"ListItem","position":1,"name":"Accueil","item":"https:\/\/www.nettali.com\/"},{"@type":"ListItem","position":2,"name":"\u00c9DUCATION - Vers l\u2019introduction de l\u2019enseignement de l\u2019anglais \u00e0 l\u2019El\u00e9mentaire"}]},{"@type":"Person","@id":"https:\/\/www.nettali.com\/#\/schema\/person\/bb147657c2986240405a608162b9bb23","name":"Ibrahima","image":{"@type":"ImageObject","@id":"https:\/\/www.nettali.com\/#personlogo","inLanguage":"fr-FR","url":"https:\/\/secure.gravatar.com\/avatar\/26a8a81f09f0dd7624c9d5c36c9ba3a2?s=96&d=mm&r=g","contentUrl":"https:\/\/secure.gravatar.com\/avatar\/26a8a81f09f0dd7624c9d5c36c9ba3a2?s=96&d=mm&r=g","caption":"Ibrahima"},"sameAs":["https:\/\/www.nettali.com"]}]}},"_links":{"self":[{"href":"https:\/\/www.nettali.com\/rest\/wp\/v2\/posts\/140591"}],"collection":[{"href":"https:\/\/www.nettali.com\/rest\/wp\/v2\/posts"}],"about":[{"href":"https:\/\/www.nettali.com\/rest\/wp\/v2\/types\/post"}],"author":[{"embeddable":true,"href":"https:\/\/www.nettali.com\/rest\/wp\/v2\/users\/5"}],"replies":[{"embeddable":true,"href":"https:\/\/www.nettali.com\/rest\/wp\/v2\/comments?post=140591"}],"version-history":[{"count":3,"href":"https:\/\/www.nettali.com\/rest\/wp\/v2\/posts\/140591\/revisions"}],"predecessor-version":[{"id":140599,"href":"https:\/\/www.nettali.com\/rest\/wp\/v2\/posts\/140591\/revisions\/140599"}],"wp:featuredmedia":[{"embeddable":true,"href":"https:\/\/www.nettali.com\/rest\/wp\/v2\/media\/135731"}],"wp:attachment":[{"href":"https:\/\/www.nettali.com\/rest\/wp\/v2\/media?parent=140591"}],"wp:term":[{"taxonomy":"category","embeddable":true,"href":"https:\/\/www.nettali.com\/rest\/wp\/v2\/categories?post=140591"},{"taxonomy":"post_tag","embeddable":true,"href":"https:\/\/www.nettali.com\/rest\/wp\/v2\/tags?post=140591"}],"curies":[{"name":"wp","href":"https:\/\/api.w.org\/{rel}","templated":true}]}}