{"id":140587,"date":"2024-09-20T11:08:00","date_gmt":"2024-09-20T11:08:00","guid":{"rendered":"https:\/\/www.nettali.com\/?p=140587"},"modified":"2024-09-21T22:32:51","modified_gmt":"2024-09-21T22:32:51","slug":"port-du-voile-a-lecole-sonko-maintient-sa-position","status":"publish","type":"post","link":"https:\/\/www.nettali.com\/2024\/09\/20\/port-du-voile-a-lecole-sonko-maintient-sa-position\/","title":{"rendered":"PORT DU VOILE \u00c0 L'\u00c9COLE - Sonko maintient sa position"},"content":{"rendered":"<p><strong>NETTALI.COM - Pour la rentr\u00e9e scolaire 2024-2025, le nouveau r\u00e9gime a d\u00e9cid\u00e9 de d\u00e9rouler un ambitieux plan d\u2019actions visant \u00e0 r\u00e9pondre aux d\u00e9fis r\u00e9currents du secteur \u00e9ducatif et favoriser un environnement convenable \u00e0 l\u2019apprentissage. <\/strong><\/p>\n<p>Ce jeudi 19 septembre, \u00e0 l\u2019issue de la r\u00e9union interminist\u00e9rielle sur la rentr\u00e9e scolaire, le Premier ministre, Ousmane Sonko, a d\u00e9clin\u00e9 les 30 mesures phares prises par son Gouvernement, s\u2019inscrivant dans la dynamique de transformation syst\u00e9mique de l\u2019\u00e9ducation nationale bas\u00e9e sur une nouvelle vision. Dans sa communication, le Premier ministre a d\u2019abord rappel\u00e9 <em>\u00abqu\u2019il est indispensable, au-del\u00e0 des uniformes, que l\u2019\u00c9tat veille \u00e0 \u00e9radiquer toutes formes de discriminations li\u00e9es aux tenues vestimentaires des \u00e9l\u00e8ves\u00bb<\/em>. Il a d\u00e9nonc\u00e9 <em>\u00abl\u2019anarchie r\u00e9glementaire\u00bb<\/em> tol\u00e9r\u00e9e par les r\u00e9gimes pr\u00e9c\u00e9dents. Il pr\u00e9cise : <em>\u00abDans d\u2019autres pays, quand il est d\u00e9cr\u00e9t\u00e9 que tel port vestimentaire n\u2019est pas autoris\u00e9, tout le monde s\u2019y conforme. En r\u00e9publique, \u00e7a fonctionne ainsi\u00bb<\/em>.<\/p>\n<p>Afin d\u2019assurer les conditions d\u2019une \u00e9ducation inclusive, garantissant le libre acc\u00e8s de tous les enfants \u00e0 l\u2019\u00e9cole, sans distinction aucune, notamment portant sur le port vestimentaire, le ministre de l\u2019\u00c9ducation nationale devra soumettre, au plus tard le 27 septembre 2024, un arr\u00eat\u00e9 invitant les \u00e9tablissements scolaires \u00e0 conformer leurs r\u00e8glements int\u00e9rieurs aux dispositions de la Constitution. <em>\u00abJe vous exhorte \u00e0 nous pr\u00e9senter un arr\u00eat\u00e9, dans les plus brefs d\u00e9lais, qui r\u00e9glera d\u00e9finitivement cette question afin qu'aucun \u00e9l\u00e8ve ne puisse \u00eatre discrimin\u00e9 pour des raisons vestimentaires, et qui s\u2019appliquera \u00e0 toutes les \u00e9coles, y compris celles dites \u00e9trang\u00e8res. Elles se trouvent sur le sol s\u00e9n\u00e9galais, et seules les repr\u00e9sentations diplomatiques sont consid\u00e9r\u00e9es comme territoires \u00e9trangers, alors elles appliqueront ce que le S\u00e9n\u00e9gal aura d\u00e9cid\u00e9\u00bb<\/em>, a clairement dit le Premier ministre Ousmane Sonko.<\/p>\n<p>S\u2019agissant de l\u2019am\u00e9lioration des conditions d\u2019enseignement-apprentissage et des performances des \u00e9l\u00e8ves, le Gouvernement a pr\u00e9vu de poursuivre la redynamisation du dispositif du dialogue social, notamment sur les questions relatives aux d\u00e9cisionnaires, \u00e0 l\u2019acc\u00e8s au logement, aux actes d\u2019avancement et \u00e0 la formation continue dipl\u00f4mante. Il compte \u00e9galement mettre en \u0153uvre un plan de r\u00e9sorption du d\u00e9ficit du personnel enseignant et d\u2019encadrement ; dans ce cadre, \u00e9tudier les modalit\u00e9s de satisfaction du besoin de recrutement compl\u00e9mentaire de 4 527 enseignants et de 800 formateurs dans les centres de formation professionnelle. \u00a0Il veillera au transfert effectif des budgets de fonctionnement des \u00e9coles \u00e9l\u00e9mentaires publiques et mettra en \u0153uvre une strat\u00e9gie de lutte contre le redoublement et les d\u00e9perditions scolaires (\u2026).<\/p>\n<div class='share-to-whatsapp-wrapper'><div class='share-on-whsp'>PARTAGER SUR : <\/div><a data-text='PORT DU VOILE \u00c0 L'\u00c9COLE - Sonko maintient sa position' data-link='https:\/\/www.nettali.com\/2024\/09\/20\/port-du-voile-a-lecole-sonko-maintient-sa-position\/' class='whatsapp-button whatsapp-share'>WhatsApp<\/a><div class='clear '><\/div><\/div>","protected":false},"excerpt":{"rendered":"<p>NETTALI.COM - Pour la rentr\u00e9e scolaire 2024-2025, le nouveau r\u00e9gime a d\u00e9cid\u00e9 de d\u00e9rouler un ambitieux plan d\u2019actions visant \u00e0 r\u00e9pondre aux d\u00e9fis r\u00e9currents du secteur \u00e9ducatif et favoriser un environnement convenable \u00e0 l\u2019apprentissage. Ce jeudi 19 septembre, \u00e0 l\u2019issue de la r\u00e9union interminist\u00e9rielle sur la rentr\u00e9e scolaire, le Premier ministre, Ousmane Sonko, a d\u00e9clin\u00e9 [&hellip;]<\/p>\n","protected":false},"author":4,"featured_media":137877,"comment_status":"open","ping_status":"open","sticky":false,"template":"","format":"standard","meta":{"_et_pb_use_builder":"","_et_pb_old_content":""},"categories":[3],"tags":[],"yoast_head":"<!-- This site is optimized with the Yoast SEO Premium plugin v17.8 (Yoast SEO v17.8) - https:\/\/yoast.com\/wordpress\/plugins\/seo\/ -->\n<title>PORT DU VOILE \u00c0 L&#039;\u00c9COLE - Sonko maintient sa position | Nettali.com<\/title>\n<meta name=\"robots\" content=\"index, follow, max-snippet:-1, max-image-preview:large, max-video-preview:-1\" \/>\n<link rel=\"canonical\" href=\"https:\/\/www.nettali.com\/2024\/09\/20\/port-du-voile-a-lecole-sonko-maintient-sa-position\/\" \/>\n<meta property=\"og:locale\" content=\"fr_FR\" \/>\n<meta property=\"og:type\" content=\"article\" \/>\n<meta property=\"og:title\" content=\"PORT DU VOILE \u00c0 L&#039;\u00c9COLE - Sonko maintient sa position\" \/>\n<meta property=\"og:description\" content=\"NETTALI.COM - Pour la rentr\u00e9e scolaire 2024-2025, le nouveau r\u00e9gime a d\u00e9cid\u00e9 de d\u00e9rouler un ambitieux plan d\u2019actions visant \u00e0 r\u00e9pondre aux d\u00e9fis r\u00e9currents du secteur \u00e9ducatif et favoriser un environnement convenable \u00e0 l\u2019apprentissage. Ce jeudi 19 septembre, \u00e0 l\u2019issue de la r\u00e9union interminist\u00e9rielle sur la rentr\u00e9e scolaire, le Premier ministre, Ousmane Sonko, a d\u00e9clin\u00e9 [&hellip;]\" \/>\n<meta property=\"og:url\" content=\"https:\/\/www.nettali.com\/2024\/09\/20\/port-du-voile-a-lecole-sonko-maintient-sa-position\/\" \/>\n<meta property=\"og:site_name\" content=\"Nettali.com\" \/>\n<meta property=\"article:publisher\" content=\"https:\/\/www.facebook.com\/nettalicom\" \/>\n<meta property=\"article:published_time\" content=\"2024-09-20T11:08:00+00:00\" \/>\n<meta property=\"article:modified_time\" content=\"2024-09-21T22:32:51+00:00\" \/>\n<meta property=\"og:image\" content=\"https:\/\/www.nettali.com\/wp-content\/uploads\/2024\/07\/SONKO-RS.jpeg\" \/>\n\t<meta property=\"og:image:width\" content=\"225\" \/>\n\t<meta property=\"og:image:height\" content=\"224\" \/>\n<meta name=\"twitter:card\" content=\"summary_large_image\" \/>\n<meta name=\"twitter:label1\" content=\"\u00c9crit par\" \/>\n\t<meta name=\"twitter:data1\" content=\"Daouda\" \/>\n\t<meta name=\"twitter:label2\" content=\"Dur\u00e9e de lecture estim\u00e9e\" \/>\n\t<meta name=\"twitter:data2\" content=\"3 minutes\" \/>\n<script type=\"application\/ld+json\" class=\"yoast-schema-graph\">{\"@context\":\"https:\/\/schema.org\",\"@graph\":[{\"@type\":\"WebSite\",\"@id\":\"https:\/\/www.nettali.com\/#website\",\"url\":\"https:\/\/www.nettali.com\/\",\"name\":\"Nettali.com\",\"description\":\"Le rendez-vous critique du Net\",\"potentialAction\":[{\"@type\":\"SearchAction\",\"target\":{\"@type\":\"EntryPoint\",\"urlTemplate\":\"https:\/\/www.nettali.com\/?s={search_term_string}\"},\"query-input\":\"required name=search_term_string\"}],\"inLanguage\":\"fr-FR\"},{\"@type\":\"ImageObject\",\"@id\":\"https:\/\/www.nettali.com\/2024\/09\/20\/port-du-voile-a-lecole-sonko-maintient-sa-position\/#primaryimage\",\"inLanguage\":\"fr-FR\",\"url\":\"https:\/\/www.nettali.com\/wp-content\/uploads\/2024\/07\/SONKO-RS.jpeg\",\"contentUrl\":\"https:\/\/www.nettali.com\/wp-content\/uploads\/2024\/07\/SONKO-RS.jpeg\",\"width\":225,\"height\":224},{\"@type\":\"WebPage\",\"@id\":\"https:\/\/www.nettali.com\/2024\/09\/20\/port-du-voile-a-lecole-sonko-maintient-sa-position\/#webpage\",\"url\":\"https:\/\/www.nettali.com\/2024\/09\/20\/port-du-voile-a-lecole-sonko-maintient-sa-position\/\",\"name\":\"PORT DU VOILE \\u00c0 L'\\u00c9COLE - Sonko maintient sa position | Nettali.com\",\"isPartOf\":{\"@id\":\"https:\/\/www.nettali.com\/#website\"},\"primaryImageOfPage\":{\"@id\":\"https:\/\/www.nettali.com\/2024\/09\/20\/port-du-voile-a-lecole-sonko-maintient-sa-position\/#primaryimage\"},\"datePublished\":\"2024-09-20T11:08:00+00:00\",\"dateModified\":\"2024-09-21T22:32:51+00:00\",\"author\":{\"@id\":\"https:\/\/www.nettali.com\/#\/schema\/person\/3317e0bb3aa1da309fbf7b2780901bf4\"},\"breadcrumb\":{\"@id\":\"https:\/\/www.nettali.com\/2024\/09\/20\/port-du-voile-a-lecole-sonko-maintient-sa-position\/#breadcrumb\"},\"inLanguage\":\"fr-FR\",\"potentialAction\":[{\"@type\":\"ReadAction\",\"target\":[\"https:\/\/www.nettali.com\/2024\/09\/20\/port-du-voile-a-lecole-sonko-maintient-sa-position\/\"]}]},{\"@type\":\"BreadcrumbList\",\"@id\":\"https:\/\/www.nettali.com\/2024\/09\/20\/port-du-voile-a-lecole-sonko-maintient-sa-position\/#breadcrumb\",\"itemListElement\":[{\"@type\":\"ListItem\",\"position\":1,\"name\":\"Accueil\",\"item\":\"https:\/\/www.nettali.com\/\"},{\"@type\":\"ListItem\",\"position\":2,\"name\":\"PORT DU VOILE \\u00c0 L'\\u00c9COLE - Sonko maintient sa position\"}]},{\"@type\":\"Person\",\"@id\":\"https:\/\/www.nettali.com\/#\/schema\/person\/3317e0bb3aa1da309fbf7b2780901bf4\",\"name\":\"Daouda\",\"image\":{\"@type\":\"ImageObject\",\"@id\":\"https:\/\/www.nettali.com\/#personlogo\",\"inLanguage\":\"fr-FR\",\"url\":\"https:\/\/secure.gravatar.com\/avatar\/8d143b5a49345098ddcfee1c49c2f47c?s=96&d=mm&r=g\",\"contentUrl\":\"https:\/\/secure.gravatar.com\/avatar\/8d143b5a49345098ddcfee1c49c2f47c?s=96&d=mm&r=g\",\"caption\":\"Daouda\"},\"sameAs\":[\"https:\/\/www.nettali.com\"]}]}<\/script>\n<!-- \/ Yoast SEO Premium plugin. -->","yoast_head_json":{"title":"PORT DU VOILE \u00c0 L'\u00c9COLE - Sonko maintient sa position | Nettali.com","robots":{"index":"index","follow":"follow","max-snippet":"max-snippet:-1","max-image-preview":"max-image-preview:large","max-video-preview":"max-video-preview:-1"},"canonical":"https:\/\/www.nettali.com\/2024\/09\/20\/port-du-voile-a-lecole-sonko-maintient-sa-position\/","og_locale":"fr_FR","og_type":"article","og_title":"PORT DU VOILE \u00c0 L'\u00c9COLE - Sonko maintient sa position","og_description":"NETTALI.COM - Pour la rentr\u00e9e scolaire 2024-2025, le nouveau r\u00e9gime a d\u00e9cid\u00e9 de d\u00e9rouler un ambitieux plan d\u2019actions visant \u00e0 r\u00e9pondre aux d\u00e9fis r\u00e9currents du secteur \u00e9ducatif et favoriser un environnement convenable \u00e0 l\u2019apprentissage. Ce jeudi 19 septembre, \u00e0 l\u2019issue de la r\u00e9union interminist\u00e9rielle sur la rentr\u00e9e scolaire, le Premier ministre, Ousmane Sonko, a d\u00e9clin\u00e9 [&hellip;]","og_url":"https:\/\/www.nettali.com\/2024\/09\/20\/port-du-voile-a-lecole-sonko-maintient-sa-position\/","og_site_name":"Nettali.com","article_publisher":"https:\/\/www.facebook.com\/nettalicom","article_published_time":"2024-09-20T11:08:00+00:00","article_modified_time":"2024-09-21T22:32:51+00:00","og_image":[{"width":225,"height":224,"url":"https:\/\/www.nettali.com\/wp-content\/uploads\/2024\/07\/SONKO-RS.jpeg","type":"image\/jpeg"}],"twitter_card":"summary_large_image","twitter_misc":{"\u00c9crit par":"Daouda","Dur\u00e9e de lecture estim\u00e9e":"3 minutes"},"schema":{"@context":"https:\/\/schema.org","@graph":[{"@type":"WebSite","@id":"https:\/\/www.nettali.com\/#website","url":"https:\/\/www.nettali.com\/","name":"Nettali.com","description":"Le rendez-vous critique du Net","potentialAction":[{"@type":"SearchAction","target":{"@type":"EntryPoint","urlTemplate":"https:\/\/www.nettali.com\/?s={search_term_string}"},"query-input":"required name=search_term_string"}],"inLanguage":"fr-FR"},{"@type":"ImageObject","@id":"https:\/\/www.nettali.com\/2024\/09\/20\/port-du-voile-a-lecole-sonko-maintient-sa-position\/#primaryimage","inLanguage":"fr-FR","url":"https:\/\/www.nettali.com\/wp-content\/uploads\/2024\/07\/SONKO-RS.jpeg","contentUrl":"https:\/\/www.nettali.com\/wp-content\/uploads\/2024\/07\/SONKO-RS.jpeg","width":225,"height":224},{"@type":"WebPage","@id":"https:\/\/www.nettali.com\/2024\/09\/20\/port-du-voile-a-lecole-sonko-maintient-sa-position\/#webpage","url":"https:\/\/www.nettali.com\/2024\/09\/20\/port-du-voile-a-lecole-sonko-maintient-sa-position\/","name":"PORT DU VOILE \u00c0 L'\u00c9COLE - Sonko maintient sa position | Nettali.com","isPartOf":{"@id":"https:\/\/www.nettali.com\/#website"},"primaryImageOfPage":{"@id":"https:\/\/www.nettali.com\/2024\/09\/20\/port-du-voile-a-lecole-sonko-maintient-sa-position\/#primaryimage"},"datePublished":"2024-09-20T11:08:00+00:00","dateModified":"2024-09-21T22:32:51+00:00","author":{"@id":"https:\/\/www.nettali.com\/#\/schema\/person\/3317e0bb3aa1da309fbf7b2780901bf4"},"breadcrumb":{"@id":"https:\/\/www.nettali.com\/2024\/09\/20\/port-du-voile-a-lecole-sonko-maintient-sa-position\/#breadcrumb"},"inLanguage":"fr-FR","potentialAction":[{"@type":"ReadAction","target":["https:\/\/www.nettali.com\/2024\/09\/20\/port-du-voile-a-lecole-sonko-maintient-sa-position\/"]}]},{"@type":"BreadcrumbList","@id":"https:\/\/www.nettali.com\/2024\/09\/20\/port-du-voile-a-lecole-sonko-maintient-sa-position\/#breadcrumb","itemListElement":[{"@type":"ListItem","position":1,"name":"Accueil","item":"https:\/\/www.nettali.com\/"},{"@type":"ListItem","position":2,"name":"PORT DU VOILE \u00c0 L'\u00c9COLE - Sonko maintient sa position"}]},{"@type":"Person","@id":"https:\/\/www.nettali.com\/#\/schema\/person\/3317e0bb3aa1da309fbf7b2780901bf4","name":"Daouda","image":{"@type":"ImageObject","@id":"https:\/\/www.nettali.com\/#personlogo","inLanguage":"fr-FR","url":"https:\/\/secure.gravatar.com\/avatar\/8d143b5a49345098ddcfee1c49c2f47c?s=96&d=mm&r=g","contentUrl":"https:\/\/secure.gravatar.com\/avatar\/8d143b5a49345098ddcfee1c49c2f47c?s=96&d=mm&r=g","caption":"Daouda"},"sameAs":["https:\/\/www.nettali.com"]}]}},"_links":{"self":[{"href":"https:\/\/www.nettali.com\/rest\/wp\/v2\/posts\/140587"}],"collection":[{"href":"https:\/\/www.nettali.com\/rest\/wp\/v2\/posts"}],"about":[{"href":"https:\/\/www.nettali.com\/rest\/wp\/v2\/types\/post"}],"author":[{"embeddable":true,"href":"https:\/\/www.nettali.com\/rest\/wp\/v2\/users\/4"}],"replies":[{"embeddable":true,"href":"https:\/\/www.nettali.com\/rest\/wp\/v2\/comments?post=140587"}],"version-history":[{"count":2,"href":"https:\/\/www.nettali.com\/rest\/wp\/v2\/posts\/140587\/revisions"}],"predecessor-version":[{"id":140611,"href":"https:\/\/www.nettali.com\/rest\/wp\/v2\/posts\/140587\/revisions\/140611"}],"wp:featuredmedia":[{"embeddable":true,"href":"https:\/\/www.nettali.com\/rest\/wp\/v2\/media\/137877"}],"wp:attachment":[{"href":"https:\/\/www.nettali.com\/rest\/wp\/v2\/media?parent=140587"}],"wp:term":[{"taxonomy":"category","embeddable":true,"href":"https:\/\/www.nettali.com\/rest\/wp\/v2\/categories?post=140587"},{"taxonomy":"post_tag","embeddable":true,"href":"https:\/\/www.nettali.com\/rest\/wp\/v2\/tags?post=140587"}],"curies":[{"name":"wp","href":"https:\/\/api.w.org\/{rel}","templated":true}]}}