{"id":140585,"date":"2024-09-20T11:01:51","date_gmt":"2024-09-20T11:01:51","guid":{"rendered":"https:\/\/www.nettali.com\/?p=140585"},"modified":"2024-09-20T11:01:51","modified_gmt":"2024-09-20T11:01:51","slug":"legislatives-le-cnra-rappelle-linterdiction-de-la-propagande-du-27-septembre-au-26-octobre","status":"publish","type":"post","link":"https:\/\/www.nettali.com\/2024\/09\/20\/legislatives-le-cnra-rappelle-linterdiction-de-la-propagande-du-27-septembre-au-26-octobre\/","title":{"rendered":"LEGISLATIVES - le CNRA rappelle l\u2019interdiction de la propagande du 27 septembre au 26 octobre"},"content":{"rendered":"<p><strong>NETTALI.COM - Le Conseil national de r\u00e9gulation de l\u2019audiovisuel (CNRA) rappelle qu\u2019il est interdit, \u00e0 partir du vendredi 27 septembre, toute propagande d\u00e9guis\u00e9e ayant pour support les m\u00e9dias nationaux, publics et priv\u00e9 en perspective des \u00e9lections l\u00e9gislatives anticip\u00e9es du 17 novembre.<\/strong><\/p>\n<p>Dans un communiqu\u00e9 rendu public, jeudi, le r\u00e9gulateur indique que la p\u00e9riode de pr\u00e9campagne s\u2019\u00e9tend du vendredi 27 septembre 2024 \u00e0 00 heure au samedi 26 octobre 2024 \u00e0 minuit.<\/p>\n<p>Il rappelle que <em>\"durant la pr\u00e9campagne, est interdite la diffusion, par les m\u00e9dias (presse \u00e9crite, presse en ligne, radio et t\u00e9l\u00e9vision) de toute manifestation ou d\u00e9claration publique de soutien \u00e0 un candidat ou \u00e0 un parti politique ou \u00e0 une coalition de partis politiques ou \u00e0 une liste de candidats\".<\/em><\/p>\n<p>Le CNRA en appelle \u00e0 <em>\"l\u2019esprit de responsabilit\u00e9 de tous les acteurs pour le strict respect\"<\/em> des dispositions du Code \u00e9lectoral.<\/p>\n<p>Il met en garde contre la diffusion de toute manifestation <em>\"directement ou indirectement par toute personne ou association ou groupement de personnes quelle qu\u2019en soit la qualit\u00e9, nature ou caract\u00e8re de m\u00eame que lors des visites et tourn\u00e9es \u00e0 caract\u00e8re \u00e9conomique, social ou autrement qualifi\u00e9, effectu\u00e9es par toutes autorit\u00e9s de l\u2019Etat sur le territoire national\".<\/em><\/p>\n<p>La campagne \u00e9lectorale proprement dite s\u2019ouvre officiellement le 27 octobre 2024 \u00e0 00 heure et prend fin le vendredi 15 novembre 2024 \u00e0 minuit, a annonc\u00e9 le CNRA.<\/p>\n<p>Il signale que La RTS (radio et t\u00e9l\u00e9vision) <em>\"est assujettie \u00e0 l\u2019obligation de respect du principe d\u2019\u00e9galit\u00e9, dans le temps d\u2019antenne mis \u00e0 la disposition des listes de candidats\".<\/em><\/p>\n<p>Le r\u00e9gulateur ajoute que <em>\"les m\u00e9dias, autres que l\u2019audiovisuel public, qui traitent de la campagne \u00e9lectorale, sont tenus au respect rigoureux des r\u00e8gles d\u2019\u00e9quit\u00e9 et d\u2019\u00e9quilibre dans le traitement des activit\u00e9s des listes de candidats\"<\/em>.<\/p>\n<p>Il rappelle que <em>\"la veille et le jour du scrutin (du 16 novembre 2024 \u00e0 00 heure \u00e0 la fermeture des bureaux de vote) est interdite la diffusion ou rediffusion de toute activit\u00e9 assimilable \u00e0 une campagne \u00e9lectorale\".<\/em><\/p>\n<div class='share-to-whatsapp-wrapper'><div class='share-on-whsp'>PARTAGER SUR : <\/div><a data-text='LEGISLATIVES - le CNRA rappelle l\u2019interdiction de la propagande du 27 septembre au 26 octobre' data-link='https:\/\/www.nettali.com\/2024\/09\/20\/legislatives-le-cnra-rappelle-linterdiction-de-la-propagande-du-27-septembre-au-26-octobre\/' class='whatsapp-button whatsapp-share'>WhatsApp<\/a><div class='clear '><\/div><\/div>","protected":false},"excerpt":{"rendered":"<p>NETTALI.COM - Le Conseil national de r\u00e9gulation de l\u2019audiovisuel (CNRA) rappelle qu\u2019il est interdit, \u00e0 partir du vendredi 27 septembre, toute propagande d\u00e9guis\u00e9e ayant pour support les m\u00e9dias nationaux, publics et priv\u00e9 en perspective des \u00e9lections l\u00e9gislatives anticip\u00e9es du 17 novembre. Dans un communiqu\u00e9 rendu public, jeudi, le r\u00e9gulateur indique que la p\u00e9riode de pr\u00e9campagne [&hellip;]<\/p>\n","protected":false},"author":4,"featured_media":140565,"comment_status":"open","ping_status":"open","sticky":false,"template":"","format":"standard","meta":{"_et_pb_use_builder":"","_et_pb_old_content":""},"categories":[3],"tags":[],"yoast_head":"<!-- This site is optimized with the Yoast SEO Premium plugin v17.8 (Yoast SEO v17.8) - https:\/\/yoast.com\/wordpress\/plugins\/seo\/ -->\n<title>LEGISLATIVES - le CNRA rappelle l\u2019interdiction de la propagande du 27 septembre au 26 octobre | Nettali.com<\/title>\n<meta name=\"robots\" content=\"index, follow, max-snippet:-1, max-image-preview:large, max-video-preview:-1\" \/>\n<link rel=\"canonical\" href=\"https:\/\/www.nettali.com\/2024\/09\/20\/legislatives-le-cnra-rappelle-linterdiction-de-la-propagande-du-27-septembre-au-26-octobre\/\" \/>\n<meta property=\"og:locale\" content=\"fr_FR\" \/>\n<meta property=\"og:type\" content=\"article\" \/>\n<meta property=\"og:title\" content=\"LEGISLATIVES - le CNRA rappelle l\u2019interdiction de la propagande du 27 septembre au 26 octobre\" \/>\n<meta property=\"og:description\" content=\"NETTALI.COM - Le Conseil national de r\u00e9gulation de l\u2019audiovisuel (CNRA) rappelle qu\u2019il est interdit, \u00e0 partir du vendredi 27 septembre, toute propagande d\u00e9guis\u00e9e ayant pour support les m\u00e9dias nationaux, publics et priv\u00e9 en perspective des \u00e9lections l\u00e9gislatives anticip\u00e9es du 17 novembre. Dans un communiqu\u00e9 rendu public, jeudi, le r\u00e9gulateur indique que la p\u00e9riode de pr\u00e9campagne [&hellip;]\" \/>\n<meta property=\"og:url\" content=\"https:\/\/www.nettali.com\/2024\/09\/20\/legislatives-le-cnra-rappelle-linterdiction-de-la-propagande-du-27-septembre-au-26-octobre\/\" \/>\n<meta property=\"og:site_name\" content=\"Nettali.com\" \/>\n<meta property=\"article:publisher\" content=\"https:\/\/www.facebook.com\/nettalicom\" \/>\n<meta property=\"article:published_time\" content=\"2024-09-20T11:01:51+00:00\" \/>\n<meta property=\"og:image\" content=\"https:\/\/www.nettali.com\/wp-content\/uploads\/2024\/09\/76732520-55295815_0.jpg\" \/>\n\t<meta property=\"og:image:width\" content=\"706\" \/>\n\t<meta property=\"og:image:height\" content=\"417\" \/>\n<meta name=\"twitter:card\" content=\"summary_large_image\" \/>\n<meta name=\"twitter:label1\" content=\"\u00c9crit par\" \/>\n\t<meta name=\"twitter:data1\" content=\"Daouda\" \/>\n\t<meta name=\"twitter:label2\" content=\"Dur\u00e9e de lecture estim\u00e9e\" \/>\n\t<meta name=\"twitter:data2\" content=\"2 minutes\" \/>\n<script type=\"application\/ld+json\" class=\"yoast-schema-graph\">{\"@context\":\"https:\/\/schema.org\",\"@graph\":[{\"@type\":\"WebSite\",\"@id\":\"https:\/\/www.nettali.com\/#website\",\"url\":\"https:\/\/www.nettali.com\/\",\"name\":\"Nettali.com\",\"description\":\"Le rendez-vous critique du Net\",\"potentialAction\":[{\"@type\":\"SearchAction\",\"target\":{\"@type\":\"EntryPoint\",\"urlTemplate\":\"https:\/\/www.nettali.com\/?s={search_term_string}\"},\"query-input\":\"required name=search_term_string\"}],\"inLanguage\":\"fr-FR\"},{\"@type\":\"ImageObject\",\"@id\":\"https:\/\/www.nettali.com\/2024\/09\/20\/legislatives-le-cnra-rappelle-linterdiction-de-la-propagande-du-27-septembre-au-26-octobre\/#primaryimage\",\"inLanguage\":\"fr-FR\",\"url\":\"https:\/\/www.nettali.com\/wp-content\/uploads\/2024\/09\/76732520-55295815_0.jpg\",\"contentUrl\":\"https:\/\/www.nettali.com\/wp-content\/uploads\/2024\/09\/76732520-55295815_0.jpg\",\"width\":706,\"height\":417},{\"@type\":\"WebPage\",\"@id\":\"https:\/\/www.nettali.com\/2024\/09\/20\/legislatives-le-cnra-rappelle-linterdiction-de-la-propagande-du-27-septembre-au-26-octobre\/#webpage\",\"url\":\"https:\/\/www.nettali.com\/2024\/09\/20\/legislatives-le-cnra-rappelle-linterdiction-de-la-propagande-du-27-septembre-au-26-octobre\/\",\"name\":\"LEGISLATIVES - le CNRA rappelle l\\u2019interdiction de la propagande du 27 septembre au 26 octobre | Nettali.com\",\"isPartOf\":{\"@id\":\"https:\/\/www.nettali.com\/#website\"},\"primaryImageOfPage\":{\"@id\":\"https:\/\/www.nettali.com\/2024\/09\/20\/legislatives-le-cnra-rappelle-linterdiction-de-la-propagande-du-27-septembre-au-26-octobre\/#primaryimage\"},\"datePublished\":\"2024-09-20T11:01:51+00:00\",\"dateModified\":\"2024-09-20T11:01:51+00:00\",\"author\":{\"@id\":\"https:\/\/www.nettali.com\/#\/schema\/person\/3317e0bb3aa1da309fbf7b2780901bf4\"},\"breadcrumb\":{\"@id\":\"https:\/\/www.nettali.com\/2024\/09\/20\/legislatives-le-cnra-rappelle-linterdiction-de-la-propagande-du-27-septembre-au-26-octobre\/#breadcrumb\"},\"inLanguage\":\"fr-FR\",\"potentialAction\":[{\"@type\":\"ReadAction\",\"target\":[\"https:\/\/www.nettali.com\/2024\/09\/20\/legislatives-le-cnra-rappelle-linterdiction-de-la-propagande-du-27-septembre-au-26-octobre\/\"]}]},{\"@type\":\"BreadcrumbList\",\"@id\":\"https:\/\/www.nettali.com\/2024\/09\/20\/legislatives-le-cnra-rappelle-linterdiction-de-la-propagande-du-27-septembre-au-26-octobre\/#breadcrumb\",\"itemListElement\":[{\"@type\":\"ListItem\",\"position\":1,\"name\":\"Accueil\",\"item\":\"https:\/\/www.nettali.com\/\"},{\"@type\":\"ListItem\",\"position\":2,\"name\":\"LEGISLATIVES - le CNRA rappelle l\\u2019interdiction de la propagande du 27 septembre au 26 octobre\"}]},{\"@type\":\"Person\",\"@id\":\"https:\/\/www.nettali.com\/#\/schema\/person\/3317e0bb3aa1da309fbf7b2780901bf4\",\"name\":\"Daouda\",\"image\":{\"@type\":\"ImageObject\",\"@id\":\"https:\/\/www.nettali.com\/#personlogo\",\"inLanguage\":\"fr-FR\",\"url\":\"https:\/\/secure.gravatar.com\/avatar\/8d143b5a49345098ddcfee1c49c2f47c?s=96&d=mm&r=g\",\"contentUrl\":\"https:\/\/secure.gravatar.com\/avatar\/8d143b5a49345098ddcfee1c49c2f47c?s=96&d=mm&r=g\",\"caption\":\"Daouda\"},\"sameAs\":[\"https:\/\/www.nettali.com\"]}]}<\/script>\n<!-- \/ Yoast SEO Premium plugin. -->","yoast_head_json":{"title":"LEGISLATIVES - le CNRA rappelle l\u2019interdiction de la propagande du 27 septembre au 26 octobre | Nettali.com","robots":{"index":"index","follow":"follow","max-snippet":"max-snippet:-1","max-image-preview":"max-image-preview:large","max-video-preview":"max-video-preview:-1"},"canonical":"https:\/\/www.nettali.com\/2024\/09\/20\/legislatives-le-cnra-rappelle-linterdiction-de-la-propagande-du-27-septembre-au-26-octobre\/","og_locale":"fr_FR","og_type":"article","og_title":"LEGISLATIVES - le CNRA rappelle l\u2019interdiction de la propagande du 27 septembre au 26 octobre","og_description":"NETTALI.COM - Le Conseil national de r\u00e9gulation de l\u2019audiovisuel (CNRA) rappelle qu\u2019il est interdit, \u00e0 partir du vendredi 27 septembre, toute propagande d\u00e9guis\u00e9e ayant pour support les m\u00e9dias nationaux, publics et priv\u00e9 en perspective des \u00e9lections l\u00e9gislatives anticip\u00e9es du 17 novembre. Dans un communiqu\u00e9 rendu public, jeudi, le r\u00e9gulateur indique que la p\u00e9riode de pr\u00e9campagne [&hellip;]","og_url":"https:\/\/www.nettali.com\/2024\/09\/20\/legislatives-le-cnra-rappelle-linterdiction-de-la-propagande-du-27-septembre-au-26-octobre\/","og_site_name":"Nettali.com","article_publisher":"https:\/\/www.facebook.com\/nettalicom","article_published_time":"2024-09-20T11:01:51+00:00","og_image":[{"width":706,"height":417,"url":"https:\/\/www.nettali.com\/wp-content\/uploads\/2024\/09\/76732520-55295815_0.jpg","type":"image\/jpeg"}],"twitter_card":"summary_large_image","twitter_misc":{"\u00c9crit par":"Daouda","Dur\u00e9e de lecture estim\u00e9e":"2 minutes"},"schema":{"@context":"https:\/\/schema.org","@graph":[{"@type":"WebSite","@id":"https:\/\/www.nettali.com\/#website","url":"https:\/\/www.nettali.com\/","name":"Nettali.com","description":"Le rendez-vous critique du Net","potentialAction":[{"@type":"SearchAction","target":{"@type":"EntryPoint","urlTemplate":"https:\/\/www.nettali.com\/?s={search_term_string}"},"query-input":"required name=search_term_string"}],"inLanguage":"fr-FR"},{"@type":"ImageObject","@id":"https:\/\/www.nettali.com\/2024\/09\/20\/legislatives-le-cnra-rappelle-linterdiction-de-la-propagande-du-27-septembre-au-26-octobre\/#primaryimage","inLanguage":"fr-FR","url":"https:\/\/www.nettali.com\/wp-content\/uploads\/2024\/09\/76732520-55295815_0.jpg","contentUrl":"https:\/\/www.nettali.com\/wp-content\/uploads\/2024\/09\/76732520-55295815_0.jpg","width":706,"height":417},{"@type":"WebPage","@id":"https:\/\/www.nettali.com\/2024\/09\/20\/legislatives-le-cnra-rappelle-linterdiction-de-la-propagande-du-27-septembre-au-26-octobre\/#webpage","url":"https:\/\/www.nettali.com\/2024\/09\/20\/legislatives-le-cnra-rappelle-linterdiction-de-la-propagande-du-27-septembre-au-26-octobre\/","name":"LEGISLATIVES - le CNRA rappelle l\u2019interdiction de la propagande du 27 septembre au 26 octobre | Nettali.com","isPartOf":{"@id":"https:\/\/www.nettali.com\/#website"},"primaryImageOfPage":{"@id":"https:\/\/www.nettali.com\/2024\/09\/20\/legislatives-le-cnra-rappelle-linterdiction-de-la-propagande-du-27-septembre-au-26-octobre\/#primaryimage"},"datePublished":"2024-09-20T11:01:51+00:00","dateModified":"2024-09-20T11:01:51+00:00","author":{"@id":"https:\/\/www.nettali.com\/#\/schema\/person\/3317e0bb3aa1da309fbf7b2780901bf4"},"breadcrumb":{"@id":"https:\/\/www.nettali.com\/2024\/09\/20\/legislatives-le-cnra-rappelle-linterdiction-de-la-propagande-du-27-septembre-au-26-octobre\/#breadcrumb"},"inLanguage":"fr-FR","potentialAction":[{"@type":"ReadAction","target":["https:\/\/www.nettali.com\/2024\/09\/20\/legislatives-le-cnra-rappelle-linterdiction-de-la-propagande-du-27-septembre-au-26-octobre\/"]}]},{"@type":"BreadcrumbList","@id":"https:\/\/www.nettali.com\/2024\/09\/20\/legislatives-le-cnra-rappelle-linterdiction-de-la-propagande-du-27-septembre-au-26-octobre\/#breadcrumb","itemListElement":[{"@type":"ListItem","position":1,"name":"Accueil","item":"https:\/\/www.nettali.com\/"},{"@type":"ListItem","position":2,"name":"LEGISLATIVES - le CNRA rappelle l\u2019interdiction de la propagande du 27 septembre au 26 octobre"}]},{"@type":"Person","@id":"https:\/\/www.nettali.com\/#\/schema\/person\/3317e0bb3aa1da309fbf7b2780901bf4","name":"Daouda","image":{"@type":"ImageObject","@id":"https:\/\/www.nettali.com\/#personlogo","inLanguage":"fr-FR","url":"https:\/\/secure.gravatar.com\/avatar\/8d143b5a49345098ddcfee1c49c2f47c?s=96&d=mm&r=g","contentUrl":"https:\/\/secure.gravatar.com\/avatar\/8d143b5a49345098ddcfee1c49c2f47c?s=96&d=mm&r=g","caption":"Daouda"},"sameAs":["https:\/\/www.nettali.com"]}]}},"_links":{"self":[{"href":"https:\/\/www.nettali.com\/rest\/wp\/v2\/posts\/140585"}],"collection":[{"href":"https:\/\/www.nettali.com\/rest\/wp\/v2\/posts"}],"about":[{"href":"https:\/\/www.nettali.com\/rest\/wp\/v2\/types\/post"}],"author":[{"embeddable":true,"href":"https:\/\/www.nettali.com\/rest\/wp\/v2\/users\/4"}],"replies":[{"embeddable":true,"href":"https:\/\/www.nettali.com\/rest\/wp\/v2\/comments?post=140585"}],"version-history":[{"count":1,"href":"https:\/\/www.nettali.com\/rest\/wp\/v2\/posts\/140585\/revisions"}],"predecessor-version":[{"id":140586,"href":"https:\/\/www.nettali.com\/rest\/wp\/v2\/posts\/140585\/revisions\/140586"}],"wp:featuredmedia":[{"embeddable":true,"href":"https:\/\/www.nettali.com\/rest\/wp\/v2\/media\/140565"}],"wp:attachment":[{"href":"https:\/\/www.nettali.com\/rest\/wp\/v2\/media?parent=140585"}],"wp:term":[{"taxonomy":"category","embeddable":true,"href":"https:\/\/www.nettali.com\/rest\/wp\/v2\/categories?post=140585"},{"taxonomy":"post_tag","embeddable":true,"href":"https:\/\/www.nettali.com\/rest\/wp\/v2\/tags?post=140585"}],"curies":[{"name":"wp","href":"https:\/\/api.w.org\/{rel}","templated":true}]}}