{"id":140567,"date":"2024-09-20T08:37:39","date_gmt":"2024-09-20T08:37:39","guid":{"rendered":"https:\/\/www.nettali.com\/?p=140567"},"modified":"2024-09-20T08:37:39","modified_gmt":"2024-09-20T08:37:39","slug":"reunion-interministerielle-les-30-mesures-pour-la-garantie-dune-bonne-rentree-scolaire","status":"publish","type":"post","link":"https:\/\/www.nettali.com\/2024\/09\/20\/reunion-interministerielle-les-30-mesures-pour-la-garantie-dune-bonne-rentree-scolaire\/","title":{"rendered":"REUNION INTERMINISTERIELLE - Les 30 mesures pour la garantie d'une bonne rentr\u00e9e scolaire"},"content":{"rendered":"<p class=\"p2\"><strong>NETTALI.COM -<\/strong> Trente mesures destin\u00e9es \u00e0 garantir une bonne rentr\u00e9e scolaire et une bonne rentr\u00e9e acad\u00e9mique, ont \u00e9t\u00e9 prises \u00e0 l\u2019issue d\u2019une r\u00e9union interminist\u00e9rielle pr\u00e9sid\u00e9e le jeudi 19 septembre par le Premier ministre Ousmane Sonko.<\/p>\n<p class=\"p2\">\u201c<em>Le ministre de l\u2019\u00c9ducation nationale (Men), en rapport avec les ministres charg\u00e9s de l\u2019Int\u00e9rieur, de l\u2019Assainissement, de l\u2019Environnement, <\/em><em>des Collectivit\u00e9s territoriales et des Forces arm\u00e9es, prendra les dispositions n\u00e9cessaires pour une remise \u00e0 l\u2019\u00e9tat des structures \u00e9ducatives affect\u00e9es par l\u2019hivernage (\u2026)<\/em>\u201d, a inform\u00e9 le ministre, secr\u00e9taire g\u00e9n\u00e9ral du gouvernement, Ahmadou Al Aminou Lo.<\/p>\n<p class=\"p2\">Il a aussi annonc\u00e9 \u201c<em>l\u2019instauration d\u2019une journ\u00e9e mensuelle de mobilisation citoyenne pour la propret\u00e9 de tous les \u00e9tablissements et \u00e9coles du S\u00e9n\u00e9gal<\/em>\u201d.\u00a0 Il a \u00e9galement fait \u00e9tat de dispositions \u201c<em>n\u00e9cessaires<\/em>\u201d pour l\u2019acc\u00e8s des structures d\u2019\u00e9ducation \u00e0 l\u2019eau et \u00e0 l\u2019\u00e9lectricit\u00e9.<\/p>\n<p class=\"p2\">Ahmadou Al Aminou Lo a soulign\u00e9 l'insistance du Premier ministre sur la n\u00e9cessit\u00e9 de \u201c<em>diligenter le branchement \u00e0 l\u2019\u00e9lectricit\u00e9 des centres de formation professionnelle (CFP) de Koki, Ndindi, Touba, Mboum-ba, Taif et Thiem-peng avant la rentr\u00e9e<\/em>\u201d.<\/p>\n<p class=\"p2\">Il annonce que le minist\u00e8re de l\u2019\u00c9ducation nationale proc\u00e9dera \u00e0 la structuration d\u2019un programme \u201cinnovant\u201d pour acc\u00e9l\u00e9rer le remplacement int\u00e9gral des abris provisoires, \u00e0 travers un partenariat public-priv\u00e9.<\/p>\n<p class=\"p2\">\u201c<em>Le ministre de la Formation professionnelle, en relation avec les ministres charg\u00e9s de l'\u00c9conomie, des Finances, des Collectivit\u00e9s territoriales, est instruit de soumettre, au plus tard \u00e0 fin mars 2025, un plan d\u2019action pour acc\u00e9l\u00e9rer le programme de construction de centres de formation professionnelle (\u2026)<\/em>\u201d, a-t-il poursuivi. Selon lui, \u201c<em>une attention particuli\u00e8re devra \u00eatre accord\u00e9e au mod\u00e8le \u00e9conomique desdits centres<\/em>\u201d. Il informe que le Premier ministre a instruit le ministre de l\u2019\u00c9ducation nationale de soumettre, au plus tard fin mars 2025, un plan d\u2019action pour la mise en oeuvre d\u2019un \u201cprogramme d\u2019urgence\u201d de mise \u00e0 niveau des infrastructures scolaires.<\/p>\n<p class=\"p2\">S\u2019agissant de la mise \u00e0 disposition de tables-bancs aux \u00e9coles, dans le cadre du Projet de mobilier national, il signale qu\u2019il a \u00e9t\u00e9 demand\u00e9 aux ministres concern\u00e9s de proc\u00e9der, en relation avec le minist\u00e8re des Finances et du Budget, \u00e0 une \u201c<em>dotation suffisante<\/em>\u201d, au titre du budget 2025. L\u2019objectif est de permettre la r\u00e9habilitation de 100 000 tables-bancs et l\u2019acquisition de 70 275 tables-bancs neufs.<\/p>\n<p class=\"p2\">Dans le cadre de la mise en oeuvre de la directive pr\u00e9sidentielle relative au port obligatoire de l\u2019uniforme scolaire \u00e0 la rentr\u00e9e 2024- 2025, il a \u00e9t\u00e9 demand\u00e9 de \u201c<em>veiller \u00e0 la disponibilit\u00e9 des uniformes dans les d\u00e9lais requis<\/em>\u201d. Dans le but d\u2019assurer les conditions d\u2019une \u00e9ducation \u201cinclusive\u201d, garantissant le libre acc\u00e8s de tous les enfants \u00e0 l\u2019\u00e9cole, sans distinction aucune, notamment concernant le port vestimentaire, \u201cle ministre de l\u2019\u00c9ducation nationale devra soumettre, au plus tard le 27 septembre 2024, un arr\u00eat\u00e9 invitant les \u00e9tablissements scolaires \u00e0 conformer leurs r\u00e8glements int\u00e9rieurs aux dispositions de la Constitution\u201d, a indiqu\u00e9 le secr\u00e9taire g\u00e9n\u00e9ral du gouvernement.<\/p>\n<div class='share-to-whatsapp-wrapper'><div class='share-on-whsp'>PARTAGER SUR : <\/div><a data-text='REUNION INTERMINISTERIELLE - Les 30 mesures pour la garantie d'une bonne rentr\u00e9e scolaire' data-link='https:\/\/www.nettali.com\/2024\/09\/20\/reunion-interministerielle-les-30-mesures-pour-la-garantie-dune-bonne-rentree-scolaire\/' class='whatsapp-button whatsapp-share'>WhatsApp<\/a><div class='clear '><\/div><\/div>","protected":false},"excerpt":{"rendered":"<p>NETTALI.COM - Trente mesures destin\u00e9es \u00e0 garantir une bonne rentr\u00e9e scolaire et une bonne rentr\u00e9e acad\u00e9mique, ont \u00e9t\u00e9 prises \u00e0 l\u2019issue d\u2019une r\u00e9union interminist\u00e9rielle pr\u00e9sid\u00e9e le jeudi 19 septembre par le Premier ministre Ousmane Sonko. \u201cLe ministre de l\u2019\u00c9ducation nationale (Men), en rapport avec les ministres charg\u00e9s de l\u2019Int\u00e9rieur, de l\u2019Assainissement, de l\u2019Environnement, des Collectivit\u00e9s [&hellip;]<\/p>\n","protected":false},"author":2,"featured_media":139654,"comment_status":"open","ping_status":"open","sticky":false,"template":"","format":"standard","meta":{"_et_pb_use_builder":"","_et_pb_old_content":""},"categories":[34945],"tags":[],"yoast_head":"<!-- This site is optimized with the Yoast SEO Premium plugin v17.8 (Yoast SEO v17.8) - https:\/\/yoast.com\/wordpress\/plugins\/seo\/ -->\n<title>REUNION INTERMINISTERIELLE - Les 30 mesures pour la garantie d&#039;une bonne rentr\u00e9e scolaire | Nettali.com<\/title>\n<meta name=\"robots\" content=\"index, follow, max-snippet:-1, max-image-preview:large, max-video-preview:-1\" \/>\n<link rel=\"canonical\" href=\"https:\/\/www.nettali.com\/2024\/09\/20\/reunion-interministerielle-les-30-mesures-pour-la-garantie-dune-bonne-rentree-scolaire\/\" \/>\n<meta property=\"og:locale\" content=\"fr_FR\" \/>\n<meta property=\"og:type\" content=\"article\" \/>\n<meta property=\"og:title\" content=\"REUNION INTERMINISTERIELLE - Les 30 mesures pour la garantie d&#039;une bonne rentr\u00e9e scolaire\" \/>\n<meta property=\"og:description\" content=\"NETTALI.COM - Trente mesures destin\u00e9es \u00e0 garantir une bonne rentr\u00e9e scolaire et une bonne rentr\u00e9e acad\u00e9mique, ont \u00e9t\u00e9 prises \u00e0 l\u2019issue d\u2019une r\u00e9union interminist\u00e9rielle pr\u00e9sid\u00e9e le jeudi 19 septembre par le Premier ministre Ousmane Sonko. \u201cLe ministre de l\u2019\u00c9ducation nationale (Men), en rapport avec les ministres charg\u00e9s de l\u2019Int\u00e9rieur, de l\u2019Assainissement, de l\u2019Environnement, des Collectivit\u00e9s [&hellip;]\" \/>\n<meta property=\"og:url\" content=\"https:\/\/www.nettali.com\/2024\/09\/20\/reunion-interministerielle-les-30-mesures-pour-la-garantie-dune-bonne-rentree-scolaire\/\" \/>\n<meta property=\"og:site_name\" content=\"Nettali.com\" \/>\n<meta property=\"article:publisher\" content=\"https:\/\/www.facebook.com\/nettalicom\" \/>\n<meta property=\"article:published_time\" content=\"2024-09-20T08:37:39+00:00\" \/>\n<meta property=\"og:image\" content=\"https:\/\/www.nettali.com\/wp-content\/uploads\/2024\/09\/00650028_22f94e78b708e97b4fa14f088bfb8458_arc614x376_w735_us1.jpg\" \/>\n\t<meta property=\"og:image:width\" content=\"735\" \/>\n\t<meta property=\"og:image:height\" content=\"450\" \/>\n<meta name=\"twitter:card\" content=\"summary_large_image\" \/>\n<meta name=\"twitter:label1\" content=\"\u00c9crit par\" \/>\n\t<meta name=\"twitter:data1\" content=\"CK\" \/>\n\t<meta name=\"twitter:label2\" content=\"Dur\u00e9e de lecture estim\u00e9e\" \/>\n\t<meta name=\"twitter:data2\" content=\"3 minutes\" \/>\n<script type=\"application\/ld+json\" class=\"yoast-schema-graph\">{\"@context\":\"https:\/\/schema.org\",\"@graph\":[{\"@type\":\"WebSite\",\"@id\":\"https:\/\/www.nettali.com\/#website\",\"url\":\"https:\/\/www.nettali.com\/\",\"name\":\"Nettali.com\",\"description\":\"Le rendez-vous critique du Net\",\"potentialAction\":[{\"@type\":\"SearchAction\",\"target\":{\"@type\":\"EntryPoint\",\"urlTemplate\":\"https:\/\/www.nettali.com\/?s={search_term_string}\"},\"query-input\":\"required name=search_term_string\"}],\"inLanguage\":\"fr-FR\"},{\"@type\":\"ImageObject\",\"@id\":\"https:\/\/www.nettali.com\/2024\/09\/20\/reunion-interministerielle-les-30-mesures-pour-la-garantie-dune-bonne-rentree-scolaire\/#primaryimage\",\"inLanguage\":\"fr-FR\",\"url\":\"https:\/\/www.nettali.com\/wp-content\/uploads\/2024\/09\/00650028_22f94e78b708e97b4fa14f088bfb8458_arc614x376_w735_us1.jpg\",\"contentUrl\":\"https:\/\/www.nettali.com\/wp-content\/uploads\/2024\/09\/00650028_22f94e78b708e97b4fa14f088bfb8458_arc614x376_w735_us1.jpg\",\"width\":735,\"height\":450},{\"@type\":\"WebPage\",\"@id\":\"https:\/\/www.nettali.com\/2024\/09\/20\/reunion-interministerielle-les-30-mesures-pour-la-garantie-dune-bonne-rentree-scolaire\/#webpage\",\"url\":\"https:\/\/www.nettali.com\/2024\/09\/20\/reunion-interministerielle-les-30-mesures-pour-la-garantie-dune-bonne-rentree-scolaire\/\",\"name\":\"REUNION INTERMINISTERIELLE - Les 30 mesures pour la garantie d'une bonne rentr\\u00e9e scolaire | Nettali.com\",\"isPartOf\":{\"@id\":\"https:\/\/www.nettali.com\/#website\"},\"primaryImageOfPage\":{\"@id\":\"https:\/\/www.nettali.com\/2024\/09\/20\/reunion-interministerielle-les-30-mesures-pour-la-garantie-dune-bonne-rentree-scolaire\/#primaryimage\"},\"datePublished\":\"2024-09-20T08:37:39+00:00\",\"dateModified\":\"2024-09-20T08:37:39+00:00\",\"author\":{\"@id\":\"https:\/\/www.nettali.com\/#\/schema\/person\/d8ac7b7e27ddad43f1c0d2ef090d7f71\"},\"breadcrumb\":{\"@id\":\"https:\/\/www.nettali.com\/2024\/09\/20\/reunion-interministerielle-les-30-mesures-pour-la-garantie-dune-bonne-rentree-scolaire\/#breadcrumb\"},\"inLanguage\":\"fr-FR\",\"potentialAction\":[{\"@type\":\"ReadAction\",\"target\":[\"https:\/\/www.nettali.com\/2024\/09\/20\/reunion-interministerielle-les-30-mesures-pour-la-garantie-dune-bonne-rentree-scolaire\/\"]}]},{\"@type\":\"BreadcrumbList\",\"@id\":\"https:\/\/www.nettali.com\/2024\/09\/20\/reunion-interministerielle-les-30-mesures-pour-la-garantie-dune-bonne-rentree-scolaire\/#breadcrumb\",\"itemListElement\":[{\"@type\":\"ListItem\",\"position\":1,\"name\":\"Accueil\",\"item\":\"https:\/\/www.nettali.com\/\"},{\"@type\":\"ListItem\",\"position\":2,\"name\":\"REUNION INTERMINISTERIELLE - Les 30 mesures pour la garantie d'une bonne rentr\\u00e9e scolaire\"}]},{\"@type\":\"Person\",\"@id\":\"https:\/\/www.nettali.com\/#\/schema\/person\/d8ac7b7e27ddad43f1c0d2ef090d7f71\",\"name\":\"CK\",\"image\":{\"@type\":\"ImageObject\",\"@id\":\"https:\/\/www.nettali.com\/#personlogo\",\"inLanguage\":\"fr-FR\",\"url\":\"https:\/\/secure.gravatar.com\/avatar\/1d8d5118b9327d94da7cd4ce7f17fec2?s=96&d=mm&r=g\",\"contentUrl\":\"https:\/\/secure.gravatar.com\/avatar\/1d8d5118b9327d94da7cd4ce7f17fec2?s=96&d=mm&r=g\",\"caption\":\"CK\"},\"sameAs\":[\"https:\/\/www.nettali.com\"]}]}<\/script>\n<!-- \/ Yoast SEO Premium plugin. -->","yoast_head_json":{"title":"REUNION INTERMINISTERIELLE - Les 30 mesures pour la garantie d'une bonne rentr\u00e9e scolaire | Nettali.com","robots":{"index":"index","follow":"follow","max-snippet":"max-snippet:-1","max-image-preview":"max-image-preview:large","max-video-preview":"max-video-preview:-1"},"canonical":"https:\/\/www.nettali.com\/2024\/09\/20\/reunion-interministerielle-les-30-mesures-pour-la-garantie-dune-bonne-rentree-scolaire\/","og_locale":"fr_FR","og_type":"article","og_title":"REUNION INTERMINISTERIELLE - Les 30 mesures pour la garantie d'une bonne rentr\u00e9e scolaire","og_description":"NETTALI.COM - Trente mesures destin\u00e9es \u00e0 garantir une bonne rentr\u00e9e scolaire et une bonne rentr\u00e9e acad\u00e9mique, ont \u00e9t\u00e9 prises \u00e0 l\u2019issue d\u2019une r\u00e9union interminist\u00e9rielle pr\u00e9sid\u00e9e le jeudi 19 septembre par le Premier ministre Ousmane Sonko. \u201cLe ministre de l\u2019\u00c9ducation nationale (Men), en rapport avec les ministres charg\u00e9s de l\u2019Int\u00e9rieur, de l\u2019Assainissement, de l\u2019Environnement, des Collectivit\u00e9s [&hellip;]","og_url":"https:\/\/www.nettali.com\/2024\/09\/20\/reunion-interministerielle-les-30-mesures-pour-la-garantie-dune-bonne-rentree-scolaire\/","og_site_name":"Nettali.com","article_publisher":"https:\/\/www.facebook.com\/nettalicom","article_published_time":"2024-09-20T08:37:39+00:00","og_image":[{"width":735,"height":450,"url":"https:\/\/www.nettali.com\/wp-content\/uploads\/2024\/09\/00650028_22f94e78b708e97b4fa14f088bfb8458_arc614x376_w735_us1.jpg","type":"image\/jpeg"}],"twitter_card":"summary_large_image","twitter_misc":{"\u00c9crit par":"CK","Dur\u00e9e de lecture estim\u00e9e":"3 minutes"},"schema":{"@context":"https:\/\/schema.org","@graph":[{"@type":"WebSite","@id":"https:\/\/www.nettali.com\/#website","url":"https:\/\/www.nettali.com\/","name":"Nettali.com","description":"Le rendez-vous critique du Net","potentialAction":[{"@type":"SearchAction","target":{"@type":"EntryPoint","urlTemplate":"https:\/\/www.nettali.com\/?s={search_term_string}"},"query-input":"required name=search_term_string"}],"inLanguage":"fr-FR"},{"@type":"ImageObject","@id":"https:\/\/www.nettali.com\/2024\/09\/20\/reunion-interministerielle-les-30-mesures-pour-la-garantie-dune-bonne-rentree-scolaire\/#primaryimage","inLanguage":"fr-FR","url":"https:\/\/www.nettali.com\/wp-content\/uploads\/2024\/09\/00650028_22f94e78b708e97b4fa14f088bfb8458_arc614x376_w735_us1.jpg","contentUrl":"https:\/\/www.nettali.com\/wp-content\/uploads\/2024\/09\/00650028_22f94e78b708e97b4fa14f088bfb8458_arc614x376_w735_us1.jpg","width":735,"height":450},{"@type":"WebPage","@id":"https:\/\/www.nettali.com\/2024\/09\/20\/reunion-interministerielle-les-30-mesures-pour-la-garantie-dune-bonne-rentree-scolaire\/#webpage","url":"https:\/\/www.nettali.com\/2024\/09\/20\/reunion-interministerielle-les-30-mesures-pour-la-garantie-dune-bonne-rentree-scolaire\/","name":"REUNION INTERMINISTERIELLE - Les 30 mesures pour la garantie d'une bonne rentr\u00e9e scolaire | Nettali.com","isPartOf":{"@id":"https:\/\/www.nettali.com\/#website"},"primaryImageOfPage":{"@id":"https:\/\/www.nettali.com\/2024\/09\/20\/reunion-interministerielle-les-30-mesures-pour-la-garantie-dune-bonne-rentree-scolaire\/#primaryimage"},"datePublished":"2024-09-20T08:37:39+00:00","dateModified":"2024-09-20T08:37:39+00:00","author":{"@id":"https:\/\/www.nettali.com\/#\/schema\/person\/d8ac7b7e27ddad43f1c0d2ef090d7f71"},"breadcrumb":{"@id":"https:\/\/www.nettali.com\/2024\/09\/20\/reunion-interministerielle-les-30-mesures-pour-la-garantie-dune-bonne-rentree-scolaire\/#breadcrumb"},"inLanguage":"fr-FR","potentialAction":[{"@type":"ReadAction","target":["https:\/\/www.nettali.com\/2024\/09\/20\/reunion-interministerielle-les-30-mesures-pour-la-garantie-dune-bonne-rentree-scolaire\/"]}]},{"@type":"BreadcrumbList","@id":"https:\/\/www.nettali.com\/2024\/09\/20\/reunion-interministerielle-les-30-mesures-pour-la-garantie-dune-bonne-rentree-scolaire\/#breadcrumb","itemListElement":[{"@type":"ListItem","position":1,"name":"Accueil","item":"https:\/\/www.nettali.com\/"},{"@type":"ListItem","position":2,"name":"REUNION INTERMINISTERIELLE - Les 30 mesures pour la garantie d'une bonne rentr\u00e9e scolaire"}]},{"@type":"Person","@id":"https:\/\/www.nettali.com\/#\/schema\/person\/d8ac7b7e27ddad43f1c0d2ef090d7f71","name":"CK","image":{"@type":"ImageObject","@id":"https:\/\/www.nettali.com\/#personlogo","inLanguage":"fr-FR","url":"https:\/\/secure.gravatar.com\/avatar\/1d8d5118b9327d94da7cd4ce7f17fec2?s=96&d=mm&r=g","contentUrl":"https:\/\/secure.gravatar.com\/avatar\/1d8d5118b9327d94da7cd4ce7f17fec2?s=96&d=mm&r=g","caption":"CK"},"sameAs":["https:\/\/www.nettali.com"]}]}},"_links":{"self":[{"href":"https:\/\/www.nettali.com\/rest\/wp\/v2\/posts\/140567"}],"collection":[{"href":"https:\/\/www.nettali.com\/rest\/wp\/v2\/posts"}],"about":[{"href":"https:\/\/www.nettali.com\/rest\/wp\/v2\/types\/post"}],"author":[{"embeddable":true,"href":"https:\/\/www.nettali.com\/rest\/wp\/v2\/users\/2"}],"replies":[{"embeddable":true,"href":"https:\/\/www.nettali.com\/rest\/wp\/v2\/comments?post=140567"}],"version-history":[{"count":1,"href":"https:\/\/www.nettali.com\/rest\/wp\/v2\/posts\/140567\/revisions"}],"predecessor-version":[{"id":140568,"href":"https:\/\/www.nettali.com\/rest\/wp\/v2\/posts\/140567\/revisions\/140568"}],"wp:featuredmedia":[{"embeddable":true,"href":"https:\/\/www.nettali.com\/rest\/wp\/v2\/media\/139654"}],"wp:attachment":[{"href":"https:\/\/www.nettali.com\/rest\/wp\/v2\/media?parent=140567"}],"wp:term":[{"taxonomy":"category","embeddable":true,"href":"https:\/\/www.nettali.com\/rest\/wp\/v2\/categories?post=140567"},{"taxonomy":"post_tag","embeddable":true,"href":"https:\/\/www.nettali.com\/rest\/wp\/v2\/tags?post=140567"}],"curies":[{"name":"wp","href":"https:\/\/api.w.org\/{rel}","templated":true}]}}