{"id":140487,"date":"2024-09-18T23:29:50","date_gmt":"2024-09-18T23:29:50","guid":{"rendered":"https:\/\/www.nettali.com\/?p=140487"},"modified":"2024-09-18T23:31:28","modified_gmt":"2024-09-18T23:31:28","slug":"restructuration-des-entreprises-publiques-et-parapubliques-ousmane-sonko-demande-la-redynamisation-du-comite-interministeriel-afin-daccelerer-le-processus","status":"publish","type":"post","link":"https:\/\/www.nettali.com\/2024\/09\/18\/restructuration-des-entreprises-publiques-et-parapubliques-ousmane-sonko-demande-la-redynamisation-du-comite-interministeriel-afin-daccelerer-le-processus\/","title":{"rendered":"RESTRUCTURATION DES ENTREPRISES PUBLIQUES ET PARAPUBLIQUES - Ousmane Sonko demande la redynamisation du Comit\u00e9 interminist\u00e9riel afin d\u2019acc\u00e9l\u00e9rer le processus"},"content":{"rendered":"<p><strong>NETTALI.COM - La question de la restructuration des entreprises publiques et parapubliques en difficult\u00e9, pr\u00e9occupe le Premier ministre. En vue d\u2019acc\u00e9l\u00e9rer le traitement de ces dossiers, ce dernier a jug\u00e9 n\u00e9cessaire la redynamisation du Comit\u00e9 interminist\u00e9riel de Suivi institu\u00e9 \u00e0 la Primature.<\/strong><\/p>\n<p>En Conseil des ministres ce mercredi 18 septembre 2024, Ousmane Sonko \u00a0a abord\u00e9 la question lancinante de la restructuration prolong\u00e9e des entreprises publiques et parapubliques en difficult\u00e9. Il a dans cette logique demand\u00e9 au ministre des Finances et du Budget, en relation avec le Ministre Secr\u00e9taire g\u00e9n\u00e9ral du Gouvernement, de prendre les dispositions idoines en vue d\u2019assurer le fonctionnement r\u00e9gulier dudit Comit\u00e9.<\/p>\n<p>Toujours dans sa communication, le Premier Ministre a pr\u00e9sent\u00e9 au Conseil, l\u2019agenda de validation du nouveau R\u00e9f\u00e9rentiel des politiques \u00e9conomiques sociales 2025-2050 et de ses d\u00e9clinaisons en un Master Plan 2025-2034 et un Plan quinquennal 2025-2029.<\/p>\n<p>\u00c0 cet \u00e9gard, il a rappel\u00e9 les diff\u00e9rentes \u00e9tapes du processus d\u2019\u00e9laboration du R\u00e9f\u00e9rentiel, en mettant en exergue les concertations men\u00e9es notamment avec le secteur priv\u00e9 et la soci\u00e9t\u00e9 civile pour recueillir leurs avis et commentaires sur les documents \u00e9labor\u00e9s. Ces documents seront soumis au Pr\u00e9sident de la R\u00e9publique en vue de leur adoption et publication.<\/p>\n<p>Ousmane Sonko a aussi \u00e9voqu\u00e9 les d\u00e9cisions ressorties de la r\u00e9union interminist\u00e9rielle, tenue ce mardi 17 septembre 2024, consacr\u00e9e \u00e0 l\u2019impact du stress hydrique et des crues de cet hivernage sur les cultures, les habitations et les infrastructures notamment routi\u00e8res.<\/p>\n<p>Les d\u00e9cisions majeures prises sont, entre autres, ax\u00e9es sur le recensement exhaustif des exploitations impact\u00e9es et les diligences \u00e0 mettre en \u0153uvre pour faire face au risque d\u2019ins\u00e9curit\u00e9 alimentaire dans les zones affect\u00e9es au niveau de certains d\u00e9partements du pays.<\/p>\n<p>Relativement aux crues, il a \u00e9t\u00e9 notamment retenu l\u2019am\u00e9lioration des dispositifs d\u2019alerte et de riposte ainsi que le renforcement de la coop\u00e9ration inter\u00e9tatique au sein de l\u2019OMVS et de l\u2019OMVG en mati\u00e8re de surveillance hydrologique.<\/p>\n<p>Au regard de la r\u00e9currence du stress hydrique et des crues, le Premier Ministre a inform\u00e9 le Conseil de la mise en place, au sein de la Primature, d\u2019un Comit\u00e9 permanent comprenant toutes les parties prenantes en vue d\u2019assurer les synergies requises et la prise en charge efficace des mesures arr\u00eat\u00e9es.<\/p>\n<div class='share-to-whatsapp-wrapper'><div class='share-on-whsp'>PARTAGER SUR : <\/div><a data-text='RESTRUCTURATION DES ENTREPRISES PUBLIQUES ET PARAPUBLIQUES - Ousmane Sonko demande la redynamisation du Comit\u00e9 interminist\u00e9riel afin d\u2019acc\u00e9l\u00e9rer le processus' data-link='https:\/\/www.nettali.com\/2024\/09\/18\/restructuration-des-entreprises-publiques-et-parapubliques-ousmane-sonko-demande-la-redynamisation-du-comite-interministeriel-afin-daccelerer-le-processus\/' class='whatsapp-button whatsapp-share'>WhatsApp<\/a><div class='clear '><\/div><\/div>","protected":false},"excerpt":{"rendered":"<p>NETTALI.COM - La question de la restructuration des entreprises publiques et parapubliques en difficult\u00e9, pr\u00e9occupe le Premier ministre. En vue d\u2019acc\u00e9l\u00e9rer le traitement de ces dossiers, ce dernier a jug\u00e9 n\u00e9cessaire la redynamisation du Comit\u00e9 interminist\u00e9riel de Suivi institu\u00e9 \u00e0 la Primature. En Conseil des ministres ce mercredi 18 septembre 2024, Ousmane Sonko \u00a0a abord\u00e9 [&hellip;]<\/p>\n","protected":false},"author":6,"featured_media":137877,"comment_status":"open","ping_status":"open","sticky":false,"template":"","format":"standard","meta":{"_et_pb_use_builder":"","_et_pb_old_content":""},"categories":[2],"tags":[],"yoast_head":"<!-- This site is optimized with the Yoast SEO Premium plugin v17.8 (Yoast SEO v17.8) - https:\/\/yoast.com\/wordpress\/plugins\/seo\/ -->\n<title>RESTRUCTURATION DES ENTREPRISES PUBLIQUES ET PARAPUBLIQUES - Ousmane Sonko demande la redynamisation du Comit\u00e9 interminist\u00e9riel afin d\u2019acc\u00e9l\u00e9rer le processus | Nettali.com<\/title>\n<meta name=\"robots\" content=\"index, follow, max-snippet:-1, max-image-preview:large, max-video-preview:-1\" \/>\n<link rel=\"canonical\" href=\"https:\/\/www.nettali.com\/2024\/09\/18\/restructuration-des-entreprises-publiques-et-parapubliques-ousmane-sonko-demande-la-redynamisation-du-comite-interministeriel-afin-daccelerer-le-processus\/\" \/>\n<meta property=\"og:locale\" content=\"fr_FR\" \/>\n<meta property=\"og:type\" content=\"article\" \/>\n<meta property=\"og:title\" content=\"RESTRUCTURATION DES ENTREPRISES PUBLIQUES ET PARAPUBLIQUES - Ousmane Sonko demande la redynamisation du Comit\u00e9 interminist\u00e9riel afin d\u2019acc\u00e9l\u00e9rer le processus\" \/>\n<meta property=\"og:description\" content=\"NETTALI.COM - La question de la restructuration des entreprises publiques et parapubliques en difficult\u00e9, pr\u00e9occupe le Premier ministre. En vue d\u2019acc\u00e9l\u00e9rer le traitement de ces dossiers, ce dernier a jug\u00e9 n\u00e9cessaire la redynamisation du Comit\u00e9 interminist\u00e9riel de Suivi institu\u00e9 \u00e0 la Primature. En Conseil des ministres ce mercredi 18 septembre 2024, Ousmane Sonko \u00a0a abord\u00e9 [&hellip;]\" \/>\n<meta property=\"og:url\" content=\"https:\/\/www.nettali.com\/2024\/09\/18\/restructuration-des-entreprises-publiques-et-parapubliques-ousmane-sonko-demande-la-redynamisation-du-comite-interministeriel-afin-daccelerer-le-processus\/\" \/>\n<meta property=\"og:site_name\" content=\"Nettali.com\" \/>\n<meta property=\"article:publisher\" content=\"https:\/\/www.facebook.com\/nettalicom\" \/>\n<meta property=\"article:published_time\" content=\"2024-09-18T23:29:50+00:00\" \/>\n<meta property=\"article:modified_time\" content=\"2024-09-18T23:31:28+00:00\" \/>\n<meta property=\"og:image\" content=\"https:\/\/www.nettali.com\/wp-content\/uploads\/2024\/07\/SONKO-RS.jpeg\" \/>\n\t<meta property=\"og:image:width\" content=\"225\" \/>\n\t<meta property=\"og:image:height\" content=\"224\" \/>\n<meta name=\"twitter:card\" content=\"summary_large_image\" \/>\n<meta name=\"twitter:label1\" content=\"\u00c9crit par\" \/>\n\t<meta name=\"twitter:data1\" content=\"Fatou\" \/>\n\t<meta name=\"twitter:label2\" content=\"Dur\u00e9e de lecture estim\u00e9e\" \/>\n\t<meta name=\"twitter:data2\" content=\"2 minutes\" \/>\n<script type=\"application\/ld+json\" class=\"yoast-schema-graph\">{\"@context\":\"https:\/\/schema.org\",\"@graph\":[{\"@type\":\"WebSite\",\"@id\":\"https:\/\/www.nettali.com\/#website\",\"url\":\"https:\/\/www.nettali.com\/\",\"name\":\"Nettali.com\",\"description\":\"Le rendez-vous critique du Net\",\"potentialAction\":[{\"@type\":\"SearchAction\",\"target\":{\"@type\":\"EntryPoint\",\"urlTemplate\":\"https:\/\/www.nettali.com\/?s={search_term_string}\"},\"query-input\":\"required name=search_term_string\"}],\"inLanguage\":\"fr-FR\"},{\"@type\":\"ImageObject\",\"@id\":\"https:\/\/www.nettali.com\/2024\/09\/18\/restructuration-des-entreprises-publiques-et-parapubliques-ousmane-sonko-demande-la-redynamisation-du-comite-interministeriel-afin-daccelerer-le-processus\/#primaryimage\",\"inLanguage\":\"fr-FR\",\"url\":\"https:\/\/www.nettali.com\/wp-content\/uploads\/2024\/07\/SONKO-RS.jpeg\",\"contentUrl\":\"https:\/\/www.nettali.com\/wp-content\/uploads\/2024\/07\/SONKO-RS.jpeg\",\"width\":225,\"height\":224},{\"@type\":\"WebPage\",\"@id\":\"https:\/\/www.nettali.com\/2024\/09\/18\/restructuration-des-entreprises-publiques-et-parapubliques-ousmane-sonko-demande-la-redynamisation-du-comite-interministeriel-afin-daccelerer-le-processus\/#webpage\",\"url\":\"https:\/\/www.nettali.com\/2024\/09\/18\/restructuration-des-entreprises-publiques-et-parapubliques-ousmane-sonko-demande-la-redynamisation-du-comite-interministeriel-afin-daccelerer-le-processus\/\",\"name\":\"RESTRUCTURATION DES ENTREPRISES PUBLIQUES ET PARAPUBLIQUES - Ousmane Sonko demande la redynamisation du Comit\\u00e9 interminist\\u00e9riel afin d\\u2019acc\\u00e9l\\u00e9rer le processus | Nettali.com\",\"isPartOf\":{\"@id\":\"https:\/\/www.nettali.com\/#website\"},\"primaryImageOfPage\":{\"@id\":\"https:\/\/www.nettali.com\/2024\/09\/18\/restructuration-des-entreprises-publiques-et-parapubliques-ousmane-sonko-demande-la-redynamisation-du-comite-interministeriel-afin-daccelerer-le-processus\/#primaryimage\"},\"datePublished\":\"2024-09-18T23:29:50+00:00\",\"dateModified\":\"2024-09-18T23:31:28+00:00\",\"author\":{\"@id\":\"https:\/\/www.nettali.com\/#\/schema\/person\/418274a86bdf87caff7a3ef476bd0bbf\"},\"breadcrumb\":{\"@id\":\"https:\/\/www.nettali.com\/2024\/09\/18\/restructuration-des-entreprises-publiques-et-parapubliques-ousmane-sonko-demande-la-redynamisation-du-comite-interministeriel-afin-daccelerer-le-processus\/#breadcrumb\"},\"inLanguage\":\"fr-FR\",\"potentialAction\":[{\"@type\":\"ReadAction\",\"target\":[\"https:\/\/www.nettali.com\/2024\/09\/18\/restructuration-des-entreprises-publiques-et-parapubliques-ousmane-sonko-demande-la-redynamisation-du-comite-interministeriel-afin-daccelerer-le-processus\/\"]}]},{\"@type\":\"BreadcrumbList\",\"@id\":\"https:\/\/www.nettali.com\/2024\/09\/18\/restructuration-des-entreprises-publiques-et-parapubliques-ousmane-sonko-demande-la-redynamisation-du-comite-interministeriel-afin-daccelerer-le-processus\/#breadcrumb\",\"itemListElement\":[{\"@type\":\"ListItem\",\"position\":1,\"name\":\"Accueil\",\"item\":\"https:\/\/www.nettali.com\/\"},{\"@type\":\"ListItem\",\"position\":2,\"name\":\"RESTRUCTURATION DES ENTREPRISES PUBLIQUES ET PARAPUBLIQUES - Ousmane Sonko demande la redynamisation du Comit\\u00e9 interminist\\u00e9riel afin d\\u2019acc\\u00e9l\\u00e9rer le processus\"}]},{\"@type\":\"Person\",\"@id\":\"https:\/\/www.nettali.com\/#\/schema\/person\/418274a86bdf87caff7a3ef476bd0bbf\",\"name\":\"Fatou\",\"image\":{\"@type\":\"ImageObject\",\"@id\":\"https:\/\/www.nettali.com\/#personlogo\",\"inLanguage\":\"fr-FR\",\"url\":\"https:\/\/secure.gravatar.com\/avatar\/5a9442a2bee7b4dcf167cab035858e9a?s=96&d=mm&r=g\",\"contentUrl\":\"https:\/\/secure.gravatar.com\/avatar\/5a9442a2bee7b4dcf167cab035858e9a?s=96&d=mm&r=g\",\"caption\":\"Fatou\"},\"sameAs\":[\"https:\/\/www.nettali.com\"]}]}<\/script>\n<!-- \/ Yoast SEO Premium plugin. -->","yoast_head_json":{"title":"RESTRUCTURATION DES ENTREPRISES PUBLIQUES ET PARAPUBLIQUES - Ousmane Sonko demande la redynamisation du Comit\u00e9 interminist\u00e9riel afin d\u2019acc\u00e9l\u00e9rer le processus | Nettali.com","robots":{"index":"index","follow":"follow","max-snippet":"max-snippet:-1","max-image-preview":"max-image-preview:large","max-video-preview":"max-video-preview:-1"},"canonical":"https:\/\/www.nettali.com\/2024\/09\/18\/restructuration-des-entreprises-publiques-et-parapubliques-ousmane-sonko-demande-la-redynamisation-du-comite-interministeriel-afin-daccelerer-le-processus\/","og_locale":"fr_FR","og_type":"article","og_title":"RESTRUCTURATION DES ENTREPRISES PUBLIQUES ET PARAPUBLIQUES - Ousmane Sonko demande la redynamisation du Comit\u00e9 interminist\u00e9riel afin d\u2019acc\u00e9l\u00e9rer le processus","og_description":"NETTALI.COM - La question de la restructuration des entreprises publiques et parapubliques en difficult\u00e9, pr\u00e9occupe le Premier ministre. En vue d\u2019acc\u00e9l\u00e9rer le traitement de ces dossiers, ce dernier a jug\u00e9 n\u00e9cessaire la redynamisation du Comit\u00e9 interminist\u00e9riel de Suivi institu\u00e9 \u00e0 la Primature. En Conseil des ministres ce mercredi 18 septembre 2024, Ousmane Sonko \u00a0a abord\u00e9 [&hellip;]","og_url":"https:\/\/www.nettali.com\/2024\/09\/18\/restructuration-des-entreprises-publiques-et-parapubliques-ousmane-sonko-demande-la-redynamisation-du-comite-interministeriel-afin-daccelerer-le-processus\/","og_site_name":"Nettali.com","article_publisher":"https:\/\/www.facebook.com\/nettalicom","article_published_time":"2024-09-18T23:29:50+00:00","article_modified_time":"2024-09-18T23:31:28+00:00","og_image":[{"width":225,"height":224,"url":"https:\/\/www.nettali.com\/wp-content\/uploads\/2024\/07\/SONKO-RS.jpeg","type":"image\/jpeg"}],"twitter_card":"summary_large_image","twitter_misc":{"\u00c9crit par":"Fatou","Dur\u00e9e de lecture estim\u00e9e":"2 minutes"},"schema":{"@context":"https:\/\/schema.org","@graph":[{"@type":"WebSite","@id":"https:\/\/www.nettali.com\/#website","url":"https:\/\/www.nettali.com\/","name":"Nettali.com","description":"Le rendez-vous critique du Net","potentialAction":[{"@type":"SearchAction","target":{"@type":"EntryPoint","urlTemplate":"https:\/\/www.nettali.com\/?s={search_term_string}"},"query-input":"required name=search_term_string"}],"inLanguage":"fr-FR"},{"@type":"ImageObject","@id":"https:\/\/www.nettali.com\/2024\/09\/18\/restructuration-des-entreprises-publiques-et-parapubliques-ousmane-sonko-demande-la-redynamisation-du-comite-interministeriel-afin-daccelerer-le-processus\/#primaryimage","inLanguage":"fr-FR","url":"https:\/\/www.nettali.com\/wp-content\/uploads\/2024\/07\/SONKO-RS.jpeg","contentUrl":"https:\/\/www.nettali.com\/wp-content\/uploads\/2024\/07\/SONKO-RS.jpeg","width":225,"height":224},{"@type":"WebPage","@id":"https:\/\/www.nettali.com\/2024\/09\/18\/restructuration-des-entreprises-publiques-et-parapubliques-ousmane-sonko-demande-la-redynamisation-du-comite-interministeriel-afin-daccelerer-le-processus\/#webpage","url":"https:\/\/www.nettali.com\/2024\/09\/18\/restructuration-des-entreprises-publiques-et-parapubliques-ousmane-sonko-demande-la-redynamisation-du-comite-interministeriel-afin-daccelerer-le-processus\/","name":"RESTRUCTURATION DES ENTREPRISES PUBLIQUES ET PARAPUBLIQUES - Ousmane Sonko demande la redynamisation du Comit\u00e9 interminist\u00e9riel afin d\u2019acc\u00e9l\u00e9rer le processus | Nettali.com","isPartOf":{"@id":"https:\/\/www.nettali.com\/#website"},"primaryImageOfPage":{"@id":"https:\/\/www.nettali.com\/2024\/09\/18\/restructuration-des-entreprises-publiques-et-parapubliques-ousmane-sonko-demande-la-redynamisation-du-comite-interministeriel-afin-daccelerer-le-processus\/#primaryimage"},"datePublished":"2024-09-18T23:29:50+00:00","dateModified":"2024-09-18T23:31:28+00:00","author":{"@id":"https:\/\/www.nettali.com\/#\/schema\/person\/418274a86bdf87caff7a3ef476bd0bbf"},"breadcrumb":{"@id":"https:\/\/www.nettali.com\/2024\/09\/18\/restructuration-des-entreprises-publiques-et-parapubliques-ousmane-sonko-demande-la-redynamisation-du-comite-interministeriel-afin-daccelerer-le-processus\/#breadcrumb"},"inLanguage":"fr-FR","potentialAction":[{"@type":"ReadAction","target":["https:\/\/www.nettali.com\/2024\/09\/18\/restructuration-des-entreprises-publiques-et-parapubliques-ousmane-sonko-demande-la-redynamisation-du-comite-interministeriel-afin-daccelerer-le-processus\/"]}]},{"@type":"BreadcrumbList","@id":"https:\/\/www.nettali.com\/2024\/09\/18\/restructuration-des-entreprises-publiques-et-parapubliques-ousmane-sonko-demande-la-redynamisation-du-comite-interministeriel-afin-daccelerer-le-processus\/#breadcrumb","itemListElement":[{"@type":"ListItem","position":1,"name":"Accueil","item":"https:\/\/www.nettali.com\/"},{"@type":"ListItem","position":2,"name":"RESTRUCTURATION DES ENTREPRISES PUBLIQUES ET PARAPUBLIQUES - Ousmane Sonko demande la redynamisation du Comit\u00e9 interminist\u00e9riel afin d\u2019acc\u00e9l\u00e9rer le processus"}]},{"@type":"Person","@id":"https:\/\/www.nettali.com\/#\/schema\/person\/418274a86bdf87caff7a3ef476bd0bbf","name":"Fatou","image":{"@type":"ImageObject","@id":"https:\/\/www.nettali.com\/#personlogo","inLanguage":"fr-FR","url":"https:\/\/secure.gravatar.com\/avatar\/5a9442a2bee7b4dcf167cab035858e9a?s=96&d=mm&r=g","contentUrl":"https:\/\/secure.gravatar.com\/avatar\/5a9442a2bee7b4dcf167cab035858e9a?s=96&d=mm&r=g","caption":"Fatou"},"sameAs":["https:\/\/www.nettali.com"]}]}},"_links":{"self":[{"href":"https:\/\/www.nettali.com\/rest\/wp\/v2\/posts\/140487"}],"collection":[{"href":"https:\/\/www.nettali.com\/rest\/wp\/v2\/posts"}],"about":[{"href":"https:\/\/www.nettali.com\/rest\/wp\/v2\/types\/post"}],"author":[{"embeddable":true,"href":"https:\/\/www.nettali.com\/rest\/wp\/v2\/users\/6"}],"replies":[{"embeddable":true,"href":"https:\/\/www.nettali.com\/rest\/wp\/v2\/comments?post=140487"}],"version-history":[{"count":4,"href":"https:\/\/www.nettali.com\/rest\/wp\/v2\/posts\/140487\/revisions"}],"predecessor-version":[{"id":140499,"href":"https:\/\/www.nettali.com\/rest\/wp\/v2\/posts\/140487\/revisions\/140499"}],"wp:featuredmedia":[{"embeddable":true,"href":"https:\/\/www.nettali.com\/rest\/wp\/v2\/media\/137877"}],"wp:attachment":[{"href":"https:\/\/www.nettali.com\/rest\/wp\/v2\/media?parent=140487"}],"wp:term":[{"taxonomy":"category","embeddable":true,"href":"https:\/\/www.nettali.com\/rest\/wp\/v2\/categories?post=140487"},{"taxonomy":"post_tag","embeddable":true,"href":"https:\/\/www.nettali.com\/rest\/wp\/v2\/tags?post=140487"}],"curies":[{"name":"wp","href":"https:\/\/api.w.org\/{rel}","templated":true}]}}