{"id":140476,"date":"2024-09-18T23:24:56","date_gmt":"2024-09-18T23:24:56","guid":{"rendered":"https:\/\/www.nettali.com\/?p=140476"},"modified":"2024-09-21T08:00:50","modified_gmt":"2024-09-21T08:00:50","slug":"elections-anticipees-du-17-novembre-diomaye-faye-pose-les-premiers-actes","status":"publish","type":"post","link":"https:\/\/www.nettali.com\/2024\/09\/18\/elections-anticipees-du-17-novembre-diomaye-faye-pose-les-premiers-actes\/","title":{"rendered":"\u00c9LECTIONS ANTICIP\u00c9ES DU 17 NOVEMBRE - Diomaye Faye pose les premiers actes"},"content":{"rendered":"<p><strong>NETTALI.COM - Le chef de l'Etat ne veut pas voir les choses tra\u00eener dans l'organisation des \u00e9lections l\u00e9gislatives anticip\u00e9es du 17 novembre 2024. Apr\u00e8s avoir pris deux d\u00e9crets portant convocation du corps \u00e9lectoral et r\u00e9partition des si\u00e8ges des d\u00e9put\u00e9s \u00e0 \u00e9lire au scrutin majoritaire d\u00e9partemental, il a pos\u00e9 d'autres actes en Conseil des ministres.\u00a0<\/strong><\/p>\n<p>Lors du Conseil des ministres de ce mercredi 18 septembre 2024, le pr\u00e9sident de la R\u00e9publique est revenu sur la dissolution de l\u2019Assembl\u00e9e nationale. Une occasion pour Diomaye Faye \"<em> de mettre en relief la n\u00e9cessit\u00e9 d\u2019une meilleure pr\u00e9paration pour une bonne organisation des \u00e9lections l\u00e9gislatives <\/em><em>anticip\u00e9es pr\u00e9vues le dimanche 17 novembre 2024<\/em>\".<\/p>\n<p>Selon le communiqu\u00e9, il a inform\u00e9 le Conseil avoir pris deux d\u00e9crets portant convocation du corps \u00e9lectoral et r\u00e9partition des si\u00e8ges des d\u00e9put\u00e9s \u00e0 \u00e9lire au scrutin majoritaire d\u00e9partemental. \" <em>Il a, d\u00e8s lors, demand\u00e9 au Gouvernement de prendre toutes <\/em><em>les dispositions afin d\u2019assurer la bonne tenue du scrutin pour les \u00e9lecteurs s\u00e9n\u00e9galais \u00e9tablis <\/em><em>sur le territoire national et ceux r\u00e9sidant \u00e0 l\u2019\u00e9tranger\".<\/em><\/p>\n<p>Par ailleurs, renseigne la source, \"<em> le pr\u00e9sident de la R\u00e9publique a invit\u00e9 le Ministre de l\u2019Int\u00e9rieur et de la<\/em> <em>S\u00e9curit\u00e9 publique, en charge des \u00e9lections, \u00e0 engager des concertations avec la Commission <\/em><em>\u00e9lectorale nationale autonome (CENA), les acteurs politiques et les organisations impliqu\u00e9es, <\/em><em>afin de partager toutes les informations techniques, administratives et financi\u00e8res relatives aux <\/em><em>\u00e9lections l\u00e9gislatives anticip\u00e9es du dimanche 17 novembre 2024\".<\/em><\/p>\n<p>D'apr\u00e8s toujours le communiqu\u00e9, Bassirou Diomaye a aussi \" <em>demand\u00e9 au Ministre charg\u00e9 des \u00e9lections de d\u00e9ployer une vaste campagne de communication aupr\u00e8s des acteurs politiques et du public pour pr\u00e9ciser, dans la transparence, les r\u00e8gles d\u2019organisation du scrutin et de d\u00e9roulement de la campagne \u00e9lectorale<\/em>\"<\/p>\n<div class='share-to-whatsapp-wrapper'><div class='share-on-whsp'>PARTAGER SUR : <\/div><a data-text='\u00c9LECTIONS ANTICIP\u00c9ES DU 17 NOVEMBRE - Diomaye Faye pose les premiers actes' data-link='https:\/\/www.nettali.com\/2024\/09\/18\/elections-anticipees-du-17-novembre-diomaye-faye-pose-les-premiers-actes\/' class='whatsapp-button whatsapp-share'>WhatsApp<\/a><div class='clear '><\/div><\/div>","protected":false},"excerpt":{"rendered":"<p>NETTALI.COM - Le chef de l'Etat ne veut pas voir les choses tra\u00eener dans l'organisation des \u00e9lections l\u00e9gislatives anticip\u00e9es du 17 novembre 2024. Apr\u00e8s avoir pris deux d\u00e9crets portant convocation du corps \u00e9lectoral et r\u00e9partition des si\u00e8ges des d\u00e9put\u00e9s \u00e0 \u00e9lire au scrutin majoritaire d\u00e9partemental, il a pos\u00e9 d'autres actes en Conseil des ministres.\u00a0 Lors [&hellip;]<\/p>\n","protected":false},"author":6,"featured_media":140217,"comment_status":"open","ping_status":"open","sticky":false,"template":"","format":"standard","meta":{"_et_pb_use_builder":"","_et_pb_old_content":""},"categories":[2],"tags":[],"yoast_head":"<!-- This site is optimized with the Yoast SEO Premium plugin v17.8 (Yoast SEO v17.8) - https:\/\/yoast.com\/wordpress\/plugins\/seo\/ -->\n<title>\u00c9LECTIONS ANTICIP\u00c9ES DU 17 NOVEMBRE - Diomaye Faye pose les premiers actes | Nettali.com<\/title>\n<meta name=\"robots\" content=\"index, follow, max-snippet:-1, max-image-preview:large, max-video-preview:-1\" \/>\n<link rel=\"canonical\" href=\"https:\/\/www.nettali.com\/2024\/09\/18\/elections-anticipees-du-17-novembre-diomaye-faye-pose-les-premiers-actes\/\" \/>\n<meta property=\"og:locale\" content=\"fr_FR\" \/>\n<meta property=\"og:type\" content=\"article\" \/>\n<meta property=\"og:title\" content=\"\u00c9LECTIONS ANTICIP\u00c9ES DU 17 NOVEMBRE - Diomaye Faye pose les premiers actes\" \/>\n<meta property=\"og:description\" content=\"NETTALI.COM - Le chef de l&#039;Etat ne veut pas voir les choses tra\u00eener dans l&#039;organisation des \u00e9lections l\u00e9gislatives anticip\u00e9es du 17 novembre 2024. Apr\u00e8s avoir pris deux d\u00e9crets portant convocation du corps \u00e9lectoral et r\u00e9partition des si\u00e8ges des d\u00e9put\u00e9s \u00e0 \u00e9lire au scrutin majoritaire d\u00e9partemental, il a pos\u00e9 d&#039;autres actes en Conseil des ministres.\u00a0 Lors [&hellip;]\" \/>\n<meta property=\"og:url\" content=\"https:\/\/www.nettali.com\/2024\/09\/18\/elections-anticipees-du-17-novembre-diomaye-faye-pose-les-premiers-actes\/\" \/>\n<meta property=\"og:site_name\" content=\"Nettali.com\" \/>\n<meta property=\"article:publisher\" content=\"https:\/\/www.facebook.com\/nettalicom\" \/>\n<meta property=\"article:published_time\" content=\"2024-09-18T23:24:56+00:00\" \/>\n<meta property=\"article:modified_time\" content=\"2024-09-21T08:00:50+00:00\" \/>\n<meta property=\"og:image\" content=\"https:\/\/www.nettali.com\/wp-content\/uploads\/2024\/09\/Senegal-Premiers-100-jours-de-Bassirou-Diomaye-Faye.-Que-retenir-_thumbnail.jpg\" \/>\n\t<meta property=\"og:image:width\" content=\"800\" \/>\n\t<meta property=\"og:image:height\" content=\"453\" \/>\n<meta name=\"twitter:card\" content=\"summary_large_image\" \/>\n<meta name=\"twitter:label1\" content=\"\u00c9crit par\" \/>\n\t<meta name=\"twitter:data1\" content=\"Fatou\" \/>\n\t<meta name=\"twitter:label2\" content=\"Dur\u00e9e de lecture estim\u00e9e\" \/>\n\t<meta name=\"twitter:data2\" content=\"2 minutes\" \/>\n<script type=\"application\/ld+json\" class=\"yoast-schema-graph\">{\"@context\":\"https:\/\/schema.org\",\"@graph\":[{\"@type\":\"WebSite\",\"@id\":\"https:\/\/www.nettali.com\/#website\",\"url\":\"https:\/\/www.nettali.com\/\",\"name\":\"Nettali.com\",\"description\":\"Le rendez-vous critique du Net\",\"potentialAction\":[{\"@type\":\"SearchAction\",\"target\":{\"@type\":\"EntryPoint\",\"urlTemplate\":\"https:\/\/www.nettali.com\/?s={search_term_string}\"},\"query-input\":\"required name=search_term_string\"}],\"inLanguage\":\"fr-FR\"},{\"@type\":\"ImageObject\",\"@id\":\"https:\/\/www.nettali.com\/2024\/09\/18\/elections-anticipees-du-17-novembre-diomaye-faye-pose-les-premiers-actes\/#primaryimage\",\"inLanguage\":\"fr-FR\",\"url\":\"https:\/\/www.nettali.com\/wp-content\/uploads\/2024\/09\/Senegal-Premiers-100-jours-de-Bassirou-Diomaye-Faye.-Que-retenir-_thumbnail.jpg\",\"contentUrl\":\"https:\/\/www.nettali.com\/wp-content\/uploads\/2024\/09\/Senegal-Premiers-100-jours-de-Bassirou-Diomaye-Faye.-Que-retenir-_thumbnail.jpg\",\"width\":800,\"height\":453},{\"@type\":\"WebPage\",\"@id\":\"https:\/\/www.nettali.com\/2024\/09\/18\/elections-anticipees-du-17-novembre-diomaye-faye-pose-les-premiers-actes\/#webpage\",\"url\":\"https:\/\/www.nettali.com\/2024\/09\/18\/elections-anticipees-du-17-novembre-diomaye-faye-pose-les-premiers-actes\/\",\"name\":\"\\u00c9LECTIONS ANTICIP\\u00c9ES DU 17 NOVEMBRE - Diomaye Faye pose les premiers actes | Nettali.com\",\"isPartOf\":{\"@id\":\"https:\/\/www.nettali.com\/#website\"},\"primaryImageOfPage\":{\"@id\":\"https:\/\/www.nettali.com\/2024\/09\/18\/elections-anticipees-du-17-novembre-diomaye-faye-pose-les-premiers-actes\/#primaryimage\"},\"datePublished\":\"2024-09-18T23:24:56+00:00\",\"dateModified\":\"2024-09-21T08:00:50+00:00\",\"author\":{\"@id\":\"https:\/\/www.nettali.com\/#\/schema\/person\/418274a86bdf87caff7a3ef476bd0bbf\"},\"breadcrumb\":{\"@id\":\"https:\/\/www.nettali.com\/2024\/09\/18\/elections-anticipees-du-17-novembre-diomaye-faye-pose-les-premiers-actes\/#breadcrumb\"},\"inLanguage\":\"fr-FR\",\"potentialAction\":[{\"@type\":\"ReadAction\",\"target\":[\"https:\/\/www.nettali.com\/2024\/09\/18\/elections-anticipees-du-17-novembre-diomaye-faye-pose-les-premiers-actes\/\"]}]},{\"@type\":\"BreadcrumbList\",\"@id\":\"https:\/\/www.nettali.com\/2024\/09\/18\/elections-anticipees-du-17-novembre-diomaye-faye-pose-les-premiers-actes\/#breadcrumb\",\"itemListElement\":[{\"@type\":\"ListItem\",\"position\":1,\"name\":\"Accueil\",\"item\":\"https:\/\/www.nettali.com\/\"},{\"@type\":\"ListItem\",\"position\":2,\"name\":\"\\u00c9LECTIONS ANTICIP\\u00c9ES DU 17 NOVEMBRE - Diomaye Faye pose les premiers actes\"}]},{\"@type\":\"Person\",\"@id\":\"https:\/\/www.nettali.com\/#\/schema\/person\/418274a86bdf87caff7a3ef476bd0bbf\",\"name\":\"Fatou\",\"image\":{\"@type\":\"ImageObject\",\"@id\":\"https:\/\/www.nettali.com\/#personlogo\",\"inLanguage\":\"fr-FR\",\"url\":\"https:\/\/secure.gravatar.com\/avatar\/5a9442a2bee7b4dcf167cab035858e9a?s=96&d=mm&r=g\",\"contentUrl\":\"https:\/\/secure.gravatar.com\/avatar\/5a9442a2bee7b4dcf167cab035858e9a?s=96&d=mm&r=g\",\"caption\":\"Fatou\"},\"sameAs\":[\"https:\/\/www.nettali.com\"]}]}<\/script>\n<!-- \/ Yoast SEO Premium plugin. -->","yoast_head_json":{"title":"\u00c9LECTIONS ANTICIP\u00c9ES DU 17 NOVEMBRE - Diomaye Faye pose les premiers actes | Nettali.com","robots":{"index":"index","follow":"follow","max-snippet":"max-snippet:-1","max-image-preview":"max-image-preview:large","max-video-preview":"max-video-preview:-1"},"canonical":"https:\/\/www.nettali.com\/2024\/09\/18\/elections-anticipees-du-17-novembre-diomaye-faye-pose-les-premiers-actes\/","og_locale":"fr_FR","og_type":"article","og_title":"\u00c9LECTIONS ANTICIP\u00c9ES DU 17 NOVEMBRE - Diomaye Faye pose les premiers actes","og_description":"NETTALI.COM - Le chef de l'Etat ne veut pas voir les choses tra\u00eener dans l'organisation des \u00e9lections l\u00e9gislatives anticip\u00e9es du 17 novembre 2024. Apr\u00e8s avoir pris deux d\u00e9crets portant convocation du corps \u00e9lectoral et r\u00e9partition des si\u00e8ges des d\u00e9put\u00e9s \u00e0 \u00e9lire au scrutin majoritaire d\u00e9partemental, il a pos\u00e9 d'autres actes en Conseil des ministres.\u00a0 Lors [&hellip;]","og_url":"https:\/\/www.nettali.com\/2024\/09\/18\/elections-anticipees-du-17-novembre-diomaye-faye-pose-les-premiers-actes\/","og_site_name":"Nettali.com","article_publisher":"https:\/\/www.facebook.com\/nettalicom","article_published_time":"2024-09-18T23:24:56+00:00","article_modified_time":"2024-09-21T08:00:50+00:00","og_image":[{"width":800,"height":453,"url":"https:\/\/www.nettali.com\/wp-content\/uploads\/2024\/09\/Senegal-Premiers-100-jours-de-Bassirou-Diomaye-Faye.-Que-retenir-_thumbnail.jpg","type":"image\/jpeg"}],"twitter_card":"summary_large_image","twitter_misc":{"\u00c9crit par":"Fatou","Dur\u00e9e de lecture estim\u00e9e":"2 minutes"},"schema":{"@context":"https:\/\/schema.org","@graph":[{"@type":"WebSite","@id":"https:\/\/www.nettali.com\/#website","url":"https:\/\/www.nettali.com\/","name":"Nettali.com","description":"Le rendez-vous critique du Net","potentialAction":[{"@type":"SearchAction","target":{"@type":"EntryPoint","urlTemplate":"https:\/\/www.nettali.com\/?s={search_term_string}"},"query-input":"required name=search_term_string"}],"inLanguage":"fr-FR"},{"@type":"ImageObject","@id":"https:\/\/www.nettali.com\/2024\/09\/18\/elections-anticipees-du-17-novembre-diomaye-faye-pose-les-premiers-actes\/#primaryimage","inLanguage":"fr-FR","url":"https:\/\/www.nettali.com\/wp-content\/uploads\/2024\/09\/Senegal-Premiers-100-jours-de-Bassirou-Diomaye-Faye.-Que-retenir-_thumbnail.jpg","contentUrl":"https:\/\/www.nettali.com\/wp-content\/uploads\/2024\/09\/Senegal-Premiers-100-jours-de-Bassirou-Diomaye-Faye.-Que-retenir-_thumbnail.jpg","width":800,"height":453},{"@type":"WebPage","@id":"https:\/\/www.nettali.com\/2024\/09\/18\/elections-anticipees-du-17-novembre-diomaye-faye-pose-les-premiers-actes\/#webpage","url":"https:\/\/www.nettali.com\/2024\/09\/18\/elections-anticipees-du-17-novembre-diomaye-faye-pose-les-premiers-actes\/","name":"\u00c9LECTIONS ANTICIP\u00c9ES DU 17 NOVEMBRE - Diomaye Faye pose les premiers actes | Nettali.com","isPartOf":{"@id":"https:\/\/www.nettali.com\/#website"},"primaryImageOfPage":{"@id":"https:\/\/www.nettali.com\/2024\/09\/18\/elections-anticipees-du-17-novembre-diomaye-faye-pose-les-premiers-actes\/#primaryimage"},"datePublished":"2024-09-18T23:24:56+00:00","dateModified":"2024-09-21T08:00:50+00:00","author":{"@id":"https:\/\/www.nettali.com\/#\/schema\/person\/418274a86bdf87caff7a3ef476bd0bbf"},"breadcrumb":{"@id":"https:\/\/www.nettali.com\/2024\/09\/18\/elections-anticipees-du-17-novembre-diomaye-faye-pose-les-premiers-actes\/#breadcrumb"},"inLanguage":"fr-FR","potentialAction":[{"@type":"ReadAction","target":["https:\/\/www.nettali.com\/2024\/09\/18\/elections-anticipees-du-17-novembre-diomaye-faye-pose-les-premiers-actes\/"]}]},{"@type":"BreadcrumbList","@id":"https:\/\/www.nettali.com\/2024\/09\/18\/elections-anticipees-du-17-novembre-diomaye-faye-pose-les-premiers-actes\/#breadcrumb","itemListElement":[{"@type":"ListItem","position":1,"name":"Accueil","item":"https:\/\/www.nettali.com\/"},{"@type":"ListItem","position":2,"name":"\u00c9LECTIONS ANTICIP\u00c9ES DU 17 NOVEMBRE - Diomaye Faye pose les premiers actes"}]},{"@type":"Person","@id":"https:\/\/www.nettali.com\/#\/schema\/person\/418274a86bdf87caff7a3ef476bd0bbf","name":"Fatou","image":{"@type":"ImageObject","@id":"https:\/\/www.nettali.com\/#personlogo","inLanguage":"fr-FR","url":"https:\/\/secure.gravatar.com\/avatar\/5a9442a2bee7b4dcf167cab035858e9a?s=96&d=mm&r=g","contentUrl":"https:\/\/secure.gravatar.com\/avatar\/5a9442a2bee7b4dcf167cab035858e9a?s=96&d=mm&r=g","caption":"Fatou"},"sameAs":["https:\/\/www.nettali.com"]}]}},"_links":{"self":[{"href":"https:\/\/www.nettali.com\/rest\/wp\/v2\/posts\/140476"}],"collection":[{"href":"https:\/\/www.nettali.com\/rest\/wp\/v2\/posts"}],"about":[{"href":"https:\/\/www.nettali.com\/rest\/wp\/v2\/types\/post"}],"author":[{"embeddable":true,"href":"https:\/\/www.nettali.com\/rest\/wp\/v2\/users\/6"}],"replies":[{"embeddable":true,"href":"https:\/\/www.nettali.com\/rest\/wp\/v2\/comments?post=140476"}],"version-history":[{"count":3,"href":"https:\/\/www.nettali.com\/rest\/wp\/v2\/posts\/140476\/revisions"}],"predecessor-version":[{"id":140495,"href":"https:\/\/www.nettali.com\/rest\/wp\/v2\/posts\/140476\/revisions\/140495"}],"wp:featuredmedia":[{"embeddable":true,"href":"https:\/\/www.nettali.com\/rest\/wp\/v2\/media\/140217"}],"wp:attachment":[{"href":"https:\/\/www.nettali.com\/rest\/wp\/v2\/media?parent=140476"}],"wp:term":[{"taxonomy":"category","embeddable":true,"href":"https:\/\/www.nettali.com\/rest\/wp\/v2\/categories?post=140476"},{"taxonomy":"post_tag","embeddable":true,"href":"https:\/\/www.nettali.com\/rest\/wp\/v2\/tags?post=140476"}],"curies":[{"name":"wp","href":"https:\/\/api.w.org\/{rel}","templated":true}]}}