{"id":140473,"date":"2024-09-18T21:07:10","date_gmt":"2024-09-18T21:07:10","guid":{"rendered":"https:\/\/www.nettali.com\/?p=140473"},"modified":"2024-09-18T21:07:23","modified_gmt":"2024-09-18T21:07:23","slug":"nominations-en-conseil-des-ministres-souleymane-teliko-nouveau-directeur-du-cfj","status":"publish","type":"post","link":"https:\/\/www.nettali.com\/2024\/09\/18\/nominations-en-conseil-des-ministres-souleymane-teliko-nouveau-directeur-du-cfj\/","title":{"rendered":"NOMINATIONS EN CONSEIL DES MINISTRES - Souleymane Teliko, nouveau Directeur du CFJ"},"content":{"rendered":"<p><strong>NETTALI.COM- Souleymane T\u00e9liko est le nouveau directeur du Centre de formation judiciaire (CFJ). Le magistrat qui \u00e9tait en disgr\u00e2ce avec l'ancien r\u00e9gime a \u00e9t\u00e9 nomm\u00e9 lors du Conseil des ministres de ce mercredi 18 septembre 2024. D'autres mesures ont \u00e9t\u00e9 prises dont le r\u00e9tablissement du magistrat Mor Ndiaye \u00e0 la t\u00eate de la Direction g\u00e9n\u00e9rale de l\u2019Office national de Recouvrement des Avoirs criminels (ONRAC) o\u00f9 il avait \u00e9t\u00e9 vir\u00e9 en juillet 2023 alors que son mandat \u00e9tait en cours. Voici la totalit\u00e9 des nominations...<\/strong><\/p>\n<p><strong>AU TITRE DE LA PRESIDENCE DE LA REPUBLIQUE :<\/strong><br \/>\n-Monsieur Djim DRAME, Maitre de recherches titulaire \u00e0 l\u2019IFAN est nomm\u00e9 Directeur des Affaires religieuses et de l\u2019Insertion des dipl\u00f4m\u00e9s en langue arabe.<br \/>\n<strong>AU TITRE DU MINISTERE DES FINANCES ET DU BUDGET :<\/strong><br \/>\n-Monsieur Mouhamadou Bamba SIBY, Inspecteur des Imp\u00f4ts et Domaines de classe exceptionnelle, est nomm\u00e9 Pr\u00e9sident de la Cellule nationale de Traitement des Informations financi\u00e8res (CENTIF), en remplacement de Madame Ramatoulaye<br \/>\nGadio AGNE.<\/p>\n<p><strong>AU TITRE DU MINISTRE DE LA JUSTICE :<\/strong><br \/>\n-<strong>Madame A\u00efss\u00e9 Gassama TALL,<\/strong> Magistrat, matricule de solde n\u00b0516 916\/ D, est nomm\u00e9e Directeur g\u00e9n\u00e9ral de la Protection judiciaire et sociale au Minist\u00e8re de la Justice, poste vacant ;<br \/>\n-<strong>Monsieur Souleymane TELIKO<\/strong>, Magistrat, matricule de solde n\u00b0516 912\/Z, est nomm\u00e9 Directeur g\u00e9n\u00e9ral du Centre de Formation judiciaire (CFJ) au Minist\u00e8re de la Justice, en remplacement de Monsieur Mademba GUEYE, appel\u00e9 \u00e0 d\u2019autres fonctions ;<br \/>\n-<strong>Monsieur Mor NDIAYE, Magistrat<\/strong>, matricule de solde n\u00b0616 170\/Q, est nomm\u00e9 Directeur g\u00e9n\u00e9ral de l\u2019Office national de Recouvrement des Avoirs criminels (ONRAC) au Minist\u00e8re de la Justice en remplacement de Monsieur Malick LAMOTTE, appel\u00e9 \u00e0 d\u2019autres fonctions ;<\/p>\n<p><strong>-Monsieur Ibrahima TINE<\/strong>, Ing\u00e9nieur en G\u00e9nie civil, est nomm\u00e9 Directeur des Constructions des Palais de Justice et autres \u00e9difices au Minist\u00e8re de la Justice, en remplacement de Monsieur Mohamed WANE.<\/p>\n<p><strong>AU TITRE DU MINISTERE DE L\u2019INTERIEUR ET DE LA SECURITE PUBLIQUE :<\/strong><br \/>\n-<strong>Madame Mari\u00e8me Pouye ANNE<\/strong>, Administrateur civil, matricule de solde n\u00b0696 392\/G, pr\u00e9c\u00e9demment adjoint au Gouverneur de la R\u00e9gion de Kolda, charg\u00e9 des Affaires administratives, est nomm\u00e9e Pr\u00e9fet du D\u00e9partement de Guinguin\u00e9o, r\u00e9gion de Kaolack, poste vacant ;<br \/>\n-<strong>Monsieur Cheikh SAMB<\/strong>, Administrateur civil principal, matricule de solde n\u00b0616 300\/H, est nomm\u00e9 Secr\u00e9taire g\u00e9n\u00e9ral de l\u2019Agence d\u2019Assistance \u00e0 la S\u00e9curit\u00e9 de Proximit\u00e9, en remplacement de Monsieur Babacar BA, appel\u00e9 \u00e0 d\u2019autres fonctions.<\/p>\n<div class='share-to-whatsapp-wrapper'><div class='share-on-whsp'>PARTAGER SUR : <\/div><a data-text='NOMINATIONS EN CONSEIL DES MINISTRES - Souleymane Teliko, nouveau Directeur du CFJ' data-link='https:\/\/www.nettali.com\/2024\/09\/18\/nominations-en-conseil-des-ministres-souleymane-teliko-nouveau-directeur-du-cfj\/' class='whatsapp-button whatsapp-share'>WhatsApp<\/a><div class='clear '><\/div><\/div>","protected":false},"excerpt":{"rendered":"<p>NETTALI.COM- Souleymane T\u00e9liko est le nouveau directeur du Centre de formation judiciaire (CFJ). Le magistrat qui \u00e9tait en disgr\u00e2ce avec l'ancien r\u00e9gime a \u00e9t\u00e9 nomm\u00e9 lors du Conseil des ministres de ce mercredi 18 septembre 2024. D'autres mesures ont \u00e9t\u00e9 prises dont le r\u00e9tablissement du magistrat Mor Ndiaye \u00e0 la t\u00eate de la Direction g\u00e9n\u00e9rale [&hellip;]<\/p>\n","protected":false},"author":6,"featured_media":5597,"comment_status":"open","ping_status":"open","sticky":false,"template":"","format":"standard","meta":{"_et_pb_use_builder":"","_et_pb_old_content":""},"categories":[2],"tags":[],"yoast_head":"<!-- This site is optimized with the Yoast SEO Premium plugin v17.8 (Yoast SEO v17.8) - https:\/\/yoast.com\/wordpress\/plugins\/seo\/ -->\n<title>NOMINATIONS EN CONSEIL DES MINISTRES - Souleymane Teliko, nouveau Directeur du CFJ | Nettali.com<\/title>\n<meta name=\"robots\" content=\"index, follow, max-snippet:-1, max-image-preview:large, max-video-preview:-1\" \/>\n<link rel=\"canonical\" href=\"https:\/\/www.nettali.com\/2024\/09\/18\/nominations-en-conseil-des-ministres-souleymane-teliko-nouveau-directeur-du-cfj\/\" \/>\n<meta property=\"og:locale\" content=\"fr_FR\" \/>\n<meta property=\"og:type\" content=\"article\" \/>\n<meta property=\"og:title\" content=\"NOMINATIONS EN CONSEIL DES MINISTRES - Souleymane Teliko, nouveau Directeur du CFJ\" \/>\n<meta property=\"og:description\" content=\"NETTALI.COM- Souleymane T\u00e9liko est le nouveau directeur du Centre de formation judiciaire (CFJ). Le magistrat qui \u00e9tait en disgr\u00e2ce avec l&#039;ancien r\u00e9gime a \u00e9t\u00e9 nomm\u00e9 lors du Conseil des ministres de ce mercredi 18 septembre 2024. D&#039;autres mesures ont \u00e9t\u00e9 prises dont le r\u00e9tablissement du magistrat Mor Ndiaye \u00e0 la t\u00eate de la Direction g\u00e9n\u00e9rale [&hellip;]\" \/>\n<meta property=\"og:url\" content=\"https:\/\/www.nettali.com\/2024\/09\/18\/nominations-en-conseil-des-ministres-souleymane-teliko-nouveau-directeur-du-cfj\/\" \/>\n<meta property=\"og:site_name\" content=\"Nettali.com\" \/>\n<meta property=\"article:publisher\" content=\"https:\/\/www.facebook.com\/nettalicom\" \/>\n<meta property=\"article:published_time\" content=\"2024-09-18T21:07:10+00:00\" \/>\n<meta property=\"article:modified_time\" content=\"2024-09-18T21:07:23+00:00\" \/>\n<meta property=\"og:image\" content=\"https:\/\/www.nettali.com\/wp-content\/uploads\/2019\/04\/teliko.jpg\" \/>\n\t<meta property=\"og:image:width\" content=\"291\" \/>\n\t<meta property=\"og:image:height\" content=\"173\" \/>\n<meta name=\"twitter:card\" content=\"summary_large_image\" \/>\n<meta name=\"twitter:label1\" content=\"\u00c9crit par\" \/>\n\t<meta name=\"twitter:data1\" content=\"Fatou\" \/>\n\t<meta name=\"twitter:label2\" content=\"Dur\u00e9e de lecture estim\u00e9e\" \/>\n\t<meta name=\"twitter:data2\" content=\"2 minutes\" \/>\n<script type=\"application\/ld+json\" class=\"yoast-schema-graph\">{\"@context\":\"https:\/\/schema.org\",\"@graph\":[{\"@type\":\"WebSite\",\"@id\":\"https:\/\/www.nettali.com\/#website\",\"url\":\"https:\/\/www.nettali.com\/\",\"name\":\"Nettali.com\",\"description\":\"Le rendez-vous critique du Net\",\"potentialAction\":[{\"@type\":\"SearchAction\",\"target\":{\"@type\":\"EntryPoint\",\"urlTemplate\":\"https:\/\/www.nettali.com\/?s={search_term_string}\"},\"query-input\":\"required name=search_term_string\"}],\"inLanguage\":\"fr-FR\"},{\"@type\":\"ImageObject\",\"@id\":\"https:\/\/www.nettali.com\/2024\/09\/18\/nominations-en-conseil-des-ministres-souleymane-teliko-nouveau-directeur-du-cfj\/#primaryimage\",\"inLanguage\":\"fr-FR\",\"url\":\"https:\/\/www.nettali.com\/wp-content\/uploads\/2019\/04\/teliko.jpg\",\"contentUrl\":\"https:\/\/www.nettali.com\/wp-content\/uploads\/2019\/04\/teliko.jpg\",\"width\":291,\"height\":173},{\"@type\":\"WebPage\",\"@id\":\"https:\/\/www.nettali.com\/2024\/09\/18\/nominations-en-conseil-des-ministres-souleymane-teliko-nouveau-directeur-du-cfj\/#webpage\",\"url\":\"https:\/\/www.nettali.com\/2024\/09\/18\/nominations-en-conseil-des-ministres-souleymane-teliko-nouveau-directeur-du-cfj\/\",\"name\":\"NOMINATIONS EN CONSEIL DES MINISTRES - Souleymane Teliko, nouveau Directeur du CFJ | Nettali.com\",\"isPartOf\":{\"@id\":\"https:\/\/www.nettali.com\/#website\"},\"primaryImageOfPage\":{\"@id\":\"https:\/\/www.nettali.com\/2024\/09\/18\/nominations-en-conseil-des-ministres-souleymane-teliko-nouveau-directeur-du-cfj\/#primaryimage\"},\"datePublished\":\"2024-09-18T21:07:10+00:00\",\"dateModified\":\"2024-09-18T21:07:23+00:00\",\"author\":{\"@id\":\"https:\/\/www.nettali.com\/#\/schema\/person\/418274a86bdf87caff7a3ef476bd0bbf\"},\"breadcrumb\":{\"@id\":\"https:\/\/www.nettali.com\/2024\/09\/18\/nominations-en-conseil-des-ministres-souleymane-teliko-nouveau-directeur-du-cfj\/#breadcrumb\"},\"inLanguage\":\"fr-FR\",\"potentialAction\":[{\"@type\":\"ReadAction\",\"target\":[\"https:\/\/www.nettali.com\/2024\/09\/18\/nominations-en-conseil-des-ministres-souleymane-teliko-nouveau-directeur-du-cfj\/\"]}]},{\"@type\":\"BreadcrumbList\",\"@id\":\"https:\/\/www.nettali.com\/2024\/09\/18\/nominations-en-conseil-des-ministres-souleymane-teliko-nouveau-directeur-du-cfj\/#breadcrumb\",\"itemListElement\":[{\"@type\":\"ListItem\",\"position\":1,\"name\":\"Accueil\",\"item\":\"https:\/\/www.nettali.com\/\"},{\"@type\":\"ListItem\",\"position\":2,\"name\":\"NOMINATIONS EN CONSEIL DES MINISTRES - Souleymane Teliko, nouveau Directeur du CFJ\"}]},{\"@type\":\"Person\",\"@id\":\"https:\/\/www.nettali.com\/#\/schema\/person\/418274a86bdf87caff7a3ef476bd0bbf\",\"name\":\"Fatou\",\"image\":{\"@type\":\"ImageObject\",\"@id\":\"https:\/\/www.nettali.com\/#personlogo\",\"inLanguage\":\"fr-FR\",\"url\":\"https:\/\/secure.gravatar.com\/avatar\/5a9442a2bee7b4dcf167cab035858e9a?s=96&d=mm&r=g\",\"contentUrl\":\"https:\/\/secure.gravatar.com\/avatar\/5a9442a2bee7b4dcf167cab035858e9a?s=96&d=mm&r=g\",\"caption\":\"Fatou\"},\"sameAs\":[\"https:\/\/www.nettali.com\"]}]}<\/script>\n<!-- \/ Yoast SEO Premium plugin. -->","yoast_head_json":{"title":"NOMINATIONS EN CONSEIL DES MINISTRES - Souleymane Teliko, nouveau Directeur du CFJ | Nettali.com","robots":{"index":"index","follow":"follow","max-snippet":"max-snippet:-1","max-image-preview":"max-image-preview:large","max-video-preview":"max-video-preview:-1"},"canonical":"https:\/\/www.nettali.com\/2024\/09\/18\/nominations-en-conseil-des-ministres-souleymane-teliko-nouveau-directeur-du-cfj\/","og_locale":"fr_FR","og_type":"article","og_title":"NOMINATIONS EN CONSEIL DES MINISTRES - Souleymane Teliko, nouveau Directeur du CFJ","og_description":"NETTALI.COM- Souleymane T\u00e9liko est le nouveau directeur du Centre de formation judiciaire (CFJ). Le magistrat qui \u00e9tait en disgr\u00e2ce avec l'ancien r\u00e9gime a \u00e9t\u00e9 nomm\u00e9 lors du Conseil des ministres de ce mercredi 18 septembre 2024. D'autres mesures ont \u00e9t\u00e9 prises dont le r\u00e9tablissement du magistrat Mor Ndiaye \u00e0 la t\u00eate de la Direction g\u00e9n\u00e9rale [&hellip;]","og_url":"https:\/\/www.nettali.com\/2024\/09\/18\/nominations-en-conseil-des-ministres-souleymane-teliko-nouveau-directeur-du-cfj\/","og_site_name":"Nettali.com","article_publisher":"https:\/\/www.facebook.com\/nettalicom","article_published_time":"2024-09-18T21:07:10+00:00","article_modified_time":"2024-09-18T21:07:23+00:00","og_image":[{"width":291,"height":173,"url":"https:\/\/www.nettali.com\/wp-content\/uploads\/2019\/04\/teliko.jpg","type":"image\/jpeg"}],"twitter_card":"summary_large_image","twitter_misc":{"\u00c9crit par":"Fatou","Dur\u00e9e de lecture estim\u00e9e":"2 minutes"},"schema":{"@context":"https:\/\/schema.org","@graph":[{"@type":"WebSite","@id":"https:\/\/www.nettali.com\/#website","url":"https:\/\/www.nettali.com\/","name":"Nettali.com","description":"Le rendez-vous critique du Net","potentialAction":[{"@type":"SearchAction","target":{"@type":"EntryPoint","urlTemplate":"https:\/\/www.nettali.com\/?s={search_term_string}"},"query-input":"required name=search_term_string"}],"inLanguage":"fr-FR"},{"@type":"ImageObject","@id":"https:\/\/www.nettali.com\/2024\/09\/18\/nominations-en-conseil-des-ministres-souleymane-teliko-nouveau-directeur-du-cfj\/#primaryimage","inLanguage":"fr-FR","url":"https:\/\/www.nettali.com\/wp-content\/uploads\/2019\/04\/teliko.jpg","contentUrl":"https:\/\/www.nettali.com\/wp-content\/uploads\/2019\/04\/teliko.jpg","width":291,"height":173},{"@type":"WebPage","@id":"https:\/\/www.nettali.com\/2024\/09\/18\/nominations-en-conseil-des-ministres-souleymane-teliko-nouveau-directeur-du-cfj\/#webpage","url":"https:\/\/www.nettali.com\/2024\/09\/18\/nominations-en-conseil-des-ministres-souleymane-teliko-nouveau-directeur-du-cfj\/","name":"NOMINATIONS EN CONSEIL DES MINISTRES - Souleymane Teliko, nouveau Directeur du CFJ | Nettali.com","isPartOf":{"@id":"https:\/\/www.nettali.com\/#website"},"primaryImageOfPage":{"@id":"https:\/\/www.nettali.com\/2024\/09\/18\/nominations-en-conseil-des-ministres-souleymane-teliko-nouveau-directeur-du-cfj\/#primaryimage"},"datePublished":"2024-09-18T21:07:10+00:00","dateModified":"2024-09-18T21:07:23+00:00","author":{"@id":"https:\/\/www.nettali.com\/#\/schema\/person\/418274a86bdf87caff7a3ef476bd0bbf"},"breadcrumb":{"@id":"https:\/\/www.nettali.com\/2024\/09\/18\/nominations-en-conseil-des-ministres-souleymane-teliko-nouveau-directeur-du-cfj\/#breadcrumb"},"inLanguage":"fr-FR","potentialAction":[{"@type":"ReadAction","target":["https:\/\/www.nettali.com\/2024\/09\/18\/nominations-en-conseil-des-ministres-souleymane-teliko-nouveau-directeur-du-cfj\/"]}]},{"@type":"BreadcrumbList","@id":"https:\/\/www.nettali.com\/2024\/09\/18\/nominations-en-conseil-des-ministres-souleymane-teliko-nouveau-directeur-du-cfj\/#breadcrumb","itemListElement":[{"@type":"ListItem","position":1,"name":"Accueil","item":"https:\/\/www.nettali.com\/"},{"@type":"ListItem","position":2,"name":"NOMINATIONS EN CONSEIL DES MINISTRES - Souleymane Teliko, nouveau Directeur du CFJ"}]},{"@type":"Person","@id":"https:\/\/www.nettali.com\/#\/schema\/person\/418274a86bdf87caff7a3ef476bd0bbf","name":"Fatou","image":{"@type":"ImageObject","@id":"https:\/\/www.nettali.com\/#personlogo","inLanguage":"fr-FR","url":"https:\/\/secure.gravatar.com\/avatar\/5a9442a2bee7b4dcf167cab035858e9a?s=96&d=mm&r=g","contentUrl":"https:\/\/secure.gravatar.com\/avatar\/5a9442a2bee7b4dcf167cab035858e9a?s=96&d=mm&r=g","caption":"Fatou"},"sameAs":["https:\/\/www.nettali.com"]}]}},"_links":{"self":[{"href":"https:\/\/www.nettali.com\/rest\/wp\/v2\/posts\/140473"}],"collection":[{"href":"https:\/\/www.nettali.com\/rest\/wp\/v2\/posts"}],"about":[{"href":"https:\/\/www.nettali.com\/rest\/wp\/v2\/types\/post"}],"author":[{"embeddable":true,"href":"https:\/\/www.nettali.com\/rest\/wp\/v2\/users\/6"}],"replies":[{"embeddable":true,"href":"https:\/\/www.nettali.com\/rest\/wp\/v2\/comments?post=140473"}],"version-history":[{"count":5,"href":"https:\/\/www.nettali.com\/rest\/wp\/v2\/posts\/140473\/revisions"}],"predecessor-version":[{"id":140483,"href":"https:\/\/www.nettali.com\/rest\/wp\/v2\/posts\/140473\/revisions\/140483"}],"wp:featuredmedia":[{"embeddable":true,"href":"https:\/\/www.nettali.com\/rest\/wp\/v2\/media\/5597"}],"wp:attachment":[{"href":"https:\/\/www.nettali.com\/rest\/wp\/v2\/media?parent=140473"}],"wp:term":[{"taxonomy":"category","embeddable":true,"href":"https:\/\/www.nettali.com\/rest\/wp\/v2\/categories?post=140473"},{"taxonomy":"post_tag","embeddable":true,"href":"https:\/\/www.nettali.com\/rest\/wp\/v2\/tags?post=140473"}],"curies":[{"name":"wp","href":"https:\/\/api.w.org\/{rel}","templated":true}]}}