{"id":140435,"date":"2024-09-18T08:59:05","date_gmt":"2024-09-18T08:59:05","guid":{"rendered":"https:\/\/www.nettali.com\/?p=140435"},"modified":"2024-09-18T08:59:05","modified_gmt":"2024-09-18T08:59:05","slug":"la-falsification-politicienne-du-rapport-du-fmi","status":"publish","type":"post","link":"https:\/\/www.nettali.com\/2024\/09\/18\/la-falsification-politicienne-du-rapport-du-fmi\/","title":{"rendered":"La falsification politicienne du rapport du FMI"},"content":{"rendered":"<div class=\"page\" title=\"Page 8\">\n<div class=\"layoutArea\">\n<div class=\"column\">\n<p><strong>CONTRIBUTION -<\/strong> Sous nos latitudes, les politiques en charge de la conduite du destin des populations pre\u0301fe\u0300rent se boucher les oreilles pour ne pas entendre les critiques intelligentes, dont les auteurs n\u2019ont aucun autre souci, que d\u2019aider les pouvoirs publics a\u0300 trouver les meilleures solutions pour mieux faire face aux aspirations des peuples et a\u0300 prendre en charge leurs besoins.<\/p>\n<p>A la suite de la dernie\u0300re visite de responsables du Fonds Mone\u0301taire International (FMI), venus e\u0301valuer la situation e\u0301conomique du pays, apre\u0300s trois mois d\u2019exercice ouvert depuis le 2 avril 2024, certains responsables politiques n\u2019ayant peut-e\u0302tre pas ou mal lu le rapport de la de\u0301le\u0301gation du FMI, ont imme\u0301diatement re\u0301agi, pour conclure, avec une terrifiante le\u0301ge\u0300rete\u0301, que les constats d\u2019e\u0301chec note\u0301s par le FMI, re\u0301sultent des avatars de la \u201cgestion catastrophique\u201d du re\u0301gime sortant.<\/p>\n<p>Certains parmi eux, manquant notablement de since\u0301rite\u0301 dans \u201cl\u2019analyse\u201d, ou bien faisant preuve d\u2019une ignorance surprenante des re\u0300gles ope\u0301rationnelles sur la pratique des finances publiques, c\u2019est, selon les cas, se sont lance\u0301s dans une appre\u0301ciation hasardeuse sur les conclusions de la mission du FMI.<\/p>\n<p>On rappelle que les rapports du FMI produits sur la situation e\u0301conomique d\u2019un pays, se lisent et se comprennent, a\u0300 la fois dans une perspective diachronique et synchronique. Certains se sont lourdement trompe\u0301s, en pre\u0301tendant que les remarques faites par le FMI sur notre e\u0301conomie, sont le fruit de \u201cla gouvernance de\u0301sastreuse\u201d de Macky Sall.<\/p>\n<\/div>\n<div class=\"column\">\n<p>Faux et archi faux ! Les plus ze\u0301le\u0301s d\u2019entre ces de\u0301fenseurs de l\u2019actuelle e\u0301quipe au pouvoir, en sont arrive\u0301s a\u0300 des conclusions sentencieuses, en oubliant d\u2019ope\u0301rer une articulation entre les deux de\u0301marches dont nous avons parle\u0301es tanto\u0302t : diachronique et synchronique. Cela aurait permis d\u2019aboutir a\u0300 un meilleur e\u0301clairage sur le sujet qu\u2019ils ont imprudemment aborde\u0301.<\/p>\n<p>Pourquoi, s\u2019e\u0302tre abstenus de prendre en compte l\u2019avant dernier rapport produit et publie\u0301 sur l\u2019e\u0301tat de l\u2019e\u0301conomie nationale au mois de juin dernier, qui a e\u0301te\u0301 l\u2019\u0153uvre de la me\u0302me de\u0301le\u0301gation du FMI ? Cet exercice intellectuel simple aurait aise\u0301ment permis de savoir que la posture affiche\u0301e, en appre\u0301ciant le rapport du mois de septembre, est inapproprie\u0301e. Comme sont fausses e\u0301galement les conclusions e\u0301mises.<\/p>\n<p>Sous ce rapport, il me plai\u0302t de citer le chroniqueur Mamadou Sy Tounkara qui rele\u0300ve, avec pertinence, dans une tribune libre publie\u0301e sur le site d\u2019actualite\u0301s Seneweb : \u201cRe\u0301agissant sur la re\u0301cession e\u0301conomique du Se\u0301ne\u0301gal constate\u0301e par le Fonds mone\u0301taire international lors de sa mission du 05 au 12 septembre 2024, madame Aminata Toure\u0301, Haut-Repre\u0301sentant du pre\u0301sident de la Re\u0301publique, e\u0301crit ceci sur ses re\u0301seaux sociaux. Le dernier rapport de la mission du FMI au Se\u0301ne\u0301gal fait le bilan e\u0301conomique catastrophique des derniers mois de Macky Sall\u201d.<\/p>\n<\/div>\n<div class=\"column\">\n<p>L\u2019auteur ne manque pas d\u2019ajouter que l\u2019ancien Premier ministre de Macky Sall, Aminata Toure\u0301 est alle\u0301e tre\u0300s fort dans ses appre\u0301ciations sentencieuses, sans rapporter la moindre preuve de ce qu\u2019elle avance, encore moins de chiffres cre\u0301dibles pour soutenir ce qu\u2019elle affirme. Nous pensons comme lui, que le FMI dit l\u2019exact contraire de ses affirmations.<\/p>\n<p>Nous revenons volontiers sur les re\u0301sultats du rapport de la mission du Fonds mene\u0301e dans notre pays deux mois plus to\u0302t, c\u2019est-a\u0300-dire du 06 au 19 juin 2024. Le FMI avait conclu : \u201ca\u0300 la suite de la tenue pacifique de l'e\u0301lection pre\u0301sidentielle de mars, les perspectives e\u0301conomiques se sont ame\u0301liore\u0301es. La croissance e\u0301conomique devrait atteindre 7,1 % en 2024 et 10,1 % en 2025, avec une inflation qui devrait diminuer et rester dans la fourchette cible de la BCEAO d'ici la fin de l'anne\u0301e 2025\u201d.<\/p>\n<p>En ve\u0301rite\u0301, les re\u0301sultats obtenus dans le cadre des programmes soutenus par le FMI ont e\u0301te\u0301 globalement satisfaisants malgre\u0301 les tensions politiques qui ont pre\u0301ce\u0301de\u0301 l'e\u0301lection pre\u0301sidentielle et un environnement exte\u0301rieur difficile, avait fait remarquer la de\u0301le\u0301gation du FMI dans son pre\u0301ce\u0301dent rapport.<\/p>\n<div class=\"page\" title=\"Page 8\">\n<div class=\"layoutArea\">\n<div class=\"column\">\n<p>Rapport dans lequel il faisait valoir que : \u201cT<em>ous les crite\u0300res de performance pour la fin de\u0301cembre 2023 ont e\u0301te\u0301 respecte\u0301s. Tous les objectifs indicatifs ont e\u0301te\u0301 atteints a\u0300 l\u2019exception d\u2019un. En outre, des progre\u0300s ont e\u0301te\u0301 accomplis en matie\u0300re de re\u0301formes structurelles. Trois des six repe\u0300res structurels pour la deuxie\u0300me revue du programme MEC\/FEC ayant de\u0301ja\u0300 e\u0301te\u0301 remplis<\/em>\u201d.<\/p>\n<p>Je me demande : quelles sources, une intervenante dans le de\u0301bat comme Aminata Toure\u0301 a pu consulter, pour faire les accusations aussi fausses que celles qu\u2019elle a pu en sortir a\u0300 la suite de la visite de la de\u0301le\u0301gation du FMI ? Je suis tente\u0301 de dire qu\u2019elle n\u2019en a consulte\u0301 aucune. Elle s\u2019est, sans aucun doute, appuye\u0301e sur sa seule volonte\u0301 le\u0301gitime, de de\u0301fendre et de justifier son appartenance nouvelle a\u0300 la mouvance pre\u0301sidentielle.<\/p>\n<p>Il faut bien justifier, je crois, son retour au pouvoir a\u0300 travers sa nouvelle fonction de l'envoye\u0301e spe\u0301ciale du pre\u0301sident Bassirou Diomaye Faye, qu\u2019elle avait aussi assume\u0301e sous Macky Sall. Comment ne pas admettre cette ve\u0301rite\u0301 de Lapalisse pourtant longtemps re\u0301ve\u0301le\u0301e par le FMI.<\/p>\n<p>En juin, l'institution financie\u0300re internationale indiquait bien que Tous les voyants e\u0301conomiques e\u0301taient au vert au mois de juin. Comme l\u2019e\u0301crit Mamadou Sy Tounkara dans sa tribune : \u201c(...). On peut ainsi souligner avec emphase que : \u201c<em>si tout s\u2019est de\u0301te\u0301riore\u0301 en seulement deux mois<\/em>\u201d, il faut regarder du co\u0302te\u0301 de la gestion des actuels dirigeants.<\/p>\n<p>Je signale qu\u2019\u201d<em>il n\u2019y aurait ni tableau de bord, ni investissement, ni strate\u0301gies, ni animation, ni incitation, ni stimulation e\u0301conomique dans notre pays depuis six mois<\/em>\u201d.<\/p>\n<p>On peut ajouter, pour mettre davantage a\u0300 nu les alle\u0301gations de certains citoyens et responsables politiques qui, a\u0300 l\u2019image de l\u2019ancien Premier ministre, retiennent la faute de Macky Sall, comme justification, se trompent. Comme l\u2019indique le chroniqueur qui indique que : \u201c(<em>...) au contraire, des circulaires du chef du Gouvernement ont suspendu les marche\u0301s publics, les constructions, les ope\u0301rations domaniales, les conventions, les recrutements, les CDD, les se\u0301mi- naires, les formations, les missions, les paiements. En plus d\u2019une atmosphe\u0300re d\u2019incertitudes et de menaces qui sapent la confiance des investisseurs et des consommateurs. C\u2019est ce qui e\u0301touffe notre e\u0301conomie et que nous payons ame\u0300rement. Notre e\u0301conomie ne peut faire face a\u0300 cette the\u0301rapie de chocs. Elle fait naufrage en ce moment<\/em>\u201d.<\/p>\n<p>Voici un autre intellectuel qui, au regard de ses e\u0301crits, ne peut, en aucune fac\u0327on, e\u0302tre suspecte\u0301 de sympathie pour l\u2019ancien re\u0301gime, encore moins de connivence avec lui qui, comme pour faire e\u0301cho a\u0300 la critique juste d\u2019un ancien conseiller de Macky Sall, embraye, en se montrant encore davantage plus critique, voire fe\u0301roce.<\/p>\n<p>Arona Omar Kane critique avec ve\u0301he\u0301mence le nouveau re\u0301gime : \u201c(<em>..) Rien n\u2019a change\u0301 dans les pratiques de gabegie de l'administration publique. Pire, avec l\u2019installation des nouvelles e\u0301quipes, une augmentation conside\u0301rable des recrutements est constate\u0301e dans la fonction publique sur les mois de mai et juin 2024. En effet, un recrutement de 1 148 nouveaux agents a e\u0301te\u0301 ope\u0301re\u0301 par les nouvelles autorite\u0301s en deux mois<\/em>\u201d.<\/p>\n<\/div>\n<div class=\"column\">\n<p>Se montrant encore plus acerbe, l\u2019auteur poursuit en indiquant : \u201c<em>La masse salariale mensuelle de la fonction publique a ainsi bondi de 2 milliards de FCFA depuis le mois d\u2019avril 2024, passant de 114,89 milliards de FCFA a\u0300 116,82 milliards de FCFA. Clairement, nous ne sommes pas dans la rationalisation. Au contraire, les de\u0301penses non productives sont en train d\u2019exploser et tout ce qu\u2019on nous avait promis sur la lutte contre le gaspillage s\u2019est ave\u0301re\u0301 inexact dans la re\u0301alite\u0301<\/em>\u201d.<\/p>\n<p>Autre fait inquie\u0301tant, les de\u0301penses d\u2019hospitalisation des agents de l\u2019Etat qui, sous le pre\u0301ce\u0301dent re\u0301gime, plafonnaient en moyenne autour d\u2019un milliard de FCFA par mois, sont brusquement passe\u0301es a\u0300 1,5 milliard de FCFA. Soit +50% d\u2019augmentation des frais d\u2019hospitalisation des fonctionnaires depuis mai 2024, sans que le contexte sanitaire ne le justifie. Parlant de ses frais me\u0301dicaux, j\u2019indiquerai, qu\u2019avec une assurance annuelle de moins de cinq cent millions de prime, tous les membres du gouvernement et d\u2019autres personnalite\u0301s ont e\u0301te\u0301 pris en charge sous Macky Sall.<\/p>\n<p>L\u2019auteur ajoute : \u201c<em>il faudra d\u2019ailleurs ve\u0301rifier si nous ne sommes pas en pre\u0301sence d\u2019un cas de de\u0301tournement de deniers publics, maquille\u0301 dans la prise en charge me\u0301dicale des fonctionnaires. La lumie\u0300re doit e\u0302tre faite sur ce de\u0301rapage des de\u0301penses de sante\u0301 de la fonction publique et sur d'e\u0301ventuels postes de de\u0301penses sur lesquels une telle augmentation inopine\u0301e pourrait e\u0302tre releve\u0301e<\/em>\u201d.<\/p>\n<p>Pour finir, M Kane dit, comme pour enfoncer le clou dans le cercueil de la nouvelle gouvernance et sur celui la rupture, de\u0301clare\u0301e urbi et orbi : \u201c(<em>...) qu\u2019en de\u0301pit des bonnes intentions, de la vision et des discours volontaristes, l\u2019examen des faits et des chiffres montre que le Projet est parti pour e\u0302tre un e\u0301chec, si rien n\u2019est fait pour modifier rapidement la trajectoire enclenche\u0301e. Non seulement, les tares des anciens re\u0301gimes, qu\u2019il est cense\u0301 e\u0301radiquer, sont toujours la\u0300 et encore plus re\u0301silientes mais, surtout, ce nouveau gouvernement, par son orientation budge\u0301taire, ne se donne pas les moyens de re\u0301ussir la transformation de l\u2019e\u0301conomie et des institutions qu\u2019il s\u2019est fixe\u0301e comme objectif. Le re\u0301veil pourrait e\u0302tre brutal a\u0300 l\u2019heure des comptes et le risque politique non ne\u0301gligeable<\/em>\u201d.<\/p>\n<p>Cette conclusion, a\u0300 elle seule, de\u0301molit la the\u0300se principale de tous ceux qui seraient tente\u0301s de jeter la faute sur Macky Sall, en analysant l\u2019e\u0301tat de l\u2019e\u0301conomie nationale au premier trimestre de l\u2019anne\u0301e en cours. Ceux-la\u0300 devraient tous se montrer justes avec lui et avec ce peuple, en laissant tranquille le re\u0301gime sortant. La recherche effre\u0301ne\u0301e dont font montre certains, en essayant de trouver des coupables, de\u0301signe\u0301s autres que le pre\u0301sident Bassirou Diomaye Diakhar Faye et son Premier ministre Ousmane Sonko, n\u2019est ni juste, ni re\u0301aliste. Et encore moins recevable.<\/p>\n<p><strong>PAR ABDOU LATIF COULIBALY<\/strong><\/p>\n<\/div>\n<\/div>\n<\/div>\n<\/div>\n<\/div>\n<\/div>\n<div class='share-to-whatsapp-wrapper'><div class='share-on-whsp'>PARTAGER SUR : <\/div><a data-text='La falsification politicienne du rapport du FMI' data-link='https:\/\/www.nettali.com\/2024\/09\/18\/la-falsification-politicienne-du-rapport-du-fmi\/' class='whatsapp-button whatsapp-share'>WhatsApp<\/a><div class='clear '><\/div><\/div>","protected":false},"excerpt":{"rendered":"<p>CONTRIBUTION - Sous nos latitudes, les politiques en charge de la conduite du destin des populations pre\u0301fe\u0300rent se boucher les oreilles pour ne pas entendre les critiques intelligentes, dont les auteurs n\u2019ont aucun autre souci, que d\u2019aider les pouvoirs publics a\u0300 trouver les meilleures solutions pour mieux faire face aux aspirations des peuples et a\u0300 [&hellip;]<\/p>\n","protected":false},"author":2,"featured_media":140436,"comment_status":"open","ping_status":"open","sticky":false,"template":"","format":"standard","meta":{"_et_pb_use_builder":"","_et_pb_old_content":""},"categories":[2],"tags":[],"yoast_head":"<!-- This site is optimized with the Yoast SEO Premium plugin v17.8 (Yoast SEO v17.8) - https:\/\/yoast.com\/wordpress\/plugins\/seo\/ -->\n<title>La falsification politicienne du rapport du FMI | Nettali.com<\/title>\n<meta name=\"robots\" content=\"index, follow, max-snippet:-1, max-image-preview:large, max-video-preview:-1\" \/>\n<link rel=\"canonical\" href=\"https:\/\/www.nettali.com\/2024\/09\/18\/la-falsification-politicienne-du-rapport-du-fmi\/\" \/>\n<meta property=\"og:locale\" content=\"fr_FR\" \/>\n<meta property=\"og:type\" content=\"article\" \/>\n<meta property=\"og:title\" content=\"La falsification politicienne du rapport du FMI\" \/>\n<meta property=\"og:description\" content=\"CONTRIBUTION - Sous nos latitudes, les politiques en charge de la conduite du destin des populations pre\u0301fe\u0300rent se boucher les oreilles pour ne pas entendre les critiques intelligentes, dont les auteurs n\u2019ont aucun autre souci, que d\u2019aider les pouvoirs publics a\u0300 trouver les meilleures solutions pour mieux faire face aux aspirations des peuples et a\u0300 [&hellip;]\" \/>\n<meta property=\"og:url\" content=\"https:\/\/www.nettali.com\/2024\/09\/18\/la-falsification-politicienne-du-rapport-du-fmi\/\" \/>\n<meta property=\"og:site_name\" content=\"Nettali.com\" \/>\n<meta property=\"article:publisher\" content=\"https:\/\/www.facebook.com\/nettalicom\" \/>\n<meta property=\"article:published_time\" content=\"2024-09-18T08:59:05+00:00\" \/>\n<meta property=\"og:image\" content=\"https:\/\/www.nettali.com\/wp-content\/uploads\/2024\/09\/81699290-58802895.jpg\" \/>\n\t<meta property=\"og:image:width\" content=\"755\" \/>\n\t<meta property=\"og:image:height\" content=\"449\" \/>\n<meta name=\"twitter:card\" content=\"summary_large_image\" \/>\n<meta name=\"twitter:label1\" content=\"\u00c9crit par\" \/>\n\t<meta name=\"twitter:data1\" content=\"CK\" \/>\n\t<meta name=\"twitter:label2\" content=\"Dur\u00e9e de lecture estim\u00e9e\" \/>\n\t<meta name=\"twitter:data2\" content=\"8 minutes\" \/>\n<script type=\"application\/ld+json\" class=\"yoast-schema-graph\">{\"@context\":\"https:\/\/schema.org\",\"@graph\":[{\"@type\":\"WebSite\",\"@id\":\"https:\/\/www.nettali.com\/#website\",\"url\":\"https:\/\/www.nettali.com\/\",\"name\":\"Nettali.com\",\"description\":\"Le rendez-vous critique du Net\",\"potentialAction\":[{\"@type\":\"SearchAction\",\"target\":{\"@type\":\"EntryPoint\",\"urlTemplate\":\"https:\/\/www.nettali.com\/?s={search_term_string}\"},\"query-input\":\"required name=search_term_string\"}],\"inLanguage\":\"fr-FR\"},{\"@type\":\"ImageObject\",\"@id\":\"https:\/\/www.nettali.com\/2024\/09\/18\/la-falsification-politicienne-du-rapport-du-fmi\/#primaryimage\",\"inLanguage\":\"fr-FR\",\"url\":\"https:\/\/www.nettali.com\/wp-content\/uploads\/2024\/09\/81699290-58802895.jpg\",\"contentUrl\":\"https:\/\/www.nettali.com\/wp-content\/uploads\/2024\/09\/81699290-58802895.jpg\",\"width\":755,\"height\":449},{\"@type\":\"WebPage\",\"@id\":\"https:\/\/www.nettali.com\/2024\/09\/18\/la-falsification-politicienne-du-rapport-du-fmi\/#webpage\",\"url\":\"https:\/\/www.nettali.com\/2024\/09\/18\/la-falsification-politicienne-du-rapport-du-fmi\/\",\"name\":\"La falsification politicienne du rapport du FMI | Nettali.com\",\"isPartOf\":{\"@id\":\"https:\/\/www.nettali.com\/#website\"},\"primaryImageOfPage\":{\"@id\":\"https:\/\/www.nettali.com\/2024\/09\/18\/la-falsification-politicienne-du-rapport-du-fmi\/#primaryimage\"},\"datePublished\":\"2024-09-18T08:59:05+00:00\",\"dateModified\":\"2024-09-18T08:59:05+00:00\",\"author\":{\"@id\":\"https:\/\/www.nettali.com\/#\/schema\/person\/d8ac7b7e27ddad43f1c0d2ef090d7f71\"},\"breadcrumb\":{\"@id\":\"https:\/\/www.nettali.com\/2024\/09\/18\/la-falsification-politicienne-du-rapport-du-fmi\/#breadcrumb\"},\"inLanguage\":\"fr-FR\",\"potentialAction\":[{\"@type\":\"ReadAction\",\"target\":[\"https:\/\/www.nettali.com\/2024\/09\/18\/la-falsification-politicienne-du-rapport-du-fmi\/\"]}]},{\"@type\":\"BreadcrumbList\",\"@id\":\"https:\/\/www.nettali.com\/2024\/09\/18\/la-falsification-politicienne-du-rapport-du-fmi\/#breadcrumb\",\"itemListElement\":[{\"@type\":\"ListItem\",\"position\":1,\"name\":\"Accueil\",\"item\":\"https:\/\/www.nettali.com\/\"},{\"@type\":\"ListItem\",\"position\":2,\"name\":\"La falsification politicienne du rapport du FMI\"}]},{\"@type\":\"Person\",\"@id\":\"https:\/\/www.nettali.com\/#\/schema\/person\/d8ac7b7e27ddad43f1c0d2ef090d7f71\",\"name\":\"CK\",\"image\":{\"@type\":\"ImageObject\",\"@id\":\"https:\/\/www.nettali.com\/#personlogo\",\"inLanguage\":\"fr-FR\",\"url\":\"https:\/\/secure.gravatar.com\/avatar\/1d8d5118b9327d94da7cd4ce7f17fec2?s=96&d=mm&r=g\",\"contentUrl\":\"https:\/\/secure.gravatar.com\/avatar\/1d8d5118b9327d94da7cd4ce7f17fec2?s=96&d=mm&r=g\",\"caption\":\"CK\"},\"sameAs\":[\"https:\/\/www.nettali.com\"]}]}<\/script>\n<!-- \/ Yoast SEO Premium plugin. -->","yoast_head_json":{"title":"La falsification politicienne du rapport du FMI | Nettali.com","robots":{"index":"index","follow":"follow","max-snippet":"max-snippet:-1","max-image-preview":"max-image-preview:large","max-video-preview":"max-video-preview:-1"},"canonical":"https:\/\/www.nettali.com\/2024\/09\/18\/la-falsification-politicienne-du-rapport-du-fmi\/","og_locale":"fr_FR","og_type":"article","og_title":"La falsification politicienne du rapport du FMI","og_description":"CONTRIBUTION - Sous nos latitudes, les politiques en charge de la conduite du destin des populations pre\u0301fe\u0300rent se boucher les oreilles pour ne pas entendre les critiques intelligentes, dont les auteurs n\u2019ont aucun autre souci, que d\u2019aider les pouvoirs publics a\u0300 trouver les meilleures solutions pour mieux faire face aux aspirations des peuples et a\u0300 [&hellip;]","og_url":"https:\/\/www.nettali.com\/2024\/09\/18\/la-falsification-politicienne-du-rapport-du-fmi\/","og_site_name":"Nettali.com","article_publisher":"https:\/\/www.facebook.com\/nettalicom","article_published_time":"2024-09-18T08:59:05+00:00","og_image":[{"width":755,"height":449,"url":"https:\/\/www.nettali.com\/wp-content\/uploads\/2024\/09\/81699290-58802895.jpg","type":"image\/jpeg"}],"twitter_card":"summary_large_image","twitter_misc":{"\u00c9crit par":"CK","Dur\u00e9e de lecture estim\u00e9e":"8 minutes"},"schema":{"@context":"https:\/\/schema.org","@graph":[{"@type":"WebSite","@id":"https:\/\/www.nettali.com\/#website","url":"https:\/\/www.nettali.com\/","name":"Nettali.com","description":"Le rendez-vous critique du Net","potentialAction":[{"@type":"SearchAction","target":{"@type":"EntryPoint","urlTemplate":"https:\/\/www.nettali.com\/?s={search_term_string}"},"query-input":"required name=search_term_string"}],"inLanguage":"fr-FR"},{"@type":"ImageObject","@id":"https:\/\/www.nettali.com\/2024\/09\/18\/la-falsification-politicienne-du-rapport-du-fmi\/#primaryimage","inLanguage":"fr-FR","url":"https:\/\/www.nettali.com\/wp-content\/uploads\/2024\/09\/81699290-58802895.jpg","contentUrl":"https:\/\/www.nettali.com\/wp-content\/uploads\/2024\/09\/81699290-58802895.jpg","width":755,"height":449},{"@type":"WebPage","@id":"https:\/\/www.nettali.com\/2024\/09\/18\/la-falsification-politicienne-du-rapport-du-fmi\/#webpage","url":"https:\/\/www.nettali.com\/2024\/09\/18\/la-falsification-politicienne-du-rapport-du-fmi\/","name":"La falsification politicienne du rapport du FMI | Nettali.com","isPartOf":{"@id":"https:\/\/www.nettali.com\/#website"},"primaryImageOfPage":{"@id":"https:\/\/www.nettali.com\/2024\/09\/18\/la-falsification-politicienne-du-rapport-du-fmi\/#primaryimage"},"datePublished":"2024-09-18T08:59:05+00:00","dateModified":"2024-09-18T08:59:05+00:00","author":{"@id":"https:\/\/www.nettali.com\/#\/schema\/person\/d8ac7b7e27ddad43f1c0d2ef090d7f71"},"breadcrumb":{"@id":"https:\/\/www.nettali.com\/2024\/09\/18\/la-falsification-politicienne-du-rapport-du-fmi\/#breadcrumb"},"inLanguage":"fr-FR","potentialAction":[{"@type":"ReadAction","target":["https:\/\/www.nettali.com\/2024\/09\/18\/la-falsification-politicienne-du-rapport-du-fmi\/"]}]},{"@type":"BreadcrumbList","@id":"https:\/\/www.nettali.com\/2024\/09\/18\/la-falsification-politicienne-du-rapport-du-fmi\/#breadcrumb","itemListElement":[{"@type":"ListItem","position":1,"name":"Accueil","item":"https:\/\/www.nettali.com\/"},{"@type":"ListItem","position":2,"name":"La falsification politicienne du rapport du FMI"}]},{"@type":"Person","@id":"https:\/\/www.nettali.com\/#\/schema\/person\/d8ac7b7e27ddad43f1c0d2ef090d7f71","name":"CK","image":{"@type":"ImageObject","@id":"https:\/\/www.nettali.com\/#personlogo","inLanguage":"fr-FR","url":"https:\/\/secure.gravatar.com\/avatar\/1d8d5118b9327d94da7cd4ce7f17fec2?s=96&d=mm&r=g","contentUrl":"https:\/\/secure.gravatar.com\/avatar\/1d8d5118b9327d94da7cd4ce7f17fec2?s=96&d=mm&r=g","caption":"CK"},"sameAs":["https:\/\/www.nettali.com"]}]}},"_links":{"self":[{"href":"https:\/\/www.nettali.com\/rest\/wp\/v2\/posts\/140435"}],"collection":[{"href":"https:\/\/www.nettali.com\/rest\/wp\/v2\/posts"}],"about":[{"href":"https:\/\/www.nettali.com\/rest\/wp\/v2\/types\/post"}],"author":[{"embeddable":true,"href":"https:\/\/www.nettali.com\/rest\/wp\/v2\/users\/2"}],"replies":[{"embeddable":true,"href":"https:\/\/www.nettali.com\/rest\/wp\/v2\/comments?post=140435"}],"version-history":[{"count":1,"href":"https:\/\/www.nettali.com\/rest\/wp\/v2\/posts\/140435\/revisions"}],"predecessor-version":[{"id":140437,"href":"https:\/\/www.nettali.com\/rest\/wp\/v2\/posts\/140435\/revisions\/140437"}],"wp:featuredmedia":[{"embeddable":true,"href":"https:\/\/www.nettali.com\/rest\/wp\/v2\/media\/140436"}],"wp:attachment":[{"href":"https:\/\/www.nettali.com\/rest\/wp\/v2\/media?parent=140435"}],"wp:term":[{"taxonomy":"category","embeddable":true,"href":"https:\/\/www.nettali.com\/rest\/wp\/v2\/categories?post=140435"},{"taxonomy":"post_tag","embeddable":true,"href":"https:\/\/www.nettali.com\/rest\/wp\/v2\/tags?post=140435"}],"curies":[{"name":"wp","href":"https:\/\/api.w.org\/{rel}","templated":true}]}}