{"id":140249,"date":"2024-09-14T00:49:36","date_gmt":"2024-09-14T00:49:36","guid":{"rendered":"https:\/\/www.nettali.com\/?p=140249"},"modified":"2024-09-14T00:51:28","modified_gmt":"2024-09-14T00:51:28","slug":"dissolution-de-lassemblee-amadou-mame-diop-prend-acte","status":"publish","type":"post","link":"https:\/\/www.nettali.com\/2024\/09\/14\/dissolution-de-lassemblee-amadou-mame-diop-prend-acte\/","title":{"rendered":"DISSOLUTION DE L'ASSEMBLEE - Amadou Mame Diop prend acte"},"content":{"rendered":"<p><strong>NETTALI.COM - Pr\u00e9sident de l'Assembl\u00e9e nationale depuis septembre 2022, Amadou Mame Diop dit prendre acte de la dissolution d\u00e9cid\u00e9e par le Pr\u00e9sident Bassirou Diomaye Faye. Dans une d\u00e9claration, il a tenu \u00e0 rendre hommage \u00e0 Macky Sall.\u00a0<\/strong><\/p>\n<p>\"<em>Ce jeudi 12 septembre 2024, le pr\u00e9sident de la R\u00e9publique a prononc\u00e9 la dissolution de l\u2019Assembl\u00e9e nationale. C\u2019est une pr\u00e9rogative du Chef de l\u2019Etat qui en a us\u00e9<\/em>\", \u00e9crit Amadou Mame Diop. Dans sa d\u00e9claration rendue publique ce vendredi, le d\u00e9sormais ex-pr\u00e9sident de l'Assembl\u00e9e nationale ajoute : \"<em>J\u2019en prends acte et rends gr\u00e2ce \u00e0 Dieu, le Tout-Puissant, de m\u2019avoir permis, durant ces deux ann\u00e9es pleines de p\u00e9rip\u00e9ties, de remplir mes fonctions de pr\u00e9sident de l\u2019Assembl\u00e9e nationale avec honneur, engagement et dans la fid\u00e9lit\u00e9 aux valeurs r\u00e9publicaines, morales et d\u00e9mocratiques<\/em>.\"<\/p>\n<p>Amadou Mame Diop remercie alors le peuple s\u00e9n\u00e9galais dont l\u2019Assembl\u00e9e nationale est, selon lui, l\u2019\u00e9manation et assure la repr\u00e9sentation. \"<em>En cet instant singulier, je rends un hommage appuy\u00e9 au Pr\u00e9sident Macky Sall que je n\u2019aurai de cesse de remercier pour sa confiance in\u00e9branlable ainsi qu\u2019aux d\u00e9put\u00e9s de la coalition Benno Bokk Yakaar pour leur loyaut\u00e9. Je veux dire aussi mon respect aux coll\u00e8gues de la quatorzi\u00e8me l\u00e9gislature, quels que soient les bancs sur lesquels ils ont si\u00e9g\u00e9. Ensemble, nous avons form\u00e9 l\u2019Assembl\u00e9e nationale. Individuellement et collectivement, nous avons exerc\u00e9, au nom du peuple, notre part de la souverainet\u00e9 nationale<\/em>\", indique-t-il.<\/p>\n<p>Amadou Mame Diop a aussi eu un mot de remerciement pour l\u2019Administration de l\u2019Assembl\u00e9e nationale et tous les personnels d\u2019appui, \"<em>p\u00e9tris de valeurs de loyaut\u00e9 r\u00e9publicaine et<\/em> <em>d\u2019impartialit\u00e9<\/em>\", mais aussi pour les \"<em>membres d\u00e9vou\u00e9s et discrets de<\/em> (son) c<em>abinet\".<\/em><\/p>\n<p>\"<em>Pharmacien de m\u00e9tier avant d\u2019\u00eatre \u00e9lu maire de la commune si attachante de Richard-Toll et d\u00e9put\u00e9 du d\u00e9partement, charg\u00e9 d\u2019histoire, de Dagana, depuis 2012, je resterai toujours cet \u00e9lu de terrain, engag\u00e9, au quotidien, \u00e0 r\u00e9pondre aux attentes et esp\u00e9rances des populations du Walo et du S\u00e9n\u00e9gal<\/em>\", conclut le d\u00e9sormais ancien pr\u00e9sident de l'Assembl\u00e9e nationale du S\u00e9n\u00e9gal.<\/p>\n<div class='share-to-whatsapp-wrapper'><div class='share-on-whsp'>PARTAGER SUR : <\/div><a data-text='DISSOLUTION DE L'ASSEMBLEE - Amadou Mame Diop prend acte' data-link='https:\/\/www.nettali.com\/2024\/09\/14\/dissolution-de-lassemblee-amadou-mame-diop-prend-acte\/' class='whatsapp-button whatsapp-share'>WhatsApp<\/a><div class='clear '><\/div><\/div>","protected":false},"excerpt":{"rendered":"<p>NETTALI.COM - Pr\u00e9sident de l'Assembl\u00e9e nationale depuis septembre 2022, Amadou Mame Diop dit prendre acte de la dissolution d\u00e9cid\u00e9e par le Pr\u00e9sident Bassirou Diomaye Faye. Dans une d\u00e9claration, il a tenu \u00e0 rendre hommage \u00e0 Macky Sall.\u00a0 \"Ce jeudi 12 septembre 2024, le pr\u00e9sident de la R\u00e9publique a prononc\u00e9 la dissolution de l\u2019Assembl\u00e9e nationale. C\u2019est [&hellip;]<\/p>\n","protected":false},"author":3,"featured_media":140251,"comment_status":"open","ping_status":"open","sticky":false,"template":"","format":"standard","meta":{"_et_pb_use_builder":"","_et_pb_old_content":""},"categories":[2],"tags":[],"yoast_head":"<!-- This site is optimized with the Yoast SEO Premium plugin v17.8 (Yoast SEO v17.8) - https:\/\/yoast.com\/wordpress\/plugins\/seo\/ -->\n<title>DISSOLUTION DE L&#039;ASSEMBLEE - Amadou Mame Diop prend acte | Nettali.com<\/title>\n<meta name=\"robots\" content=\"index, follow, max-snippet:-1, max-image-preview:large, max-video-preview:-1\" \/>\n<link rel=\"canonical\" href=\"https:\/\/www.nettali.com\/2024\/09\/14\/dissolution-de-lassemblee-amadou-mame-diop-prend-acte\/\" \/>\n<meta property=\"og:locale\" content=\"fr_FR\" \/>\n<meta property=\"og:type\" content=\"article\" \/>\n<meta property=\"og:title\" content=\"DISSOLUTION DE L&#039;ASSEMBLEE - Amadou Mame Diop prend acte\" \/>\n<meta property=\"og:description\" content=\"NETTALI.COM - Pr\u00e9sident de l&#039;Assembl\u00e9e nationale depuis septembre 2022, Amadou Mame Diop dit prendre acte de la dissolution d\u00e9cid\u00e9e par le Pr\u00e9sident Bassirou Diomaye Faye. Dans une d\u00e9claration, il a tenu \u00e0 rendre hommage \u00e0 Macky Sall.\u00a0 &quot;Ce jeudi 12 septembre 2024, le pr\u00e9sident de la R\u00e9publique a prononc\u00e9 la dissolution de l\u2019Assembl\u00e9e nationale. C\u2019est [&hellip;]\" \/>\n<meta property=\"og:url\" content=\"https:\/\/www.nettali.com\/2024\/09\/14\/dissolution-de-lassemblee-amadou-mame-diop-prend-acte\/\" \/>\n<meta property=\"og:site_name\" content=\"Nettali.com\" \/>\n<meta property=\"article:publisher\" content=\"https:\/\/www.facebook.com\/nettalicom\" \/>\n<meta property=\"article:published_time\" content=\"2024-09-14T00:49:36+00:00\" \/>\n<meta property=\"article:modified_time\" content=\"2024-09-14T00:51:28+00:00\" \/>\n<meta property=\"og:image\" content=\"https:\/\/www.nettali.com\/wp-content\/uploads\/2024\/09\/82720541-59296175.jpg\" \/>\n\t<meta property=\"og:image:width\" content=\"800\" \/>\n\t<meta property=\"og:image:height\" content=\"600\" \/>\n<meta name=\"twitter:card\" content=\"summary_large_image\" \/>\n<meta name=\"twitter:label1\" content=\"\u00c9crit par\" \/>\n\t<meta name=\"twitter:data1\" content=\"Moustapha\" \/>\n\t<meta name=\"twitter:label2\" content=\"Dur\u00e9e de lecture estim\u00e9e\" \/>\n\t<meta name=\"twitter:data2\" content=\"2 minutes\" \/>\n<script type=\"application\/ld+json\" class=\"yoast-schema-graph\">{\"@context\":\"https:\/\/schema.org\",\"@graph\":[{\"@type\":\"WebSite\",\"@id\":\"https:\/\/www.nettali.com\/#website\",\"url\":\"https:\/\/www.nettali.com\/\",\"name\":\"Nettali.com\",\"description\":\"Le rendez-vous critique du Net\",\"potentialAction\":[{\"@type\":\"SearchAction\",\"target\":{\"@type\":\"EntryPoint\",\"urlTemplate\":\"https:\/\/www.nettali.com\/?s={search_term_string}\"},\"query-input\":\"required name=search_term_string\"}],\"inLanguage\":\"fr-FR\"},{\"@type\":\"ImageObject\",\"@id\":\"https:\/\/www.nettali.com\/2024\/09\/14\/dissolution-de-lassemblee-amadou-mame-diop-prend-acte\/#primaryimage\",\"inLanguage\":\"fr-FR\",\"url\":\"https:\/\/www.nettali.com\/wp-content\/uploads\/2024\/09\/82720541-59296175.jpg\",\"contentUrl\":\"https:\/\/www.nettali.com\/wp-content\/uploads\/2024\/09\/82720541-59296175.jpg\",\"width\":800,\"height\":600},{\"@type\":\"WebPage\",\"@id\":\"https:\/\/www.nettali.com\/2024\/09\/14\/dissolution-de-lassemblee-amadou-mame-diop-prend-acte\/#webpage\",\"url\":\"https:\/\/www.nettali.com\/2024\/09\/14\/dissolution-de-lassemblee-amadou-mame-diop-prend-acte\/\",\"name\":\"DISSOLUTION DE L'ASSEMBLEE - Amadou Mame Diop prend acte | Nettali.com\",\"isPartOf\":{\"@id\":\"https:\/\/www.nettali.com\/#website\"},\"primaryImageOfPage\":{\"@id\":\"https:\/\/www.nettali.com\/2024\/09\/14\/dissolution-de-lassemblee-amadou-mame-diop-prend-acte\/#primaryimage\"},\"datePublished\":\"2024-09-14T00:49:36+00:00\",\"dateModified\":\"2024-09-14T00:51:28+00:00\",\"author\":{\"@id\":\"https:\/\/www.nettali.com\/#\/schema\/person\/7962a12a6e0267f88f0ffa544c36469a\"},\"breadcrumb\":{\"@id\":\"https:\/\/www.nettali.com\/2024\/09\/14\/dissolution-de-lassemblee-amadou-mame-diop-prend-acte\/#breadcrumb\"},\"inLanguage\":\"fr-FR\",\"potentialAction\":[{\"@type\":\"ReadAction\",\"target\":[\"https:\/\/www.nettali.com\/2024\/09\/14\/dissolution-de-lassemblee-amadou-mame-diop-prend-acte\/\"]}]},{\"@type\":\"BreadcrumbList\",\"@id\":\"https:\/\/www.nettali.com\/2024\/09\/14\/dissolution-de-lassemblee-amadou-mame-diop-prend-acte\/#breadcrumb\",\"itemListElement\":[{\"@type\":\"ListItem\",\"position\":1,\"name\":\"Accueil\",\"item\":\"https:\/\/www.nettali.com\/\"},{\"@type\":\"ListItem\",\"position\":2,\"name\":\"DISSOLUTION DE L'ASSEMBLEE - Amadou Mame Diop prend acte\"}]},{\"@type\":\"Person\",\"@id\":\"https:\/\/www.nettali.com\/#\/schema\/person\/7962a12a6e0267f88f0ffa544c36469a\",\"name\":\"Moustapha\",\"image\":{\"@type\":\"ImageObject\",\"@id\":\"https:\/\/www.nettali.com\/#personlogo\",\"inLanguage\":\"fr-FR\",\"url\":\"https:\/\/secure.gravatar.com\/avatar\/10fdf6a071cccdcf374e3dbe45159590?s=96&d=mm&r=g\",\"contentUrl\":\"https:\/\/secure.gravatar.com\/avatar\/10fdf6a071cccdcf374e3dbe45159590?s=96&d=mm&r=g\",\"caption\":\"Moustapha\"},\"sameAs\":[\"https:\/\/www.nettali.com\"]}]}<\/script>\n<!-- \/ Yoast SEO Premium plugin. -->","yoast_head_json":{"title":"DISSOLUTION DE L'ASSEMBLEE - Amadou Mame Diop prend acte | Nettali.com","robots":{"index":"index","follow":"follow","max-snippet":"max-snippet:-1","max-image-preview":"max-image-preview:large","max-video-preview":"max-video-preview:-1"},"canonical":"https:\/\/www.nettali.com\/2024\/09\/14\/dissolution-de-lassemblee-amadou-mame-diop-prend-acte\/","og_locale":"fr_FR","og_type":"article","og_title":"DISSOLUTION DE L'ASSEMBLEE - Amadou Mame Diop prend acte","og_description":"NETTALI.COM - Pr\u00e9sident de l'Assembl\u00e9e nationale depuis septembre 2022, Amadou Mame Diop dit prendre acte de la dissolution d\u00e9cid\u00e9e par le Pr\u00e9sident Bassirou Diomaye Faye. Dans une d\u00e9claration, il a tenu \u00e0 rendre hommage \u00e0 Macky Sall.\u00a0 \"Ce jeudi 12 septembre 2024, le pr\u00e9sident de la R\u00e9publique a prononc\u00e9 la dissolution de l\u2019Assembl\u00e9e nationale. C\u2019est [&hellip;]","og_url":"https:\/\/www.nettali.com\/2024\/09\/14\/dissolution-de-lassemblee-amadou-mame-diop-prend-acte\/","og_site_name":"Nettali.com","article_publisher":"https:\/\/www.facebook.com\/nettalicom","article_published_time":"2024-09-14T00:49:36+00:00","article_modified_time":"2024-09-14T00:51:28+00:00","og_image":[{"width":800,"height":600,"url":"https:\/\/www.nettali.com\/wp-content\/uploads\/2024\/09\/82720541-59296175.jpg","type":"image\/jpeg"}],"twitter_card":"summary_large_image","twitter_misc":{"\u00c9crit par":"Moustapha","Dur\u00e9e de lecture estim\u00e9e":"2 minutes"},"schema":{"@context":"https:\/\/schema.org","@graph":[{"@type":"WebSite","@id":"https:\/\/www.nettali.com\/#website","url":"https:\/\/www.nettali.com\/","name":"Nettali.com","description":"Le rendez-vous critique du Net","potentialAction":[{"@type":"SearchAction","target":{"@type":"EntryPoint","urlTemplate":"https:\/\/www.nettali.com\/?s={search_term_string}"},"query-input":"required name=search_term_string"}],"inLanguage":"fr-FR"},{"@type":"ImageObject","@id":"https:\/\/www.nettali.com\/2024\/09\/14\/dissolution-de-lassemblee-amadou-mame-diop-prend-acte\/#primaryimage","inLanguage":"fr-FR","url":"https:\/\/www.nettali.com\/wp-content\/uploads\/2024\/09\/82720541-59296175.jpg","contentUrl":"https:\/\/www.nettali.com\/wp-content\/uploads\/2024\/09\/82720541-59296175.jpg","width":800,"height":600},{"@type":"WebPage","@id":"https:\/\/www.nettali.com\/2024\/09\/14\/dissolution-de-lassemblee-amadou-mame-diop-prend-acte\/#webpage","url":"https:\/\/www.nettali.com\/2024\/09\/14\/dissolution-de-lassemblee-amadou-mame-diop-prend-acte\/","name":"DISSOLUTION DE L'ASSEMBLEE - Amadou Mame Diop prend acte | Nettali.com","isPartOf":{"@id":"https:\/\/www.nettali.com\/#website"},"primaryImageOfPage":{"@id":"https:\/\/www.nettali.com\/2024\/09\/14\/dissolution-de-lassemblee-amadou-mame-diop-prend-acte\/#primaryimage"},"datePublished":"2024-09-14T00:49:36+00:00","dateModified":"2024-09-14T00:51:28+00:00","author":{"@id":"https:\/\/www.nettali.com\/#\/schema\/person\/7962a12a6e0267f88f0ffa544c36469a"},"breadcrumb":{"@id":"https:\/\/www.nettali.com\/2024\/09\/14\/dissolution-de-lassemblee-amadou-mame-diop-prend-acte\/#breadcrumb"},"inLanguage":"fr-FR","potentialAction":[{"@type":"ReadAction","target":["https:\/\/www.nettali.com\/2024\/09\/14\/dissolution-de-lassemblee-amadou-mame-diop-prend-acte\/"]}]},{"@type":"BreadcrumbList","@id":"https:\/\/www.nettali.com\/2024\/09\/14\/dissolution-de-lassemblee-amadou-mame-diop-prend-acte\/#breadcrumb","itemListElement":[{"@type":"ListItem","position":1,"name":"Accueil","item":"https:\/\/www.nettali.com\/"},{"@type":"ListItem","position":2,"name":"DISSOLUTION DE L'ASSEMBLEE - Amadou Mame Diop prend acte"}]},{"@type":"Person","@id":"https:\/\/www.nettali.com\/#\/schema\/person\/7962a12a6e0267f88f0ffa544c36469a","name":"Moustapha","image":{"@type":"ImageObject","@id":"https:\/\/www.nettali.com\/#personlogo","inLanguage":"fr-FR","url":"https:\/\/secure.gravatar.com\/avatar\/10fdf6a071cccdcf374e3dbe45159590?s=96&d=mm&r=g","contentUrl":"https:\/\/secure.gravatar.com\/avatar\/10fdf6a071cccdcf374e3dbe45159590?s=96&d=mm&r=g","caption":"Moustapha"},"sameAs":["https:\/\/www.nettali.com"]}]}},"_links":{"self":[{"href":"https:\/\/www.nettali.com\/rest\/wp\/v2\/posts\/140249"}],"collection":[{"href":"https:\/\/www.nettali.com\/rest\/wp\/v2\/posts"}],"about":[{"href":"https:\/\/www.nettali.com\/rest\/wp\/v2\/types\/post"}],"author":[{"embeddable":true,"href":"https:\/\/www.nettali.com\/rest\/wp\/v2\/users\/3"}],"replies":[{"embeddable":true,"href":"https:\/\/www.nettali.com\/rest\/wp\/v2\/comments?post=140249"}],"version-history":[{"count":1,"href":"https:\/\/www.nettali.com\/rest\/wp\/v2\/posts\/140249\/revisions"}],"predecessor-version":[{"id":140250,"href":"https:\/\/www.nettali.com\/rest\/wp\/v2\/posts\/140249\/revisions\/140250"}],"wp:featuredmedia":[{"embeddable":true,"href":"https:\/\/www.nettali.com\/rest\/wp\/v2\/media\/140251"}],"wp:attachment":[{"href":"https:\/\/www.nettali.com\/rest\/wp\/v2\/media?parent=140249"}],"wp:term":[{"taxonomy":"category","embeddable":true,"href":"https:\/\/www.nettali.com\/rest\/wp\/v2\/categories?post=140249"},{"taxonomy":"post_tag","embeddable":true,"href":"https:\/\/www.nettali.com\/rest\/wp\/v2\/tags?post=140249"}],"curies":[{"name":"wp","href":"https:\/\/api.w.org\/{rel}","templated":true}]}}