{"id":140083,"date":"2024-09-11T16:18:18","date_gmt":"2024-09-11T16:18:18","guid":{"rendered":"https:\/\/www.nettali.com\/?p=140083"},"modified":"2024-09-11T16:18:18","modified_gmt":"2024-09-11T16:18:18","slug":"gamou-le-president-faye-a-kaolack-pour-une-visite-de-courtoisie-au-khalife-de-medina-baye","status":"publish","type":"post","link":"https:\/\/www.nettali.com\/2024\/09\/11\/gamou-le-president-faye-a-kaolack-pour-une-visite-de-courtoisie-au-khalife-de-medina-baye\/","title":{"rendered":"GAMOU - Le pr\u00e9sident Faye \u00e0 Kaolack pour une visite de courtoisie au Khalife de M\u00e9dina Baye"},"content":{"rendered":"<p><strong>NETTALI.COM - Le pr\u00e9sident de la R\u00e9publique, Bassirou Diomaye Faye, est arriv\u00e9 \u00e0 M\u00e9dina Baye (Kaolack, centre), o\u00f9 il rend une visite de courtoisie au Khalife g\u00e9n\u00e9ral de cette cit\u00e9 religieuse, Mouhamadoul Mahi Ibrahima Niass, en pr\u00e9lude \u00e0 la c\u00e9l\u00e9bration dimanche du Maouloud, l\u2019anniversaire de la naissance du proph\u00e8te Mohamed (PSL).<\/strong><\/p>\n<p>Arriv\u00e9 vers 12 heures, le pr\u00e9sident Faye a \u00e9t\u00e9 accueilli par le Khalife g\u00e9n\u00e9ral de M\u00e9dina Baye, en compagnie de dignitaires religieux, de membres de son cabinet, de ministres et des autorit\u00e9s administratives de la r\u00e9gion.<\/p>\n<p>Le chef de l\u2019Etat s\u2019est ensuite entretenu avec le patriarche de cette cit\u00e9 religieuse, en pr\u00e9sence de son porte-parole, Mouhamadoul Mahi Alioune Ciss\u00e9.<\/p>\n<p>Apr\u00e8s cette rencontre \u00e0 huis clos, il s\u2019est rendu \u00e0 l\u2019esplanade Mawlidoul Nabi de la grande mosqu\u00e9e de M\u00e9dina Baye, o\u00f9 il a \u00e9t\u00e9 accueilli par l\u2019imam ratib de la Faydatou Tidjania, Cheikh Tidiane Alioune Ciss\u00e9.<\/p>\n<p>Pour la suite de son programme dans la capitale du Saloum, le chef de l\u2019Etat visitera d\u2019autres foyers religieux, notamment L\u00e9ona Niass\u00e8ne, L\u00e9ona Kan\u00e8ne, Touba Ndorong. Il se rendra aussi chez la famille D\u00e8me de Kassaville.<\/p>\n\n\t\t<style type=\"text\/css\">\n\t\t\t#gallery-1 {\n\t\t\t\tmargin: auto;\n\t\t\t}\n\t\t\t#gallery-1 .gallery-item {\n\t\t\t\tfloat: left;\n\t\t\t\tmargin-top: 10px;\n\t\t\t\ttext-align: center;\n\t\t\t\twidth: 100%;\n\t\t\t}\n\t\t\t#gallery-1 img {\n\t\t\t\tborder: 2px solid #cfcfcf;\n\t\t\t}\n\t\t\t#gallery-1 .gallery-caption {\n\t\t\t\tmargin-left: 0;\n\t\t\t}\n\t\t\t\/* see gallery_shortcode() in wp-includes\/media.php *\/\n\t\t<\/style>\n\t\t<div id='gallery-1' class='gallery galleryid-140083 gallery-columns-1 gallery-size-full'><dl class='gallery-item'>\n\t\t\t<dt class='gallery-icon landscape'>\n\t\t\t\t<a href='https:\/\/www.nettali.com\/2024\/09\/11\/gamou-le-president-faye-a-kaolack-pour-une-visite-de-courtoisie-au-khalife-de-medina-baye\/diomaye-leona-niassene\/'><img width=\"1280\" height=\"891\" src=\"https:\/\/www.nettali.com\/wp-content\/uploads\/2024\/09\/Diomaye-Le\u0301ona-Niassene.jpg\" class=\"attachment-full size-full\" alt=\"\" loading=\"lazy\" srcset=\"https:\/\/www.nettali.com\/wp-content\/uploads\/2024\/09\/Diomaye-Le\u0301ona-Niassene.jpg 1280w, https:\/\/www.nettali.com\/wp-content\/uploads\/2024\/09\/Diomaye-Le\u0301ona-Niassene-300x209.jpg 300w, https:\/\/www.nettali.com\/wp-content\/uploads\/2024\/09\/Diomaye-Le\u0301ona-Niassene-1024x713.jpg 1024w, https:\/\/www.nettali.com\/wp-content\/uploads\/2024\/09\/Diomaye-Le\u0301ona-Niassene-768x535.jpg 768w, https:\/\/www.nettali.com\/wp-content\/uploads\/2024\/09\/Diomaye-Le\u0301ona-Niassene-1080x752.jpg 1080w\" sizes=\"(max-width: 1280px) 100vw, 1280px\" \/><\/a>\n\t\t\t<\/dt><\/dl><br style=\"clear: both\" \/><dl class='gallery-item'>\n\t\t\t<dt class='gallery-icon landscape'>\n\t\t\t\t<a href='https:\/\/www.nettali.com\/2024\/09\/11\/gamou-le-president-faye-a-kaolack-pour-une-visite-de-courtoisie-au-khalife-de-medina-baye\/diomaye-leona-niassene1\/'><img width=\"1280\" height=\"892\" src=\"https:\/\/www.nettali.com\/wp-content\/uploads\/2024\/09\/Diomaye-Le\u0301ona-Niassene1.jpg\" class=\"attachment-full size-full\" alt=\"\" loading=\"lazy\" srcset=\"https:\/\/www.nettali.com\/wp-content\/uploads\/2024\/09\/Diomaye-Le\u0301ona-Niassene1.jpg 1280w, https:\/\/www.nettali.com\/wp-content\/uploads\/2024\/09\/Diomaye-Le\u0301ona-Niassene1-300x209.jpg 300w, https:\/\/www.nettali.com\/wp-content\/uploads\/2024\/09\/Diomaye-Le\u0301ona-Niassene1-1024x714.jpg 1024w, https:\/\/www.nettali.com\/wp-content\/uploads\/2024\/09\/Diomaye-Le\u0301ona-Niassene1-768x535.jpg 768w, https:\/\/www.nettali.com\/wp-content\/uploads\/2024\/09\/Diomaye-Le\u0301ona-Niassene1-1080x753.jpg 1080w\" sizes=\"(max-width: 1280px) 100vw, 1280px\" \/><\/a>\n\t\t\t<\/dt><\/dl><br style=\"clear: both\" \/><dl class='gallery-item'>\n\t\t\t<dt class='gallery-icon landscape'>\n\t\t\t\t<a href='https:\/\/www.nettali.com\/2024\/09\/11\/gamou-le-president-faye-a-kaolack-pour-une-visite-de-courtoisie-au-khalife-de-medina-baye\/diomaye-leona-niassene2\/'><img width=\"1280\" height=\"896\" src=\"https:\/\/www.nettali.com\/wp-content\/uploads\/2024\/09\/Diomaye-Le\u0301ona-Niassene2.jpg\" class=\"attachment-full size-full\" alt=\"\" loading=\"lazy\" srcset=\"https:\/\/www.nettali.com\/wp-content\/uploads\/2024\/09\/Diomaye-Le\u0301ona-Niassene2.jpg 1280w, https:\/\/www.nettali.com\/wp-content\/uploads\/2024\/09\/Diomaye-Le\u0301ona-Niassene2-300x210.jpg 300w, https:\/\/www.nettali.com\/wp-content\/uploads\/2024\/09\/Diomaye-Le\u0301ona-Niassene2-1024x717.jpg 1024w, https:\/\/www.nettali.com\/wp-content\/uploads\/2024\/09\/Diomaye-Le\u0301ona-Niassene2-768x538.jpg 768w, https:\/\/www.nettali.com\/wp-content\/uploads\/2024\/09\/Diomaye-Le\u0301ona-Niassene2-1080x756.jpg 1080w\" sizes=\"(max-width: 1280px) 100vw, 1280px\" \/><\/a>\n\t\t\t<\/dt><\/dl><br style=\"clear: both\" \/><dl class='gallery-item'>\n\t\t\t<dt class='gallery-icon landscape'>\n\t\t\t\t<a href='https:\/\/www.nettali.com\/2024\/09\/11\/gamou-le-president-faye-a-kaolack-pour-une-visite-de-courtoisie-au-khalife-de-medina-baye\/diomaye-leona-niassene4\/'><img width=\"1280\" height=\"846\" src=\"https:\/\/www.nettali.com\/wp-content\/uploads\/2024\/09\/Diomaye-Le\u0301ona-Niassene4.jpg\" class=\"attachment-full size-full\" alt=\"\" loading=\"lazy\" srcset=\"https:\/\/www.nettali.com\/wp-content\/uploads\/2024\/09\/Diomaye-Le\u0301ona-Niassene4.jpg 1280w, https:\/\/www.nettali.com\/wp-content\/uploads\/2024\/09\/Diomaye-Le\u0301ona-Niassene4-300x198.jpg 300w, https:\/\/www.nettali.com\/wp-content\/uploads\/2024\/09\/Diomaye-Le\u0301ona-Niassene4-1024x677.jpg 1024w, https:\/\/www.nettali.com\/wp-content\/uploads\/2024\/09\/Diomaye-Le\u0301ona-Niassene4-768x508.jpg 768w, https:\/\/www.nettali.com\/wp-content\/uploads\/2024\/09\/Diomaye-Le\u0301ona-Niassene4-1080x714.jpg 1080w\" sizes=\"(max-width: 1280px) 100vw, 1280px\" \/><\/a>\n\t\t\t<\/dt><\/dl><br style=\"clear: both\" \/><dl class='gallery-item'>\n\t\t\t<dt class='gallery-icon landscape'>\n\t\t\t\t<a href='https:\/\/www.nettali.com\/2024\/09\/11\/gamou-le-president-faye-a-kaolack-pour-une-visite-de-courtoisie-au-khalife-de-medina-baye\/diomaye-leona-niassene5\/'><img width=\"1280\" height=\"855\" src=\"https:\/\/www.nettali.com\/wp-content\/uploads\/2024\/09\/Diomaye-Le\u0301ona-Niassene5.jpg\" class=\"attachment-full size-full\" alt=\"\" loading=\"lazy\" srcset=\"https:\/\/www.nettali.com\/wp-content\/uploads\/2024\/09\/Diomaye-Le\u0301ona-Niassene5.jpg 1280w, https:\/\/www.nettali.com\/wp-content\/uploads\/2024\/09\/Diomaye-Le\u0301ona-Niassene5-300x200.jpg 300w, https:\/\/www.nettali.com\/wp-content\/uploads\/2024\/09\/Diomaye-Le\u0301ona-Niassene5-1024x684.jpg 1024w, https:\/\/www.nettali.com\/wp-content\/uploads\/2024\/09\/Diomaye-Le\u0301ona-Niassene5-768x513.jpg 768w, https:\/\/www.nettali.com\/wp-content\/uploads\/2024\/09\/Diomaye-Le\u0301ona-Niassene5-1080x721.jpg 1080w\" sizes=\"(max-width: 1280px) 100vw, 1280px\" \/><\/a>\n\t\t\t<\/dt><\/dl><br style=\"clear: both\" \/>\n\t\t<\/div>\n\n<p>&nbsp;<\/p>\n<p>&nbsp;<\/p>\n<p>&nbsp;<\/p>\n<div class='share-to-whatsapp-wrapper'><div class='share-on-whsp'>PARTAGER SUR : <\/div><a data-text='GAMOU - Le pr\u00e9sident Faye \u00e0 Kaolack pour une visite de courtoisie au Khalife de M\u00e9dina Baye' data-link='https:\/\/www.nettali.com\/2024\/09\/11\/gamou-le-president-faye-a-kaolack-pour-une-visite-de-courtoisie-au-khalife-de-medina-baye\/' class='whatsapp-button whatsapp-share'>WhatsApp<\/a><div class='clear '><\/div><\/div>","protected":false},"excerpt":{"rendered":"<p>NETTALI.COM - Le pr\u00e9sident de la R\u00e9publique, Bassirou Diomaye Faye, est arriv\u00e9 \u00e0 M\u00e9dina Baye (Kaolack, centre), o\u00f9 il rend une visite de courtoisie au Khalife g\u00e9n\u00e9ral de cette cit\u00e9 religieuse, Mouhamadoul Mahi Ibrahima Niass, en pr\u00e9lude \u00e0 la c\u00e9l\u00e9bration dimanche du Maouloud, l\u2019anniversaire de la naissance du proph\u00e8te Mohamed (PSL). Arriv\u00e9 vers 12 heures, [&hellip;]<\/p>\n","protected":false},"author":4,"featured_media":140084,"comment_status":"open","ping_status":"open","sticky":false,"template":"","format":"standard","meta":{"_et_pb_use_builder":"","_et_pb_old_content":""},"categories":[2],"tags":[],"yoast_head":"<!-- This site is optimized with the Yoast SEO Premium plugin v17.8 (Yoast SEO v17.8) - https:\/\/yoast.com\/wordpress\/plugins\/seo\/ -->\n<title>GAMOU - Le pr\u00e9sident Faye \u00e0 Kaolack pour une visite de courtoisie au Khalife de M\u00e9dina Baye | Nettali.com<\/title>\n<meta name=\"robots\" content=\"index, follow, max-snippet:-1, max-image-preview:large, max-video-preview:-1\" \/>\n<link rel=\"canonical\" href=\"https:\/\/www.nettali.com\/2024\/09\/11\/gamou-le-president-faye-a-kaolack-pour-une-visite-de-courtoisie-au-khalife-de-medina-baye\/\" \/>\n<meta property=\"og:locale\" content=\"fr_FR\" \/>\n<meta property=\"og:type\" content=\"article\" \/>\n<meta property=\"og:title\" content=\"GAMOU - Le pr\u00e9sident Faye \u00e0 Kaolack pour une visite de courtoisie au Khalife de M\u00e9dina Baye\" \/>\n<meta property=\"og:description\" content=\"NETTALI.COM - Le pr\u00e9sident de la R\u00e9publique, Bassirou Diomaye Faye, est arriv\u00e9 \u00e0 M\u00e9dina Baye (Kaolack, centre), o\u00f9 il rend une visite de courtoisie au Khalife g\u00e9n\u00e9ral de cette cit\u00e9 religieuse, Mouhamadoul Mahi Ibrahima Niass, en pr\u00e9lude \u00e0 la c\u00e9l\u00e9bration dimanche du Maouloud, l\u2019anniversaire de la naissance du proph\u00e8te Mohamed (PSL). Arriv\u00e9 vers 12 heures, [&hellip;]\" \/>\n<meta property=\"og:url\" content=\"https:\/\/www.nettali.com\/2024\/09\/11\/gamou-le-president-faye-a-kaolack-pour-une-visite-de-courtoisie-au-khalife-de-medina-baye\/\" \/>\n<meta property=\"og:site_name\" content=\"Nettali.com\" \/>\n<meta property=\"article:publisher\" content=\"https:\/\/www.facebook.com\/nettalicom\" \/>\n<meta property=\"article:published_time\" content=\"2024-09-11T16:18:18+00:00\" \/>\n<meta property=\"og:image\" content=\"https:\/\/www.nettali.com\/wp-content\/uploads\/2024\/09\/Diomaye-Le\u0301ona-Niassene.jpg\" \/>\n\t<meta property=\"og:image:width\" content=\"1280\" \/>\n\t<meta property=\"og:image:height\" content=\"891\" \/>\n<meta name=\"twitter:card\" content=\"summary_large_image\" \/>\n<meta name=\"twitter:label1\" content=\"\u00c9crit par\" \/>\n\t<meta name=\"twitter:data1\" content=\"Daouda\" \/>\n\t<meta name=\"twitter:label2\" content=\"Dur\u00e9e de lecture estim\u00e9e\" \/>\n\t<meta name=\"twitter:data2\" content=\"1 minute\" \/>\n<script type=\"application\/ld+json\" class=\"yoast-schema-graph\">{\"@context\":\"https:\/\/schema.org\",\"@graph\":[{\"@type\":\"WebSite\",\"@id\":\"https:\/\/www.nettali.com\/#website\",\"url\":\"https:\/\/www.nettali.com\/\",\"name\":\"Nettali.com\",\"description\":\"Le rendez-vous critique du Net\",\"potentialAction\":[{\"@type\":\"SearchAction\",\"target\":{\"@type\":\"EntryPoint\",\"urlTemplate\":\"https:\/\/www.nettali.com\/?s={search_term_string}\"},\"query-input\":\"required name=search_term_string\"}],\"inLanguage\":\"fr-FR\"},{\"@type\":\"ImageObject\",\"@id\":\"https:\/\/www.nettali.com\/2024\/09\/11\/gamou-le-president-faye-a-kaolack-pour-une-visite-de-courtoisie-au-khalife-de-medina-baye\/#primaryimage\",\"inLanguage\":\"fr-FR\",\"url\":\"https:\/\/www.nettali.com\/wp-content\/uploads\/2024\/09\/Diomaye-Le\\u0301ona-Niassene.jpg\",\"contentUrl\":\"https:\/\/www.nettali.com\/wp-content\/uploads\/2024\/09\/Diomaye-Le\\u0301ona-Niassene.jpg\",\"width\":1280,\"height\":891},{\"@type\":\"WebPage\",\"@id\":\"https:\/\/www.nettali.com\/2024\/09\/11\/gamou-le-president-faye-a-kaolack-pour-une-visite-de-courtoisie-au-khalife-de-medina-baye\/#webpage\",\"url\":\"https:\/\/www.nettali.com\/2024\/09\/11\/gamou-le-president-faye-a-kaolack-pour-une-visite-de-courtoisie-au-khalife-de-medina-baye\/\",\"name\":\"GAMOU - Le pr\\u00e9sident Faye \\u00e0 Kaolack pour une visite de courtoisie au Khalife de M\\u00e9dina Baye | Nettali.com\",\"isPartOf\":{\"@id\":\"https:\/\/www.nettali.com\/#website\"},\"primaryImageOfPage\":{\"@id\":\"https:\/\/www.nettali.com\/2024\/09\/11\/gamou-le-president-faye-a-kaolack-pour-une-visite-de-courtoisie-au-khalife-de-medina-baye\/#primaryimage\"},\"datePublished\":\"2024-09-11T16:18:18+00:00\",\"dateModified\":\"2024-09-11T16:18:18+00:00\",\"author\":{\"@id\":\"https:\/\/www.nettali.com\/#\/schema\/person\/3317e0bb3aa1da309fbf7b2780901bf4\"},\"breadcrumb\":{\"@id\":\"https:\/\/www.nettali.com\/2024\/09\/11\/gamou-le-president-faye-a-kaolack-pour-une-visite-de-courtoisie-au-khalife-de-medina-baye\/#breadcrumb\"},\"inLanguage\":\"fr-FR\",\"potentialAction\":[{\"@type\":\"ReadAction\",\"target\":[\"https:\/\/www.nettali.com\/2024\/09\/11\/gamou-le-president-faye-a-kaolack-pour-une-visite-de-courtoisie-au-khalife-de-medina-baye\/\"]}]},{\"@type\":\"BreadcrumbList\",\"@id\":\"https:\/\/www.nettali.com\/2024\/09\/11\/gamou-le-president-faye-a-kaolack-pour-une-visite-de-courtoisie-au-khalife-de-medina-baye\/#breadcrumb\",\"itemListElement\":[{\"@type\":\"ListItem\",\"position\":1,\"name\":\"Accueil\",\"item\":\"https:\/\/www.nettali.com\/\"},{\"@type\":\"ListItem\",\"position\":2,\"name\":\"GAMOU - Le pr\\u00e9sident Faye \\u00e0 Kaolack pour une visite de courtoisie au Khalife de M\\u00e9dina Baye\"}]},{\"@type\":\"Person\",\"@id\":\"https:\/\/www.nettali.com\/#\/schema\/person\/3317e0bb3aa1da309fbf7b2780901bf4\",\"name\":\"Daouda\",\"image\":{\"@type\":\"ImageObject\",\"@id\":\"https:\/\/www.nettali.com\/#personlogo\",\"inLanguage\":\"fr-FR\",\"url\":\"https:\/\/secure.gravatar.com\/avatar\/8d143b5a49345098ddcfee1c49c2f47c?s=96&d=mm&r=g\",\"contentUrl\":\"https:\/\/secure.gravatar.com\/avatar\/8d143b5a49345098ddcfee1c49c2f47c?s=96&d=mm&r=g\",\"caption\":\"Daouda\"},\"sameAs\":[\"https:\/\/www.nettali.com\"]}]}<\/script>\n<!-- \/ Yoast SEO Premium plugin. -->","yoast_head_json":{"title":"GAMOU - Le pr\u00e9sident Faye \u00e0 Kaolack pour une visite de courtoisie au Khalife de M\u00e9dina Baye | Nettali.com","robots":{"index":"index","follow":"follow","max-snippet":"max-snippet:-1","max-image-preview":"max-image-preview:large","max-video-preview":"max-video-preview:-1"},"canonical":"https:\/\/www.nettali.com\/2024\/09\/11\/gamou-le-president-faye-a-kaolack-pour-une-visite-de-courtoisie-au-khalife-de-medina-baye\/","og_locale":"fr_FR","og_type":"article","og_title":"GAMOU - Le pr\u00e9sident Faye \u00e0 Kaolack pour une visite de courtoisie au Khalife de M\u00e9dina Baye","og_description":"NETTALI.COM - Le pr\u00e9sident de la R\u00e9publique, Bassirou Diomaye Faye, est arriv\u00e9 \u00e0 M\u00e9dina Baye (Kaolack, centre), o\u00f9 il rend une visite de courtoisie au Khalife g\u00e9n\u00e9ral de cette cit\u00e9 religieuse, Mouhamadoul Mahi Ibrahima Niass, en pr\u00e9lude \u00e0 la c\u00e9l\u00e9bration dimanche du Maouloud, l\u2019anniversaire de la naissance du proph\u00e8te Mohamed (PSL). Arriv\u00e9 vers 12 heures, [&hellip;]","og_url":"https:\/\/www.nettali.com\/2024\/09\/11\/gamou-le-president-faye-a-kaolack-pour-une-visite-de-courtoisie-au-khalife-de-medina-baye\/","og_site_name":"Nettali.com","article_publisher":"https:\/\/www.facebook.com\/nettalicom","article_published_time":"2024-09-11T16:18:18+00:00","og_image":[{"width":1280,"height":891,"url":"https:\/\/www.nettali.com\/wp-content\/uploads\/2024\/09\/Diomaye-Le\u0301ona-Niassene.jpg","type":"image\/jpeg"}],"twitter_card":"summary_large_image","twitter_misc":{"\u00c9crit par":"Daouda","Dur\u00e9e de lecture estim\u00e9e":"1 minute"},"schema":{"@context":"https:\/\/schema.org","@graph":[{"@type":"WebSite","@id":"https:\/\/www.nettali.com\/#website","url":"https:\/\/www.nettali.com\/","name":"Nettali.com","description":"Le rendez-vous critique du Net","potentialAction":[{"@type":"SearchAction","target":{"@type":"EntryPoint","urlTemplate":"https:\/\/www.nettali.com\/?s={search_term_string}"},"query-input":"required name=search_term_string"}],"inLanguage":"fr-FR"},{"@type":"ImageObject","@id":"https:\/\/www.nettali.com\/2024\/09\/11\/gamou-le-president-faye-a-kaolack-pour-une-visite-de-courtoisie-au-khalife-de-medina-baye\/#primaryimage","inLanguage":"fr-FR","url":"https:\/\/www.nettali.com\/wp-content\/uploads\/2024\/09\/Diomaye-Le\u0301ona-Niassene.jpg","contentUrl":"https:\/\/www.nettali.com\/wp-content\/uploads\/2024\/09\/Diomaye-Le\u0301ona-Niassene.jpg","width":1280,"height":891},{"@type":"WebPage","@id":"https:\/\/www.nettali.com\/2024\/09\/11\/gamou-le-president-faye-a-kaolack-pour-une-visite-de-courtoisie-au-khalife-de-medina-baye\/#webpage","url":"https:\/\/www.nettali.com\/2024\/09\/11\/gamou-le-president-faye-a-kaolack-pour-une-visite-de-courtoisie-au-khalife-de-medina-baye\/","name":"GAMOU - Le pr\u00e9sident Faye \u00e0 Kaolack pour une visite de courtoisie au Khalife de M\u00e9dina Baye | Nettali.com","isPartOf":{"@id":"https:\/\/www.nettali.com\/#website"},"primaryImageOfPage":{"@id":"https:\/\/www.nettali.com\/2024\/09\/11\/gamou-le-president-faye-a-kaolack-pour-une-visite-de-courtoisie-au-khalife-de-medina-baye\/#primaryimage"},"datePublished":"2024-09-11T16:18:18+00:00","dateModified":"2024-09-11T16:18:18+00:00","author":{"@id":"https:\/\/www.nettali.com\/#\/schema\/person\/3317e0bb3aa1da309fbf7b2780901bf4"},"breadcrumb":{"@id":"https:\/\/www.nettali.com\/2024\/09\/11\/gamou-le-president-faye-a-kaolack-pour-une-visite-de-courtoisie-au-khalife-de-medina-baye\/#breadcrumb"},"inLanguage":"fr-FR","potentialAction":[{"@type":"ReadAction","target":["https:\/\/www.nettali.com\/2024\/09\/11\/gamou-le-president-faye-a-kaolack-pour-une-visite-de-courtoisie-au-khalife-de-medina-baye\/"]}]},{"@type":"BreadcrumbList","@id":"https:\/\/www.nettali.com\/2024\/09\/11\/gamou-le-president-faye-a-kaolack-pour-une-visite-de-courtoisie-au-khalife-de-medina-baye\/#breadcrumb","itemListElement":[{"@type":"ListItem","position":1,"name":"Accueil","item":"https:\/\/www.nettali.com\/"},{"@type":"ListItem","position":2,"name":"GAMOU - Le pr\u00e9sident Faye \u00e0 Kaolack pour une visite de courtoisie au Khalife de M\u00e9dina Baye"}]},{"@type":"Person","@id":"https:\/\/www.nettali.com\/#\/schema\/person\/3317e0bb3aa1da309fbf7b2780901bf4","name":"Daouda","image":{"@type":"ImageObject","@id":"https:\/\/www.nettali.com\/#personlogo","inLanguage":"fr-FR","url":"https:\/\/secure.gravatar.com\/avatar\/8d143b5a49345098ddcfee1c49c2f47c?s=96&d=mm&r=g","contentUrl":"https:\/\/secure.gravatar.com\/avatar\/8d143b5a49345098ddcfee1c49c2f47c?s=96&d=mm&r=g","caption":"Daouda"},"sameAs":["https:\/\/www.nettali.com"]}]}},"_links":{"self":[{"href":"https:\/\/www.nettali.com\/rest\/wp\/v2\/posts\/140083"}],"collection":[{"href":"https:\/\/www.nettali.com\/rest\/wp\/v2\/posts"}],"about":[{"href":"https:\/\/www.nettali.com\/rest\/wp\/v2\/types\/post"}],"author":[{"embeddable":true,"href":"https:\/\/www.nettali.com\/rest\/wp\/v2\/users\/4"}],"replies":[{"embeddable":true,"href":"https:\/\/www.nettali.com\/rest\/wp\/v2\/comments?post=140083"}],"version-history":[{"count":1,"href":"https:\/\/www.nettali.com\/rest\/wp\/v2\/posts\/140083\/revisions"}],"predecessor-version":[{"id":140089,"href":"https:\/\/www.nettali.com\/rest\/wp\/v2\/posts\/140083\/revisions\/140089"}],"wp:featuredmedia":[{"embeddable":true,"href":"https:\/\/www.nettali.com\/rest\/wp\/v2\/media\/140084"}],"wp:attachment":[{"href":"https:\/\/www.nettali.com\/rest\/wp\/v2\/media?parent=140083"}],"wp:term":[{"taxonomy":"category","embeddable":true,"href":"https:\/\/www.nettali.com\/rest\/wp\/v2\/categories?post=140083"},{"taxonomy":"post_tag","embeddable":true,"href":"https:\/\/www.nettali.com\/rest\/wp\/v2\/tags?post=140083"}],"curies":[{"name":"wp","href":"https:\/\/api.w.org\/{rel}","templated":true}]}}