{"id":140041,"date":"2024-09-11T08:18:31","date_gmt":"2024-09-11T08:18:31","guid":{"rendered":"https:\/\/www.nettali.com\/?p=140041"},"modified":"2024-09-11T09:04:24","modified_gmt":"2024-09-11T09:04:24","slug":"sudes-esr-sur-le-depart-damadou-aly-mbaye","status":"publish","type":"post","link":"https:\/\/www.nettali.com\/2024\/09\/11\/sudes-esr-sur-le-depart-damadou-aly-mbaye\/","title":{"rendered":"DEPART DU RECTEUR DE L'UDAD - SUDES-ESR exprime sa satisfaction"},"content":{"rendered":"<div class=\"page\" title=\"Page 2\">\n<div class=\"layoutArea\">\n<div class=\"column\">\n<p><strong>NETTALI.COM -<\/strong> Mardi 10 septembre, en Conseil des ministres, a e\u0301te\u0301 de\u0301cide\u0301 du remplacement du recteur de l\u2019universite\u0301 Cheikh Anta Diop de Dakar, Amadou Aly Mbaye, par la vice-rectrice Aminata Niang Die\u0300ne. Professeure titulaire des universite\u0301s, elle est de\u0301sormais la rectrice par inte\u0301rim.<\/p>\n<p>Dans un communique\u0301 rec\u0327u le m\u00eame jour\u00a0 a\u0300 \u201c<em>Nettali.com<\/em>\u201d, le Sudes-ESR section Ucad a exprime\u0301 sa satisfaction a\u0300 la suite de la de\u0301cision du gouvernement de mettre fin aux fonctions d\u2019Amadou Aly Mbaye. Cette de\u0301cision, conforme a\u0300 la loi 2015-26 du 28 de\u0301cembre 2015 relative aux universite\u0301s publiques du Se\u0301ne\u0301gal, marque un tournant important dans la gouvernance de l'institution.<\/p>\n<p>\"<em>Le Sudes-ESR section Ucad salue cette mesure qui constitue un pas important pour le respect des textes re\u0301gissant le fonctionnement de nos institutions universitaires<\/em>\", a de\u0301clare\u0301 le syndicat dans un communique\u0301. L'organisation syndicale insiste sur l'importance d\u2019une nomination rapide et rigoureuse du nouveau recteur.<\/p>\n<p>\u201c<em>Nous restons vigilants quant a\u0300 la de\u0301signation tre\u0300s rapide du prochain recteur, qui devra se faire dans le strict respect des proce\u0301dures telles que spe\u0301cifie\u0301es dans le de\u0301cret 2021-846 du 24 juin 2021<\/em>\u201d, pre\u0301cise le Sudes-ESR.<\/p>\n<p>Le syndicat se dit e\u0301galement pre\u0302t a\u0300 collaborer avec la rectrice inte\u0301rimaire, afin de re\u0301pondre aux de\u0301fis actuels de l'universite\u0301 en matie\u0300re de gouvernance. \u201c<em>Nous formons l\u2019espoir que cette transition se fera dans un esprit de dialogue et de concertation<\/em>\u201d, affirme le Sudes-ESR soulignant la ne\u0301cessite\u0301 d'une gestion inclusive durant cette pe\u0301riode de changement.<\/p>\n<\/div>\n<\/div>\n<\/div>\n<div class='share-to-whatsapp-wrapper'><div class='share-on-whsp'>PARTAGER SUR : <\/div><a data-text='DEPART DU RECTEUR DE L'UDAD - SUDES-ESR exprime sa satisfaction' data-link='https:\/\/www.nettali.com\/2024\/09\/11\/sudes-esr-sur-le-depart-damadou-aly-mbaye\/' class='whatsapp-button whatsapp-share'>WhatsApp<\/a><div class='clear '><\/div><\/div>","protected":false},"excerpt":{"rendered":"<p>NETTALI.COM - Mardi 10 septembre, en Conseil des ministres, a e\u0301te\u0301 de\u0301cide\u0301 du remplacement du recteur de l\u2019universite\u0301 Cheikh Anta Diop de Dakar, Amadou Aly Mbaye, par la vice-rectrice Aminata Niang Die\u0300ne. Professeure titulaire des universite\u0301s, elle est de\u0301sormais la rectrice par inte\u0301rim. Dans un communique\u0301 rec\u0327u le m\u00eame jour\u00a0 a\u0300 \u201cNettali.com\u201d, le Sudes-ESR section [&hellip;]<\/p>\n","protected":false},"author":2,"featured_media":140042,"comment_status":"open","ping_status":"open","sticky":false,"template":"","format":"standard","meta":{"_et_pb_use_builder":"","_et_pb_old_content":""},"categories":[34945],"tags":[],"yoast_head":"<!-- This site is optimized with the Yoast SEO Premium plugin v17.8 (Yoast SEO v17.8) - https:\/\/yoast.com\/wordpress\/plugins\/seo\/ -->\n<title>DEPART DU RECTEUR DE L&#039;UDAD - SUDES-ESR exprime sa satisfaction | Nettali.com<\/title>\n<meta name=\"robots\" content=\"index, follow, max-snippet:-1, max-image-preview:large, max-video-preview:-1\" \/>\n<link rel=\"canonical\" href=\"https:\/\/www.nettali.com\/2024\/09\/11\/sudes-esr-sur-le-depart-damadou-aly-mbaye\/\" \/>\n<meta property=\"og:locale\" content=\"fr_FR\" \/>\n<meta property=\"og:type\" content=\"article\" \/>\n<meta property=\"og:title\" content=\"DEPART DU RECTEUR DE L&#039;UDAD - SUDES-ESR exprime sa satisfaction\" \/>\n<meta property=\"og:description\" content=\"NETTALI.COM - Mardi 10 septembre, en Conseil des ministres, a e\u0301te\u0301 de\u0301cide\u0301 du remplacement du recteur de l\u2019universite\u0301 Cheikh Anta Diop de Dakar, Amadou Aly Mbaye, par la vice-rectrice Aminata Niang Die\u0300ne. Professeure titulaire des universite\u0301s, elle est de\u0301sormais la rectrice par inte\u0301rim. Dans un communique\u0301 rec\u0327u le m\u00eame jour\u00a0 a\u0300 \u201cNettali.com\u201d, le Sudes-ESR section [&hellip;]\" \/>\n<meta property=\"og:url\" content=\"https:\/\/www.nettali.com\/2024\/09\/11\/sudes-esr-sur-le-depart-damadou-aly-mbaye\/\" \/>\n<meta property=\"og:site_name\" content=\"Nettali.com\" \/>\n<meta property=\"article:publisher\" content=\"https:\/\/www.facebook.com\/nettalicom\" \/>\n<meta property=\"article:published_time\" content=\"2024-09-11T08:18:31+00:00\" \/>\n<meta property=\"article:modified_time\" content=\"2024-09-11T09:04:24+00:00\" \/>\n<meta property=\"og:image\" content=\"https:\/\/www.nettali.com\/wp-content\/uploads\/2024\/09\/recteur-Ahmadou-Aly-Mbaye.jpg\" \/>\n\t<meta property=\"og:image:width\" content=\"1059\" \/>\n\t<meta property=\"og:image:height\" content=\"673\" \/>\n<meta name=\"twitter:card\" content=\"summary_large_image\" \/>\n<meta name=\"twitter:label1\" content=\"\u00c9crit par\" \/>\n\t<meta name=\"twitter:data1\" content=\"CK\" \/>\n\t<meta name=\"twitter:label2\" content=\"Dur\u00e9e de lecture estim\u00e9e\" \/>\n\t<meta name=\"twitter:data2\" content=\"2 minutes\" \/>\n<script type=\"application\/ld+json\" class=\"yoast-schema-graph\">{\"@context\":\"https:\/\/schema.org\",\"@graph\":[{\"@type\":\"WebSite\",\"@id\":\"https:\/\/www.nettali.com\/#website\",\"url\":\"https:\/\/www.nettali.com\/\",\"name\":\"Nettali.com\",\"description\":\"Le rendez-vous critique du Net\",\"potentialAction\":[{\"@type\":\"SearchAction\",\"target\":{\"@type\":\"EntryPoint\",\"urlTemplate\":\"https:\/\/www.nettali.com\/?s={search_term_string}\"},\"query-input\":\"required name=search_term_string\"}],\"inLanguage\":\"fr-FR\"},{\"@type\":\"ImageObject\",\"@id\":\"https:\/\/www.nettali.com\/2024\/09\/11\/sudes-esr-sur-le-depart-damadou-aly-mbaye\/#primaryimage\",\"inLanguage\":\"fr-FR\",\"url\":\"https:\/\/www.nettali.com\/wp-content\/uploads\/2024\/09\/recteur-Ahmadou-Aly-Mbaye.jpg\",\"contentUrl\":\"https:\/\/www.nettali.com\/wp-content\/uploads\/2024\/09\/recteur-Ahmadou-Aly-Mbaye.jpg\",\"width\":1059,\"height\":673},{\"@type\":\"WebPage\",\"@id\":\"https:\/\/www.nettali.com\/2024\/09\/11\/sudes-esr-sur-le-depart-damadou-aly-mbaye\/#webpage\",\"url\":\"https:\/\/www.nettali.com\/2024\/09\/11\/sudes-esr-sur-le-depart-damadou-aly-mbaye\/\",\"name\":\"DEPART DU RECTEUR DE L'UDAD - SUDES-ESR exprime sa satisfaction | Nettali.com\",\"isPartOf\":{\"@id\":\"https:\/\/www.nettali.com\/#website\"},\"primaryImageOfPage\":{\"@id\":\"https:\/\/www.nettali.com\/2024\/09\/11\/sudes-esr-sur-le-depart-damadou-aly-mbaye\/#primaryimage\"},\"datePublished\":\"2024-09-11T08:18:31+00:00\",\"dateModified\":\"2024-09-11T09:04:24+00:00\",\"author\":{\"@id\":\"https:\/\/www.nettali.com\/#\/schema\/person\/d8ac7b7e27ddad43f1c0d2ef090d7f71\"},\"breadcrumb\":{\"@id\":\"https:\/\/www.nettali.com\/2024\/09\/11\/sudes-esr-sur-le-depart-damadou-aly-mbaye\/#breadcrumb\"},\"inLanguage\":\"fr-FR\",\"potentialAction\":[{\"@type\":\"ReadAction\",\"target\":[\"https:\/\/www.nettali.com\/2024\/09\/11\/sudes-esr-sur-le-depart-damadou-aly-mbaye\/\"]}]},{\"@type\":\"BreadcrumbList\",\"@id\":\"https:\/\/www.nettali.com\/2024\/09\/11\/sudes-esr-sur-le-depart-damadou-aly-mbaye\/#breadcrumb\",\"itemListElement\":[{\"@type\":\"ListItem\",\"position\":1,\"name\":\"Accueil\",\"item\":\"https:\/\/www.nettali.com\/\"},{\"@type\":\"ListItem\",\"position\":2,\"name\":\"DEPART DU RECTEUR DE L'UDAD - SUDES-ESR exprime sa satisfaction\"}]},{\"@type\":\"Person\",\"@id\":\"https:\/\/www.nettali.com\/#\/schema\/person\/d8ac7b7e27ddad43f1c0d2ef090d7f71\",\"name\":\"CK\",\"image\":{\"@type\":\"ImageObject\",\"@id\":\"https:\/\/www.nettali.com\/#personlogo\",\"inLanguage\":\"fr-FR\",\"url\":\"https:\/\/secure.gravatar.com\/avatar\/1d8d5118b9327d94da7cd4ce7f17fec2?s=96&d=mm&r=g\",\"contentUrl\":\"https:\/\/secure.gravatar.com\/avatar\/1d8d5118b9327d94da7cd4ce7f17fec2?s=96&d=mm&r=g\",\"caption\":\"CK\"},\"sameAs\":[\"https:\/\/www.nettali.com\"]}]}<\/script>\n<!-- \/ Yoast SEO Premium plugin. -->","yoast_head_json":{"title":"DEPART DU RECTEUR DE L'UDAD - SUDES-ESR exprime sa satisfaction | Nettali.com","robots":{"index":"index","follow":"follow","max-snippet":"max-snippet:-1","max-image-preview":"max-image-preview:large","max-video-preview":"max-video-preview:-1"},"canonical":"https:\/\/www.nettali.com\/2024\/09\/11\/sudes-esr-sur-le-depart-damadou-aly-mbaye\/","og_locale":"fr_FR","og_type":"article","og_title":"DEPART DU RECTEUR DE L'UDAD - SUDES-ESR exprime sa satisfaction","og_description":"NETTALI.COM - Mardi 10 septembre, en Conseil des ministres, a e\u0301te\u0301 de\u0301cide\u0301 du remplacement du recteur de l\u2019universite\u0301 Cheikh Anta Diop de Dakar, Amadou Aly Mbaye, par la vice-rectrice Aminata Niang Die\u0300ne. Professeure titulaire des universite\u0301s, elle est de\u0301sormais la rectrice par inte\u0301rim. Dans un communique\u0301 rec\u0327u le m\u00eame jour\u00a0 a\u0300 \u201cNettali.com\u201d, le Sudes-ESR section [&hellip;]","og_url":"https:\/\/www.nettali.com\/2024\/09\/11\/sudes-esr-sur-le-depart-damadou-aly-mbaye\/","og_site_name":"Nettali.com","article_publisher":"https:\/\/www.facebook.com\/nettalicom","article_published_time":"2024-09-11T08:18:31+00:00","article_modified_time":"2024-09-11T09:04:24+00:00","og_image":[{"width":1059,"height":673,"url":"https:\/\/www.nettali.com\/wp-content\/uploads\/2024\/09\/recteur-Ahmadou-Aly-Mbaye.jpg","type":"image\/jpeg"}],"twitter_card":"summary_large_image","twitter_misc":{"\u00c9crit par":"CK","Dur\u00e9e de lecture estim\u00e9e":"2 minutes"},"schema":{"@context":"https:\/\/schema.org","@graph":[{"@type":"WebSite","@id":"https:\/\/www.nettali.com\/#website","url":"https:\/\/www.nettali.com\/","name":"Nettali.com","description":"Le rendez-vous critique du Net","potentialAction":[{"@type":"SearchAction","target":{"@type":"EntryPoint","urlTemplate":"https:\/\/www.nettali.com\/?s={search_term_string}"},"query-input":"required name=search_term_string"}],"inLanguage":"fr-FR"},{"@type":"ImageObject","@id":"https:\/\/www.nettali.com\/2024\/09\/11\/sudes-esr-sur-le-depart-damadou-aly-mbaye\/#primaryimage","inLanguage":"fr-FR","url":"https:\/\/www.nettali.com\/wp-content\/uploads\/2024\/09\/recteur-Ahmadou-Aly-Mbaye.jpg","contentUrl":"https:\/\/www.nettali.com\/wp-content\/uploads\/2024\/09\/recteur-Ahmadou-Aly-Mbaye.jpg","width":1059,"height":673},{"@type":"WebPage","@id":"https:\/\/www.nettali.com\/2024\/09\/11\/sudes-esr-sur-le-depart-damadou-aly-mbaye\/#webpage","url":"https:\/\/www.nettali.com\/2024\/09\/11\/sudes-esr-sur-le-depart-damadou-aly-mbaye\/","name":"DEPART DU RECTEUR DE L'UDAD - SUDES-ESR exprime sa satisfaction | Nettali.com","isPartOf":{"@id":"https:\/\/www.nettali.com\/#website"},"primaryImageOfPage":{"@id":"https:\/\/www.nettali.com\/2024\/09\/11\/sudes-esr-sur-le-depart-damadou-aly-mbaye\/#primaryimage"},"datePublished":"2024-09-11T08:18:31+00:00","dateModified":"2024-09-11T09:04:24+00:00","author":{"@id":"https:\/\/www.nettali.com\/#\/schema\/person\/d8ac7b7e27ddad43f1c0d2ef090d7f71"},"breadcrumb":{"@id":"https:\/\/www.nettali.com\/2024\/09\/11\/sudes-esr-sur-le-depart-damadou-aly-mbaye\/#breadcrumb"},"inLanguage":"fr-FR","potentialAction":[{"@type":"ReadAction","target":["https:\/\/www.nettali.com\/2024\/09\/11\/sudes-esr-sur-le-depart-damadou-aly-mbaye\/"]}]},{"@type":"BreadcrumbList","@id":"https:\/\/www.nettali.com\/2024\/09\/11\/sudes-esr-sur-le-depart-damadou-aly-mbaye\/#breadcrumb","itemListElement":[{"@type":"ListItem","position":1,"name":"Accueil","item":"https:\/\/www.nettali.com\/"},{"@type":"ListItem","position":2,"name":"DEPART DU RECTEUR DE L'UDAD - SUDES-ESR exprime sa satisfaction"}]},{"@type":"Person","@id":"https:\/\/www.nettali.com\/#\/schema\/person\/d8ac7b7e27ddad43f1c0d2ef090d7f71","name":"CK","image":{"@type":"ImageObject","@id":"https:\/\/www.nettali.com\/#personlogo","inLanguage":"fr-FR","url":"https:\/\/secure.gravatar.com\/avatar\/1d8d5118b9327d94da7cd4ce7f17fec2?s=96&d=mm&r=g","contentUrl":"https:\/\/secure.gravatar.com\/avatar\/1d8d5118b9327d94da7cd4ce7f17fec2?s=96&d=mm&r=g","caption":"CK"},"sameAs":["https:\/\/www.nettali.com"]}]}},"_links":{"self":[{"href":"https:\/\/www.nettali.com\/rest\/wp\/v2\/posts\/140041"}],"collection":[{"href":"https:\/\/www.nettali.com\/rest\/wp\/v2\/posts"}],"about":[{"href":"https:\/\/www.nettali.com\/rest\/wp\/v2\/types\/post"}],"author":[{"embeddable":true,"href":"https:\/\/www.nettali.com\/rest\/wp\/v2\/users\/2"}],"replies":[{"embeddable":true,"href":"https:\/\/www.nettali.com\/rest\/wp\/v2\/comments?post=140041"}],"version-history":[{"count":3,"href":"https:\/\/www.nettali.com\/rest\/wp\/v2\/posts\/140041\/revisions"}],"predecessor-version":[{"id":140060,"href":"https:\/\/www.nettali.com\/rest\/wp\/v2\/posts\/140041\/revisions\/140060"}],"wp:featuredmedia":[{"embeddable":true,"href":"https:\/\/www.nettali.com\/rest\/wp\/v2\/media\/140042"}],"wp:attachment":[{"href":"https:\/\/www.nettali.com\/rest\/wp\/v2\/media?parent=140041"}],"wp:term":[{"taxonomy":"category","embeddable":true,"href":"https:\/\/www.nettali.com\/rest\/wp\/v2\/categories?post=140041"},{"taxonomy":"post_tag","embeddable":true,"href":"https:\/\/www.nettali.com\/rest\/wp\/v2\/tags?post=140041"}],"curies":[{"name":"wp","href":"https:\/\/api.w.org\/{rel}","templated":true}]}}