{"id":139974,"date":"2024-09-10T08:34:02","date_gmt":"2024-09-10T08:34:02","guid":{"rendered":"https:\/\/www.nettali.com\/?p=139974"},"modified":"2024-09-10T08:34:02","modified_gmt":"2024-09-10T08:34:02","slug":"interdictions-de-sorties-du-territoire-jugees-illegales-les-avocats-republicains-denoncent-la-regression-des-libertes","status":"publish","type":"post","link":"https:\/\/www.nettali.com\/2024\/09\/10\/interdictions-de-sorties-du-territoire-jugees-illegales-les-avocats-republicains-denoncent-la-regression-des-libertes\/","title":{"rendered":"INTERDICTIONS DE SORTIES DU TERRITOIRE JUGEES ILLEGALES - Les avocats r\u00e9publicains d\u00e9noncent la r\u00e9gression des libert\u00e9s"},"content":{"rendered":"<div class=\"column\">\n<p><strong>NETTALI.COM -<\/strong> Le Collectif des avocats re\u0301publicains de\u0301nonce la re\u0301gression des liberte\u0301s au Se\u0301ne\u0301gal. Dans un communique\u0301 publie\u0301, le lundi 9 septembre, le collectif a \u201c<em>exprime\u0301 son profond regret face a\u0300 ce qu'il conside\u0300re comme une re\u0301gression significative des droits humains et de la liberte\u0301 d'expression au Se\u0301ne\u0301gal<\/em>\u201d.<\/p>\n<p>Il alerte sur \u201c<em>l'augmentation des arrestations arbitraires, des violations des liberte\u0301s individuelles et des atteintes graves a\u0300 la liberte\u0301 d'expression, pourtant garanties par la Constitution<\/em>\u201d. En effet, l'un des points majeurs de ce communique\u0301 est la de\u0301nonciation des mesures restrictives a\u0300 l'encontre de citoyens se\u0301ne\u0301galais, souvent reconduits depuis l'ae\u0301roport.<\/p>\n<p>Selon le collectif, ces individus, dont le seul \u201ctort\u201d serait leur appartenance a\u0300 l\u2019ancien re\u0301gime, sont empe\u0302che\u0301s de quitter le pays sans aucune base le\u0301gale. Ces interdictions de sortie du territoire, juge\u0301es ille\u0301gales, portent atteinte a\u0300 la liberte\u0301 fondamentale d\u2019aller et venir. De plus, elles \u201c<em>constituent une mesure ille\u0301gale, injuste et sont manifestement attentatoires a\u0300 la liberte\u0301 fondamentale d\u2019aller et de venir, me\u0300re de toutes les liberte\u0301s<\/em>\u201d.<\/p>\n<p>Par ailleurs, le collectif accuse le gouvernement de mettre en place \u201cd<em>es mesures antide\u0301mocratiques, despotiques et arbitraires sans fondement juridique\u201d qu\u2019il de\u0301nonce vigoureusement et exige des autorite\u0301s compe\u0301tentes le respect scru<\/em><em>puleux des droits de ces citoyens. Il dit e\u0301galement s'inquie\u0301ter de l'absence de poursuites judiciaires a\u0300 l\u2019encontre de ces citoyens, ce qui rend d'autant plus ille\u0301gitime l\u2019interdiction de leur libre circulation. <\/em><\/p>\n<p><em>Face a\u0300 ce qu'il qualifie de \u201cpra- tiques totalitaires<\/em>\u201d, le Collectif des avocats re\u0301publicains a annonce\u0301 son intention d'engager des actions juridiques et judiciaires imme\u0301diates pour mettre fin a\u0300 cette situation, qu\u2019il conside\u0300re comme un signe alarmant de l\u2019e\u0301rosion de l'E\u0301tat de droit au Se\u0301ne\u0301gal.<\/p>\n<p>\u201c<em>Ces pratiques totalitaires d\u2019un autre a\u0302ge, injustes et dangereuses incarnent, malheureusement, le symbole d\u2019un E\u0301tat de droit malmene\u0301 et a\u0300 l\u2019agonie<\/em>\u201d, ont-ils insiste\u0301.<\/p>\n<\/div>\n<div class='share-to-whatsapp-wrapper'><div class='share-on-whsp'>PARTAGER SUR : <\/div><a data-text='INTERDICTIONS DE SORTIES DU TERRITOIRE JUGEES ILLEGALES - Les avocats r\u00e9publicains d\u00e9noncent la r\u00e9gression des libert\u00e9s' data-link='https:\/\/www.nettali.com\/2024\/09\/10\/interdictions-de-sorties-du-territoire-jugees-illegales-les-avocats-republicains-denoncent-la-regression-des-libertes\/' class='whatsapp-button whatsapp-share'>WhatsApp<\/a><div class='clear '><\/div><\/div>","protected":false},"excerpt":{"rendered":"<p>NETTALI.COM - Le Collectif des avocats re\u0301publicains de\u0301nonce la re\u0301gression des liberte\u0301s au Se\u0301ne\u0301gal. Dans un communique\u0301 publie\u0301, le lundi 9 septembre, le collectif a \u201cexprime\u0301 son profond regret face a\u0300 ce qu'il conside\u0300re comme une re\u0301gression significative des droits humains et de la liberte\u0301 d'expression au Se\u0301ne\u0301gal\u201d. Il alerte sur \u201cl'augmentation des arrestations arbitraires, [&hellip;]<\/p>\n","protected":false},"author":2,"featured_media":139976,"comment_status":"open","ping_status":"open","sticky":false,"template":"","format":"standard","meta":{"_et_pb_use_builder":"","_et_pb_old_content":""},"categories":[34945],"tags":[],"yoast_head":"<!-- This site is optimized with the Yoast SEO Premium plugin v17.8 (Yoast SEO v17.8) - https:\/\/yoast.com\/wordpress\/plugins\/seo\/ -->\n<title>INTERDICTIONS DE SORTIES DU TERRITOIRE JUGEES ILLEGALES - Les avocats r\u00e9publicains d\u00e9noncent la r\u00e9gression des libert\u00e9s | Nettali.com<\/title>\n<meta name=\"robots\" content=\"index, follow, max-snippet:-1, max-image-preview:large, max-video-preview:-1\" \/>\n<link rel=\"canonical\" href=\"https:\/\/www.nettali.com\/2024\/09\/10\/interdictions-de-sorties-du-territoire-jugees-illegales-les-avocats-republicains-denoncent-la-regression-des-libertes\/\" \/>\n<meta property=\"og:locale\" content=\"fr_FR\" \/>\n<meta property=\"og:type\" content=\"article\" \/>\n<meta property=\"og:title\" content=\"INTERDICTIONS DE SORTIES DU TERRITOIRE JUGEES ILLEGALES - Les avocats r\u00e9publicains d\u00e9noncent la r\u00e9gression des libert\u00e9s\" \/>\n<meta property=\"og:description\" content=\"NETTALI.COM - Le Collectif des avocats re\u0301publicains de\u0301nonce la re\u0301gression des liberte\u0301s au Se\u0301ne\u0301gal. Dans un communique\u0301 publie\u0301, le lundi 9 septembre, le collectif a \u201cexprime\u0301 son profond regret face a\u0300 ce qu&#039;il conside\u0300re comme une re\u0301gression significative des droits humains et de la liberte\u0301 d&#039;expression au Se\u0301ne\u0301gal\u201d. Il alerte sur \u201cl&#039;augmentation des arrestations arbitraires, [&hellip;]\" \/>\n<meta property=\"og:url\" content=\"https:\/\/www.nettali.com\/2024\/09\/10\/interdictions-de-sorties-du-territoire-jugees-illegales-les-avocats-republicains-denoncent-la-regression-des-libertes\/\" \/>\n<meta property=\"og:site_name\" content=\"Nettali.com\" \/>\n<meta property=\"article:publisher\" content=\"https:\/\/www.facebook.com\/nettalicom\" \/>\n<meta property=\"article:published_time\" content=\"2024-09-10T08:34:02+00:00\" \/>\n<meta property=\"og:image\" content=\"https:\/\/www.nettali.com\/wp-content\/uploads\/2024\/09\/me_sall_elhadjiamadou-750x375-1.jpg\" \/>\n\t<meta property=\"og:image:width\" content=\"750\" \/>\n\t<meta property=\"og:image:height\" content=\"375\" \/>\n<meta name=\"twitter:card\" content=\"summary_large_image\" \/>\n<meta name=\"twitter:label1\" content=\"\u00c9crit par\" \/>\n\t<meta name=\"twitter:data1\" content=\"CK\" \/>\n\t<meta name=\"twitter:label2\" content=\"Dur\u00e9e de lecture estim\u00e9e\" \/>\n\t<meta name=\"twitter:data2\" content=\"2 minutes\" \/>\n<script type=\"application\/ld+json\" class=\"yoast-schema-graph\">{\"@context\":\"https:\/\/schema.org\",\"@graph\":[{\"@type\":\"WebSite\",\"@id\":\"https:\/\/www.nettali.com\/#website\",\"url\":\"https:\/\/www.nettali.com\/\",\"name\":\"Nettali.com\",\"description\":\"Le rendez-vous critique du Net\",\"potentialAction\":[{\"@type\":\"SearchAction\",\"target\":{\"@type\":\"EntryPoint\",\"urlTemplate\":\"https:\/\/www.nettali.com\/?s={search_term_string}\"},\"query-input\":\"required name=search_term_string\"}],\"inLanguage\":\"fr-FR\"},{\"@type\":\"ImageObject\",\"@id\":\"https:\/\/www.nettali.com\/2024\/09\/10\/interdictions-de-sorties-du-territoire-jugees-illegales-les-avocats-republicains-denoncent-la-regression-des-libertes\/#primaryimage\",\"inLanguage\":\"fr-FR\",\"url\":\"https:\/\/www.nettali.com\/wp-content\/uploads\/2024\/09\/me_sall_elhadjiamadou-750x375-1.jpg\",\"contentUrl\":\"https:\/\/www.nettali.com\/wp-content\/uploads\/2024\/09\/me_sall_elhadjiamadou-750x375-1.jpg\",\"width\":750,\"height\":375},{\"@type\":\"WebPage\",\"@id\":\"https:\/\/www.nettali.com\/2024\/09\/10\/interdictions-de-sorties-du-territoire-jugees-illegales-les-avocats-republicains-denoncent-la-regression-des-libertes\/#webpage\",\"url\":\"https:\/\/www.nettali.com\/2024\/09\/10\/interdictions-de-sorties-du-territoire-jugees-illegales-les-avocats-republicains-denoncent-la-regression-des-libertes\/\",\"name\":\"INTERDICTIONS DE SORTIES DU TERRITOIRE JUGEES ILLEGALES - Les avocats r\\u00e9publicains d\\u00e9noncent la r\\u00e9gression des libert\\u00e9s | Nettali.com\",\"isPartOf\":{\"@id\":\"https:\/\/www.nettali.com\/#website\"},\"primaryImageOfPage\":{\"@id\":\"https:\/\/www.nettali.com\/2024\/09\/10\/interdictions-de-sorties-du-territoire-jugees-illegales-les-avocats-republicains-denoncent-la-regression-des-libertes\/#primaryimage\"},\"datePublished\":\"2024-09-10T08:34:02+00:00\",\"dateModified\":\"2024-09-10T08:34:02+00:00\",\"author\":{\"@id\":\"https:\/\/www.nettali.com\/#\/schema\/person\/d8ac7b7e27ddad43f1c0d2ef090d7f71\"},\"breadcrumb\":{\"@id\":\"https:\/\/www.nettali.com\/2024\/09\/10\/interdictions-de-sorties-du-territoire-jugees-illegales-les-avocats-republicains-denoncent-la-regression-des-libertes\/#breadcrumb\"},\"inLanguage\":\"fr-FR\",\"potentialAction\":[{\"@type\":\"ReadAction\",\"target\":[\"https:\/\/www.nettali.com\/2024\/09\/10\/interdictions-de-sorties-du-territoire-jugees-illegales-les-avocats-republicains-denoncent-la-regression-des-libertes\/\"]}]},{\"@type\":\"BreadcrumbList\",\"@id\":\"https:\/\/www.nettali.com\/2024\/09\/10\/interdictions-de-sorties-du-territoire-jugees-illegales-les-avocats-republicains-denoncent-la-regression-des-libertes\/#breadcrumb\",\"itemListElement\":[{\"@type\":\"ListItem\",\"position\":1,\"name\":\"Accueil\",\"item\":\"https:\/\/www.nettali.com\/\"},{\"@type\":\"ListItem\",\"position\":2,\"name\":\"INTERDICTIONS DE SORTIES DU TERRITOIRE JUGEES ILLEGALES - Les avocats r\\u00e9publicains d\\u00e9noncent la r\\u00e9gression des libert\\u00e9s\"}]},{\"@type\":\"Person\",\"@id\":\"https:\/\/www.nettali.com\/#\/schema\/person\/d8ac7b7e27ddad43f1c0d2ef090d7f71\",\"name\":\"CK\",\"image\":{\"@type\":\"ImageObject\",\"@id\":\"https:\/\/www.nettali.com\/#personlogo\",\"inLanguage\":\"fr-FR\",\"url\":\"https:\/\/secure.gravatar.com\/avatar\/1d8d5118b9327d94da7cd4ce7f17fec2?s=96&d=mm&r=g\",\"contentUrl\":\"https:\/\/secure.gravatar.com\/avatar\/1d8d5118b9327d94da7cd4ce7f17fec2?s=96&d=mm&r=g\",\"caption\":\"CK\"},\"sameAs\":[\"https:\/\/www.nettali.com\"]}]}<\/script>\n<!-- \/ Yoast SEO Premium plugin. -->","yoast_head_json":{"title":"INTERDICTIONS DE SORTIES DU TERRITOIRE JUGEES ILLEGALES - Les avocats r\u00e9publicains d\u00e9noncent la r\u00e9gression des libert\u00e9s | Nettali.com","robots":{"index":"index","follow":"follow","max-snippet":"max-snippet:-1","max-image-preview":"max-image-preview:large","max-video-preview":"max-video-preview:-1"},"canonical":"https:\/\/www.nettali.com\/2024\/09\/10\/interdictions-de-sorties-du-territoire-jugees-illegales-les-avocats-republicains-denoncent-la-regression-des-libertes\/","og_locale":"fr_FR","og_type":"article","og_title":"INTERDICTIONS DE SORTIES DU TERRITOIRE JUGEES ILLEGALES - Les avocats r\u00e9publicains d\u00e9noncent la r\u00e9gression des libert\u00e9s","og_description":"NETTALI.COM - Le Collectif des avocats re\u0301publicains de\u0301nonce la re\u0301gression des liberte\u0301s au Se\u0301ne\u0301gal. Dans un communique\u0301 publie\u0301, le lundi 9 septembre, le collectif a \u201cexprime\u0301 son profond regret face a\u0300 ce qu'il conside\u0300re comme une re\u0301gression significative des droits humains et de la liberte\u0301 d'expression au Se\u0301ne\u0301gal\u201d. Il alerte sur \u201cl'augmentation des arrestations arbitraires, [&hellip;]","og_url":"https:\/\/www.nettali.com\/2024\/09\/10\/interdictions-de-sorties-du-territoire-jugees-illegales-les-avocats-republicains-denoncent-la-regression-des-libertes\/","og_site_name":"Nettali.com","article_publisher":"https:\/\/www.facebook.com\/nettalicom","article_published_time":"2024-09-10T08:34:02+00:00","og_image":[{"width":750,"height":375,"url":"https:\/\/www.nettali.com\/wp-content\/uploads\/2024\/09\/me_sall_elhadjiamadou-750x375-1.jpg","type":"image\/jpeg"}],"twitter_card":"summary_large_image","twitter_misc":{"\u00c9crit par":"CK","Dur\u00e9e de lecture estim\u00e9e":"2 minutes"},"schema":{"@context":"https:\/\/schema.org","@graph":[{"@type":"WebSite","@id":"https:\/\/www.nettali.com\/#website","url":"https:\/\/www.nettali.com\/","name":"Nettali.com","description":"Le rendez-vous critique du Net","potentialAction":[{"@type":"SearchAction","target":{"@type":"EntryPoint","urlTemplate":"https:\/\/www.nettali.com\/?s={search_term_string}"},"query-input":"required name=search_term_string"}],"inLanguage":"fr-FR"},{"@type":"ImageObject","@id":"https:\/\/www.nettali.com\/2024\/09\/10\/interdictions-de-sorties-du-territoire-jugees-illegales-les-avocats-republicains-denoncent-la-regression-des-libertes\/#primaryimage","inLanguage":"fr-FR","url":"https:\/\/www.nettali.com\/wp-content\/uploads\/2024\/09\/me_sall_elhadjiamadou-750x375-1.jpg","contentUrl":"https:\/\/www.nettali.com\/wp-content\/uploads\/2024\/09\/me_sall_elhadjiamadou-750x375-1.jpg","width":750,"height":375},{"@type":"WebPage","@id":"https:\/\/www.nettali.com\/2024\/09\/10\/interdictions-de-sorties-du-territoire-jugees-illegales-les-avocats-republicains-denoncent-la-regression-des-libertes\/#webpage","url":"https:\/\/www.nettali.com\/2024\/09\/10\/interdictions-de-sorties-du-territoire-jugees-illegales-les-avocats-republicains-denoncent-la-regression-des-libertes\/","name":"INTERDICTIONS DE SORTIES DU TERRITOIRE JUGEES ILLEGALES - Les avocats r\u00e9publicains d\u00e9noncent la r\u00e9gression des libert\u00e9s | Nettali.com","isPartOf":{"@id":"https:\/\/www.nettali.com\/#website"},"primaryImageOfPage":{"@id":"https:\/\/www.nettali.com\/2024\/09\/10\/interdictions-de-sorties-du-territoire-jugees-illegales-les-avocats-republicains-denoncent-la-regression-des-libertes\/#primaryimage"},"datePublished":"2024-09-10T08:34:02+00:00","dateModified":"2024-09-10T08:34:02+00:00","author":{"@id":"https:\/\/www.nettali.com\/#\/schema\/person\/d8ac7b7e27ddad43f1c0d2ef090d7f71"},"breadcrumb":{"@id":"https:\/\/www.nettali.com\/2024\/09\/10\/interdictions-de-sorties-du-territoire-jugees-illegales-les-avocats-republicains-denoncent-la-regression-des-libertes\/#breadcrumb"},"inLanguage":"fr-FR","potentialAction":[{"@type":"ReadAction","target":["https:\/\/www.nettali.com\/2024\/09\/10\/interdictions-de-sorties-du-territoire-jugees-illegales-les-avocats-republicains-denoncent-la-regression-des-libertes\/"]}]},{"@type":"BreadcrumbList","@id":"https:\/\/www.nettali.com\/2024\/09\/10\/interdictions-de-sorties-du-territoire-jugees-illegales-les-avocats-republicains-denoncent-la-regression-des-libertes\/#breadcrumb","itemListElement":[{"@type":"ListItem","position":1,"name":"Accueil","item":"https:\/\/www.nettali.com\/"},{"@type":"ListItem","position":2,"name":"INTERDICTIONS DE SORTIES DU TERRITOIRE JUGEES ILLEGALES - Les avocats r\u00e9publicains d\u00e9noncent la r\u00e9gression des libert\u00e9s"}]},{"@type":"Person","@id":"https:\/\/www.nettali.com\/#\/schema\/person\/d8ac7b7e27ddad43f1c0d2ef090d7f71","name":"CK","image":{"@type":"ImageObject","@id":"https:\/\/www.nettali.com\/#personlogo","inLanguage":"fr-FR","url":"https:\/\/secure.gravatar.com\/avatar\/1d8d5118b9327d94da7cd4ce7f17fec2?s=96&d=mm&r=g","contentUrl":"https:\/\/secure.gravatar.com\/avatar\/1d8d5118b9327d94da7cd4ce7f17fec2?s=96&d=mm&r=g","caption":"CK"},"sameAs":["https:\/\/www.nettali.com"]}]}},"_links":{"self":[{"href":"https:\/\/www.nettali.com\/rest\/wp\/v2\/posts\/139974"}],"collection":[{"href":"https:\/\/www.nettali.com\/rest\/wp\/v2\/posts"}],"about":[{"href":"https:\/\/www.nettali.com\/rest\/wp\/v2\/types\/post"}],"author":[{"embeddable":true,"href":"https:\/\/www.nettali.com\/rest\/wp\/v2\/users\/2"}],"replies":[{"embeddable":true,"href":"https:\/\/www.nettali.com\/rest\/wp\/v2\/comments?post=139974"}],"version-history":[{"count":1,"href":"https:\/\/www.nettali.com\/rest\/wp\/v2\/posts\/139974\/revisions"}],"predecessor-version":[{"id":139977,"href":"https:\/\/www.nettali.com\/rest\/wp\/v2\/posts\/139974\/revisions\/139977"}],"wp:featuredmedia":[{"embeddable":true,"href":"https:\/\/www.nettali.com\/rest\/wp\/v2\/media\/139976"}],"wp:attachment":[{"href":"https:\/\/www.nettali.com\/rest\/wp\/v2\/media?parent=139974"}],"wp:term":[{"taxonomy":"category","embeddable":true,"href":"https:\/\/www.nettali.com\/rest\/wp\/v2\/categories?post=139974"},{"taxonomy":"post_tag","embeddable":true,"href":"https:\/\/www.nettali.com\/rest\/wp\/v2\/tags?post=139974"}],"curies":[{"name":"wp","href":"https:\/\/api.w.org\/{rel}","templated":true}]}}