{"id":139885,"date":"2024-09-08T18:35:55","date_gmt":"2024-09-08T18:35:55","guid":{"rendered":"https:\/\/www.nettali.com\/?p=139885"},"modified":"2024-09-08T18:35:55","modified_gmt":"2024-09-08T18:35:55","slug":"equipe-nationale-aliou-cisse-defend-son-systeme-conteste","status":"publish","type":"post","link":"https:\/\/www.nettali.com\/2024\/09\/08\/equipe-nationale-aliou-cisse-defend-son-systeme-conteste\/","title":{"rendered":"\u00c9QUIPE NATIONALE - Aliou Ciss\u00e9 d\u00e9fend son syst\u00e8me contest\u00e9"},"content":{"rendered":"<hr \/>\n<p><strong>NETTALI.COM - Hu\u00e9 par une partie du public du stade Diamniadio qui r\u00e9clamait sa d\u00e9mission vendredi apr\u00e8s le frustrant match nul face au Burkina Faso, Aliou Ciss\u00e9 a pris la parole ce dimanche 8 septembre. En conf\u00e9rence de presse de veille de match contre le Burundi, le s\u00e9lectionneur national, reproch\u00e9 d\u2019insister sur un 3-5-2 qui ne met pas plusieurs joueurs dont des cadres \u00e0 leur poste de pr\u00e9dilection, a bien d\u00e9fendu son \"syst\u00e8me\".<\/strong><\/p>\n<p>\"Depuis 10 ans, on a toujours chang\u00e9 de syst\u00e8me. J\u2019ai commenc\u00e9 avec le 4-2-3-1, on a jou\u00e9 en 4-3-3, en 4-4-2, et d\u2019ailleurs, c\u2019est la blessure de Kr\u00e9pin Diatta, juste avant la CAN, qui nous a pouss\u00e9s \u00e0 changer de syst\u00e8me. J\u2019ai des joueurs capables de jouer dans n\u2019importe quel syst\u00e8me. Je pense que ce sera tr\u00e8s difficile pour moi de tout expliquer lors d\u2019une conf\u00e9rence de presse. Le mieux est d\u2019attendre notre match pour parler v\u00e9ritablement de technique et de tactique.\"<\/p>\n<p><strong>\"On a les profils adapt\u00e9s \u00e0 ce syst\u00e8me en 3-5-2\"<\/strong><\/p>\n<p>\"Est-ce qu\u2019aujourd\u2019hui les profils de joueurs sont adapt\u00e9s \u00e0 ce syst\u00e8me ? Je dis oui, c\u2019est clair et net. Quand on fait jouer Isma\u00efla Sarr en piston gauche, c\u2019est parce que nous pensons qu\u2019il a le profil. C\u2019est un athl\u00e8te de haut niveau, il a une grande capacit\u00e9 athl\u00e9tique, il est techniquement bon et capable de r\u00e9p\u00e9ter les efforts.\"<\/p>\n<p><strong>\"Habib Diarra a d\u00e9j\u00e0 jou\u00e9 \u00e0 ce poste en club\"<\/strong><\/p>\n<p>\"Si on prend \u00e0 droite, Habib Diarra, c\u2019est un gar\u00e7on qui a d\u00e9j\u00e0 jou\u00e9 \u00e0 ce poste en club. Sous l\u2019\u00e8re Guy St\u00e9phan (ndlr Julien Stephan en r\u00e9alit\u00e9, le fils de Guy Stephan), si je ne me trompe pas, il a su jouer \u00e0 gauche et \u00e0 droite. C\u2019est un athl\u00e8te de haut niveau, physiquement il a un gros potentiel, et techniquement il est tr\u00e8s bon.\"<\/p>\n<p><strong>\"Ce n\u2019est pas comme si je faisais jouer Koulibaly attaquant\"<\/strong><\/p>\n<p>\"Koulibaly en position de lib\u00e9ro, lui, c\u2019est un axe central. En gros, je veux vous expliquer que dans ce syst\u00e8me-l\u00e0, ce n\u2019est pas comme si je prenais un Koulibaly et je le faisais jouer attaquant, ou bien un Sadio Man\u00e9 en d\u00e9fenseur central. Sadio, dans le 4-3-3, il est dans la deuxi\u00e8me zone et je le dis, 99% des buts de Sadio, il les a marqu\u00e9s dans la deuxi\u00e8me zone ou bien dans le couloir central. Je veux dire, Sadio joue \u00e0 ce poste, il ne joue pas num\u00e9ro 6.\"<\/p>\n<p><strong>\"Pape Gu\u00e8ye est pratiquement au m\u00eame poste \u00e0 Villarreal\"<\/strong><\/p>\n<p>\"Pape Matar Sarr, l\u00e0 o\u00f9 il joue, c\u2019est son poste en club. Idrissa Gana Gu\u00e8ye, comme sentinelle, c\u2019est son poste. Pape Gu\u00e8ye, un peu plus haut dans le syst\u00e8me, c\u2019est pratiquement le m\u00eame poste qu\u2019\u00e0 Villarreal.\"<\/p>\n<div class='share-to-whatsapp-wrapper'><div class='share-on-whsp'>PARTAGER SUR : <\/div><a data-text='\u00c9QUIPE NATIONALE - Aliou Ciss\u00e9 d\u00e9fend son syst\u00e8me contest\u00e9' data-link='https:\/\/www.nettali.com\/2024\/09\/08\/equipe-nationale-aliou-cisse-defend-son-systeme-conteste\/' class='whatsapp-button whatsapp-share'>WhatsApp<\/a><div class='clear '><\/div><\/div>","protected":false},"excerpt":{"rendered":"<p>NETTALI.COM - Hu\u00e9 par une partie du public du stade Diamniadio qui r\u00e9clamait sa d\u00e9mission vendredi apr\u00e8s le frustrant match nul face au Burkina Faso, Aliou Ciss\u00e9 a pris la parole ce dimanche 8 septembre. En conf\u00e9rence de presse de veille de match contre le Burundi, le s\u00e9lectionneur national, reproch\u00e9 d\u2019insister sur un 3-5-2 qui [&hellip;]<\/p>\n","protected":false},"author":5,"featured_media":139822,"comment_status":"open","ping_status":"open","sticky":false,"template":"","format":"standard","meta":{"_et_pb_use_builder":"","_et_pb_old_content":""},"categories":[6],"tags":[],"yoast_head":"<!-- This site is optimized with the Yoast SEO Premium plugin v17.8 (Yoast SEO v17.8) - https:\/\/yoast.com\/wordpress\/plugins\/seo\/ -->\n<title>\u00c9QUIPE NATIONALE - Aliou Ciss\u00e9 d\u00e9fend son syst\u00e8me contest\u00e9 | Nettali.com<\/title>\n<meta name=\"robots\" content=\"index, follow, max-snippet:-1, max-image-preview:large, max-video-preview:-1\" \/>\n<link rel=\"canonical\" href=\"https:\/\/www.nettali.com\/2024\/09\/08\/equipe-nationale-aliou-cisse-defend-son-systeme-conteste\/\" \/>\n<meta property=\"og:locale\" content=\"fr_FR\" \/>\n<meta property=\"og:type\" content=\"article\" \/>\n<meta property=\"og:title\" content=\"\u00c9QUIPE NATIONALE - Aliou Ciss\u00e9 d\u00e9fend son syst\u00e8me contest\u00e9\" \/>\n<meta property=\"og:description\" content=\"NETTALI.COM - Hu\u00e9 par une partie du public du stade Diamniadio qui r\u00e9clamait sa d\u00e9mission vendredi apr\u00e8s le frustrant match nul face au Burkina Faso, Aliou Ciss\u00e9 a pris la parole ce dimanche 8 septembre. En conf\u00e9rence de presse de veille de match contre le Burundi, le s\u00e9lectionneur national, reproch\u00e9 d\u2019insister sur un 3-5-2 qui [&hellip;]\" \/>\n<meta property=\"og:url\" content=\"https:\/\/www.nettali.com\/2024\/09\/08\/equipe-nationale-aliou-cisse-defend-son-systeme-conteste\/\" \/>\n<meta property=\"og:site_name\" content=\"Nettali.com\" \/>\n<meta property=\"article:publisher\" content=\"https:\/\/www.facebook.com\/nettalicom\" \/>\n<meta property=\"article:published_time\" content=\"2024-09-08T18:35:55+00:00\" \/>\n<meta property=\"og:image\" content=\"https:\/\/www.nettali.com\/wp-content\/uploads\/2024\/09\/aliou-cisse-2-696x407-1.jpg\" \/>\n\t<meta property=\"og:image:width\" content=\"696\" \/>\n\t<meta property=\"og:image:height\" content=\"407\" \/>\n<meta name=\"twitter:card\" content=\"summary_large_image\" \/>\n<meta name=\"twitter:label1\" content=\"\u00c9crit par\" \/>\n\t<meta name=\"twitter:data1\" content=\"Ibrahima\" \/>\n\t<meta name=\"twitter:label2\" content=\"Dur\u00e9e de lecture estim\u00e9e\" \/>\n\t<meta name=\"twitter:data2\" content=\"3 minutes\" \/>\n<script type=\"application\/ld+json\" class=\"yoast-schema-graph\">{\"@context\":\"https:\/\/schema.org\",\"@graph\":[{\"@type\":\"WebSite\",\"@id\":\"https:\/\/www.nettali.com\/#website\",\"url\":\"https:\/\/www.nettali.com\/\",\"name\":\"Nettali.com\",\"description\":\"Le rendez-vous critique du Net\",\"potentialAction\":[{\"@type\":\"SearchAction\",\"target\":{\"@type\":\"EntryPoint\",\"urlTemplate\":\"https:\/\/www.nettali.com\/?s={search_term_string}\"},\"query-input\":\"required name=search_term_string\"}],\"inLanguage\":\"fr-FR\"},{\"@type\":\"ImageObject\",\"@id\":\"https:\/\/www.nettali.com\/2024\/09\/08\/equipe-nationale-aliou-cisse-defend-son-systeme-conteste\/#primaryimage\",\"inLanguage\":\"fr-FR\",\"url\":\"https:\/\/www.nettali.com\/wp-content\/uploads\/2024\/09\/aliou-cisse-2-696x407-1.jpg\",\"contentUrl\":\"https:\/\/www.nettali.com\/wp-content\/uploads\/2024\/09\/aliou-cisse-2-696x407-1.jpg\",\"width\":696,\"height\":407},{\"@type\":\"WebPage\",\"@id\":\"https:\/\/www.nettali.com\/2024\/09\/08\/equipe-nationale-aliou-cisse-defend-son-systeme-conteste\/#webpage\",\"url\":\"https:\/\/www.nettali.com\/2024\/09\/08\/equipe-nationale-aliou-cisse-defend-son-systeme-conteste\/\",\"name\":\"\\u00c9QUIPE NATIONALE - Aliou Ciss\\u00e9 d\\u00e9fend son syst\\u00e8me contest\\u00e9 | Nettali.com\",\"isPartOf\":{\"@id\":\"https:\/\/www.nettali.com\/#website\"},\"primaryImageOfPage\":{\"@id\":\"https:\/\/www.nettali.com\/2024\/09\/08\/equipe-nationale-aliou-cisse-defend-son-systeme-conteste\/#primaryimage\"},\"datePublished\":\"2024-09-08T18:35:55+00:00\",\"dateModified\":\"2024-09-08T18:35:55+00:00\",\"author\":{\"@id\":\"https:\/\/www.nettali.com\/#\/schema\/person\/bb147657c2986240405a608162b9bb23\"},\"breadcrumb\":{\"@id\":\"https:\/\/www.nettali.com\/2024\/09\/08\/equipe-nationale-aliou-cisse-defend-son-systeme-conteste\/#breadcrumb\"},\"inLanguage\":\"fr-FR\",\"potentialAction\":[{\"@type\":\"ReadAction\",\"target\":[\"https:\/\/www.nettali.com\/2024\/09\/08\/equipe-nationale-aliou-cisse-defend-son-systeme-conteste\/\"]}]},{\"@type\":\"BreadcrumbList\",\"@id\":\"https:\/\/www.nettali.com\/2024\/09\/08\/equipe-nationale-aliou-cisse-defend-son-systeme-conteste\/#breadcrumb\",\"itemListElement\":[{\"@type\":\"ListItem\",\"position\":1,\"name\":\"Accueil\",\"item\":\"https:\/\/www.nettali.com\/\"},{\"@type\":\"ListItem\",\"position\":2,\"name\":\"\\u00c9QUIPE NATIONALE - Aliou Ciss\\u00e9 d\\u00e9fend son syst\\u00e8me contest\\u00e9\"}]},{\"@type\":\"Person\",\"@id\":\"https:\/\/www.nettali.com\/#\/schema\/person\/bb147657c2986240405a608162b9bb23\",\"name\":\"Ibrahima\",\"image\":{\"@type\":\"ImageObject\",\"@id\":\"https:\/\/www.nettali.com\/#personlogo\",\"inLanguage\":\"fr-FR\",\"url\":\"https:\/\/secure.gravatar.com\/avatar\/26a8a81f09f0dd7624c9d5c36c9ba3a2?s=96&d=mm&r=g\",\"contentUrl\":\"https:\/\/secure.gravatar.com\/avatar\/26a8a81f09f0dd7624c9d5c36c9ba3a2?s=96&d=mm&r=g\",\"caption\":\"Ibrahima\"},\"sameAs\":[\"https:\/\/www.nettali.com\"]}]}<\/script>\n<!-- \/ Yoast SEO Premium plugin. -->","yoast_head_json":{"title":"\u00c9QUIPE NATIONALE - Aliou Ciss\u00e9 d\u00e9fend son syst\u00e8me contest\u00e9 | Nettali.com","robots":{"index":"index","follow":"follow","max-snippet":"max-snippet:-1","max-image-preview":"max-image-preview:large","max-video-preview":"max-video-preview:-1"},"canonical":"https:\/\/www.nettali.com\/2024\/09\/08\/equipe-nationale-aliou-cisse-defend-son-systeme-conteste\/","og_locale":"fr_FR","og_type":"article","og_title":"\u00c9QUIPE NATIONALE - Aliou Ciss\u00e9 d\u00e9fend son syst\u00e8me contest\u00e9","og_description":"NETTALI.COM - Hu\u00e9 par une partie du public du stade Diamniadio qui r\u00e9clamait sa d\u00e9mission vendredi apr\u00e8s le frustrant match nul face au Burkina Faso, Aliou Ciss\u00e9 a pris la parole ce dimanche 8 septembre. En conf\u00e9rence de presse de veille de match contre le Burundi, le s\u00e9lectionneur national, reproch\u00e9 d\u2019insister sur un 3-5-2 qui [&hellip;]","og_url":"https:\/\/www.nettali.com\/2024\/09\/08\/equipe-nationale-aliou-cisse-defend-son-systeme-conteste\/","og_site_name":"Nettali.com","article_publisher":"https:\/\/www.facebook.com\/nettalicom","article_published_time":"2024-09-08T18:35:55+00:00","og_image":[{"width":696,"height":407,"url":"https:\/\/www.nettali.com\/wp-content\/uploads\/2024\/09\/aliou-cisse-2-696x407-1.jpg","type":"image\/jpeg"}],"twitter_card":"summary_large_image","twitter_misc":{"\u00c9crit par":"Ibrahima","Dur\u00e9e de lecture estim\u00e9e":"3 minutes"},"schema":{"@context":"https:\/\/schema.org","@graph":[{"@type":"WebSite","@id":"https:\/\/www.nettali.com\/#website","url":"https:\/\/www.nettali.com\/","name":"Nettali.com","description":"Le rendez-vous critique du Net","potentialAction":[{"@type":"SearchAction","target":{"@type":"EntryPoint","urlTemplate":"https:\/\/www.nettali.com\/?s={search_term_string}"},"query-input":"required name=search_term_string"}],"inLanguage":"fr-FR"},{"@type":"ImageObject","@id":"https:\/\/www.nettali.com\/2024\/09\/08\/equipe-nationale-aliou-cisse-defend-son-systeme-conteste\/#primaryimage","inLanguage":"fr-FR","url":"https:\/\/www.nettali.com\/wp-content\/uploads\/2024\/09\/aliou-cisse-2-696x407-1.jpg","contentUrl":"https:\/\/www.nettali.com\/wp-content\/uploads\/2024\/09\/aliou-cisse-2-696x407-1.jpg","width":696,"height":407},{"@type":"WebPage","@id":"https:\/\/www.nettali.com\/2024\/09\/08\/equipe-nationale-aliou-cisse-defend-son-systeme-conteste\/#webpage","url":"https:\/\/www.nettali.com\/2024\/09\/08\/equipe-nationale-aliou-cisse-defend-son-systeme-conteste\/","name":"\u00c9QUIPE NATIONALE - Aliou Ciss\u00e9 d\u00e9fend son syst\u00e8me contest\u00e9 | Nettali.com","isPartOf":{"@id":"https:\/\/www.nettali.com\/#website"},"primaryImageOfPage":{"@id":"https:\/\/www.nettali.com\/2024\/09\/08\/equipe-nationale-aliou-cisse-defend-son-systeme-conteste\/#primaryimage"},"datePublished":"2024-09-08T18:35:55+00:00","dateModified":"2024-09-08T18:35:55+00:00","author":{"@id":"https:\/\/www.nettali.com\/#\/schema\/person\/bb147657c2986240405a608162b9bb23"},"breadcrumb":{"@id":"https:\/\/www.nettali.com\/2024\/09\/08\/equipe-nationale-aliou-cisse-defend-son-systeme-conteste\/#breadcrumb"},"inLanguage":"fr-FR","potentialAction":[{"@type":"ReadAction","target":["https:\/\/www.nettali.com\/2024\/09\/08\/equipe-nationale-aliou-cisse-defend-son-systeme-conteste\/"]}]},{"@type":"BreadcrumbList","@id":"https:\/\/www.nettali.com\/2024\/09\/08\/equipe-nationale-aliou-cisse-defend-son-systeme-conteste\/#breadcrumb","itemListElement":[{"@type":"ListItem","position":1,"name":"Accueil","item":"https:\/\/www.nettali.com\/"},{"@type":"ListItem","position":2,"name":"\u00c9QUIPE NATIONALE - Aliou Ciss\u00e9 d\u00e9fend son syst\u00e8me contest\u00e9"}]},{"@type":"Person","@id":"https:\/\/www.nettali.com\/#\/schema\/person\/bb147657c2986240405a608162b9bb23","name":"Ibrahima","image":{"@type":"ImageObject","@id":"https:\/\/www.nettali.com\/#personlogo","inLanguage":"fr-FR","url":"https:\/\/secure.gravatar.com\/avatar\/26a8a81f09f0dd7624c9d5c36c9ba3a2?s=96&d=mm&r=g","contentUrl":"https:\/\/secure.gravatar.com\/avatar\/26a8a81f09f0dd7624c9d5c36c9ba3a2?s=96&d=mm&r=g","caption":"Ibrahima"},"sameAs":["https:\/\/www.nettali.com"]}]}},"_links":{"self":[{"href":"https:\/\/www.nettali.com\/rest\/wp\/v2\/posts\/139885"}],"collection":[{"href":"https:\/\/www.nettali.com\/rest\/wp\/v2\/posts"}],"about":[{"href":"https:\/\/www.nettali.com\/rest\/wp\/v2\/types\/post"}],"author":[{"embeddable":true,"href":"https:\/\/www.nettali.com\/rest\/wp\/v2\/users\/5"}],"replies":[{"embeddable":true,"href":"https:\/\/www.nettali.com\/rest\/wp\/v2\/comments?post=139885"}],"version-history":[{"count":4,"href":"https:\/\/www.nettali.com\/rest\/wp\/v2\/posts\/139885\/revisions"}],"predecessor-version":[{"id":139890,"href":"https:\/\/www.nettali.com\/rest\/wp\/v2\/posts\/139885\/revisions\/139890"}],"wp:featuredmedia":[{"embeddable":true,"href":"https:\/\/www.nettali.com\/rest\/wp\/v2\/media\/139822"}],"wp:attachment":[{"href":"https:\/\/www.nettali.com\/rest\/wp\/v2\/media?parent=139885"}],"wp:term":[{"taxonomy":"category","embeddable":true,"href":"https:\/\/www.nettali.com\/rest\/wp\/v2\/categories?post=139885"},{"taxonomy":"post_tag","embeddable":true,"href":"https:\/\/www.nettali.com\/rest\/wp\/v2\/tags?post=139885"}],"curies":[{"name":"wp","href":"https:\/\/api.w.org\/{rel}","templated":true}]}}