{"id":139819,"date":"2024-09-06T22:48:22","date_gmt":"2024-09-06T22:48:22","guid":{"rendered":"https:\/\/www.nettali.com\/?p=139819"},"modified":"2024-09-08T20:46:25","modified_gmt":"2024-09-08T20:46:25","slug":"dpg-le-13-septembre-lassemblee-nationale-se-plie-a-la-decision-du-chef-de-letat","status":"publish","type":"post","link":"https:\/\/www.nettali.com\/2024\/09\/06\/dpg-le-13-septembre-lassemblee-nationale-se-plie-a-la-decision-du-chef-de-letat\/","title":{"rendered":"DPG LE 13 SEPTEMBRE - L\u2019Assembl\u00e9e nationale se plie \u00e0 la d\u00e9cision du Chef de l\u2019Etat"},"content":{"rendered":"<p><strong>NETTALI.COM - L\u2019Assembl\u00e9e nationale a d\u00e9clar\u00e9 le vendredi 6 septembre, avoir pris acte de la d\u00e9cision du pr\u00e9sident de la R\u00e9publique de fixer au vendredi 13 septembre 2024 la tenue de la D\u00e9claration de politique g\u00e9n\u00e9rale du Premier ministre Ousmane Sonko.<\/strong><\/p>\n<p>Dans un communiqu\u00e9 rendu public \u00e0 l\u2019issue d\u2019une r\u00e9union de son bureau et de celle de la conf\u00e9rence des pr\u00e9sidents des groupes parlementaire, l\u2019Assembl\u00e9e nationale souligne que la d\u00e9cision du chef de l\u2019Etat s\u2019inscrit en droite ligne de la tradition r\u00e9publicaine.<\/p>\n<p>Le pr\u00e9sident de la R\u00e9publique Bassirou Diomaye Faye avait plus t\u00f4t dans la journ\u00e9e adress\u00e9 une lettre au pr\u00e9sident de l\u2019Assembl\u00e9e nationale dans laquelle il fixait au 13 septembre la date de tenue de la D\u00e9claration de politique g\u00e9n\u00e9rale (DPG) du Premier ministre, Ousmane Sonko.<\/p>\n<p><em>\"Le pr\u00e9sident de la R\u00e9publique, conform\u00e9ment \u00e0 ses pr\u00e9rogatives constitutionnelles et \u00e0 l\u2019histoire du S\u00e9n\u00e9gal, a inform\u00e9 l\u2019Assembl\u00e9e nationale dans une lettre en date du 6 septembre 2024 de la tenue le vendredi 13 septembre de la DPG, conform\u00e9ment au r\u00e8glement int\u00e9rieur de l\u2019institution parlementaire en son article 97\u2019\u2019<\/em>, avait annonc\u00e9 \u00e0 l\u2019APS, Yankhoba Di\u00e9m\u00e9, le ministre de l\u2019Emploi, du Travail et des Relations avec les institutions.<\/p>\n<p>Un nouveau d\u00e9veloppement dans ce qui a pris les allures d\u2019un bras de fer entre le pouvoir et l\u2019opposition parlementaire, incarn\u00e9e par la coalition Benno Bokk Yakaar, majoritaire \u00e0 l\u2019Assembl\u00e9e nationale.<\/p>\n<p>Jeudi, une r\u00e9union de la Conf\u00e9rence des pr\u00e9sidents des groupes parlementaires a d\u00e9bouch\u00e9 sur la convocation des d\u00e9put\u00e9s en s\u00e9ances pl\u00e9ni\u00e8res \u00e0 partir de lundi pour l\u2019examen de trois projets de loi, suivi mercredi de la D\u00e9claration de politique g\u00e9n\u00e9rale du Premier ministre Ousmane Sonko.<\/p>\n<p>Cette r\u00e9union a \u00e9t\u00e9 organis\u00e9e dans la foul\u00e9e de l\u2019ouverture le m\u00eame jour de la troisi\u00e8me session extraordinaire de l\u2019ann\u00e9e 2024 convoqu\u00e9e par le pr\u00e9sident de la R\u00e9publique qui s\u2019est appuy\u00e9 sur ses pr\u00e9rogatives constitutionnelles.<\/p>\n<p>La session extraordinaire, ouverte \u00e0 l\u2019initiative du pr\u00e9sident de la R\u00e9publique, se tient apr\u00e8s que les d\u00e9put\u00e9s de Benno Bokk Yaakaar (opposition) ont d\u00e9pos\u00e9 une motion de censure visant \u00e0 dissoudre le gouvernement.<\/p>\n<p>L\u2019ouverture de ladite session extraordinaire a entra\u00een\u00e9 la suspension du processus qui devait conduire \u00e0 l\u2019examen de la motion de censure.\u00a0Selon l\u2019article 84 de la Constitution, l\u2019ouverture de cette session extraordinaire bloque la proc\u00e9dure de la motion de censure de Benno Bokk Yaakaar contre le gouvernement.<\/p>\n<p>Cette motion de censure d\u00e9coule d\u2019un bras de fer entre le pouvoir ex\u00e9cutif et l\u2019opposition parlementaire.<\/p>\n<p>Dans cette confrontation, l\u2019Assembl\u00e9e nationale a rejet\u00e9, lundi, un projet de modification de la Constitution qui visait \u00e0 dissoudre le Haut Conseil des collectivit\u00e9s territoriales (HCCT) et le Conseil \u00e9conomique, social et environnemental (CESE), deux assembl\u00e9es consultatives.<\/p>\n<p>Apr\u00e8s avoir \"pris acte\u2019\u2019 de la d\u00e9cision de l\u2019institution parlementaire, le chef de l\u2019\u00c9tat a limog\u00e9, mercredi, la pr\u00e9sidente du HCCT, Aminata Mbengue Ndiaye, et le pr\u00e9sident du CESE, Abdoulaye Daouda Diallo, deux hauts responsables de partis politiques membres de Benno Bokk Yaakaar.<\/p>\n<div class='share-to-whatsapp-wrapper'><div class='share-on-whsp'>PARTAGER SUR : <\/div><a data-text='DPG LE 13 SEPTEMBRE - L\u2019Assembl\u00e9e nationale se plie \u00e0 la d\u00e9cision du Chef de l\u2019Etat' data-link='https:\/\/www.nettali.com\/2024\/09\/06\/dpg-le-13-septembre-lassemblee-nationale-se-plie-a-la-decision-du-chef-de-letat\/' class='whatsapp-button whatsapp-share'>WhatsApp<\/a><div class='clear '><\/div><\/div>","protected":false},"excerpt":{"rendered":"<p>NETTALI.COM - L\u2019Assembl\u00e9e nationale a d\u00e9clar\u00e9 le vendredi 6 septembre, avoir pris acte de la d\u00e9cision du pr\u00e9sident de la R\u00e9publique de fixer au vendredi 13 septembre 2024 la tenue de la D\u00e9claration de politique g\u00e9n\u00e9rale du Premier ministre Ousmane Sonko. Dans un communiqu\u00e9 rendu public \u00e0 l\u2019issue d\u2019une r\u00e9union de son bureau et de [&hellip;]<\/p>\n","protected":false},"author":4,"featured_media":99490,"comment_status":"open","ping_status":"open","sticky":false,"template":"","format":"standard","meta":{"_et_pb_use_builder":"","_et_pb_old_content":""},"categories":[2],"tags":[],"yoast_head":"<!-- This site is optimized with the Yoast SEO Premium plugin v17.8 (Yoast SEO v17.8) - https:\/\/yoast.com\/wordpress\/plugins\/seo\/ -->\n<title>DPG LE 13 SEPTEMBRE - L\u2019Assembl\u00e9e nationale se plie \u00e0 la d\u00e9cision du Chef de l\u2019Etat | Nettali.com<\/title>\n<meta name=\"robots\" content=\"index, follow, max-snippet:-1, max-image-preview:large, max-video-preview:-1\" \/>\n<link rel=\"canonical\" href=\"https:\/\/www.nettali.com\/2024\/09\/06\/dpg-le-13-septembre-lassemblee-nationale-se-plie-a-la-decision-du-chef-de-letat\/\" \/>\n<meta property=\"og:locale\" content=\"fr_FR\" \/>\n<meta property=\"og:type\" content=\"article\" \/>\n<meta property=\"og:title\" content=\"DPG LE 13 SEPTEMBRE - L\u2019Assembl\u00e9e nationale se plie \u00e0 la d\u00e9cision du Chef de l\u2019Etat\" \/>\n<meta property=\"og:description\" content=\"NETTALI.COM - L\u2019Assembl\u00e9e nationale a d\u00e9clar\u00e9 le vendredi 6 septembre, avoir pris acte de la d\u00e9cision du pr\u00e9sident de la R\u00e9publique de fixer au vendredi 13 septembre 2024 la tenue de la D\u00e9claration de politique g\u00e9n\u00e9rale du Premier ministre Ousmane Sonko. Dans un communiqu\u00e9 rendu public \u00e0 l\u2019issue d\u2019une r\u00e9union de son bureau et de [&hellip;]\" \/>\n<meta property=\"og:url\" content=\"https:\/\/www.nettali.com\/2024\/09\/06\/dpg-le-13-septembre-lassemblee-nationale-se-plie-a-la-decision-du-chef-de-letat\/\" \/>\n<meta property=\"og:site_name\" content=\"Nettali.com\" \/>\n<meta property=\"article:publisher\" content=\"https:\/\/www.facebook.com\/nettalicom\" \/>\n<meta property=\"article:published_time\" content=\"2024-09-06T22:48:22+00:00\" \/>\n<meta property=\"article:modified_time\" content=\"2024-09-08T20:46:25+00:00\" \/>\n<meta property=\"og:image\" content=\"https:\/\/www.nettali.com\/wp-content\/uploads\/2022\/12\/Amadou-Mame-Diop-2.jpg\" \/>\n\t<meta property=\"og:image:width\" content=\"600\" \/>\n\t<meta property=\"og:image:height\" content=\"400\" \/>\n<meta name=\"twitter:card\" content=\"summary_large_image\" \/>\n<meta name=\"twitter:label1\" content=\"\u00c9crit par\" \/>\n\t<meta name=\"twitter:data1\" content=\"Daouda\" \/>\n\t<meta name=\"twitter:label2\" content=\"Dur\u00e9e de lecture estim\u00e9e\" \/>\n\t<meta name=\"twitter:data2\" content=\"3 minutes\" \/>\n<script type=\"application\/ld+json\" class=\"yoast-schema-graph\">{\"@context\":\"https:\/\/schema.org\",\"@graph\":[{\"@type\":\"WebSite\",\"@id\":\"https:\/\/www.nettali.com\/#website\",\"url\":\"https:\/\/www.nettali.com\/\",\"name\":\"Nettali.com\",\"description\":\"Le rendez-vous critique du Net\",\"potentialAction\":[{\"@type\":\"SearchAction\",\"target\":{\"@type\":\"EntryPoint\",\"urlTemplate\":\"https:\/\/www.nettali.com\/?s={search_term_string}\"},\"query-input\":\"required name=search_term_string\"}],\"inLanguage\":\"fr-FR\"},{\"@type\":\"ImageObject\",\"@id\":\"https:\/\/www.nettali.com\/2024\/09\/06\/dpg-le-13-septembre-lassemblee-nationale-se-plie-a-la-decision-du-chef-de-letat\/#primaryimage\",\"inLanguage\":\"fr-FR\",\"url\":\"https:\/\/www.nettali.com\/wp-content\/uploads\/2022\/12\/Amadou-Mame-Diop-2.jpg\",\"contentUrl\":\"https:\/\/www.nettali.com\/wp-content\/uploads\/2022\/12\/Amadou-Mame-Diop-2.jpg\",\"width\":600,\"height\":400},{\"@type\":\"WebPage\",\"@id\":\"https:\/\/www.nettali.com\/2024\/09\/06\/dpg-le-13-septembre-lassemblee-nationale-se-plie-a-la-decision-du-chef-de-letat\/#webpage\",\"url\":\"https:\/\/www.nettali.com\/2024\/09\/06\/dpg-le-13-septembre-lassemblee-nationale-se-plie-a-la-decision-du-chef-de-letat\/\",\"name\":\"DPG LE 13 SEPTEMBRE - L\\u2019Assembl\\u00e9e nationale se plie \\u00e0 la d\\u00e9cision du Chef de l\\u2019Etat | Nettali.com\",\"isPartOf\":{\"@id\":\"https:\/\/www.nettali.com\/#website\"},\"primaryImageOfPage\":{\"@id\":\"https:\/\/www.nettali.com\/2024\/09\/06\/dpg-le-13-septembre-lassemblee-nationale-se-plie-a-la-decision-du-chef-de-letat\/#primaryimage\"},\"datePublished\":\"2024-09-06T22:48:22+00:00\",\"dateModified\":\"2024-09-08T20:46:25+00:00\",\"author\":{\"@id\":\"https:\/\/www.nettali.com\/#\/schema\/person\/3317e0bb3aa1da309fbf7b2780901bf4\"},\"breadcrumb\":{\"@id\":\"https:\/\/www.nettali.com\/2024\/09\/06\/dpg-le-13-septembre-lassemblee-nationale-se-plie-a-la-decision-du-chef-de-letat\/#breadcrumb\"},\"inLanguage\":\"fr-FR\",\"potentialAction\":[{\"@type\":\"ReadAction\",\"target\":[\"https:\/\/www.nettali.com\/2024\/09\/06\/dpg-le-13-septembre-lassemblee-nationale-se-plie-a-la-decision-du-chef-de-letat\/\"]}]},{\"@type\":\"BreadcrumbList\",\"@id\":\"https:\/\/www.nettali.com\/2024\/09\/06\/dpg-le-13-septembre-lassemblee-nationale-se-plie-a-la-decision-du-chef-de-letat\/#breadcrumb\",\"itemListElement\":[{\"@type\":\"ListItem\",\"position\":1,\"name\":\"Accueil\",\"item\":\"https:\/\/www.nettali.com\/\"},{\"@type\":\"ListItem\",\"position\":2,\"name\":\"DPG LE 13 SEPTEMBRE - L\\u2019Assembl\\u00e9e nationale se plie \\u00e0 la d\\u00e9cision du Chef de l\\u2019Etat\"}]},{\"@type\":\"Person\",\"@id\":\"https:\/\/www.nettali.com\/#\/schema\/person\/3317e0bb3aa1da309fbf7b2780901bf4\",\"name\":\"Daouda\",\"image\":{\"@type\":\"ImageObject\",\"@id\":\"https:\/\/www.nettali.com\/#personlogo\",\"inLanguage\":\"fr-FR\",\"url\":\"https:\/\/secure.gravatar.com\/avatar\/8d143b5a49345098ddcfee1c49c2f47c?s=96&d=mm&r=g\",\"contentUrl\":\"https:\/\/secure.gravatar.com\/avatar\/8d143b5a49345098ddcfee1c49c2f47c?s=96&d=mm&r=g\",\"caption\":\"Daouda\"},\"sameAs\":[\"https:\/\/www.nettali.com\"]}]}<\/script>\n<!-- \/ Yoast SEO Premium plugin. -->","yoast_head_json":{"title":"DPG LE 13 SEPTEMBRE - L\u2019Assembl\u00e9e nationale se plie \u00e0 la d\u00e9cision du Chef de l\u2019Etat | Nettali.com","robots":{"index":"index","follow":"follow","max-snippet":"max-snippet:-1","max-image-preview":"max-image-preview:large","max-video-preview":"max-video-preview:-1"},"canonical":"https:\/\/www.nettali.com\/2024\/09\/06\/dpg-le-13-septembre-lassemblee-nationale-se-plie-a-la-decision-du-chef-de-letat\/","og_locale":"fr_FR","og_type":"article","og_title":"DPG LE 13 SEPTEMBRE - L\u2019Assembl\u00e9e nationale se plie \u00e0 la d\u00e9cision du Chef de l\u2019Etat","og_description":"NETTALI.COM - L\u2019Assembl\u00e9e nationale a d\u00e9clar\u00e9 le vendredi 6 septembre, avoir pris acte de la d\u00e9cision du pr\u00e9sident de la R\u00e9publique de fixer au vendredi 13 septembre 2024 la tenue de la D\u00e9claration de politique g\u00e9n\u00e9rale du Premier ministre Ousmane Sonko. Dans un communiqu\u00e9 rendu public \u00e0 l\u2019issue d\u2019une r\u00e9union de son bureau et de [&hellip;]","og_url":"https:\/\/www.nettali.com\/2024\/09\/06\/dpg-le-13-septembre-lassemblee-nationale-se-plie-a-la-decision-du-chef-de-letat\/","og_site_name":"Nettali.com","article_publisher":"https:\/\/www.facebook.com\/nettalicom","article_published_time":"2024-09-06T22:48:22+00:00","article_modified_time":"2024-09-08T20:46:25+00:00","og_image":[{"width":600,"height":400,"url":"https:\/\/www.nettali.com\/wp-content\/uploads\/2022\/12\/Amadou-Mame-Diop-2.jpg","type":"image\/jpeg"}],"twitter_card":"summary_large_image","twitter_misc":{"\u00c9crit par":"Daouda","Dur\u00e9e de lecture estim\u00e9e":"3 minutes"},"schema":{"@context":"https:\/\/schema.org","@graph":[{"@type":"WebSite","@id":"https:\/\/www.nettali.com\/#website","url":"https:\/\/www.nettali.com\/","name":"Nettali.com","description":"Le rendez-vous critique du Net","potentialAction":[{"@type":"SearchAction","target":{"@type":"EntryPoint","urlTemplate":"https:\/\/www.nettali.com\/?s={search_term_string}"},"query-input":"required name=search_term_string"}],"inLanguage":"fr-FR"},{"@type":"ImageObject","@id":"https:\/\/www.nettali.com\/2024\/09\/06\/dpg-le-13-septembre-lassemblee-nationale-se-plie-a-la-decision-du-chef-de-letat\/#primaryimage","inLanguage":"fr-FR","url":"https:\/\/www.nettali.com\/wp-content\/uploads\/2022\/12\/Amadou-Mame-Diop-2.jpg","contentUrl":"https:\/\/www.nettali.com\/wp-content\/uploads\/2022\/12\/Amadou-Mame-Diop-2.jpg","width":600,"height":400},{"@type":"WebPage","@id":"https:\/\/www.nettali.com\/2024\/09\/06\/dpg-le-13-septembre-lassemblee-nationale-se-plie-a-la-decision-du-chef-de-letat\/#webpage","url":"https:\/\/www.nettali.com\/2024\/09\/06\/dpg-le-13-septembre-lassemblee-nationale-se-plie-a-la-decision-du-chef-de-letat\/","name":"DPG LE 13 SEPTEMBRE - L\u2019Assembl\u00e9e nationale se plie \u00e0 la d\u00e9cision du Chef de l\u2019Etat | Nettali.com","isPartOf":{"@id":"https:\/\/www.nettali.com\/#website"},"primaryImageOfPage":{"@id":"https:\/\/www.nettali.com\/2024\/09\/06\/dpg-le-13-septembre-lassemblee-nationale-se-plie-a-la-decision-du-chef-de-letat\/#primaryimage"},"datePublished":"2024-09-06T22:48:22+00:00","dateModified":"2024-09-08T20:46:25+00:00","author":{"@id":"https:\/\/www.nettali.com\/#\/schema\/person\/3317e0bb3aa1da309fbf7b2780901bf4"},"breadcrumb":{"@id":"https:\/\/www.nettali.com\/2024\/09\/06\/dpg-le-13-septembre-lassemblee-nationale-se-plie-a-la-decision-du-chef-de-letat\/#breadcrumb"},"inLanguage":"fr-FR","potentialAction":[{"@type":"ReadAction","target":["https:\/\/www.nettali.com\/2024\/09\/06\/dpg-le-13-septembre-lassemblee-nationale-se-plie-a-la-decision-du-chef-de-letat\/"]}]},{"@type":"BreadcrumbList","@id":"https:\/\/www.nettali.com\/2024\/09\/06\/dpg-le-13-septembre-lassemblee-nationale-se-plie-a-la-decision-du-chef-de-letat\/#breadcrumb","itemListElement":[{"@type":"ListItem","position":1,"name":"Accueil","item":"https:\/\/www.nettali.com\/"},{"@type":"ListItem","position":2,"name":"DPG LE 13 SEPTEMBRE - L\u2019Assembl\u00e9e nationale se plie \u00e0 la d\u00e9cision du Chef de l\u2019Etat"}]},{"@type":"Person","@id":"https:\/\/www.nettali.com\/#\/schema\/person\/3317e0bb3aa1da309fbf7b2780901bf4","name":"Daouda","image":{"@type":"ImageObject","@id":"https:\/\/www.nettali.com\/#personlogo","inLanguage":"fr-FR","url":"https:\/\/secure.gravatar.com\/avatar\/8d143b5a49345098ddcfee1c49c2f47c?s=96&d=mm&r=g","contentUrl":"https:\/\/secure.gravatar.com\/avatar\/8d143b5a49345098ddcfee1c49c2f47c?s=96&d=mm&r=g","caption":"Daouda"},"sameAs":["https:\/\/www.nettali.com"]}]}},"_links":{"self":[{"href":"https:\/\/www.nettali.com\/rest\/wp\/v2\/posts\/139819"}],"collection":[{"href":"https:\/\/www.nettali.com\/rest\/wp\/v2\/posts"}],"about":[{"href":"https:\/\/www.nettali.com\/rest\/wp\/v2\/types\/post"}],"author":[{"embeddable":true,"href":"https:\/\/www.nettali.com\/rest\/wp\/v2\/users\/4"}],"replies":[{"embeddable":true,"href":"https:\/\/www.nettali.com\/rest\/wp\/v2\/comments?post=139819"}],"version-history":[{"count":3,"href":"https:\/\/www.nettali.com\/rest\/wp\/v2\/posts\/139819\/revisions"}],"predecessor-version":[{"id":139837,"href":"https:\/\/www.nettali.com\/rest\/wp\/v2\/posts\/139819\/revisions\/139837"}],"wp:featuredmedia":[{"embeddable":true,"href":"https:\/\/www.nettali.com\/rest\/wp\/v2\/media\/99490"}],"wp:attachment":[{"href":"https:\/\/www.nettali.com\/rest\/wp\/v2\/media?parent=139819"}],"wp:term":[{"taxonomy":"category","embeddable":true,"href":"https:\/\/www.nettali.com\/rest\/wp\/v2\/categories?post=139819"},{"taxonomy":"post_tag","embeddable":true,"href":"https:\/\/www.nettali.com\/rest\/wp\/v2\/tags?post=139819"}],"curies":[{"name":"wp","href":"https:\/\/api.w.org\/{rel}","templated":true}]}}