{"id":139779,"date":"2024-09-06T08:42:09","date_gmt":"2024-09-06T08:42:09","guid":{"rendered":"https:\/\/www.nettali.com\/?p=139779"},"modified":"2024-09-06T08:47:32","modified_gmt":"2024-09-06T08:47:32","slug":"aliou-cisse-tout-est-reuni-pour-retrouver-lefficacite-offensive","status":"publish","type":"post","link":"https:\/\/www.nettali.com\/2024\/09\/06\/aliou-cisse-tout-est-reuni-pour-retrouver-lefficacite-offensive\/","title":{"rendered":"ALIOU CISS\u00c9 - \"Tout est reuni pour retrouver l'efficacit\u00e9 offensive\""},"content":{"rendered":"<p dir=\"ltr\"><strong>NETTALI.COM - A la veille de la r\u00e9ception du Burkina Faso dans le cadre de la premi\u00e8re journ\u00e9e des qualifications pour la CAN 2025, le s\u00e9lectionneur des Lions a fait face \u00e0 la presse ce jeudi. Pour le s\u00e9lectionneur national c'est le moment pour sa troupe de retrouver l'efficacit\u00e9 offensive qui a fait d\u00e9faut derni\u00e8rement aux Lions.<\/strong><\/p>\n<p dir=\"ltr\"><strong>Quel est le discours que vous avez pour votre \u00e9quipe avant d\u2019entamer ces qualifications ?<\/strong><\/p>\n<p dir=\"ltr\">C\u2019est une nouvelle campagne qui commence, c\u2019est un autre parcours du combattant apr\u00e8s les derniers matchs des \u00e9liminatoires de la Coupe du Monde. Tout le monde a envie que le S\u00e9n\u00e9gal retourne \u00e0 la CAN. Il faut qu\u2019on soit focus. On a des joueurs qui sont motiv\u00e9s, on a beaucoup travaill\u00e9 malgr\u00e9 le temps qui est tr\u00e8s court et on est pr\u00eats. On reste sur notre faim de notre dernier match ici contre la RD Congo, mais tout est r\u00e9uni pour retrouver cette efficacit\u00e9 offensive et d\u00e9fensive pour aborder ces \u00e9liminatoires qui sont difficiles. Je pense que le S\u00e9n\u00e9gal les moyens pour pouvoir se qualifier.<\/p>\n<p dir=\"ltr\"><strong>Comment comptez-vous aborder cette rencontre face au Burkina Faso ?<\/strong><\/p>\n<p dir=\"ltr\">J\u2019ai trouv\u00e9 les gar\u00e7ons tr\u00e8s heureux de se retrouver, comme d\u2019habitude. L\u2019ambiance est plut\u00f4t bonne. C\u2019est une famille. Les gar\u00e7ons sont ambitieux et ont envie de continuer \u00e0 \u00e9crire l\u2019histoire de leur pays. Il faut essayer de gagner nos matchs. La cl\u00e9 du match sera la fra\u00eecheur parce que c\u2019est un d\u00e9but de saison o\u00f9 les temps de jeu ne sont pas bien repartis pour tous les joueurs. Les matchs les plus difficiles \u00e0 pr\u00e9parer sont les matchs du d\u00e9but de saison. Mais on a bien travaill\u00e9.<\/p>\n<p dir=\"ltr\"><strong>Qu\u2019en est-il du Burkina Faso ?<\/strong><\/p>\n<p dir=\"ltr\">Il n\u2019y a aucun match qui sera facile. Demain ce sera compliqu\u00e9 face \u00e0 cette \u00e9quipe du Burkina. Comme vous le savez, le Burundi a gagn\u00e9, donc ce sera un d\u00e9placement tr\u00e8s difficile. Mais c\u2019est dans ces moments qu\u2019on doit montrer notre motivation et d\u00e9montrer qu\u2019on fait partie des meilleures \u00e9quipes africaines. C\u2019est un mini championnat. On est calme et pr\u00eat \u00e0 aborder nos deux premi\u00e8res journ\u00e9es. On esp\u00e8re que \u00e7a va bien se passer.<\/p>\n<p dir=\"ltr\"><strong>Entre 2022 et 2024, il y a eu pas mal de changements dans votre \u00e9quipe\u2026<\/strong><\/p>\n<p dir=\"ltr\">C\u2019est normal qu\u2019il y ait des changements. Quand vous regardez, l\u2019\u00e9quipe qui a gagn\u00e9 la CAN, beaucoup de choses se sont pass\u00e9es. Il y a un bon groupe qui est l\u00e0, il y a aussi des rescap\u00e9s 2022. C\u2019est naturel d\u2019avoir ces changements. Le S\u00e9n\u00e9gal a la chance d\u2019avoir un gros r\u00e9servoir de footballeurs constitu\u00e9s de nationaux, de binationaux et d\u2019expatri\u00e9s. Donc, \u00e0 un moment donn\u00e9 le groupe oblig\u00e9 de changer.<\/p>\n<p dir=\"ltr\"><strong>Le Burkina et le S\u00e9n\u00e9gal ont pas mal chang\u00e9 des choses derni\u00e8rement\u2026<\/strong><\/p>\n<p dir=\"ltr\">Ce sont deux g\u00e9n\u00e9rations similaires. Le Burkina Faso me semble en reconstruction. Par rapport \u00e0 la CAN 2022 et le groupe qui est l\u00e0, il y a beaucoup de joueurs qui ne sont plus l\u00e0 et d\u2019autres qui sont revenus. Mais le Burkina reste une \u00e9quipe tr\u00e8s dure \u00e0 affronter. C\u2019est une \u00e9quipe athl\u00e9tique, tr\u00e8s costaude, directe et qui met beaucoup d\u2019impact dans les courses, dans le duel et ils ont des individualit\u00e9s capables de cr\u00e9er des probl\u00e8mes \u00e0 n\u2019importe quelle d\u00e9fense. C\u2019est une \u00e9quipe que nous respectons. Le Burkina a toujours \u00e9t\u00e9 une \u00e9quipe tr\u00e8s difficile \u00e0 man\u0153uvrer, mais malgr\u00e9 tout, on a su avoir de bons r\u00e9sultats contre eux. J\u2019esp\u00e8re que ce sera le cas demain (aujourd\u2019hui).<\/p>\n<p dir=\"ltr\"><strong>Le coach du Burkina a dit qu\u2019ils n\u2019ont pas peur du S\u00e9n\u00e9gal\u2026<\/strong><\/p>\n<p dir=\"ltr\">Nous, par contre, craignons le Burkina Faso et nous les respectons (rires). C\u2019est pourquoi on fera tout pour les battre. Mais nous savons que ce sera difficile.<\/p>\n<p dir=\"ltr\"><strong>Le S\u00e9n\u00e9gal avait bien fait les choses contre le Burkina Faso lors de la CAN 2022\u2026<\/strong><\/p>\n<p dir=\"ltr\">Merci pour le compliment, \u00e7a fait toujours plaisir de reconna\u00eetre qu\u2019il nous arrive de faire de bonnes choses. On s\u2019est adapt\u00e9 lors de ce match-l\u00e0, et on a pu faire les changements qu\u2019il fallait faire. Dieu nous a donn\u00e9 la victoire mais ce n\u2019est pas pour autant qu\u2019on doit voir \u00e7a comme une masterclass. On avait senti le coup et les gar\u00e7ons qui se sont rentr\u00e9s ont fait le travail, c\u2019est \u00e7a une \u00e9quipe. Aujourd\u2019hui, le S\u00e9n\u00e9gal peut se targuer de dire qu\u2019il a un banc capable de pallier \u00e0 la fatigue, aux blessures, et c\u2019est ce qui s\u2019est pass\u00e9 \u00e0 la CAN au Cameroun.<\/p>\n<p dir=\"ltr\"><strong>Le S\u00e9n\u00e9gal est-il d\u00e9j\u00e0 sous pression apr\u00e8s la victoire du Burundi contre le Malawi (3-2) dans ce groupe\u00a0?<\/strong><\/p>\n<p dir=\"ltr\">Ce n\u2019est pas mal d\u2019\u00eatre sous pression, \u00e7a montre qu\u2019on a quelque chose \u00e0 perdre et qu\u2019on donne de l\u2019importance au fait de nous qualifier pour la prochaine CAN. Mais, c\u2019est l\u2019exigence de nos supporters et de notre peuple envers cette \u00e9quipe, c\u2019est l\u00e9gitime et normal. Le football de haut niveau n\u2019a jamais \u00e9t\u00e9 un fleuve tranquille. Nous sommes conscients que nous aurons six batailles \u00e0 livrer. \u00c7a commence demain (aujourd'hui) face au Burkina Faso, puis contre le Burundi. La pression, c\u2019est en fait notre routine et je pense que les joueurs arrivent \u00e0 la g\u00e9rer. Je ne pense pas qu\u2019on a une fois failli face \u00e0 la pression. C\u2019est devenu une habitude pour nous.<\/p>\n<div class='share-to-whatsapp-wrapper'><div class='share-on-whsp'>PARTAGER SUR : <\/div><a data-text='ALIOU CISS\u00c9 - \"Tout est reuni pour retrouver l'efficacit\u00e9 offensive\"' data-link='https:\/\/www.nettali.com\/2024\/09\/06\/aliou-cisse-tout-est-reuni-pour-retrouver-lefficacite-offensive\/' class='whatsapp-button whatsapp-share'>WhatsApp<\/a><div class='clear '><\/div><\/div>","protected":false},"excerpt":{"rendered":"<p>NETTALI.COM - A la veille de la r\u00e9ception du Burkina Faso dans le cadre de la premi\u00e8re journ\u00e9e des qualifications pour la CAN 2025, le s\u00e9lectionneur des Lions a fait face \u00e0 la presse ce jeudi. Pour le s\u00e9lectionneur national c'est le moment pour sa troupe de retrouver l'efficacit\u00e9 offensive qui a fait d\u00e9faut derni\u00e8rement [&hellip;]<\/p>\n","protected":false},"author":5,"featured_media":126421,"comment_status":"open","ping_status":"open","sticky":false,"template":"","format":"standard","meta":{"_et_pb_use_builder":"","_et_pb_old_content":""},"categories":[6],"tags":[],"yoast_head":"<!-- This site is optimized with the Yoast SEO Premium plugin v17.8 (Yoast SEO v17.8) - https:\/\/yoast.com\/wordpress\/plugins\/seo\/ -->\n<title>ALIOU CISS\u00c9 - &quot;Tout est reuni pour retrouver l&#039;efficacit\u00e9 offensive&quot; | Nettali.com<\/title>\n<meta name=\"robots\" content=\"index, follow, max-snippet:-1, max-image-preview:large, max-video-preview:-1\" \/>\n<link rel=\"canonical\" href=\"https:\/\/www.nettali.com\/2024\/09\/06\/aliou-cisse-tout-est-reuni-pour-retrouver-lefficacite-offensive\/\" \/>\n<meta property=\"og:locale\" content=\"fr_FR\" \/>\n<meta property=\"og:type\" content=\"article\" \/>\n<meta property=\"og:title\" content=\"ALIOU CISS\u00c9 - &quot;Tout est reuni pour retrouver l&#039;efficacit\u00e9 offensive&quot;\" \/>\n<meta property=\"og:description\" content=\"NETTALI.COM - A la veille de la r\u00e9ception du Burkina Faso dans le cadre de la premi\u00e8re journ\u00e9e des qualifications pour la CAN 2025, le s\u00e9lectionneur des Lions a fait face \u00e0 la presse ce jeudi. Pour le s\u00e9lectionneur national c&#039;est le moment pour sa troupe de retrouver l&#039;efficacit\u00e9 offensive qui a fait d\u00e9faut derni\u00e8rement [&hellip;]\" \/>\n<meta property=\"og:url\" content=\"https:\/\/www.nettali.com\/2024\/09\/06\/aliou-cisse-tout-est-reuni-pour-retrouver-lefficacite-offensive\/\" \/>\n<meta property=\"og:site_name\" content=\"Nettali.com\" \/>\n<meta property=\"article:publisher\" content=\"https:\/\/www.facebook.com\/nettalicom\" \/>\n<meta property=\"article:published_time\" content=\"2024-09-06T08:42:09+00:00\" \/>\n<meta property=\"article:modified_time\" content=\"2024-09-06T08:47:32+00:00\" \/>\n<meta property=\"og:image\" content=\"https:\/\/www.nettali.com\/wp-content\/uploads\/2024\/01\/Aliou-Cisse-en-conference-de-presse-a-Yamoussoukro.jpeg\" \/>\n\t<meta property=\"og:image:width\" content=\"1080\" \/>\n\t<meta property=\"og:image:height\" content=\"810\" \/>\n<meta name=\"twitter:card\" content=\"summary_large_image\" \/>\n<meta name=\"twitter:label1\" content=\"\u00c9crit par\" \/>\n\t<meta name=\"twitter:data1\" content=\"Ibrahima\" \/>\n\t<meta name=\"twitter:label2\" content=\"Dur\u00e9e de lecture estim\u00e9e\" \/>\n\t<meta name=\"twitter:data2\" content=\"5 minutes\" \/>\n<script type=\"application\/ld+json\" class=\"yoast-schema-graph\">{\"@context\":\"https:\/\/schema.org\",\"@graph\":[{\"@type\":\"WebSite\",\"@id\":\"https:\/\/www.nettali.com\/#website\",\"url\":\"https:\/\/www.nettali.com\/\",\"name\":\"Nettali.com\",\"description\":\"Le rendez-vous critique du Net\",\"potentialAction\":[{\"@type\":\"SearchAction\",\"target\":{\"@type\":\"EntryPoint\",\"urlTemplate\":\"https:\/\/www.nettali.com\/?s={search_term_string}\"},\"query-input\":\"required name=search_term_string\"}],\"inLanguage\":\"fr-FR\"},{\"@type\":\"ImageObject\",\"@id\":\"https:\/\/www.nettali.com\/2024\/09\/06\/aliou-cisse-tout-est-reuni-pour-retrouver-lefficacite-offensive\/#primaryimage\",\"inLanguage\":\"fr-FR\",\"url\":\"https:\/\/www.nettali.com\/wp-content\/uploads\/2024\/01\/Aliou-Cisse-en-conference-de-presse-a-Yamoussoukro.jpeg\",\"contentUrl\":\"https:\/\/www.nettali.com\/wp-content\/uploads\/2024\/01\/Aliou-Cisse-en-conference-de-presse-a-Yamoussoukro.jpeg\",\"width\":1080,\"height\":810},{\"@type\":\"WebPage\",\"@id\":\"https:\/\/www.nettali.com\/2024\/09\/06\/aliou-cisse-tout-est-reuni-pour-retrouver-lefficacite-offensive\/#webpage\",\"url\":\"https:\/\/www.nettali.com\/2024\/09\/06\/aliou-cisse-tout-est-reuni-pour-retrouver-lefficacite-offensive\/\",\"name\":\"ALIOU CISS\\u00c9 - \\\"Tout est reuni pour retrouver l'efficacit\\u00e9 offensive\\\" | Nettali.com\",\"isPartOf\":{\"@id\":\"https:\/\/www.nettali.com\/#website\"},\"primaryImageOfPage\":{\"@id\":\"https:\/\/www.nettali.com\/2024\/09\/06\/aliou-cisse-tout-est-reuni-pour-retrouver-lefficacite-offensive\/#primaryimage\"},\"datePublished\":\"2024-09-06T08:42:09+00:00\",\"dateModified\":\"2024-09-06T08:47:32+00:00\",\"author\":{\"@id\":\"https:\/\/www.nettali.com\/#\/schema\/person\/bb147657c2986240405a608162b9bb23\"},\"breadcrumb\":{\"@id\":\"https:\/\/www.nettali.com\/2024\/09\/06\/aliou-cisse-tout-est-reuni-pour-retrouver-lefficacite-offensive\/#breadcrumb\"},\"inLanguage\":\"fr-FR\",\"potentialAction\":[{\"@type\":\"ReadAction\",\"target\":[\"https:\/\/www.nettali.com\/2024\/09\/06\/aliou-cisse-tout-est-reuni-pour-retrouver-lefficacite-offensive\/\"]}]},{\"@type\":\"BreadcrumbList\",\"@id\":\"https:\/\/www.nettali.com\/2024\/09\/06\/aliou-cisse-tout-est-reuni-pour-retrouver-lefficacite-offensive\/#breadcrumb\",\"itemListElement\":[{\"@type\":\"ListItem\",\"position\":1,\"name\":\"Accueil\",\"item\":\"https:\/\/www.nettali.com\/\"},{\"@type\":\"ListItem\",\"position\":2,\"name\":\"ALIOU CISS\\u00c9 - \\\"Tout est reuni pour retrouver l'efficacit\\u00e9 offensive\\\"\"}]},{\"@type\":\"Person\",\"@id\":\"https:\/\/www.nettali.com\/#\/schema\/person\/bb147657c2986240405a608162b9bb23\",\"name\":\"Ibrahima\",\"image\":{\"@type\":\"ImageObject\",\"@id\":\"https:\/\/www.nettali.com\/#personlogo\",\"inLanguage\":\"fr-FR\",\"url\":\"https:\/\/secure.gravatar.com\/avatar\/26a8a81f09f0dd7624c9d5c36c9ba3a2?s=96&d=mm&r=g\",\"contentUrl\":\"https:\/\/secure.gravatar.com\/avatar\/26a8a81f09f0dd7624c9d5c36c9ba3a2?s=96&d=mm&r=g\",\"caption\":\"Ibrahima\"},\"sameAs\":[\"https:\/\/www.nettali.com\"]}]}<\/script>\n<!-- \/ Yoast SEO Premium plugin. -->","yoast_head_json":{"title":"ALIOU CISS\u00c9 - \"Tout est reuni pour retrouver l'efficacit\u00e9 offensive\" | Nettali.com","robots":{"index":"index","follow":"follow","max-snippet":"max-snippet:-1","max-image-preview":"max-image-preview:large","max-video-preview":"max-video-preview:-1"},"canonical":"https:\/\/www.nettali.com\/2024\/09\/06\/aliou-cisse-tout-est-reuni-pour-retrouver-lefficacite-offensive\/","og_locale":"fr_FR","og_type":"article","og_title":"ALIOU CISS\u00c9 - \"Tout est reuni pour retrouver l'efficacit\u00e9 offensive\"","og_description":"NETTALI.COM - A la veille de la r\u00e9ception du Burkina Faso dans le cadre de la premi\u00e8re journ\u00e9e des qualifications pour la CAN 2025, le s\u00e9lectionneur des Lions a fait face \u00e0 la presse ce jeudi. Pour le s\u00e9lectionneur national c'est le moment pour sa troupe de retrouver l'efficacit\u00e9 offensive qui a fait d\u00e9faut derni\u00e8rement [&hellip;]","og_url":"https:\/\/www.nettali.com\/2024\/09\/06\/aliou-cisse-tout-est-reuni-pour-retrouver-lefficacite-offensive\/","og_site_name":"Nettali.com","article_publisher":"https:\/\/www.facebook.com\/nettalicom","article_published_time":"2024-09-06T08:42:09+00:00","article_modified_time":"2024-09-06T08:47:32+00:00","og_image":[{"width":1080,"height":810,"url":"https:\/\/www.nettali.com\/wp-content\/uploads\/2024\/01\/Aliou-Cisse-en-conference-de-presse-a-Yamoussoukro.jpeg","type":"image\/jpeg"}],"twitter_card":"summary_large_image","twitter_misc":{"\u00c9crit par":"Ibrahima","Dur\u00e9e de lecture estim\u00e9e":"5 minutes"},"schema":{"@context":"https:\/\/schema.org","@graph":[{"@type":"WebSite","@id":"https:\/\/www.nettali.com\/#website","url":"https:\/\/www.nettali.com\/","name":"Nettali.com","description":"Le rendez-vous critique du Net","potentialAction":[{"@type":"SearchAction","target":{"@type":"EntryPoint","urlTemplate":"https:\/\/www.nettali.com\/?s={search_term_string}"},"query-input":"required name=search_term_string"}],"inLanguage":"fr-FR"},{"@type":"ImageObject","@id":"https:\/\/www.nettali.com\/2024\/09\/06\/aliou-cisse-tout-est-reuni-pour-retrouver-lefficacite-offensive\/#primaryimage","inLanguage":"fr-FR","url":"https:\/\/www.nettali.com\/wp-content\/uploads\/2024\/01\/Aliou-Cisse-en-conference-de-presse-a-Yamoussoukro.jpeg","contentUrl":"https:\/\/www.nettali.com\/wp-content\/uploads\/2024\/01\/Aliou-Cisse-en-conference-de-presse-a-Yamoussoukro.jpeg","width":1080,"height":810},{"@type":"WebPage","@id":"https:\/\/www.nettali.com\/2024\/09\/06\/aliou-cisse-tout-est-reuni-pour-retrouver-lefficacite-offensive\/#webpage","url":"https:\/\/www.nettali.com\/2024\/09\/06\/aliou-cisse-tout-est-reuni-pour-retrouver-lefficacite-offensive\/","name":"ALIOU CISS\u00c9 - \"Tout est reuni pour retrouver l'efficacit\u00e9 offensive\" | Nettali.com","isPartOf":{"@id":"https:\/\/www.nettali.com\/#website"},"primaryImageOfPage":{"@id":"https:\/\/www.nettali.com\/2024\/09\/06\/aliou-cisse-tout-est-reuni-pour-retrouver-lefficacite-offensive\/#primaryimage"},"datePublished":"2024-09-06T08:42:09+00:00","dateModified":"2024-09-06T08:47:32+00:00","author":{"@id":"https:\/\/www.nettali.com\/#\/schema\/person\/bb147657c2986240405a608162b9bb23"},"breadcrumb":{"@id":"https:\/\/www.nettali.com\/2024\/09\/06\/aliou-cisse-tout-est-reuni-pour-retrouver-lefficacite-offensive\/#breadcrumb"},"inLanguage":"fr-FR","potentialAction":[{"@type":"ReadAction","target":["https:\/\/www.nettali.com\/2024\/09\/06\/aliou-cisse-tout-est-reuni-pour-retrouver-lefficacite-offensive\/"]}]},{"@type":"BreadcrumbList","@id":"https:\/\/www.nettali.com\/2024\/09\/06\/aliou-cisse-tout-est-reuni-pour-retrouver-lefficacite-offensive\/#breadcrumb","itemListElement":[{"@type":"ListItem","position":1,"name":"Accueil","item":"https:\/\/www.nettali.com\/"},{"@type":"ListItem","position":2,"name":"ALIOU CISS\u00c9 - \"Tout est reuni pour retrouver l'efficacit\u00e9 offensive\""}]},{"@type":"Person","@id":"https:\/\/www.nettali.com\/#\/schema\/person\/bb147657c2986240405a608162b9bb23","name":"Ibrahima","image":{"@type":"ImageObject","@id":"https:\/\/www.nettali.com\/#personlogo","inLanguage":"fr-FR","url":"https:\/\/secure.gravatar.com\/avatar\/26a8a81f09f0dd7624c9d5c36c9ba3a2?s=96&d=mm&r=g","contentUrl":"https:\/\/secure.gravatar.com\/avatar\/26a8a81f09f0dd7624c9d5c36c9ba3a2?s=96&d=mm&r=g","caption":"Ibrahima"},"sameAs":["https:\/\/www.nettali.com"]}]}},"_links":{"self":[{"href":"https:\/\/www.nettali.com\/rest\/wp\/v2\/posts\/139779"}],"collection":[{"href":"https:\/\/www.nettali.com\/rest\/wp\/v2\/posts"}],"about":[{"href":"https:\/\/www.nettali.com\/rest\/wp\/v2\/types\/post"}],"author":[{"embeddable":true,"href":"https:\/\/www.nettali.com\/rest\/wp\/v2\/users\/5"}],"replies":[{"embeddable":true,"href":"https:\/\/www.nettali.com\/rest\/wp\/v2\/comments?post=139779"}],"version-history":[{"count":3,"href":"https:\/\/www.nettali.com\/rest\/wp\/v2\/posts\/139779\/revisions"}],"predecessor-version":[{"id":139785,"href":"https:\/\/www.nettali.com\/rest\/wp\/v2\/posts\/139779\/revisions\/139785"}],"wp:featuredmedia":[{"embeddable":true,"href":"https:\/\/www.nettali.com\/rest\/wp\/v2\/media\/126421"}],"wp:attachment":[{"href":"https:\/\/www.nettali.com\/rest\/wp\/v2\/media?parent=139779"}],"wp:term":[{"taxonomy":"category","embeddable":true,"href":"https:\/\/www.nettali.com\/rest\/wp\/v2\/categories?post=139779"},{"taxonomy":"post_tag","embeddable":true,"href":"https:\/\/www.nettali.com\/rest\/wp\/v2\/tags?post=139779"}],"curies":[{"name":"wp","href":"https:\/\/api.w.org\/{rel}","templated":true}]}}