{"id":139753,"date":"2024-09-05T21:21:29","date_gmt":"2024-09-05T21:21:29","guid":{"rendered":"https:\/\/www.nettali.com\/?p=139753"},"modified":"2024-09-07T08:08:20","modified_gmt":"2024-09-07T08:08:20","slug":"dpg-benno-attend-sonko-a-lassemblee-le-11-septembre","status":"publish","type":"post","link":"https:\/\/www.nettali.com\/2024\/09\/05\/dpg-benno-attend-sonko-a-lassemblee-le-11-septembre\/","title":{"rendered":"DPG - Benno attend Sonko \u00e0 l'Assembl\u00e9e... le 11 septembre"},"content":{"rendered":"<p><strong>NETTALI.COM - La conf\u00e9rence des pr\u00e9sidents de l\u2019Assembl\u00e9e nationale a fix\u00e9 la date du 11 septembre pour la D\u00e9claration de politique g\u00e9n\u00e9rale du Premier ministre. Le groupe Yewwi d\u00e9nonce une violation du R\u00e8glement int\u00e9rieur.\u00a0<\/strong><\/p>\n<p>Le 11 septembre 2024. C'est la date retenue par la conf\u00e9rence des pr\u00e9sidents de l'Assembl\u00e9e nationale pour la D\u00e9claration de politique g\u00e9n\u00e9rale (DPG) du Premier ministre Ousmane Sonko. Mais ce souhait du groupe Benno Bokk Yakaar, majoritaire dans le Bureau de l'Assembl\u00e9e nationale a peu de chances de se r\u00e9aliser. Du moins si l'on croit les d\u00e9put\u00e9s de Yewwi askan wi.<\/p>\n<p>Mouhamed Ayib Daff\u00e9, pr\u00e9sident du groupe parlementaire Yewwi askan wi, d\u00e9nonce une violation du r\u00e8glement int\u00e9rieur. Selon lui, la date du 11 septembre a \u00e9t\u00e9 retenue par le pr\u00e9sident de l\u2019Assembl\u00e9e nationale. \"<em>Amadou Mame Diop et son clan violent sciemment le r\u00e8glement int\u00e9rieur de l\u2019Assembl\u00e9e nationale (article 97) en retenant la date du 11 septembre comme jour de la DPG<\/em>\", a dit le pr\u00e9sident du groupe parlementaire Yewwi Askan Wi.<\/p>\n<p>Si elle se tient le 11 septembre devant l'Assembl\u00e9e nationale, la DPG sera l\u2019occasion pour le gouvernement de pr\u00e9senter ses priorit\u00e9s et orientations pour les mois \u00e0 venir.<\/p>\n<div class='share-to-whatsapp-wrapper'><div class='share-on-whsp'>PARTAGER SUR : <\/div><a data-text='DPG - Benno attend Sonko \u00e0 l'Assembl\u00e9e... le 11 septembre' data-link='https:\/\/www.nettali.com\/2024\/09\/05\/dpg-benno-attend-sonko-a-lassemblee-le-11-septembre\/' class='whatsapp-button whatsapp-share'>WhatsApp<\/a><div class='clear '><\/div><\/div>","protected":false},"excerpt":{"rendered":"<p>NETTALI.COM - La conf\u00e9rence des pr\u00e9sidents de l\u2019Assembl\u00e9e nationale a fix\u00e9 la date du 11 septembre pour la D\u00e9claration de politique g\u00e9n\u00e9rale du Premier ministre. Le groupe Yewwi d\u00e9nonce une violation du R\u00e8glement int\u00e9rieur.\u00a0 Le 11 septembre 2024. C'est la date retenue par la conf\u00e9rence des pr\u00e9sidents de l'Assembl\u00e9e nationale pour la D\u00e9claration de politique [&hellip;]<\/p>\n","protected":false},"author":5,"featured_media":131260,"comment_status":"open","ping_status":"open","sticky":false,"template":"","format":"standard","meta":{"_et_pb_use_builder":"","_et_pb_old_content":""},"categories":[2],"tags":[],"yoast_head":"<!-- This site is optimized with the Yoast SEO Premium plugin v17.8 (Yoast SEO v17.8) - https:\/\/yoast.com\/wordpress\/plugins\/seo\/ -->\n<title>DPG - Benno attend Sonko \u00e0 l&#039;Assembl\u00e9e... le 11 septembre | Nettali.com<\/title>\n<meta name=\"robots\" content=\"index, follow, max-snippet:-1, max-image-preview:large, max-video-preview:-1\" \/>\n<link rel=\"canonical\" href=\"https:\/\/www.nettali.com\/2024\/09\/05\/dpg-benno-attend-sonko-a-lassemblee-le-11-septembre\/\" \/>\n<meta property=\"og:locale\" content=\"fr_FR\" \/>\n<meta property=\"og:type\" content=\"article\" \/>\n<meta property=\"og:title\" content=\"DPG - Benno attend Sonko \u00e0 l&#039;Assembl\u00e9e... le 11 septembre\" \/>\n<meta property=\"og:description\" content=\"NETTALI.COM - La conf\u00e9rence des pr\u00e9sidents de l\u2019Assembl\u00e9e nationale a fix\u00e9 la date du 11 septembre pour la D\u00e9claration de politique g\u00e9n\u00e9rale du Premier ministre. Le groupe Yewwi d\u00e9nonce une violation du R\u00e8glement int\u00e9rieur.\u00a0 Le 11 septembre 2024. C&#039;est la date retenue par la conf\u00e9rence des pr\u00e9sidents de l&#039;Assembl\u00e9e nationale pour la D\u00e9claration de politique [&hellip;]\" \/>\n<meta property=\"og:url\" content=\"https:\/\/www.nettali.com\/2024\/09\/05\/dpg-benno-attend-sonko-a-lassemblee-le-11-septembre\/\" \/>\n<meta property=\"og:site_name\" content=\"Nettali.com\" \/>\n<meta property=\"article:publisher\" content=\"https:\/\/www.facebook.com\/nettalicom\" \/>\n<meta property=\"article:published_time\" content=\"2024-09-05T21:21:29+00:00\" \/>\n<meta property=\"article:modified_time\" content=\"2024-09-07T08:08:20+00:00\" \/>\n<meta property=\"og:image\" content=\"https:\/\/www.nettali.com\/wp-content\/uploads\/2024\/04\/Sonko.jpeg\" \/>\n\t<meta property=\"og:image:width\" content=\"720\" \/>\n\t<meta property=\"og:image:height\" content=\"540\" \/>\n<meta name=\"twitter:card\" content=\"summary_large_image\" \/>\n<meta name=\"twitter:label1\" content=\"\u00c9crit par\" \/>\n\t<meta name=\"twitter:data1\" content=\"Ibrahima\" \/>\n\t<meta name=\"twitter:label2\" content=\"Dur\u00e9e de lecture estim\u00e9e\" \/>\n\t<meta name=\"twitter:data2\" content=\"1 minute\" \/>\n<script type=\"application\/ld+json\" class=\"yoast-schema-graph\">{\"@context\":\"https:\/\/schema.org\",\"@graph\":[{\"@type\":\"WebSite\",\"@id\":\"https:\/\/www.nettali.com\/#website\",\"url\":\"https:\/\/www.nettali.com\/\",\"name\":\"Nettali.com\",\"description\":\"Le rendez-vous critique du Net\",\"potentialAction\":[{\"@type\":\"SearchAction\",\"target\":{\"@type\":\"EntryPoint\",\"urlTemplate\":\"https:\/\/www.nettali.com\/?s={search_term_string}\"},\"query-input\":\"required name=search_term_string\"}],\"inLanguage\":\"fr-FR\"},{\"@type\":\"ImageObject\",\"@id\":\"https:\/\/www.nettali.com\/2024\/09\/05\/dpg-benno-attend-sonko-a-lassemblee-le-11-septembre\/#primaryimage\",\"inLanguage\":\"fr-FR\",\"url\":\"https:\/\/www.nettali.com\/wp-content\/uploads\/2024\/04\/Sonko.jpeg\",\"contentUrl\":\"https:\/\/www.nettali.com\/wp-content\/uploads\/2024\/04\/Sonko.jpeg\",\"width\":720,\"height\":540},{\"@type\":\"WebPage\",\"@id\":\"https:\/\/www.nettali.com\/2024\/09\/05\/dpg-benno-attend-sonko-a-lassemblee-le-11-septembre\/#webpage\",\"url\":\"https:\/\/www.nettali.com\/2024\/09\/05\/dpg-benno-attend-sonko-a-lassemblee-le-11-septembre\/\",\"name\":\"DPG - Benno attend Sonko \\u00e0 l'Assembl\\u00e9e... le 11 septembre | Nettali.com\",\"isPartOf\":{\"@id\":\"https:\/\/www.nettali.com\/#website\"},\"primaryImageOfPage\":{\"@id\":\"https:\/\/www.nettali.com\/2024\/09\/05\/dpg-benno-attend-sonko-a-lassemblee-le-11-septembre\/#primaryimage\"},\"datePublished\":\"2024-09-05T21:21:29+00:00\",\"dateModified\":\"2024-09-07T08:08:20+00:00\",\"author\":{\"@id\":\"https:\/\/www.nettali.com\/#\/schema\/person\/bb147657c2986240405a608162b9bb23\"},\"breadcrumb\":{\"@id\":\"https:\/\/www.nettali.com\/2024\/09\/05\/dpg-benno-attend-sonko-a-lassemblee-le-11-septembre\/#breadcrumb\"},\"inLanguage\":\"fr-FR\",\"potentialAction\":[{\"@type\":\"ReadAction\",\"target\":[\"https:\/\/www.nettali.com\/2024\/09\/05\/dpg-benno-attend-sonko-a-lassemblee-le-11-septembre\/\"]}]},{\"@type\":\"BreadcrumbList\",\"@id\":\"https:\/\/www.nettali.com\/2024\/09\/05\/dpg-benno-attend-sonko-a-lassemblee-le-11-septembre\/#breadcrumb\",\"itemListElement\":[{\"@type\":\"ListItem\",\"position\":1,\"name\":\"Accueil\",\"item\":\"https:\/\/www.nettali.com\/\"},{\"@type\":\"ListItem\",\"position\":2,\"name\":\"DPG - Benno attend Sonko \\u00e0 l'Assembl\\u00e9e... le 11 septembre\"}]},{\"@type\":\"Person\",\"@id\":\"https:\/\/www.nettali.com\/#\/schema\/person\/bb147657c2986240405a608162b9bb23\",\"name\":\"Ibrahima\",\"image\":{\"@type\":\"ImageObject\",\"@id\":\"https:\/\/www.nettali.com\/#personlogo\",\"inLanguage\":\"fr-FR\",\"url\":\"https:\/\/secure.gravatar.com\/avatar\/26a8a81f09f0dd7624c9d5c36c9ba3a2?s=96&d=mm&r=g\",\"contentUrl\":\"https:\/\/secure.gravatar.com\/avatar\/26a8a81f09f0dd7624c9d5c36c9ba3a2?s=96&d=mm&r=g\",\"caption\":\"Ibrahima\"},\"sameAs\":[\"https:\/\/www.nettali.com\"]}]}<\/script>\n<!-- \/ Yoast SEO Premium plugin. -->","yoast_head_json":{"title":"DPG - Benno attend Sonko \u00e0 l'Assembl\u00e9e... le 11 septembre | Nettali.com","robots":{"index":"index","follow":"follow","max-snippet":"max-snippet:-1","max-image-preview":"max-image-preview:large","max-video-preview":"max-video-preview:-1"},"canonical":"https:\/\/www.nettali.com\/2024\/09\/05\/dpg-benno-attend-sonko-a-lassemblee-le-11-septembre\/","og_locale":"fr_FR","og_type":"article","og_title":"DPG - Benno attend Sonko \u00e0 l'Assembl\u00e9e... le 11 septembre","og_description":"NETTALI.COM - La conf\u00e9rence des pr\u00e9sidents de l\u2019Assembl\u00e9e nationale a fix\u00e9 la date du 11 septembre pour la D\u00e9claration de politique g\u00e9n\u00e9rale du Premier ministre. Le groupe Yewwi d\u00e9nonce une violation du R\u00e8glement int\u00e9rieur.\u00a0 Le 11 septembre 2024. C'est la date retenue par la conf\u00e9rence des pr\u00e9sidents de l'Assembl\u00e9e nationale pour la D\u00e9claration de politique [&hellip;]","og_url":"https:\/\/www.nettali.com\/2024\/09\/05\/dpg-benno-attend-sonko-a-lassemblee-le-11-septembre\/","og_site_name":"Nettali.com","article_publisher":"https:\/\/www.facebook.com\/nettalicom","article_published_time":"2024-09-05T21:21:29+00:00","article_modified_time":"2024-09-07T08:08:20+00:00","og_image":[{"width":720,"height":540,"url":"https:\/\/www.nettali.com\/wp-content\/uploads\/2024\/04\/Sonko.jpeg","type":"image\/jpeg"}],"twitter_card":"summary_large_image","twitter_misc":{"\u00c9crit par":"Ibrahima","Dur\u00e9e de lecture estim\u00e9e":"1 minute"},"schema":{"@context":"https:\/\/schema.org","@graph":[{"@type":"WebSite","@id":"https:\/\/www.nettali.com\/#website","url":"https:\/\/www.nettali.com\/","name":"Nettali.com","description":"Le rendez-vous critique du Net","potentialAction":[{"@type":"SearchAction","target":{"@type":"EntryPoint","urlTemplate":"https:\/\/www.nettali.com\/?s={search_term_string}"},"query-input":"required name=search_term_string"}],"inLanguage":"fr-FR"},{"@type":"ImageObject","@id":"https:\/\/www.nettali.com\/2024\/09\/05\/dpg-benno-attend-sonko-a-lassemblee-le-11-septembre\/#primaryimage","inLanguage":"fr-FR","url":"https:\/\/www.nettali.com\/wp-content\/uploads\/2024\/04\/Sonko.jpeg","contentUrl":"https:\/\/www.nettali.com\/wp-content\/uploads\/2024\/04\/Sonko.jpeg","width":720,"height":540},{"@type":"WebPage","@id":"https:\/\/www.nettali.com\/2024\/09\/05\/dpg-benno-attend-sonko-a-lassemblee-le-11-septembre\/#webpage","url":"https:\/\/www.nettali.com\/2024\/09\/05\/dpg-benno-attend-sonko-a-lassemblee-le-11-septembre\/","name":"DPG - Benno attend Sonko \u00e0 l'Assembl\u00e9e... le 11 septembre | Nettali.com","isPartOf":{"@id":"https:\/\/www.nettali.com\/#website"},"primaryImageOfPage":{"@id":"https:\/\/www.nettali.com\/2024\/09\/05\/dpg-benno-attend-sonko-a-lassemblee-le-11-septembre\/#primaryimage"},"datePublished":"2024-09-05T21:21:29+00:00","dateModified":"2024-09-07T08:08:20+00:00","author":{"@id":"https:\/\/www.nettali.com\/#\/schema\/person\/bb147657c2986240405a608162b9bb23"},"breadcrumb":{"@id":"https:\/\/www.nettali.com\/2024\/09\/05\/dpg-benno-attend-sonko-a-lassemblee-le-11-septembre\/#breadcrumb"},"inLanguage":"fr-FR","potentialAction":[{"@type":"ReadAction","target":["https:\/\/www.nettali.com\/2024\/09\/05\/dpg-benno-attend-sonko-a-lassemblee-le-11-septembre\/"]}]},{"@type":"BreadcrumbList","@id":"https:\/\/www.nettali.com\/2024\/09\/05\/dpg-benno-attend-sonko-a-lassemblee-le-11-septembre\/#breadcrumb","itemListElement":[{"@type":"ListItem","position":1,"name":"Accueil","item":"https:\/\/www.nettali.com\/"},{"@type":"ListItem","position":2,"name":"DPG - Benno attend Sonko \u00e0 l'Assembl\u00e9e... le 11 septembre"}]},{"@type":"Person","@id":"https:\/\/www.nettali.com\/#\/schema\/person\/bb147657c2986240405a608162b9bb23","name":"Ibrahima","image":{"@type":"ImageObject","@id":"https:\/\/www.nettali.com\/#personlogo","inLanguage":"fr-FR","url":"https:\/\/secure.gravatar.com\/avatar\/26a8a81f09f0dd7624c9d5c36c9ba3a2?s=96&d=mm&r=g","contentUrl":"https:\/\/secure.gravatar.com\/avatar\/26a8a81f09f0dd7624c9d5c36c9ba3a2?s=96&d=mm&r=g","caption":"Ibrahima"},"sameAs":["https:\/\/www.nettali.com"]}]}},"_links":{"self":[{"href":"https:\/\/www.nettali.com\/rest\/wp\/v2\/posts\/139753"}],"collection":[{"href":"https:\/\/www.nettali.com\/rest\/wp\/v2\/posts"}],"about":[{"href":"https:\/\/www.nettali.com\/rest\/wp\/v2\/types\/post"}],"author":[{"embeddable":true,"href":"https:\/\/www.nettali.com\/rest\/wp\/v2\/users\/5"}],"replies":[{"embeddable":true,"href":"https:\/\/www.nettali.com\/rest\/wp\/v2\/comments?post=139753"}],"version-history":[{"count":3,"href":"https:\/\/www.nettali.com\/rest\/wp\/v2\/posts\/139753\/revisions"}],"predecessor-version":[{"id":139758,"href":"https:\/\/www.nettali.com\/rest\/wp\/v2\/posts\/139753\/revisions\/139758"}],"wp:featuredmedia":[{"embeddable":true,"href":"https:\/\/www.nettali.com\/rest\/wp\/v2\/media\/131260"}],"wp:attachment":[{"href":"https:\/\/www.nettali.com\/rest\/wp\/v2\/media?parent=139753"}],"wp:term":[{"taxonomy":"category","embeddable":true,"href":"https:\/\/www.nettali.com\/rest\/wp\/v2\/categories?post=139753"},{"taxonomy":"post_tag","embeddable":true,"href":"https:\/\/www.nettali.com\/rest\/wp\/v2\/tags?post=139753"}],"curies":[{"name":"wp","href":"https:\/\/api.w.org\/{rel}","templated":true}]}}