{"id":139700,"date":"2024-09-04T17:19:07","date_gmt":"2024-09-04T17:19:07","guid":{"rendered":"https:\/\/www.nettali.com\/?p=139700"},"modified":"2024-09-06T08:04:37","modified_gmt":"2024-09-06T08:04:37","slug":"officiel-aminata-mbengue-ndiaye-et-abdoulaye-daouda-diallo-demis-de-leurs-fonctions","status":"publish","type":"post","link":"https:\/\/www.nettali.com\/2024\/09\/04\/officiel-aminata-mbengue-ndiaye-et-abdoulaye-daouda-diallo-demis-de-leurs-fonctions\/","title":{"rendered":"OFFICIEL - Aminata Mbengue Ndiaye et Abdoulaye Daouda Diallo d\u00e9mis de leurs fonctions"},"content":{"rendered":"<p><strong>NETTALI.COM - Comme annonc\u00e9 il y a quelques heures par le Premier ministre, le pr\u00e9sident de la R\u00e9publique, Bassirou Diomaye Faye, a mis fin, ce mercredi, aux fonctions de la pr\u00e9sidente du Haut conseil des collectivit\u00e9s territoriales (Hcct), Aminata Mbengue Ndiaye, et \u00e0 celles du pr\u00e9sident du Conseil \u00e9conomique social et environnemental (Cese), Abdoulaye Daouda Diallo. Il a pris des d\u00e9crets dans ce sens.<\/strong><\/p>\n<p><img loading=\"lazy\" class=\"alignnone size-large wp-image-139701\" src=\"https:\/\/www.nettali.com\/wp-content\/uploads\/2024\/09\/WhatsApp-Image-2024-09-04-at-17.11.11-810x1024.jpeg\" alt=\"\" width=\"810\" height=\"1024\" srcset=\"https:\/\/www.nettali.com\/wp-content\/uploads\/2024\/09\/WhatsApp-Image-2024-09-04-at-17.11.11-810x1024.jpeg 810w, https:\/\/www.nettali.com\/wp-content\/uploads\/2024\/09\/WhatsApp-Image-2024-09-04-at-17.11.11-237x300.jpeg 237w, https:\/\/www.nettali.com\/wp-content\/uploads\/2024\/09\/WhatsApp-Image-2024-09-04-at-17.11.11-768x971.jpeg 768w, https:\/\/www.nettali.com\/wp-content\/uploads\/2024\/09\/WhatsApp-Image-2024-09-04-at-17.11.11.jpeg 1012w\" sizes=\"(max-width: 810px) 100vw, 810px\" \/><\/p>\n<div class='share-to-whatsapp-wrapper'><div class='share-on-whsp'>PARTAGER SUR : <\/div><a data-text='OFFICIEL - Aminata Mbengue Ndiaye et Abdoulaye Daouda Diallo d\u00e9mis de leurs fonctions' data-link='https:\/\/www.nettali.com\/2024\/09\/04\/officiel-aminata-mbengue-ndiaye-et-abdoulaye-daouda-diallo-demis-de-leurs-fonctions\/' class='whatsapp-button whatsapp-share'>WhatsApp<\/a><div class='clear '><\/div><\/div>","protected":false},"excerpt":{"rendered":"<p>NETTALI.COM - Comme annonc\u00e9 il y a quelques heures par le Premier ministre, le pr\u00e9sident de la R\u00e9publique, Bassirou Diomaye Faye, a mis fin, ce mercredi, aux fonctions de la pr\u00e9sidente du Haut conseil des collectivit\u00e9s territoriales (Hcct), Aminata Mbengue Ndiaye, et \u00e0 celles du pr\u00e9sident du Conseil \u00e9conomique social et environnemental (Cese), Abdoulaye Daouda [&hellip;]<\/p>\n","protected":false},"author":4,"featured_media":138546,"comment_status":"open","ping_status":"open","sticky":false,"template":"","format":"standard","meta":{"_et_pb_use_builder":"","_et_pb_old_content":""},"categories":[2],"tags":[],"yoast_head":"<!-- This site is optimized with the Yoast SEO Premium plugin v17.8 (Yoast SEO v17.8) - https:\/\/yoast.com\/wordpress\/plugins\/seo\/ -->\n<title>OFFICIEL - Aminata Mbengue Ndiaye et Abdoulaye Daouda Diallo d\u00e9mis de leurs fonctions | Nettali.com<\/title>\n<meta name=\"robots\" content=\"index, follow, max-snippet:-1, max-image-preview:large, max-video-preview:-1\" \/>\n<link rel=\"canonical\" href=\"https:\/\/www.nettali.com\/2024\/09\/04\/officiel-aminata-mbengue-ndiaye-et-abdoulaye-daouda-diallo-demis-de-leurs-fonctions\/\" \/>\n<meta property=\"og:locale\" content=\"fr_FR\" \/>\n<meta property=\"og:type\" content=\"article\" \/>\n<meta property=\"og:title\" content=\"OFFICIEL - Aminata Mbengue Ndiaye et Abdoulaye Daouda Diallo d\u00e9mis de leurs fonctions\" \/>\n<meta property=\"og:description\" content=\"NETTALI.COM - Comme annonc\u00e9 il y a quelques heures par le Premier ministre, le pr\u00e9sident de la R\u00e9publique, Bassirou Diomaye Faye, a mis fin, ce mercredi, aux fonctions de la pr\u00e9sidente du Haut conseil des collectivit\u00e9s territoriales (Hcct), Aminata Mbengue Ndiaye, et \u00e0 celles du pr\u00e9sident du Conseil \u00e9conomique social et environnemental (Cese), Abdoulaye Daouda [&hellip;]\" \/>\n<meta property=\"og:url\" content=\"https:\/\/www.nettali.com\/2024\/09\/04\/officiel-aminata-mbengue-ndiaye-et-abdoulaye-daouda-diallo-demis-de-leurs-fonctions\/\" \/>\n<meta property=\"og:site_name\" content=\"Nettali.com\" \/>\n<meta property=\"article:publisher\" content=\"https:\/\/www.facebook.com\/nettalicom\" \/>\n<meta property=\"article:published_time\" content=\"2024-09-04T17:19:07+00:00\" \/>\n<meta property=\"article:modified_time\" content=\"2024-09-06T08:04:37+00:00\" \/>\n<meta property=\"og:image\" content=\"https:\/\/www.nettali.com\/wp-content\/uploads\/2024\/08\/diomaye-signe.jpg\" \/>\n\t<meta property=\"og:image:width\" content=\"1280\" \/>\n\t<meta property=\"og:image:height\" content=\"903\" \/>\n<meta name=\"twitter:card\" content=\"summary_large_image\" \/>\n<meta name=\"twitter:label1\" content=\"\u00c9crit par\" \/>\n\t<meta name=\"twitter:data1\" content=\"Daouda\" \/>\n\t<meta name=\"twitter:label2\" content=\"Dur\u00e9e de lecture estim\u00e9e\" \/>\n\t<meta name=\"twitter:data2\" content=\"1 minute\" \/>\n<script type=\"application\/ld+json\" class=\"yoast-schema-graph\">{\"@context\":\"https:\/\/schema.org\",\"@graph\":[{\"@type\":\"WebSite\",\"@id\":\"https:\/\/www.nettali.com\/#website\",\"url\":\"https:\/\/www.nettali.com\/\",\"name\":\"Nettali.com\",\"description\":\"Le rendez-vous critique du Net\",\"potentialAction\":[{\"@type\":\"SearchAction\",\"target\":{\"@type\":\"EntryPoint\",\"urlTemplate\":\"https:\/\/www.nettali.com\/?s={search_term_string}\"},\"query-input\":\"required name=search_term_string\"}],\"inLanguage\":\"fr-FR\"},{\"@type\":\"ImageObject\",\"@id\":\"https:\/\/www.nettali.com\/2024\/09\/04\/officiel-aminata-mbengue-ndiaye-et-abdoulaye-daouda-diallo-demis-de-leurs-fonctions\/#primaryimage\",\"inLanguage\":\"fr-FR\",\"url\":\"https:\/\/www.nettali.com\/wp-content\/uploads\/2024\/08\/diomaye-signe.jpg\",\"contentUrl\":\"https:\/\/www.nettali.com\/wp-content\/uploads\/2024\/08\/diomaye-signe.jpg\",\"width\":1280,\"height\":903},{\"@type\":\"WebPage\",\"@id\":\"https:\/\/www.nettali.com\/2024\/09\/04\/officiel-aminata-mbengue-ndiaye-et-abdoulaye-daouda-diallo-demis-de-leurs-fonctions\/#webpage\",\"url\":\"https:\/\/www.nettali.com\/2024\/09\/04\/officiel-aminata-mbengue-ndiaye-et-abdoulaye-daouda-diallo-demis-de-leurs-fonctions\/\",\"name\":\"OFFICIEL - Aminata Mbengue Ndiaye et Abdoulaye Daouda Diallo d\\u00e9mis de leurs fonctions | Nettali.com\",\"isPartOf\":{\"@id\":\"https:\/\/www.nettali.com\/#website\"},\"primaryImageOfPage\":{\"@id\":\"https:\/\/www.nettali.com\/2024\/09\/04\/officiel-aminata-mbengue-ndiaye-et-abdoulaye-daouda-diallo-demis-de-leurs-fonctions\/#primaryimage\"},\"datePublished\":\"2024-09-04T17:19:07+00:00\",\"dateModified\":\"2024-09-06T08:04:37+00:00\",\"author\":{\"@id\":\"https:\/\/www.nettali.com\/#\/schema\/person\/3317e0bb3aa1da309fbf7b2780901bf4\"},\"breadcrumb\":{\"@id\":\"https:\/\/www.nettali.com\/2024\/09\/04\/officiel-aminata-mbengue-ndiaye-et-abdoulaye-daouda-diallo-demis-de-leurs-fonctions\/#breadcrumb\"},\"inLanguage\":\"fr-FR\",\"potentialAction\":[{\"@type\":\"ReadAction\",\"target\":[\"https:\/\/www.nettali.com\/2024\/09\/04\/officiel-aminata-mbengue-ndiaye-et-abdoulaye-daouda-diallo-demis-de-leurs-fonctions\/\"]}]},{\"@type\":\"BreadcrumbList\",\"@id\":\"https:\/\/www.nettali.com\/2024\/09\/04\/officiel-aminata-mbengue-ndiaye-et-abdoulaye-daouda-diallo-demis-de-leurs-fonctions\/#breadcrumb\",\"itemListElement\":[{\"@type\":\"ListItem\",\"position\":1,\"name\":\"Accueil\",\"item\":\"https:\/\/www.nettali.com\/\"},{\"@type\":\"ListItem\",\"position\":2,\"name\":\"OFFICIEL - Aminata Mbengue Ndiaye et Abdoulaye Daouda Diallo d\\u00e9mis de leurs fonctions\"}]},{\"@type\":\"Person\",\"@id\":\"https:\/\/www.nettali.com\/#\/schema\/person\/3317e0bb3aa1da309fbf7b2780901bf4\",\"name\":\"Daouda\",\"image\":{\"@type\":\"ImageObject\",\"@id\":\"https:\/\/www.nettali.com\/#personlogo\",\"inLanguage\":\"fr-FR\",\"url\":\"https:\/\/secure.gravatar.com\/avatar\/8d143b5a49345098ddcfee1c49c2f47c?s=96&d=mm&r=g\",\"contentUrl\":\"https:\/\/secure.gravatar.com\/avatar\/8d143b5a49345098ddcfee1c49c2f47c?s=96&d=mm&r=g\",\"caption\":\"Daouda\"},\"sameAs\":[\"https:\/\/www.nettali.com\"]}]}<\/script>\n<!-- \/ Yoast SEO Premium plugin. -->","yoast_head_json":{"title":"OFFICIEL - Aminata Mbengue Ndiaye et Abdoulaye Daouda Diallo d\u00e9mis de leurs fonctions | Nettali.com","robots":{"index":"index","follow":"follow","max-snippet":"max-snippet:-1","max-image-preview":"max-image-preview:large","max-video-preview":"max-video-preview:-1"},"canonical":"https:\/\/www.nettali.com\/2024\/09\/04\/officiel-aminata-mbengue-ndiaye-et-abdoulaye-daouda-diallo-demis-de-leurs-fonctions\/","og_locale":"fr_FR","og_type":"article","og_title":"OFFICIEL - Aminata Mbengue Ndiaye et Abdoulaye Daouda Diallo d\u00e9mis de leurs fonctions","og_description":"NETTALI.COM - Comme annonc\u00e9 il y a quelques heures par le Premier ministre, le pr\u00e9sident de la R\u00e9publique, Bassirou Diomaye Faye, a mis fin, ce mercredi, aux fonctions de la pr\u00e9sidente du Haut conseil des collectivit\u00e9s territoriales (Hcct), Aminata Mbengue Ndiaye, et \u00e0 celles du pr\u00e9sident du Conseil \u00e9conomique social et environnemental (Cese), Abdoulaye Daouda [&hellip;]","og_url":"https:\/\/www.nettali.com\/2024\/09\/04\/officiel-aminata-mbengue-ndiaye-et-abdoulaye-daouda-diallo-demis-de-leurs-fonctions\/","og_site_name":"Nettali.com","article_publisher":"https:\/\/www.facebook.com\/nettalicom","article_published_time":"2024-09-04T17:19:07+00:00","article_modified_time":"2024-09-06T08:04:37+00:00","og_image":[{"width":1280,"height":903,"url":"https:\/\/www.nettali.com\/wp-content\/uploads\/2024\/08\/diomaye-signe.jpg","type":"image\/jpeg"}],"twitter_card":"summary_large_image","twitter_misc":{"\u00c9crit par":"Daouda","Dur\u00e9e de lecture estim\u00e9e":"1 minute"},"schema":{"@context":"https:\/\/schema.org","@graph":[{"@type":"WebSite","@id":"https:\/\/www.nettali.com\/#website","url":"https:\/\/www.nettali.com\/","name":"Nettali.com","description":"Le rendez-vous critique du Net","potentialAction":[{"@type":"SearchAction","target":{"@type":"EntryPoint","urlTemplate":"https:\/\/www.nettali.com\/?s={search_term_string}"},"query-input":"required name=search_term_string"}],"inLanguage":"fr-FR"},{"@type":"ImageObject","@id":"https:\/\/www.nettali.com\/2024\/09\/04\/officiel-aminata-mbengue-ndiaye-et-abdoulaye-daouda-diallo-demis-de-leurs-fonctions\/#primaryimage","inLanguage":"fr-FR","url":"https:\/\/www.nettali.com\/wp-content\/uploads\/2024\/08\/diomaye-signe.jpg","contentUrl":"https:\/\/www.nettali.com\/wp-content\/uploads\/2024\/08\/diomaye-signe.jpg","width":1280,"height":903},{"@type":"WebPage","@id":"https:\/\/www.nettali.com\/2024\/09\/04\/officiel-aminata-mbengue-ndiaye-et-abdoulaye-daouda-diallo-demis-de-leurs-fonctions\/#webpage","url":"https:\/\/www.nettali.com\/2024\/09\/04\/officiel-aminata-mbengue-ndiaye-et-abdoulaye-daouda-diallo-demis-de-leurs-fonctions\/","name":"OFFICIEL - Aminata Mbengue Ndiaye et Abdoulaye Daouda Diallo d\u00e9mis de leurs fonctions | Nettali.com","isPartOf":{"@id":"https:\/\/www.nettali.com\/#website"},"primaryImageOfPage":{"@id":"https:\/\/www.nettali.com\/2024\/09\/04\/officiel-aminata-mbengue-ndiaye-et-abdoulaye-daouda-diallo-demis-de-leurs-fonctions\/#primaryimage"},"datePublished":"2024-09-04T17:19:07+00:00","dateModified":"2024-09-06T08:04:37+00:00","author":{"@id":"https:\/\/www.nettali.com\/#\/schema\/person\/3317e0bb3aa1da309fbf7b2780901bf4"},"breadcrumb":{"@id":"https:\/\/www.nettali.com\/2024\/09\/04\/officiel-aminata-mbengue-ndiaye-et-abdoulaye-daouda-diallo-demis-de-leurs-fonctions\/#breadcrumb"},"inLanguage":"fr-FR","potentialAction":[{"@type":"ReadAction","target":["https:\/\/www.nettali.com\/2024\/09\/04\/officiel-aminata-mbengue-ndiaye-et-abdoulaye-daouda-diallo-demis-de-leurs-fonctions\/"]}]},{"@type":"BreadcrumbList","@id":"https:\/\/www.nettali.com\/2024\/09\/04\/officiel-aminata-mbengue-ndiaye-et-abdoulaye-daouda-diallo-demis-de-leurs-fonctions\/#breadcrumb","itemListElement":[{"@type":"ListItem","position":1,"name":"Accueil","item":"https:\/\/www.nettali.com\/"},{"@type":"ListItem","position":2,"name":"OFFICIEL - Aminata Mbengue Ndiaye et Abdoulaye Daouda Diallo d\u00e9mis de leurs fonctions"}]},{"@type":"Person","@id":"https:\/\/www.nettali.com\/#\/schema\/person\/3317e0bb3aa1da309fbf7b2780901bf4","name":"Daouda","image":{"@type":"ImageObject","@id":"https:\/\/www.nettali.com\/#personlogo","inLanguage":"fr-FR","url":"https:\/\/secure.gravatar.com\/avatar\/8d143b5a49345098ddcfee1c49c2f47c?s=96&d=mm&r=g","contentUrl":"https:\/\/secure.gravatar.com\/avatar\/8d143b5a49345098ddcfee1c49c2f47c?s=96&d=mm&r=g","caption":"Daouda"},"sameAs":["https:\/\/www.nettali.com"]}]}},"_links":{"self":[{"href":"https:\/\/www.nettali.com\/rest\/wp\/v2\/posts\/139700"}],"collection":[{"href":"https:\/\/www.nettali.com\/rest\/wp\/v2\/posts"}],"about":[{"href":"https:\/\/www.nettali.com\/rest\/wp\/v2\/types\/post"}],"author":[{"embeddable":true,"href":"https:\/\/www.nettali.com\/rest\/wp\/v2\/users\/4"}],"replies":[{"embeddable":true,"href":"https:\/\/www.nettali.com\/rest\/wp\/v2\/comments?post=139700"}],"version-history":[{"count":1,"href":"https:\/\/www.nettali.com\/rest\/wp\/v2\/posts\/139700\/revisions"}],"predecessor-version":[{"id":139702,"href":"https:\/\/www.nettali.com\/rest\/wp\/v2\/posts\/139700\/revisions\/139702"}],"wp:featuredmedia":[{"embeddable":true,"href":"https:\/\/www.nettali.com\/rest\/wp\/v2\/media\/138546"}],"wp:attachment":[{"href":"https:\/\/www.nettali.com\/rest\/wp\/v2\/media?parent=139700"}],"wp:term":[{"taxonomy":"category","embeddable":true,"href":"https:\/\/www.nettali.com\/rest\/wp\/v2\/categories?post=139700"},{"taxonomy":"post_tag","embeddable":true,"href":"https:\/\/www.nettali.com\/rest\/wp\/v2\/tags?post=139700"}],"curies":[{"name":"wp","href":"https:\/\/api.w.org\/{rel}","templated":true}]}}