{"id":139662,"date":"2024-09-04T14:50:46","date_gmt":"2024-09-04T14:50:46","guid":{"rendered":"https:\/\/www.nettali.com\/?p=139662"},"modified":"2024-09-04T14:50:46","modified_gmt":"2024-09-04T14:50:46","slug":"dissolution-de-lassemblee-nationale-birahim-seck-emet-des-reserves","status":"publish","type":"post","link":"https:\/\/www.nettali.com\/2024\/09\/04\/dissolution-de-lassemblee-nationale-birahim-seck-emet-des-reserves\/","title":{"rendered":"DISSOLUTION DE L'ASSEMBL\u00c9E NATIONALE - Birahim Seck \u00e9met des r\u00e9serves"},"content":{"rendered":"<p><strong>NETTALI.COM - La dissolution de l\u2019Assembl\u00e9e n\u2019est pas id\u00e9ale. C\u2019est la conviction du coordonnateur du forum civil qui \u00e9voque l'article 87 de la Constitution en s'interrogeant sur l'utilit\u00e9 de la dissolution.<\/strong><\/p>\n<p>Le coordonnateur du Forum Civil est en effet \u00a0pr\u00e9occup\u00e9 par l\u2019utilit\u00e9 de la dissolution. \u00ab <em>L'Assembl\u00e9e nationale dissoute ne peut se r\u00e9unir. Toutefois, le mandat des d\u00e9put\u00e9s n'expire qu'\u00e0 la date de la proclamation de l'\u00e9lection des membres de la nouvelle Assembl\u00e9e nationale. Avec ce dernier alin\u00e9a de l'article 87 de la Constitution, je me demande quelle est l'utilit\u00e9 de dissoudre l'Assembl\u00e9e nationale pour apr\u00e8s se retrouver dans une situation juridique complexe<\/em> \u00bb s\u2019interroge Birahim Seck.<\/p>\n<p>Il ajoute : \u00ab <em>certains diront que le pr\u00e9sident de la R\u00e9publique peut gouverner par d\u00e9cret. Il faut rappeler que selon l'article 68 de la Constitution, l\u2019Assembl\u00e9e nationale vote les projets de loi de finances. Et pour gouverner par ordonnance, il faut une loi d'habilitation, comme le pr\u00e9cise l'article 77 de la Constitution : \"L'Assembl\u00e9e nationale peut habiliter par une loi le pr\u00e9sident de la R\u00e9publique \u00e0 prendre des mesures qui sont notamment dans le domaine de la loi<\/em> \u00bb.<\/p>\n<p>Toujours selon l'argumentaire du \u00a0patron du forum civil, \u00ab<em> la possibilit\u00e9 offerte au pr\u00e9sident de la R\u00e9publique \u00e0 faire entrer en vigueur par d\u00e9cret le budget, est la situation o\u00f9 'le projet de loi de finances n'est pas vot\u00e9 d\u00e9finitivement \u00e0 l'expiration du d\u00e9lai de soixante jours', alin\u00e9a 5 de l'article 68 de la Constitution<\/em> \u00bb.<\/p>\n<p>Avec ce cas de figure dit-il : \u00ab<em> le pr\u00e9sident de la R\u00e9publique est autoris\u00e9 \u00e0 reconduire par d\u00e9cret les services vot\u00e9s\" (avant-dernier alin\u00e9a de l'article 68 de la Constitution) alors que nous sommes \u00e0 l'\u00e8re du vote du budget par programme. \"Un programme regroupe des cr\u00e9dits destin\u00e9s \u00e0 mettre en \u0153uvre une action ou un ensemble coh\u00e9rent d'actions repr\u00e9sentatif d'une politique publique clairement d\u00e9finie dans une perspective de moyen terme\"'. Alin\u00e9a 4 de l'article 12 de la loi n\u00b02020-07 du 26 f\u00e9vrier 2020 relative \u00e0 la loi organique relative aux lois de finances<\/em> \u00bb.<\/p>\n<p>Il poursuit : \u00ab <em>Selon l'article 12 de la loi organique sur les lois de finances, 'les lois de finances r\u00e9partissent les cr\u00e9dits budg\u00e9taires qu'elles couvrent entre les diff\u00e9rents minist\u00e8res et les Institutions. A l'int\u00e9rieur des minist\u00e8res, les cr\u00e9dits sont d\u00e9compos\u00e9s en programme, sous r\u00e9serve des dispositions de l'article 14 de ladite loi de finances. Le Code de transparence dans la gestion des finances publiques renforce aussi la l\u00e9gitimit\u00e9 de l'Assembl\u00e9e en mati\u00e8re budg\u00e9taire. Selon le point 3.2 de l'annexe unique de la loi n\u00b02012-22 du 27 d\u00e9cembre 2012, 'l'Assembl\u00e9e nationale d\u00e9lib\u00e8re chaque ann\u00e9e sur le projet de budget de l'Etat et sur l'ex\u00e9cution du bugdet...<\/em> \u00bb<\/p>\n<p>Constitutionnellement, soutient M. Seck \" <em>le pr\u00e9sident de la R\u00e9publique peut dissoudre l'Assembl\u00e9e nationale, mais le droit budg\u00e9taire sera dans une situation de grippe juridique complexe<\/em>.<\/p>\n<div class='share-to-whatsapp-wrapper'><div class='share-on-whsp'>PARTAGER SUR : <\/div><a data-text='DISSOLUTION DE L'ASSEMBL\u00c9E NATIONALE - Birahim Seck \u00e9met des r\u00e9serves' data-link='https:\/\/www.nettali.com\/2024\/09\/04\/dissolution-de-lassemblee-nationale-birahim-seck-emet-des-reserves\/' class='whatsapp-button whatsapp-share'>WhatsApp<\/a><div class='clear '><\/div><\/div>","protected":false},"excerpt":{"rendered":"<p>NETTALI.COM - La dissolution de l\u2019Assembl\u00e9e n\u2019est pas id\u00e9ale. C\u2019est la conviction du coordonnateur du forum civil qui \u00e9voque l'article 87 de la Constitution en s'interrogeant sur l'utilit\u00e9 de la dissolution. Le coordonnateur du Forum Civil est en effet \u00a0pr\u00e9occup\u00e9 par l\u2019utilit\u00e9 de la dissolution. \u00ab L'Assembl\u00e9e nationale dissoute ne peut se r\u00e9unir. Toutefois, le [&hellip;]<\/p>\n","protected":false},"author":6,"featured_media":125979,"comment_status":"open","ping_status":"open","sticky":false,"template":"","format":"standard","meta":{"_et_pb_use_builder":"","_et_pb_old_content":""},"categories":[2],"tags":[],"yoast_head":"<!-- This site is optimized with the Yoast SEO Premium plugin v17.8 (Yoast SEO v17.8) - https:\/\/yoast.com\/wordpress\/plugins\/seo\/ -->\n<title>DISSOLUTION DE L&#039;ASSEMBL\u00c9E NATIONALE - Birahim Seck \u00e9met des r\u00e9serves | Nettali.com<\/title>\n<meta name=\"robots\" content=\"index, follow, max-snippet:-1, max-image-preview:large, max-video-preview:-1\" \/>\n<link rel=\"canonical\" href=\"https:\/\/www.nettali.com\/2024\/09\/04\/dissolution-de-lassemblee-nationale-birahim-seck-emet-des-reserves\/\" \/>\n<meta property=\"og:locale\" content=\"fr_FR\" \/>\n<meta property=\"og:type\" content=\"article\" \/>\n<meta property=\"og:title\" content=\"DISSOLUTION DE L&#039;ASSEMBL\u00c9E NATIONALE - Birahim Seck \u00e9met des r\u00e9serves\" \/>\n<meta property=\"og:description\" content=\"NETTALI.COM - La dissolution de l\u2019Assembl\u00e9e n\u2019est pas id\u00e9ale. C\u2019est la conviction du coordonnateur du forum civil qui \u00e9voque l&#039;article 87 de la Constitution en s&#039;interrogeant sur l&#039;utilit\u00e9 de la dissolution. Le coordonnateur du Forum Civil est en effet \u00a0pr\u00e9occup\u00e9 par l\u2019utilit\u00e9 de la dissolution. \u00ab L&#039;Assembl\u00e9e nationale dissoute ne peut se r\u00e9unir. Toutefois, le [&hellip;]\" \/>\n<meta property=\"og:url\" content=\"https:\/\/www.nettali.com\/2024\/09\/04\/dissolution-de-lassemblee-nationale-birahim-seck-emet-des-reserves\/\" \/>\n<meta property=\"og:site_name\" content=\"Nettali.com\" \/>\n<meta property=\"article:publisher\" content=\"https:\/\/www.facebook.com\/nettalicom\" \/>\n<meta property=\"article:published_time\" content=\"2024-09-04T14:50:46+00:00\" \/>\n<meta property=\"og:image\" content=\"https:\/\/www.nettali.com\/wp-content\/uploads\/2024\/01\/birahim_seck-_2_0.jpg\" \/>\n\t<meta property=\"og:image:width\" content=\"800\" \/>\n\t<meta property=\"og:image:height\" content=\"532\" \/>\n<meta name=\"twitter:card\" content=\"summary_large_image\" \/>\n<meta name=\"twitter:label1\" content=\"\u00c9crit par\" \/>\n\t<meta name=\"twitter:data1\" content=\"Fatou\" \/>\n\t<meta name=\"twitter:label2\" content=\"Dur\u00e9e de lecture estim\u00e9e\" \/>\n\t<meta name=\"twitter:data2\" content=\"3 minutes\" \/>\n<script type=\"application\/ld+json\" class=\"yoast-schema-graph\">{\"@context\":\"https:\/\/schema.org\",\"@graph\":[{\"@type\":\"WebSite\",\"@id\":\"https:\/\/www.nettali.com\/#website\",\"url\":\"https:\/\/www.nettali.com\/\",\"name\":\"Nettali.com\",\"description\":\"Le rendez-vous critique du Net\",\"potentialAction\":[{\"@type\":\"SearchAction\",\"target\":{\"@type\":\"EntryPoint\",\"urlTemplate\":\"https:\/\/www.nettali.com\/?s={search_term_string}\"},\"query-input\":\"required name=search_term_string\"}],\"inLanguage\":\"fr-FR\"},{\"@type\":\"ImageObject\",\"@id\":\"https:\/\/www.nettali.com\/2024\/09\/04\/dissolution-de-lassemblee-nationale-birahim-seck-emet-des-reserves\/#primaryimage\",\"inLanguage\":\"fr-FR\",\"url\":\"https:\/\/www.nettali.com\/wp-content\/uploads\/2024\/01\/birahim_seck-_2_0.jpg\",\"contentUrl\":\"https:\/\/www.nettali.com\/wp-content\/uploads\/2024\/01\/birahim_seck-_2_0.jpg\",\"width\":800,\"height\":532},{\"@type\":\"WebPage\",\"@id\":\"https:\/\/www.nettali.com\/2024\/09\/04\/dissolution-de-lassemblee-nationale-birahim-seck-emet-des-reserves\/#webpage\",\"url\":\"https:\/\/www.nettali.com\/2024\/09\/04\/dissolution-de-lassemblee-nationale-birahim-seck-emet-des-reserves\/\",\"name\":\"DISSOLUTION DE L'ASSEMBL\\u00c9E NATIONALE - Birahim Seck \\u00e9met des r\\u00e9serves | Nettali.com\",\"isPartOf\":{\"@id\":\"https:\/\/www.nettali.com\/#website\"},\"primaryImageOfPage\":{\"@id\":\"https:\/\/www.nettali.com\/2024\/09\/04\/dissolution-de-lassemblee-nationale-birahim-seck-emet-des-reserves\/#primaryimage\"},\"datePublished\":\"2024-09-04T14:50:46+00:00\",\"dateModified\":\"2024-09-04T14:50:46+00:00\",\"author\":{\"@id\":\"https:\/\/www.nettali.com\/#\/schema\/person\/418274a86bdf87caff7a3ef476bd0bbf\"},\"breadcrumb\":{\"@id\":\"https:\/\/www.nettali.com\/2024\/09\/04\/dissolution-de-lassemblee-nationale-birahim-seck-emet-des-reserves\/#breadcrumb\"},\"inLanguage\":\"fr-FR\",\"potentialAction\":[{\"@type\":\"ReadAction\",\"target\":[\"https:\/\/www.nettali.com\/2024\/09\/04\/dissolution-de-lassemblee-nationale-birahim-seck-emet-des-reserves\/\"]}]},{\"@type\":\"BreadcrumbList\",\"@id\":\"https:\/\/www.nettali.com\/2024\/09\/04\/dissolution-de-lassemblee-nationale-birahim-seck-emet-des-reserves\/#breadcrumb\",\"itemListElement\":[{\"@type\":\"ListItem\",\"position\":1,\"name\":\"Accueil\",\"item\":\"https:\/\/www.nettali.com\/\"},{\"@type\":\"ListItem\",\"position\":2,\"name\":\"DISSOLUTION DE L'ASSEMBL\\u00c9E NATIONALE - Birahim Seck \\u00e9met des r\\u00e9serves\"}]},{\"@type\":\"Person\",\"@id\":\"https:\/\/www.nettali.com\/#\/schema\/person\/418274a86bdf87caff7a3ef476bd0bbf\",\"name\":\"Fatou\",\"image\":{\"@type\":\"ImageObject\",\"@id\":\"https:\/\/www.nettali.com\/#personlogo\",\"inLanguage\":\"fr-FR\",\"url\":\"https:\/\/secure.gravatar.com\/avatar\/5a9442a2bee7b4dcf167cab035858e9a?s=96&d=mm&r=g\",\"contentUrl\":\"https:\/\/secure.gravatar.com\/avatar\/5a9442a2bee7b4dcf167cab035858e9a?s=96&d=mm&r=g\",\"caption\":\"Fatou\"},\"sameAs\":[\"https:\/\/www.nettali.com\"]}]}<\/script>\n<!-- \/ Yoast SEO Premium plugin. -->","yoast_head_json":{"title":"DISSOLUTION DE L'ASSEMBL\u00c9E NATIONALE - Birahim Seck \u00e9met des r\u00e9serves | Nettali.com","robots":{"index":"index","follow":"follow","max-snippet":"max-snippet:-1","max-image-preview":"max-image-preview:large","max-video-preview":"max-video-preview:-1"},"canonical":"https:\/\/www.nettali.com\/2024\/09\/04\/dissolution-de-lassemblee-nationale-birahim-seck-emet-des-reserves\/","og_locale":"fr_FR","og_type":"article","og_title":"DISSOLUTION DE L'ASSEMBL\u00c9E NATIONALE - Birahim Seck \u00e9met des r\u00e9serves","og_description":"NETTALI.COM - La dissolution de l\u2019Assembl\u00e9e n\u2019est pas id\u00e9ale. C\u2019est la conviction du coordonnateur du forum civil qui \u00e9voque l'article 87 de la Constitution en s'interrogeant sur l'utilit\u00e9 de la dissolution. Le coordonnateur du Forum Civil est en effet \u00a0pr\u00e9occup\u00e9 par l\u2019utilit\u00e9 de la dissolution. \u00ab L'Assembl\u00e9e nationale dissoute ne peut se r\u00e9unir. Toutefois, le [&hellip;]","og_url":"https:\/\/www.nettali.com\/2024\/09\/04\/dissolution-de-lassemblee-nationale-birahim-seck-emet-des-reserves\/","og_site_name":"Nettali.com","article_publisher":"https:\/\/www.facebook.com\/nettalicom","article_published_time":"2024-09-04T14:50:46+00:00","og_image":[{"width":800,"height":532,"url":"https:\/\/www.nettali.com\/wp-content\/uploads\/2024\/01\/birahim_seck-_2_0.jpg","type":"image\/jpeg"}],"twitter_card":"summary_large_image","twitter_misc":{"\u00c9crit par":"Fatou","Dur\u00e9e de lecture estim\u00e9e":"3 minutes"},"schema":{"@context":"https:\/\/schema.org","@graph":[{"@type":"WebSite","@id":"https:\/\/www.nettali.com\/#website","url":"https:\/\/www.nettali.com\/","name":"Nettali.com","description":"Le rendez-vous critique du Net","potentialAction":[{"@type":"SearchAction","target":{"@type":"EntryPoint","urlTemplate":"https:\/\/www.nettali.com\/?s={search_term_string}"},"query-input":"required name=search_term_string"}],"inLanguage":"fr-FR"},{"@type":"ImageObject","@id":"https:\/\/www.nettali.com\/2024\/09\/04\/dissolution-de-lassemblee-nationale-birahim-seck-emet-des-reserves\/#primaryimage","inLanguage":"fr-FR","url":"https:\/\/www.nettali.com\/wp-content\/uploads\/2024\/01\/birahim_seck-_2_0.jpg","contentUrl":"https:\/\/www.nettali.com\/wp-content\/uploads\/2024\/01\/birahim_seck-_2_0.jpg","width":800,"height":532},{"@type":"WebPage","@id":"https:\/\/www.nettali.com\/2024\/09\/04\/dissolution-de-lassemblee-nationale-birahim-seck-emet-des-reserves\/#webpage","url":"https:\/\/www.nettali.com\/2024\/09\/04\/dissolution-de-lassemblee-nationale-birahim-seck-emet-des-reserves\/","name":"DISSOLUTION DE L'ASSEMBL\u00c9E NATIONALE - Birahim Seck \u00e9met des r\u00e9serves | Nettali.com","isPartOf":{"@id":"https:\/\/www.nettali.com\/#website"},"primaryImageOfPage":{"@id":"https:\/\/www.nettali.com\/2024\/09\/04\/dissolution-de-lassemblee-nationale-birahim-seck-emet-des-reserves\/#primaryimage"},"datePublished":"2024-09-04T14:50:46+00:00","dateModified":"2024-09-04T14:50:46+00:00","author":{"@id":"https:\/\/www.nettali.com\/#\/schema\/person\/418274a86bdf87caff7a3ef476bd0bbf"},"breadcrumb":{"@id":"https:\/\/www.nettali.com\/2024\/09\/04\/dissolution-de-lassemblee-nationale-birahim-seck-emet-des-reserves\/#breadcrumb"},"inLanguage":"fr-FR","potentialAction":[{"@type":"ReadAction","target":["https:\/\/www.nettali.com\/2024\/09\/04\/dissolution-de-lassemblee-nationale-birahim-seck-emet-des-reserves\/"]}]},{"@type":"BreadcrumbList","@id":"https:\/\/www.nettali.com\/2024\/09\/04\/dissolution-de-lassemblee-nationale-birahim-seck-emet-des-reserves\/#breadcrumb","itemListElement":[{"@type":"ListItem","position":1,"name":"Accueil","item":"https:\/\/www.nettali.com\/"},{"@type":"ListItem","position":2,"name":"DISSOLUTION DE L'ASSEMBL\u00c9E NATIONALE - Birahim Seck \u00e9met des r\u00e9serves"}]},{"@type":"Person","@id":"https:\/\/www.nettali.com\/#\/schema\/person\/418274a86bdf87caff7a3ef476bd0bbf","name":"Fatou","image":{"@type":"ImageObject","@id":"https:\/\/www.nettali.com\/#personlogo","inLanguage":"fr-FR","url":"https:\/\/secure.gravatar.com\/avatar\/5a9442a2bee7b4dcf167cab035858e9a?s=96&d=mm&r=g","contentUrl":"https:\/\/secure.gravatar.com\/avatar\/5a9442a2bee7b4dcf167cab035858e9a?s=96&d=mm&r=g","caption":"Fatou"},"sameAs":["https:\/\/www.nettali.com"]}]}},"_links":{"self":[{"href":"https:\/\/www.nettali.com\/rest\/wp\/v2\/posts\/139662"}],"collection":[{"href":"https:\/\/www.nettali.com\/rest\/wp\/v2\/posts"}],"about":[{"href":"https:\/\/www.nettali.com\/rest\/wp\/v2\/types\/post"}],"author":[{"embeddable":true,"href":"https:\/\/www.nettali.com\/rest\/wp\/v2\/users\/6"}],"replies":[{"embeddable":true,"href":"https:\/\/www.nettali.com\/rest\/wp\/v2\/comments?post=139662"}],"version-history":[{"count":2,"href":"https:\/\/www.nettali.com\/rest\/wp\/v2\/posts\/139662\/revisions"}],"predecessor-version":[{"id":139699,"href":"https:\/\/www.nettali.com\/rest\/wp\/v2\/posts\/139662\/revisions\/139699"}],"wp:featuredmedia":[{"embeddable":true,"href":"https:\/\/www.nettali.com\/rest\/wp\/v2\/media\/125979"}],"wp:attachment":[{"href":"https:\/\/www.nettali.com\/rest\/wp\/v2\/media?parent=139662"}],"wp:term":[{"taxonomy":"category","embeddable":true,"href":"https:\/\/www.nettali.com\/rest\/wp\/v2\/categories?post=139662"},{"taxonomy":"post_tag","embeddable":true,"href":"https:\/\/www.nettali.com\/rest\/wp\/v2\/tags?post=139662"}],"curies":[{"name":"wp","href":"https:\/\/api.w.org\/{rel}","templated":true}]}}