{"id":139644,"date":"2024-09-03T22:32:52","date_gmt":"2024-09-03T22:32:52","guid":{"rendered":"https:\/\/www.nettali.com\/?p=139644"},"modified":"2024-09-03T22:34:28","modified_gmt":"2024-09-03T22:34:28","slug":"variole-du-singe-la-guinee-enregistre-son-premier-cas","status":"publish","type":"post","link":"https:\/\/www.nettali.com\/2024\/09\/03\/variole-du-singe-la-guinee-enregistre-son-premier-cas\/","title":{"rendered":"VARIOLE DU SINGE - La Guin\u00e9e enregistre son premier cas"},"content":{"rendered":"<p><strong>NETTALI.COM - L\u2019Agence nationale de la s\u00e9curit\u00e9 sanitaire (Anss) de Guin\u00e9e a annonc\u00e9 lundi soir un premier cas confirm\u00e9 de variole du singe dans le pays. Ce cas a \u00e9t\u00e9 enregistr\u00e9 dans la commune de Macenta, situ\u00e9e en Guin\u00e9e foresti\u00e8re.<\/strong><\/p>\n<p>La patiente est une fillette de 7 ans, dont le diagnostic a \u00e9t\u00e9 confirm\u00e9 le lundi 2 septembre 2024. Selon \"Africaguinee.com\", les \u00e9chantillons de la fillette avaient \u00e9t\u00e9 pr\u00e9lev\u00e9s le 30 ao\u00fbt dernier, avant d\u2019\u00eatre achemin\u00e9s vers un centre de recherche en virologie pour analyse.<\/p>\n<p>La confirmation du cas a \u00e9t\u00e9 effectu\u00e9e par le Centre de recherche en virologie de Gueckedou, pr\u00e9cise le site \"\u00a0aconakrylive.com\u00a0\". Avant cette confirmation, l\u2019Anss avait d\u00e9j\u00e0 annonc\u00e9, \u00e0 la date du 26 ao\u00fbt, l\u2019existence de neuf cas suspects de variole du singe en Guin\u00e9e.<\/p>\n<p>Avec ce premier cas confirm\u00e9, la Guin\u00e9e devient le troisi\u00e8me pays d\u2019Afrique de l\u2019Ouest \u00e0 signaler la pr\u00e9sence de cette \u00e9pid\u00e9mie, apr\u00e8s le Nig\u00e9ria et la C\u00f4te d\u2019Ivoire. La variole du singe, dont le principal foyer se trouve en Afrique centrale, notamment en RD Congo, a \u00e9t\u00e9 d\u00e9clar\u00e9e urgence de sant\u00e9 publique de port\u00e9e internationale par l\u2019OMS le 14 juillet 2024, en raison de sa propagation inqui\u00e9tante.<\/p>\n<div class='share-to-whatsapp-wrapper'><div class='share-on-whsp'>PARTAGER SUR : <\/div><a data-text='VARIOLE DU SINGE - La Guin\u00e9e enregistre son premier cas' data-link='https:\/\/www.nettali.com\/2024\/09\/03\/variole-du-singe-la-guinee-enregistre-son-premier-cas\/' class='whatsapp-button whatsapp-share'>WhatsApp<\/a><div class='clear '><\/div><\/div>","protected":false},"excerpt":{"rendered":"<p>NETTALI.COM - L\u2019Agence nationale de la s\u00e9curit\u00e9 sanitaire (Anss) de Guin\u00e9e a annonc\u00e9 lundi soir un premier cas confirm\u00e9 de variole du singe dans le pays. Ce cas a \u00e9t\u00e9 enregistr\u00e9 dans la commune de Macenta, situ\u00e9e en Guin\u00e9e foresti\u00e8re. La patiente est une fillette de 7 ans, dont le diagnostic a \u00e9t\u00e9 confirm\u00e9 le [&hellip;]<\/p>\n","protected":false},"author":5,"featured_media":139641,"comment_status":"open","ping_status":"open","sticky":false,"template":"","format":"standard","meta":{"_et_pb_use_builder":"","_et_pb_old_content":""},"categories":[8],"tags":[],"yoast_head":"<!-- This site is optimized with the Yoast SEO Premium plugin v17.8 (Yoast SEO v17.8) - https:\/\/yoast.com\/wordpress\/plugins\/seo\/ -->\n<title>VARIOLE DU SINGE - La Guin\u00e9e enregistre son premier cas | Nettali.com<\/title>\n<meta name=\"robots\" content=\"index, follow, max-snippet:-1, max-image-preview:large, max-video-preview:-1\" \/>\n<link rel=\"canonical\" href=\"https:\/\/www.nettali.com\/2024\/09\/03\/variole-du-singe-la-guinee-enregistre-son-premier-cas\/\" \/>\n<meta property=\"og:locale\" content=\"fr_FR\" \/>\n<meta property=\"og:type\" content=\"article\" \/>\n<meta property=\"og:title\" content=\"VARIOLE DU SINGE - La Guin\u00e9e enregistre son premier cas\" \/>\n<meta property=\"og:description\" content=\"NETTALI.COM - L\u2019Agence nationale de la s\u00e9curit\u00e9 sanitaire (Anss) de Guin\u00e9e a annonc\u00e9 lundi soir un premier cas confirm\u00e9 de variole du singe dans le pays. Ce cas a \u00e9t\u00e9 enregistr\u00e9 dans la commune de Macenta, situ\u00e9e en Guin\u00e9e foresti\u00e8re. La patiente est une fillette de 7 ans, dont le diagnostic a \u00e9t\u00e9 confirm\u00e9 le [&hellip;]\" \/>\n<meta property=\"og:url\" content=\"https:\/\/www.nettali.com\/2024\/09\/03\/variole-du-singe-la-guinee-enregistre-son-premier-cas\/\" \/>\n<meta property=\"og:site_name\" content=\"Nettali.com\" \/>\n<meta property=\"article:publisher\" content=\"https:\/\/www.facebook.com\/nettalicom\" \/>\n<meta property=\"article:published_time\" content=\"2024-09-03T22:32:52+00:00\" \/>\n<meta property=\"article:modified_time\" content=\"2024-09-03T22:34:28+00:00\" \/>\n<meta property=\"og:image\" content=\"https:\/\/www.nettali.com\/wp-content\/uploads\/2024\/09\/82572570-59212470.jpg\" \/>\n\t<meta property=\"og:image:width\" content=\"848\" \/>\n\t<meta property=\"og:image:height\" content=\"597\" \/>\n<meta name=\"twitter:card\" content=\"summary_large_image\" \/>\n<meta name=\"twitter:label1\" content=\"\u00c9crit par\" \/>\n\t<meta name=\"twitter:data1\" content=\"Ibrahima\" \/>\n\t<meta name=\"twitter:label2\" content=\"Dur\u00e9e de lecture estim\u00e9e\" \/>\n\t<meta name=\"twitter:data2\" content=\"1 minute\" \/>\n<script type=\"application\/ld+json\" class=\"yoast-schema-graph\">{\"@context\":\"https:\/\/schema.org\",\"@graph\":[{\"@type\":\"WebSite\",\"@id\":\"https:\/\/www.nettali.com\/#website\",\"url\":\"https:\/\/www.nettali.com\/\",\"name\":\"Nettali.com\",\"description\":\"Le rendez-vous critique du Net\",\"potentialAction\":[{\"@type\":\"SearchAction\",\"target\":{\"@type\":\"EntryPoint\",\"urlTemplate\":\"https:\/\/www.nettali.com\/?s={search_term_string}\"},\"query-input\":\"required name=search_term_string\"}],\"inLanguage\":\"fr-FR\"},{\"@type\":\"ImageObject\",\"@id\":\"https:\/\/www.nettali.com\/2024\/09\/03\/variole-du-singe-la-guinee-enregistre-son-premier-cas\/#primaryimage\",\"inLanguage\":\"fr-FR\",\"url\":\"https:\/\/www.nettali.com\/wp-content\/uploads\/2024\/09\/82572570-59212470.jpg\",\"contentUrl\":\"https:\/\/www.nettali.com\/wp-content\/uploads\/2024\/09\/82572570-59212470.jpg\",\"width\":848,\"height\":597},{\"@type\":\"WebPage\",\"@id\":\"https:\/\/www.nettali.com\/2024\/09\/03\/variole-du-singe-la-guinee-enregistre-son-premier-cas\/#webpage\",\"url\":\"https:\/\/www.nettali.com\/2024\/09\/03\/variole-du-singe-la-guinee-enregistre-son-premier-cas\/\",\"name\":\"VARIOLE DU SINGE - La Guin\\u00e9e enregistre son premier cas | Nettali.com\",\"isPartOf\":{\"@id\":\"https:\/\/www.nettali.com\/#website\"},\"primaryImageOfPage\":{\"@id\":\"https:\/\/www.nettali.com\/2024\/09\/03\/variole-du-singe-la-guinee-enregistre-son-premier-cas\/#primaryimage\"},\"datePublished\":\"2024-09-03T22:32:52+00:00\",\"dateModified\":\"2024-09-03T22:34:28+00:00\",\"author\":{\"@id\":\"https:\/\/www.nettali.com\/#\/schema\/person\/bb147657c2986240405a608162b9bb23\"},\"breadcrumb\":{\"@id\":\"https:\/\/www.nettali.com\/2024\/09\/03\/variole-du-singe-la-guinee-enregistre-son-premier-cas\/#breadcrumb\"},\"inLanguage\":\"fr-FR\",\"potentialAction\":[{\"@type\":\"ReadAction\",\"target\":[\"https:\/\/www.nettali.com\/2024\/09\/03\/variole-du-singe-la-guinee-enregistre-son-premier-cas\/\"]}]},{\"@type\":\"BreadcrumbList\",\"@id\":\"https:\/\/www.nettali.com\/2024\/09\/03\/variole-du-singe-la-guinee-enregistre-son-premier-cas\/#breadcrumb\",\"itemListElement\":[{\"@type\":\"ListItem\",\"position\":1,\"name\":\"Accueil\",\"item\":\"https:\/\/www.nettali.com\/\"},{\"@type\":\"ListItem\",\"position\":2,\"name\":\"VARIOLE DU SINGE - La Guin\\u00e9e enregistre son premier cas\"}]},{\"@type\":\"Person\",\"@id\":\"https:\/\/www.nettali.com\/#\/schema\/person\/bb147657c2986240405a608162b9bb23\",\"name\":\"Ibrahima\",\"image\":{\"@type\":\"ImageObject\",\"@id\":\"https:\/\/www.nettali.com\/#personlogo\",\"inLanguage\":\"fr-FR\",\"url\":\"https:\/\/secure.gravatar.com\/avatar\/26a8a81f09f0dd7624c9d5c36c9ba3a2?s=96&d=mm&r=g\",\"contentUrl\":\"https:\/\/secure.gravatar.com\/avatar\/26a8a81f09f0dd7624c9d5c36c9ba3a2?s=96&d=mm&r=g\",\"caption\":\"Ibrahima\"},\"sameAs\":[\"https:\/\/www.nettali.com\"]}]}<\/script>\n<!-- \/ Yoast SEO Premium plugin. -->","yoast_head_json":{"title":"VARIOLE DU SINGE - La Guin\u00e9e enregistre son premier cas | Nettali.com","robots":{"index":"index","follow":"follow","max-snippet":"max-snippet:-1","max-image-preview":"max-image-preview:large","max-video-preview":"max-video-preview:-1"},"canonical":"https:\/\/www.nettali.com\/2024\/09\/03\/variole-du-singe-la-guinee-enregistre-son-premier-cas\/","og_locale":"fr_FR","og_type":"article","og_title":"VARIOLE DU SINGE - La Guin\u00e9e enregistre son premier cas","og_description":"NETTALI.COM - L\u2019Agence nationale de la s\u00e9curit\u00e9 sanitaire (Anss) de Guin\u00e9e a annonc\u00e9 lundi soir un premier cas confirm\u00e9 de variole du singe dans le pays. Ce cas a \u00e9t\u00e9 enregistr\u00e9 dans la commune de Macenta, situ\u00e9e en Guin\u00e9e foresti\u00e8re. La patiente est une fillette de 7 ans, dont le diagnostic a \u00e9t\u00e9 confirm\u00e9 le [&hellip;]","og_url":"https:\/\/www.nettali.com\/2024\/09\/03\/variole-du-singe-la-guinee-enregistre-son-premier-cas\/","og_site_name":"Nettali.com","article_publisher":"https:\/\/www.facebook.com\/nettalicom","article_published_time":"2024-09-03T22:32:52+00:00","article_modified_time":"2024-09-03T22:34:28+00:00","og_image":[{"width":848,"height":597,"url":"https:\/\/www.nettali.com\/wp-content\/uploads\/2024\/09\/82572570-59212470.jpg","type":"image\/jpeg"}],"twitter_card":"summary_large_image","twitter_misc":{"\u00c9crit par":"Ibrahima","Dur\u00e9e de lecture estim\u00e9e":"1 minute"},"schema":{"@context":"https:\/\/schema.org","@graph":[{"@type":"WebSite","@id":"https:\/\/www.nettali.com\/#website","url":"https:\/\/www.nettali.com\/","name":"Nettali.com","description":"Le rendez-vous critique du Net","potentialAction":[{"@type":"SearchAction","target":{"@type":"EntryPoint","urlTemplate":"https:\/\/www.nettali.com\/?s={search_term_string}"},"query-input":"required name=search_term_string"}],"inLanguage":"fr-FR"},{"@type":"ImageObject","@id":"https:\/\/www.nettali.com\/2024\/09\/03\/variole-du-singe-la-guinee-enregistre-son-premier-cas\/#primaryimage","inLanguage":"fr-FR","url":"https:\/\/www.nettali.com\/wp-content\/uploads\/2024\/09\/82572570-59212470.jpg","contentUrl":"https:\/\/www.nettali.com\/wp-content\/uploads\/2024\/09\/82572570-59212470.jpg","width":848,"height":597},{"@type":"WebPage","@id":"https:\/\/www.nettali.com\/2024\/09\/03\/variole-du-singe-la-guinee-enregistre-son-premier-cas\/#webpage","url":"https:\/\/www.nettali.com\/2024\/09\/03\/variole-du-singe-la-guinee-enregistre-son-premier-cas\/","name":"VARIOLE DU SINGE - La Guin\u00e9e enregistre son premier cas | Nettali.com","isPartOf":{"@id":"https:\/\/www.nettali.com\/#website"},"primaryImageOfPage":{"@id":"https:\/\/www.nettali.com\/2024\/09\/03\/variole-du-singe-la-guinee-enregistre-son-premier-cas\/#primaryimage"},"datePublished":"2024-09-03T22:32:52+00:00","dateModified":"2024-09-03T22:34:28+00:00","author":{"@id":"https:\/\/www.nettali.com\/#\/schema\/person\/bb147657c2986240405a608162b9bb23"},"breadcrumb":{"@id":"https:\/\/www.nettali.com\/2024\/09\/03\/variole-du-singe-la-guinee-enregistre-son-premier-cas\/#breadcrumb"},"inLanguage":"fr-FR","potentialAction":[{"@type":"ReadAction","target":["https:\/\/www.nettali.com\/2024\/09\/03\/variole-du-singe-la-guinee-enregistre-son-premier-cas\/"]}]},{"@type":"BreadcrumbList","@id":"https:\/\/www.nettali.com\/2024\/09\/03\/variole-du-singe-la-guinee-enregistre-son-premier-cas\/#breadcrumb","itemListElement":[{"@type":"ListItem","position":1,"name":"Accueil","item":"https:\/\/www.nettali.com\/"},{"@type":"ListItem","position":2,"name":"VARIOLE DU SINGE - La Guin\u00e9e enregistre son premier cas"}]},{"@type":"Person","@id":"https:\/\/www.nettali.com\/#\/schema\/person\/bb147657c2986240405a608162b9bb23","name":"Ibrahima","image":{"@type":"ImageObject","@id":"https:\/\/www.nettali.com\/#personlogo","inLanguage":"fr-FR","url":"https:\/\/secure.gravatar.com\/avatar\/26a8a81f09f0dd7624c9d5c36c9ba3a2?s=96&d=mm&r=g","contentUrl":"https:\/\/secure.gravatar.com\/avatar\/26a8a81f09f0dd7624c9d5c36c9ba3a2?s=96&d=mm&r=g","caption":"Ibrahima"},"sameAs":["https:\/\/www.nettali.com"]}]}},"_links":{"self":[{"href":"https:\/\/www.nettali.com\/rest\/wp\/v2\/posts\/139644"}],"collection":[{"href":"https:\/\/www.nettali.com\/rest\/wp\/v2\/posts"}],"about":[{"href":"https:\/\/www.nettali.com\/rest\/wp\/v2\/types\/post"}],"author":[{"embeddable":true,"href":"https:\/\/www.nettali.com\/rest\/wp\/v2\/users\/5"}],"replies":[{"embeddable":true,"href":"https:\/\/www.nettali.com\/rest\/wp\/v2\/comments?post=139644"}],"version-history":[{"count":1,"href":"https:\/\/www.nettali.com\/rest\/wp\/v2\/posts\/139644\/revisions"}],"predecessor-version":[{"id":139645,"href":"https:\/\/www.nettali.com\/rest\/wp\/v2\/posts\/139644\/revisions\/139645"}],"wp:featuredmedia":[{"embeddable":true,"href":"https:\/\/www.nettali.com\/rest\/wp\/v2\/media\/139641"}],"wp:attachment":[{"href":"https:\/\/www.nettali.com\/rest\/wp\/v2\/media?parent=139644"}],"wp:term":[{"taxonomy":"category","embeddable":true,"href":"https:\/\/www.nettali.com\/rest\/wp\/v2\/categories?post=139644"},{"taxonomy":"post_tag","embeddable":true,"href":"https:\/\/www.nettali.com\/rest\/wp\/v2\/tags?post=139644"}],"curies":[{"name":"wp","href":"https:\/\/api.w.org\/{rel}","templated":true}]}}