{"id":139640,"date":"2024-09-03T22:35:16","date_gmt":"2024-09-03T22:35:16","guid":{"rendered":"https:\/\/www.nettali.com\/?p=139640"},"modified":"2024-09-03T22:35:16","modified_gmt":"2024-09-03T22:35:16","slug":"uruguay-luis-suarez-quitte-la-celeste","status":"publish","type":"post","link":"https:\/\/www.nettali.com\/2024\/09\/03\/uruguay-luis-suarez-quitte-la-celeste\/","title":{"rendered":"URUGUAY - Luis Su\u00e1rez quitte la Celeste"},"content":{"rendered":"<p><strong>NETTALI.COM - A 37 ans, Luis Su\u00e1rez a annonc\u00e9 ce mard 3 septembre sa retraite internationale et va laisser un grand vide en Uruguay. Dernier souvenir d\u2019une g\u00e9n\u00e9ration dor\u00e9e, l\u2019avant-centre est \u00e9galement l\u2019ultime vestige d\u2019un football excessif o\u00f9 les moments de gloire sont coupl\u00e9s \u00e0 des gestes fr\u00f4lant l\u2019inacceptable.<\/strong><\/p>\n<p>Exub\u00e9rant, insoumis ou incontr\u00f4lable, aucun joueur du football moderne ne v\u00e9hicule plus de qualificatifs que Luis Su\u00e1rez. R\u00e9voltant autant que r\u00e9volt\u00e9, c\u2019est selon, l\u2019avant-centre de 37 ans est plus proche de la fin que du d\u00e9but et a sign\u00e9 une premi\u00e8re phrase de son testament\u00a0en annon\u00e7ant sa retraite internationale. Dans la nuit de lundi \u00e0 mardi, la terre a trembl\u00e9 en Uruguay parce que le meilleur buteur de sa s\u00e9lection va s\u2019en aller, laissant derri\u00e8re lui un pays orphelin de sa g\u00e9n\u00e9ration dor\u00e9e. Diego God\u00edn, Edinson Cavani, Mart\u00edn C\u00e1ceres et Fernando Muslera avaient d\u00e9j\u00e0 claqu\u00e9 la porte, il ne manquait que celui qui ne veut se plier \u00e0 aucune r\u00e8gle. C\u2019est \u00e9galement la fin d\u2019une \u00e8re dans un sport de plus en plus lisse o\u00f9 de tels coups de folie vont terriblement manquer.<\/p>\n<p><strong>Un enfant du pays<\/strong><\/p>\n<p>Pour certains, la retraite internationale n\u2019approche pas vraiment de la fin de carri\u00e8re et permet m\u00eame de retrouver un second souffle avec moins de matchs au programme. Pour El Pistolero, l\u2019inverse semble plut\u00f4t vrai. Aux c\u00f4t\u00e9s de ses amis Lionel Messi, Sergio Busquets et Jordi Alba, Luis Su\u00e1rez est en pr\u00e9retraite \u00e0 l\u2019Inter Miami et jouera donc son dernier \"<em>vrai<\/em>\" match dans la nuit de vendredi \u00e0 samedi face au Paraguay. En perte de vitesse depuis plusieurs ann\u00e9es, l\u2019un des meilleurs attaquants du XXIe si\u00e8cle a davantage marqu\u00e9 son \u00e9poque par ses faits de gloire avec l\u2019Uruguay, malgr\u00e9 ses passages plus que r\u00e9ussis \u00e0 l\u2019Ajax, Liverpool, Barcelone, l\u2019Atl\u00e9tico, voire Gr\u00eamio.<\/p>\n<p>Quand\u00a0Karim Benzema ratait son histoire d\u2019amour avec les Bleus, que Zlatan Ibrahimovi\u0107 et Robert Lewandowski peinaient \u00e0 porter \u00e0 bout de bras la Su\u00e8de et la Pologne, ou que Wayne Rooney ne brisait pas la mal\u00e9diction anglaise sur la sc\u00e8ne internationale, l\u2019Uruguayen a brill\u00e9 durant 17 longues ann\u00e9es. Arriv\u00e9 dans les rangs de\u00a0la\u00a0Celeste\u00a0en 2007, Luisito va honorer sa 143e\u00a0cape et tenter de marquer son 70e\u00a0but pour cl\u00f4turer de la meilleure des mani\u00e8res une histoire l\u00e9gendaire. Celle-ci est faite de tr\u00e8s hauts en mati\u00e8re de r\u00e9sultats et parfois de tr\u00e8s bas au niveau comportemental. Guerrier comme pas deux, technicien unique et buteur instinctif, il a permis \u00e0 son pays de se hisser en demi-finales de la Coupe du monde 2010 et de la Copa Am\u00e9rica 2024, de quoi situer sa long\u00e9vit\u00e9.<\/p>\n<p><strong>Passionn\u00e9ment, \u00e0 la folie<\/strong><\/p>\n<p>C\u2019est au Mondial sud-africain que la plan\u00e8te a d\u00e9couvert le ph\u00e9nom\u00e8ne uruguayen qui avait d\u00e9j\u00e0 conquis les Pays-Bas avec l\u2019Ajax. Si personne ne se souvient de son match face \u00e0 la France pour l\u2019entr\u00e9e en lice des deux \u00e9quipes, il trouve le chemin des filets contre le Mexique et par deux fois face \u00e0 la Cor\u00e9e du Sud en huiti\u00e8mes. Son crochet et sa frappe enroul\u00e9e sont toutefois \u00e9clips\u00e9s apr\u00e8s son geste en quarts de finale o\u00f9\u00a0il a arr\u00eat\u00e9 une frappe ghan\u00e9enne de la main\u00a0sur sa ligne de but \u00e0 la derni\u00e8re minute de la prolongation avant d\u2019exulter sur le penalty rat\u00e9 d\u2019Asamoah Gyan. Une explosion de joie enfantine d\u2019un gamin terrible, rappelant Diego Maradona version 1986, et le sauveur d\u2019un pays devenait alors paria aux quatre coins du globe. L\u2019ann\u00e9e suivante, il s\u2019attirait les foudres de l\u2019Argentine en \u00e9cartant le rival en quarts, chez lui, avant d\u2019aller\u00a0remporter la Copa Am\u00e9rica avec quatre buts au compteur\u00a0et le titre de meilleur joueur de la comp\u00e9tition.<\/p>\n<p>Avec ou sans Edinson Cavani sur le front de l\u2019attaque, Luis Su\u00e1rez semble avoir toujours brill\u00e9 sous le maillot bleu ciel. M\u00eame ses quelques moments de creux, \u00e0 l\u2019image de sa Copa 2016 ou de son Mondial 2022, sont vite \u00e9clips\u00e9s au moment de tirer le bilan, laissant la part belle aux instants iconiques. Parmi eux, il y a\u00a0son but \u00e0 la derni\u00e8re minute de la Copa 2024\u00a0pour offrir une derni\u00e8re m\u00e9daille de bronze \u00e0 la s\u00e9lection, mais aussi la morsure inflig\u00e9e \u00e0 Giorgio Chiellini lors de la Coupe du monde 2014. Le meilleur et le pire d\u2019un joueur incomparable et d\u2019un homme tourment\u00e9. Les deux n\u2019ont laiss\u00e9 personne insensible.<\/p>\n<div class='share-to-whatsapp-wrapper'><div class='share-on-whsp'>PARTAGER SUR : <\/div><a data-text='URUGUAY - Luis Su\u00e1rez quitte la Celeste' data-link='https:\/\/www.nettali.com\/2024\/09\/03\/uruguay-luis-suarez-quitte-la-celeste\/' class='whatsapp-button whatsapp-share'>WhatsApp<\/a><div class='clear '><\/div><\/div>","protected":false},"excerpt":{"rendered":"<p>NETTALI.COM - A 37 ans, Luis Su\u00e1rez a annonc\u00e9 ce mard 3 septembre sa retraite internationale et va laisser un grand vide en Uruguay. Dernier souvenir d\u2019une g\u00e9n\u00e9ration dor\u00e9e, l\u2019avant-centre est \u00e9galement l\u2019ultime vestige d\u2019un football excessif o\u00f9 les moments de gloire sont coupl\u00e9s \u00e0 des gestes fr\u00f4lant l\u2019inacceptable. Exub\u00e9rant, insoumis ou incontr\u00f4lable, aucun joueur [&hellip;]<\/p>\n","protected":false},"author":5,"featured_media":139642,"comment_status":"open","ping_status":"open","sticky":false,"template":"","format":"standard","meta":{"_et_pb_use_builder":"","_et_pb_old_content":""},"categories":[6],"tags":[],"yoast_head":"<!-- This site is optimized with the Yoast SEO Premium plugin v17.8 (Yoast SEO v17.8) - https:\/\/yoast.com\/wordpress\/plugins\/seo\/ -->\n<title>URUGUAY - Luis Su\u00e1rez quitte la Celeste | Nettali.com<\/title>\n<meta name=\"robots\" content=\"index, follow, max-snippet:-1, max-image-preview:large, max-video-preview:-1\" \/>\n<link rel=\"canonical\" href=\"https:\/\/www.nettali.com\/2024\/09\/03\/uruguay-luis-suarez-quitte-la-celeste\/\" \/>\n<meta property=\"og:locale\" content=\"fr_FR\" \/>\n<meta property=\"og:type\" content=\"article\" \/>\n<meta property=\"og:title\" content=\"URUGUAY - Luis Su\u00e1rez quitte la Celeste\" \/>\n<meta property=\"og:description\" content=\"NETTALI.COM - A 37 ans, Luis Su\u00e1rez a annonc\u00e9 ce mard 3 septembre sa retraite internationale et va laisser un grand vide en Uruguay. Dernier souvenir d\u2019une g\u00e9n\u00e9ration dor\u00e9e, l\u2019avant-centre est \u00e9galement l\u2019ultime vestige d\u2019un football excessif o\u00f9 les moments de gloire sont coupl\u00e9s \u00e0 des gestes fr\u00f4lant l\u2019inacceptable. Exub\u00e9rant, insoumis ou incontr\u00f4lable, aucun joueur [&hellip;]\" \/>\n<meta property=\"og:url\" content=\"https:\/\/www.nettali.com\/2024\/09\/03\/uruguay-luis-suarez-quitte-la-celeste\/\" \/>\n<meta property=\"og:site_name\" content=\"Nettali.com\" \/>\n<meta property=\"article:publisher\" content=\"https:\/\/www.facebook.com\/nettalicom\" \/>\n<meta property=\"article:published_time\" content=\"2024-09-03T22:35:16+00:00\" \/>\n<meta property=\"og:image\" content=\"https:\/\/www.nettali.com\/wp-content\/uploads\/2024\/09\/GettyImages-2161934515-scaled-e1725270615569-1024x683-1.jpg\" \/>\n\t<meta property=\"og:image:width\" content=\"1024\" \/>\n\t<meta property=\"og:image:height\" content=\"683\" \/>\n<meta name=\"twitter:card\" content=\"summary_large_image\" \/>\n<meta name=\"twitter:label1\" content=\"\u00c9crit par\" \/>\n\t<meta name=\"twitter:data1\" content=\"Ibrahima\" \/>\n\t<meta name=\"twitter:label2\" content=\"Dur\u00e9e de lecture estim\u00e9e\" \/>\n\t<meta name=\"twitter:data2\" content=\"4 minutes\" \/>\n<script type=\"application\/ld+json\" class=\"yoast-schema-graph\">{\"@context\":\"https:\/\/schema.org\",\"@graph\":[{\"@type\":\"WebSite\",\"@id\":\"https:\/\/www.nettali.com\/#website\",\"url\":\"https:\/\/www.nettali.com\/\",\"name\":\"Nettali.com\",\"description\":\"Le rendez-vous critique du Net\",\"potentialAction\":[{\"@type\":\"SearchAction\",\"target\":{\"@type\":\"EntryPoint\",\"urlTemplate\":\"https:\/\/www.nettali.com\/?s={search_term_string}\"},\"query-input\":\"required name=search_term_string\"}],\"inLanguage\":\"fr-FR\"},{\"@type\":\"ImageObject\",\"@id\":\"https:\/\/www.nettali.com\/2024\/09\/03\/uruguay-luis-suarez-quitte-la-celeste\/#primaryimage\",\"inLanguage\":\"fr-FR\",\"url\":\"https:\/\/www.nettali.com\/wp-content\/uploads\/2024\/09\/GettyImages-2161934515-scaled-e1725270615569-1024x683-1.jpg\",\"contentUrl\":\"https:\/\/www.nettali.com\/wp-content\/uploads\/2024\/09\/GettyImages-2161934515-scaled-e1725270615569-1024x683-1.jpg\",\"width\":1024,\"height\":683},{\"@type\":\"WebPage\",\"@id\":\"https:\/\/www.nettali.com\/2024\/09\/03\/uruguay-luis-suarez-quitte-la-celeste\/#webpage\",\"url\":\"https:\/\/www.nettali.com\/2024\/09\/03\/uruguay-luis-suarez-quitte-la-celeste\/\",\"name\":\"URUGUAY - Luis Su\\u00e1rez quitte la Celeste | Nettali.com\",\"isPartOf\":{\"@id\":\"https:\/\/www.nettali.com\/#website\"},\"primaryImageOfPage\":{\"@id\":\"https:\/\/www.nettali.com\/2024\/09\/03\/uruguay-luis-suarez-quitte-la-celeste\/#primaryimage\"},\"datePublished\":\"2024-09-03T22:35:16+00:00\",\"dateModified\":\"2024-09-03T22:35:16+00:00\",\"author\":{\"@id\":\"https:\/\/www.nettali.com\/#\/schema\/person\/bb147657c2986240405a608162b9bb23\"},\"breadcrumb\":{\"@id\":\"https:\/\/www.nettali.com\/2024\/09\/03\/uruguay-luis-suarez-quitte-la-celeste\/#breadcrumb\"},\"inLanguage\":\"fr-FR\",\"potentialAction\":[{\"@type\":\"ReadAction\",\"target\":[\"https:\/\/www.nettali.com\/2024\/09\/03\/uruguay-luis-suarez-quitte-la-celeste\/\"]}]},{\"@type\":\"BreadcrumbList\",\"@id\":\"https:\/\/www.nettali.com\/2024\/09\/03\/uruguay-luis-suarez-quitte-la-celeste\/#breadcrumb\",\"itemListElement\":[{\"@type\":\"ListItem\",\"position\":1,\"name\":\"Accueil\",\"item\":\"https:\/\/www.nettali.com\/\"},{\"@type\":\"ListItem\",\"position\":2,\"name\":\"URUGUAY - Luis Su\\u00e1rez quitte la Celeste\"}]},{\"@type\":\"Person\",\"@id\":\"https:\/\/www.nettali.com\/#\/schema\/person\/bb147657c2986240405a608162b9bb23\",\"name\":\"Ibrahima\",\"image\":{\"@type\":\"ImageObject\",\"@id\":\"https:\/\/www.nettali.com\/#personlogo\",\"inLanguage\":\"fr-FR\",\"url\":\"https:\/\/secure.gravatar.com\/avatar\/26a8a81f09f0dd7624c9d5c36c9ba3a2?s=96&d=mm&r=g\",\"contentUrl\":\"https:\/\/secure.gravatar.com\/avatar\/26a8a81f09f0dd7624c9d5c36c9ba3a2?s=96&d=mm&r=g\",\"caption\":\"Ibrahima\"},\"sameAs\":[\"https:\/\/www.nettali.com\"]}]}<\/script>\n<!-- \/ Yoast SEO Premium plugin. -->","yoast_head_json":{"title":"URUGUAY - Luis Su\u00e1rez quitte la Celeste | Nettali.com","robots":{"index":"index","follow":"follow","max-snippet":"max-snippet:-1","max-image-preview":"max-image-preview:large","max-video-preview":"max-video-preview:-1"},"canonical":"https:\/\/www.nettali.com\/2024\/09\/03\/uruguay-luis-suarez-quitte-la-celeste\/","og_locale":"fr_FR","og_type":"article","og_title":"URUGUAY - Luis Su\u00e1rez quitte la Celeste","og_description":"NETTALI.COM - A 37 ans, Luis Su\u00e1rez a annonc\u00e9 ce mard 3 septembre sa retraite internationale et va laisser un grand vide en Uruguay. Dernier souvenir d\u2019une g\u00e9n\u00e9ration dor\u00e9e, l\u2019avant-centre est \u00e9galement l\u2019ultime vestige d\u2019un football excessif o\u00f9 les moments de gloire sont coupl\u00e9s \u00e0 des gestes fr\u00f4lant l\u2019inacceptable. Exub\u00e9rant, insoumis ou incontr\u00f4lable, aucun joueur [&hellip;]","og_url":"https:\/\/www.nettali.com\/2024\/09\/03\/uruguay-luis-suarez-quitte-la-celeste\/","og_site_name":"Nettali.com","article_publisher":"https:\/\/www.facebook.com\/nettalicom","article_published_time":"2024-09-03T22:35:16+00:00","og_image":[{"width":1024,"height":683,"url":"https:\/\/www.nettali.com\/wp-content\/uploads\/2024\/09\/GettyImages-2161934515-scaled-e1725270615569-1024x683-1.jpg","type":"image\/jpeg"}],"twitter_card":"summary_large_image","twitter_misc":{"\u00c9crit par":"Ibrahima","Dur\u00e9e de lecture estim\u00e9e":"4 minutes"},"schema":{"@context":"https:\/\/schema.org","@graph":[{"@type":"WebSite","@id":"https:\/\/www.nettali.com\/#website","url":"https:\/\/www.nettali.com\/","name":"Nettali.com","description":"Le rendez-vous critique du Net","potentialAction":[{"@type":"SearchAction","target":{"@type":"EntryPoint","urlTemplate":"https:\/\/www.nettali.com\/?s={search_term_string}"},"query-input":"required name=search_term_string"}],"inLanguage":"fr-FR"},{"@type":"ImageObject","@id":"https:\/\/www.nettali.com\/2024\/09\/03\/uruguay-luis-suarez-quitte-la-celeste\/#primaryimage","inLanguage":"fr-FR","url":"https:\/\/www.nettali.com\/wp-content\/uploads\/2024\/09\/GettyImages-2161934515-scaled-e1725270615569-1024x683-1.jpg","contentUrl":"https:\/\/www.nettali.com\/wp-content\/uploads\/2024\/09\/GettyImages-2161934515-scaled-e1725270615569-1024x683-1.jpg","width":1024,"height":683},{"@type":"WebPage","@id":"https:\/\/www.nettali.com\/2024\/09\/03\/uruguay-luis-suarez-quitte-la-celeste\/#webpage","url":"https:\/\/www.nettali.com\/2024\/09\/03\/uruguay-luis-suarez-quitte-la-celeste\/","name":"URUGUAY - Luis Su\u00e1rez quitte la Celeste | Nettali.com","isPartOf":{"@id":"https:\/\/www.nettali.com\/#website"},"primaryImageOfPage":{"@id":"https:\/\/www.nettali.com\/2024\/09\/03\/uruguay-luis-suarez-quitte-la-celeste\/#primaryimage"},"datePublished":"2024-09-03T22:35:16+00:00","dateModified":"2024-09-03T22:35:16+00:00","author":{"@id":"https:\/\/www.nettali.com\/#\/schema\/person\/bb147657c2986240405a608162b9bb23"},"breadcrumb":{"@id":"https:\/\/www.nettali.com\/2024\/09\/03\/uruguay-luis-suarez-quitte-la-celeste\/#breadcrumb"},"inLanguage":"fr-FR","potentialAction":[{"@type":"ReadAction","target":["https:\/\/www.nettali.com\/2024\/09\/03\/uruguay-luis-suarez-quitte-la-celeste\/"]}]},{"@type":"BreadcrumbList","@id":"https:\/\/www.nettali.com\/2024\/09\/03\/uruguay-luis-suarez-quitte-la-celeste\/#breadcrumb","itemListElement":[{"@type":"ListItem","position":1,"name":"Accueil","item":"https:\/\/www.nettali.com\/"},{"@type":"ListItem","position":2,"name":"URUGUAY - Luis Su\u00e1rez quitte la Celeste"}]},{"@type":"Person","@id":"https:\/\/www.nettali.com\/#\/schema\/person\/bb147657c2986240405a608162b9bb23","name":"Ibrahima","image":{"@type":"ImageObject","@id":"https:\/\/www.nettali.com\/#personlogo","inLanguage":"fr-FR","url":"https:\/\/secure.gravatar.com\/avatar\/26a8a81f09f0dd7624c9d5c36c9ba3a2?s=96&d=mm&r=g","contentUrl":"https:\/\/secure.gravatar.com\/avatar\/26a8a81f09f0dd7624c9d5c36c9ba3a2?s=96&d=mm&r=g","caption":"Ibrahima"},"sameAs":["https:\/\/www.nettali.com"]}]}},"_links":{"self":[{"href":"https:\/\/www.nettali.com\/rest\/wp\/v2\/posts\/139640"}],"collection":[{"href":"https:\/\/www.nettali.com\/rest\/wp\/v2\/posts"}],"about":[{"href":"https:\/\/www.nettali.com\/rest\/wp\/v2\/types\/post"}],"author":[{"embeddable":true,"href":"https:\/\/www.nettali.com\/rest\/wp\/v2\/users\/5"}],"replies":[{"embeddable":true,"href":"https:\/\/www.nettali.com\/rest\/wp\/v2\/comments?post=139640"}],"version-history":[{"count":1,"href":"https:\/\/www.nettali.com\/rest\/wp\/v2\/posts\/139640\/revisions"}],"predecessor-version":[{"id":139643,"href":"https:\/\/www.nettali.com\/rest\/wp\/v2\/posts\/139640\/revisions\/139643"}],"wp:featuredmedia":[{"embeddable":true,"href":"https:\/\/www.nettali.com\/rest\/wp\/v2\/media\/139642"}],"wp:attachment":[{"href":"https:\/\/www.nettali.com\/rest\/wp\/v2\/media?parent=139640"}],"wp:term":[{"taxonomy":"category","embeddable":true,"href":"https:\/\/www.nettali.com\/rest\/wp\/v2\/categories?post=139640"},{"taxonomy":"post_tag","embeddable":true,"href":"https:\/\/www.nettali.com\/rest\/wp\/v2\/tags?post=139640"}],"curies":[{"name":"wp","href":"https:\/\/api.w.org\/{rel}","templated":true}]}}