{"id":139579,"date":"2024-09-02T23:16:25","date_gmt":"2024-09-02T23:16:25","guid":{"rendered":"https:\/\/www.nettali.com\/?p=139579"},"modified":"2024-09-03T06:08:45","modified_gmt":"2024-09-03T06:08:45","slug":"scandale-suppose-a-lonas-le-ministre-de-la-justice-annonce-une-enquete-complete","status":"publish","type":"post","link":"https:\/\/www.nettali.com\/2024\/09\/02\/scandale-suppose-a-lonas-le-ministre-de-la-justice-annonce-une-enquete-complete\/","title":{"rendered":"SCANDALE PR\u00c9SUM\u00c9 A L'ONAS - Le ministre de la Justice annonce une \"enqu\u00eate compl\u00e8te\""},"content":{"rendered":"<p><strong>NETTALI.COM - Toute la lumi\u00e8re sera faite sur le scandale pr\u00e9sum\u00e9 \u00e0 l'Office national de l'assainissement du S\u00e9n\u00e9gal (Onas). Annonce faite ce lundi \u00e0 l'Assembl\u00e9e nationale par le ministre de la Justice.\u00a0<\/strong><\/p>\n<p>Que ceux qui sont impliqu\u00e9s dans le pr\u00e9sum\u00e9 scandale \u00e0 l'Office national de l'assainissement du S\u00e9n\u00e9gal (Onas) se le tiennent pour dit. Toute la lumi\u00e8re sera faite sur cette affaire. C'est du moins l'assurance donn\u00e9e par le ministre de la Justice ce lundi \u00e0 l\u2019Assembl\u00e9e nationale. Ousmane Diagne a \u00e9t\u00e9 interpell\u00e9 par les d\u00e9put\u00e9s sur les accusations de l'ancien Directeur g\u00e9n\u00e9ral de l'Onas contre son ministre de tutelle, Cheikh Tidiane Di\u00e8ye.<\/p>\n<p>\"<em>Sur le cas de l'Onas, je peux vous assurer que, sur mes instructions, une enqu\u00eate compl\u00e8te a d\u00e9j\u00e0 \u00e9t\u00e9 ordonn\u00e9e. Et je dis bien une enqu\u00eate sur l'ensemble des faits. Je peux vous donner ma parole que la lumi\u00e8re sera faite sur cette affaire<\/em>\", a laiss\u00e9 entendre Ousmane Diagne.<\/p>\n<p>Pour rappel, apr\u00e8s son limogeage de son poste de Directeur g\u00e9n\u00e9ral de l'Onas, Cheikh Dieng sur qui p\u00e8sent des accusations de mauvaise gestion, n'a pas h\u00e9sit\u00e9 \u00e0 accuser Cheikh Tidiane Di\u00e8ye d'avoir fait passer des march\u00e9s de gr\u00e9 \u00e0 gr\u00e9 en violation de la loi.<\/p>\n<div class='share-to-whatsapp-wrapper'><div class='share-on-whsp'>PARTAGER SUR : <\/div><a data-text='SCANDALE PR\u00c9SUM\u00c9 A L'ONAS - Le ministre de la Justice annonce une \"enqu\u00eate compl\u00e8te\"' data-link='https:\/\/www.nettali.com\/2024\/09\/02\/scandale-suppose-a-lonas-le-ministre-de-la-justice-annonce-une-enquete-complete\/' class='whatsapp-button whatsapp-share'>WhatsApp<\/a><div class='clear '><\/div><\/div>","protected":false},"excerpt":{"rendered":"<p>NETTALI.COM - Toute la lumi\u00e8re sera faite sur le scandale pr\u00e9sum\u00e9 \u00e0 l'Office national de l'assainissement du S\u00e9n\u00e9gal (Onas). Annonce faite ce lundi \u00e0 l'Assembl\u00e9e nationale par le ministre de la Justice.\u00a0 Que ceux qui sont impliqu\u00e9s dans le pr\u00e9sum\u00e9 scandale \u00e0 l'Office national de l'assainissement du S\u00e9n\u00e9gal (Onas) se le tiennent pour dit. Toute [&hellip;]<\/p>\n","protected":false},"author":3,"featured_media":139580,"comment_status":"open","ping_status":"open","sticky":false,"template":"","format":"standard","meta":{"_et_pb_use_builder":"","_et_pb_old_content":""},"categories":[2],"tags":[],"yoast_head":"<!-- This site is optimized with the Yoast SEO Premium plugin v17.8 (Yoast SEO v17.8) - https:\/\/yoast.com\/wordpress\/plugins\/seo\/ -->\n<title>SCANDALE PR\u00c9SUM\u00c9 A L&#039;ONAS - Le ministre de la Justice annonce une &quot;enqu\u00eate compl\u00e8te&quot; | Nettali.com<\/title>\n<meta name=\"robots\" content=\"index, follow, max-snippet:-1, max-image-preview:large, max-video-preview:-1\" \/>\n<link rel=\"canonical\" href=\"https:\/\/www.nettali.com\/2024\/09\/02\/scandale-suppose-a-lonas-le-ministre-de-la-justice-annonce-une-enquete-complete\/\" \/>\n<meta property=\"og:locale\" content=\"fr_FR\" \/>\n<meta property=\"og:type\" content=\"article\" \/>\n<meta property=\"og:title\" content=\"SCANDALE PR\u00c9SUM\u00c9 A L&#039;ONAS - Le ministre de la Justice annonce une &quot;enqu\u00eate compl\u00e8te&quot;\" \/>\n<meta property=\"og:description\" content=\"NETTALI.COM - Toute la lumi\u00e8re sera faite sur le scandale pr\u00e9sum\u00e9 \u00e0 l&#039;Office national de l&#039;assainissement du S\u00e9n\u00e9gal (Onas). Annonce faite ce lundi \u00e0 l&#039;Assembl\u00e9e nationale par le ministre de la Justice.\u00a0 Que ceux qui sont impliqu\u00e9s dans le pr\u00e9sum\u00e9 scandale \u00e0 l&#039;Office national de l&#039;assainissement du S\u00e9n\u00e9gal (Onas) se le tiennent pour dit. Toute [&hellip;]\" \/>\n<meta property=\"og:url\" content=\"https:\/\/www.nettali.com\/2024\/09\/02\/scandale-suppose-a-lonas-le-ministre-de-la-justice-annonce-une-enquete-complete\/\" \/>\n<meta property=\"og:site_name\" content=\"Nettali.com\" \/>\n<meta property=\"article:publisher\" content=\"https:\/\/www.facebook.com\/nettalicom\" \/>\n<meta property=\"article:published_time\" content=\"2024-09-02T23:16:25+00:00\" \/>\n<meta property=\"article:modified_time\" content=\"2024-09-03T06:08:45+00:00\" \/>\n<meta property=\"og:image\" content=\"https:\/\/www.nettali.com\/wp-content\/uploads\/2024\/09\/OUSMANE-DIAGNE-scaled.jpg\" \/>\n\t<meta property=\"og:image:width\" content=\"2048\" \/>\n\t<meta property=\"og:image:height\" content=\"2560\" \/>\n<meta name=\"twitter:card\" content=\"summary_large_image\" \/>\n<meta name=\"twitter:label1\" content=\"\u00c9crit par\" \/>\n\t<meta name=\"twitter:data1\" content=\"Moustapha\" \/>\n\t<meta name=\"twitter:label2\" content=\"Dur\u00e9e de lecture estim\u00e9e\" \/>\n\t<meta name=\"twitter:data2\" content=\"2 minutes\" \/>\n<script type=\"application\/ld+json\" class=\"yoast-schema-graph\">{\"@context\":\"https:\/\/schema.org\",\"@graph\":[{\"@type\":\"WebSite\",\"@id\":\"https:\/\/www.nettali.com\/#website\",\"url\":\"https:\/\/www.nettali.com\/\",\"name\":\"Nettali.com\",\"description\":\"Le rendez-vous critique du Net\",\"potentialAction\":[{\"@type\":\"SearchAction\",\"target\":{\"@type\":\"EntryPoint\",\"urlTemplate\":\"https:\/\/www.nettali.com\/?s={search_term_string}\"},\"query-input\":\"required name=search_term_string\"}],\"inLanguage\":\"fr-FR\"},{\"@type\":\"ImageObject\",\"@id\":\"https:\/\/www.nettali.com\/2024\/09\/02\/scandale-suppose-a-lonas-le-ministre-de-la-justice-annonce-une-enquete-complete\/#primaryimage\",\"inLanguage\":\"fr-FR\",\"url\":\"https:\/\/www.nettali.com\/wp-content\/uploads\/2024\/09\/OUSMANE-DIAGNE-scaled.jpg\",\"contentUrl\":\"https:\/\/www.nettali.com\/wp-content\/uploads\/2024\/09\/OUSMANE-DIAGNE-scaled.jpg\",\"width\":2048,\"height\":2560},{\"@type\":\"WebPage\",\"@id\":\"https:\/\/www.nettali.com\/2024\/09\/02\/scandale-suppose-a-lonas-le-ministre-de-la-justice-annonce-une-enquete-complete\/#webpage\",\"url\":\"https:\/\/www.nettali.com\/2024\/09\/02\/scandale-suppose-a-lonas-le-ministre-de-la-justice-annonce-une-enquete-complete\/\",\"name\":\"SCANDALE PR\\u00c9SUM\\u00c9 A L'ONAS - Le ministre de la Justice annonce une \\\"enqu\\u00eate compl\\u00e8te\\\" | Nettali.com\",\"isPartOf\":{\"@id\":\"https:\/\/www.nettali.com\/#website\"},\"primaryImageOfPage\":{\"@id\":\"https:\/\/www.nettali.com\/2024\/09\/02\/scandale-suppose-a-lonas-le-ministre-de-la-justice-annonce-une-enquete-complete\/#primaryimage\"},\"datePublished\":\"2024-09-02T23:16:25+00:00\",\"dateModified\":\"2024-09-03T06:08:45+00:00\",\"author\":{\"@id\":\"https:\/\/www.nettali.com\/#\/schema\/person\/7962a12a6e0267f88f0ffa544c36469a\"},\"breadcrumb\":{\"@id\":\"https:\/\/www.nettali.com\/2024\/09\/02\/scandale-suppose-a-lonas-le-ministre-de-la-justice-annonce-une-enquete-complete\/#breadcrumb\"},\"inLanguage\":\"fr-FR\",\"potentialAction\":[{\"@type\":\"ReadAction\",\"target\":[\"https:\/\/www.nettali.com\/2024\/09\/02\/scandale-suppose-a-lonas-le-ministre-de-la-justice-annonce-une-enquete-complete\/\"]}]},{\"@type\":\"BreadcrumbList\",\"@id\":\"https:\/\/www.nettali.com\/2024\/09\/02\/scandale-suppose-a-lonas-le-ministre-de-la-justice-annonce-une-enquete-complete\/#breadcrumb\",\"itemListElement\":[{\"@type\":\"ListItem\",\"position\":1,\"name\":\"Accueil\",\"item\":\"https:\/\/www.nettali.com\/\"},{\"@type\":\"ListItem\",\"position\":2,\"name\":\"SCANDALE PR\\u00c9SUM\\u00c9 A L'ONAS - Le ministre de la Justice annonce une \\\"enqu\\u00eate compl\\u00e8te\\\"\"}]},{\"@type\":\"Person\",\"@id\":\"https:\/\/www.nettali.com\/#\/schema\/person\/7962a12a6e0267f88f0ffa544c36469a\",\"name\":\"Moustapha\",\"image\":{\"@type\":\"ImageObject\",\"@id\":\"https:\/\/www.nettali.com\/#personlogo\",\"inLanguage\":\"fr-FR\",\"url\":\"https:\/\/secure.gravatar.com\/avatar\/10fdf6a071cccdcf374e3dbe45159590?s=96&d=mm&r=g\",\"contentUrl\":\"https:\/\/secure.gravatar.com\/avatar\/10fdf6a071cccdcf374e3dbe45159590?s=96&d=mm&r=g\",\"caption\":\"Moustapha\"},\"sameAs\":[\"https:\/\/www.nettali.com\"]}]}<\/script>\n<!-- \/ Yoast SEO Premium plugin. -->","yoast_head_json":{"title":"SCANDALE PR\u00c9SUM\u00c9 A L'ONAS - Le ministre de la Justice annonce une \"enqu\u00eate compl\u00e8te\" | Nettali.com","robots":{"index":"index","follow":"follow","max-snippet":"max-snippet:-1","max-image-preview":"max-image-preview:large","max-video-preview":"max-video-preview:-1"},"canonical":"https:\/\/www.nettali.com\/2024\/09\/02\/scandale-suppose-a-lonas-le-ministre-de-la-justice-annonce-une-enquete-complete\/","og_locale":"fr_FR","og_type":"article","og_title":"SCANDALE PR\u00c9SUM\u00c9 A L'ONAS - Le ministre de la Justice annonce une \"enqu\u00eate compl\u00e8te\"","og_description":"NETTALI.COM - Toute la lumi\u00e8re sera faite sur le scandale pr\u00e9sum\u00e9 \u00e0 l'Office national de l'assainissement du S\u00e9n\u00e9gal (Onas). Annonce faite ce lundi \u00e0 l'Assembl\u00e9e nationale par le ministre de la Justice.\u00a0 Que ceux qui sont impliqu\u00e9s dans le pr\u00e9sum\u00e9 scandale \u00e0 l'Office national de l'assainissement du S\u00e9n\u00e9gal (Onas) se le tiennent pour dit. Toute [&hellip;]","og_url":"https:\/\/www.nettali.com\/2024\/09\/02\/scandale-suppose-a-lonas-le-ministre-de-la-justice-annonce-une-enquete-complete\/","og_site_name":"Nettali.com","article_publisher":"https:\/\/www.facebook.com\/nettalicom","article_published_time":"2024-09-02T23:16:25+00:00","article_modified_time":"2024-09-03T06:08:45+00:00","og_image":[{"width":2048,"height":2560,"url":"https:\/\/www.nettali.com\/wp-content\/uploads\/2024\/09\/OUSMANE-DIAGNE-scaled.jpg","type":"image\/jpeg"}],"twitter_card":"summary_large_image","twitter_misc":{"\u00c9crit par":"Moustapha","Dur\u00e9e de lecture estim\u00e9e":"2 minutes"},"schema":{"@context":"https:\/\/schema.org","@graph":[{"@type":"WebSite","@id":"https:\/\/www.nettali.com\/#website","url":"https:\/\/www.nettali.com\/","name":"Nettali.com","description":"Le rendez-vous critique du Net","potentialAction":[{"@type":"SearchAction","target":{"@type":"EntryPoint","urlTemplate":"https:\/\/www.nettali.com\/?s={search_term_string}"},"query-input":"required name=search_term_string"}],"inLanguage":"fr-FR"},{"@type":"ImageObject","@id":"https:\/\/www.nettali.com\/2024\/09\/02\/scandale-suppose-a-lonas-le-ministre-de-la-justice-annonce-une-enquete-complete\/#primaryimage","inLanguage":"fr-FR","url":"https:\/\/www.nettali.com\/wp-content\/uploads\/2024\/09\/OUSMANE-DIAGNE-scaled.jpg","contentUrl":"https:\/\/www.nettali.com\/wp-content\/uploads\/2024\/09\/OUSMANE-DIAGNE-scaled.jpg","width":2048,"height":2560},{"@type":"WebPage","@id":"https:\/\/www.nettali.com\/2024\/09\/02\/scandale-suppose-a-lonas-le-ministre-de-la-justice-annonce-une-enquete-complete\/#webpage","url":"https:\/\/www.nettali.com\/2024\/09\/02\/scandale-suppose-a-lonas-le-ministre-de-la-justice-annonce-une-enquete-complete\/","name":"SCANDALE PR\u00c9SUM\u00c9 A L'ONAS - Le ministre de la Justice annonce une \"enqu\u00eate compl\u00e8te\" | Nettali.com","isPartOf":{"@id":"https:\/\/www.nettali.com\/#website"},"primaryImageOfPage":{"@id":"https:\/\/www.nettali.com\/2024\/09\/02\/scandale-suppose-a-lonas-le-ministre-de-la-justice-annonce-une-enquete-complete\/#primaryimage"},"datePublished":"2024-09-02T23:16:25+00:00","dateModified":"2024-09-03T06:08:45+00:00","author":{"@id":"https:\/\/www.nettali.com\/#\/schema\/person\/7962a12a6e0267f88f0ffa544c36469a"},"breadcrumb":{"@id":"https:\/\/www.nettali.com\/2024\/09\/02\/scandale-suppose-a-lonas-le-ministre-de-la-justice-annonce-une-enquete-complete\/#breadcrumb"},"inLanguage":"fr-FR","potentialAction":[{"@type":"ReadAction","target":["https:\/\/www.nettali.com\/2024\/09\/02\/scandale-suppose-a-lonas-le-ministre-de-la-justice-annonce-une-enquete-complete\/"]}]},{"@type":"BreadcrumbList","@id":"https:\/\/www.nettali.com\/2024\/09\/02\/scandale-suppose-a-lonas-le-ministre-de-la-justice-annonce-une-enquete-complete\/#breadcrumb","itemListElement":[{"@type":"ListItem","position":1,"name":"Accueil","item":"https:\/\/www.nettali.com\/"},{"@type":"ListItem","position":2,"name":"SCANDALE PR\u00c9SUM\u00c9 A L'ONAS - Le ministre de la Justice annonce une \"enqu\u00eate compl\u00e8te\""}]},{"@type":"Person","@id":"https:\/\/www.nettali.com\/#\/schema\/person\/7962a12a6e0267f88f0ffa544c36469a","name":"Moustapha","image":{"@type":"ImageObject","@id":"https:\/\/www.nettali.com\/#personlogo","inLanguage":"fr-FR","url":"https:\/\/secure.gravatar.com\/avatar\/10fdf6a071cccdcf374e3dbe45159590?s=96&d=mm&r=g","contentUrl":"https:\/\/secure.gravatar.com\/avatar\/10fdf6a071cccdcf374e3dbe45159590?s=96&d=mm&r=g","caption":"Moustapha"},"sameAs":["https:\/\/www.nettali.com"]}]}},"_links":{"self":[{"href":"https:\/\/www.nettali.com\/rest\/wp\/v2\/posts\/139579"}],"collection":[{"href":"https:\/\/www.nettali.com\/rest\/wp\/v2\/posts"}],"about":[{"href":"https:\/\/www.nettali.com\/rest\/wp\/v2\/types\/post"}],"author":[{"embeddable":true,"href":"https:\/\/www.nettali.com\/rest\/wp\/v2\/users\/3"}],"replies":[{"embeddable":true,"href":"https:\/\/www.nettali.com\/rest\/wp\/v2\/comments?post=139579"}],"version-history":[{"count":3,"href":"https:\/\/www.nettali.com\/rest\/wp\/v2\/posts\/139579\/revisions"}],"predecessor-version":[{"id":139593,"href":"https:\/\/www.nettali.com\/rest\/wp\/v2\/posts\/139579\/revisions\/139593"}],"wp:featuredmedia":[{"embeddable":true,"href":"https:\/\/www.nettali.com\/rest\/wp\/v2\/media\/139580"}],"wp:attachment":[{"href":"https:\/\/www.nettali.com\/rest\/wp\/v2\/media?parent=139579"}],"wp:term":[{"taxonomy":"category","embeddable":true,"href":"https:\/\/www.nettali.com\/rest\/wp\/v2\/categories?post=139579"},{"taxonomy":"post_tag","embeddable":true,"href":"https:\/\/www.nettali.com\/rest\/wp\/v2\/tags?post=139579"}],"curies":[{"name":"wp","href":"https:\/\/api.w.org\/{rel}","templated":true}]}}