{"id":139564,"date":"2024-09-02T22:24:09","date_gmt":"2024-09-02T22:24:09","guid":{"rendered":"https:\/\/www.nettali.com\/?p=139564"},"modified":"2024-09-04T08:07:30","modified_gmt":"2024-09-04T08:07:30","slug":"apres-la-defaite-a-la-presidentielle-macky-sall-enterre-benno-bokk-yakaar","status":"publish","type":"post","link":"https:\/\/www.nettali.com\/2024\/09\/02\/apres-la-defaite-a-la-presidentielle-macky-sall-enterre-benno-bokk-yakaar\/","title":{"rendered":"APRES LA DEFAITE A LA PRESIDENTIELLE - Macky Sall enterre Benno"},"content":{"rendered":"<p><strong>NETTALI.COM - Macky Sall veut inventer un nouveau cadre apr\u00e8s la chute de son r\u00e9gime. Dans une lettre adress\u00e9e \u00e0 ses camarades, l'ancien pr\u00e9sident de la R\u00e9publique appelle \u00e0 \"aller au-del\u00e0 de Benno Bokk Yakaar\".<\/strong><\/p>\n<p>La page Benno Bokk Yakaar se tourne apr\u00e8s 12 ans d'existence. C'est en cas le souhait exprim\u00e9 par Macky Sall dans une lettre adress\u00e9e \u00e0 ses camarades de coalition. L'ancien chef de l\u2019Etat entend ainsi tirer les cons\u00e9quences de la d\u00e9faite inflig\u00e9e \u00e0 Benno et \u00e0 son candidat \u00e0 la derni\u00e8re pr\u00e9sidentielle.<\/p>\n<p>\"<em>Le 24 mars 2024, le S\u00e9n\u00e9gal a ouvert un nouveau chapitre politique en r\u00e9alisant la 3eme alternance de son histoire. En consacrant ce changement, les S\u00e9n\u00e9galais ont port\u00e9 au pouvoir un nouveau r\u00e9gime<\/em>\", rappelle Macky Sall. Qui poursuit : \"<em>Or, BBY, notre coalition, vit depuis plus de 12 ans au service du pays. Jamais, une alliance politique n'aura tenu autant au S\u00e9n\u00e9gal!<\/em>\" \"<em>Jamais, elle n'aura gagn\u00e9 autant de batailles politiques, remport\u00e9 autant de victoires et ce, \u00e0 toutes les \u00e9lections, quelles que puissent \u00eatre leur nature,\u00a0 leur importance et les circonstances dans lesquelles elles se tenaient<\/em>.\"<\/p>\n<p>Toutefois, Macky Sall pense que le changement intervenu en mars dernier ouvre une nouvelle page. \"<em>J'entends \u00e7\u00e0 et l\u00e0 cette requ\u00eate pressante de certains de nos camarades qui nous demandent de nos r\u00e9examiner,\u00a0 de nous r\u00e9organiser pour mieux engager les d\u00e9fis du moment. En effet, beaucoup se demandent s'il est encore pertinent de garder Benno Bokk Yakaar dans sa formule actuelle et continuer comme si de rien n'\u00e9tai<\/em>t\", \u00e9crit l'ancien pr\u00e9sident de la R\u00e9publique du S\u00e9n\u00e9gal. Il ajoute : \"<em>M\u00eame si tous ne sont pas de cet avis, nous devons penser et accepter que nous devons aller au-del\u00e0 de Benno Bokk Yakaar et nous projeter maintenant dans le temps nouveau de l'action politique. Il nous faudra, tirant les le\u00e7ons du verdict des urnes, inventer un cadre plus appropri\u00e9, adapt\u00e9 et ajust\u00e9 \u00e0 nos imp\u00e9ratifs de l'heure.<\/em>\"<\/p>\n<p>Et Macky Sall conjugue d\u00e9j\u00e0 Benno au pass\u00e9. Puisqu'il \u00e9crit : \"<em>Benno fut une belle aventure qui, au-del\u00e0 de la politique, a tiss\u00e9 entre nous d\u00e8s liens fraternels et d'amiti\u00e9 tr\u00e8s forts. Incontestablement, elle sera inscrite au fronton des plus grandes \u0153uvres politiques du S\u00e9n\u00e9gal et nous devons en \u00eatre fiers. C'est pourquoi et en cela, je tiens \u00e0 remercier du fond du c\u0153ur,\u00a0 tous ceux-l\u00e0 qui nous ont fait l'honneur et l'insigne privil\u00e8ge de ce compagnonnage historique<\/em>.\"<\/p>\n<p>Macky Sall termine son texte en exprimant sa gratitude aux leaders de Benno, aux femmes, aux jeunes, aux cadres, \u00e0 la diaspora... Non sans exprimer sa reconnaissance \u00e0 Moustapha Niasse pour avoir dirig\u00e9 les instances de Benno.<\/p>\n<div class='share-to-whatsapp-wrapper'><div class='share-on-whsp'>PARTAGER SUR : <\/div><a data-text='APRES LA DEFAITE A LA PRESIDENTIELLE - Macky Sall enterre Benno' data-link='https:\/\/www.nettali.com\/2024\/09\/02\/apres-la-defaite-a-la-presidentielle-macky-sall-enterre-benno-bokk-yakaar\/' class='whatsapp-button whatsapp-share'>WhatsApp<\/a><div class='clear '><\/div><\/div>","protected":false},"excerpt":{"rendered":"<p>NETTALI.COM - Macky Sall veut inventer un nouveau cadre apr\u00e8s la chute de son r\u00e9gime. Dans une lettre adress\u00e9e \u00e0 ses camarades, l'ancien pr\u00e9sident de la R\u00e9publique appelle \u00e0 \"aller au-del\u00e0 de Benno Bokk Yakaar\". La page Benno Bokk Yakaar se tourne apr\u00e8s 12 ans d'existence. C'est en cas le souhait exprim\u00e9 par Macky Sall [&hellip;]<\/p>\n","protected":false},"author":3,"featured_media":139565,"comment_status":"open","ping_status":"open","sticky":false,"template":"","format":"standard","meta":{"_et_pb_use_builder":"","_et_pb_old_content":""},"categories":[2],"tags":[],"yoast_head":"<!-- This site is optimized with the Yoast SEO Premium plugin v17.8 (Yoast SEO v17.8) - https:\/\/yoast.com\/wordpress\/plugins\/seo\/ -->\n<title>APRES LA DEFAITE A LA PRESIDENTIELLE - Macky Sall enterre Benno | Nettali.com<\/title>\n<meta name=\"robots\" content=\"index, follow, max-snippet:-1, max-image-preview:large, max-video-preview:-1\" \/>\n<link rel=\"canonical\" href=\"https:\/\/www.nettali.com\/2024\/09\/02\/apres-la-defaite-a-la-presidentielle-macky-sall-enterre-benno-bokk-yakaar\/\" \/>\n<meta property=\"og:locale\" content=\"fr_FR\" \/>\n<meta property=\"og:type\" content=\"article\" \/>\n<meta property=\"og:title\" content=\"APRES LA DEFAITE A LA PRESIDENTIELLE - Macky Sall enterre Benno\" \/>\n<meta property=\"og:description\" content=\"NETTALI.COM - Macky Sall veut inventer un nouveau cadre apr\u00e8s la chute de son r\u00e9gime. Dans une lettre adress\u00e9e \u00e0 ses camarades, l&#039;ancien pr\u00e9sident de la R\u00e9publique appelle \u00e0 &quot;aller au-del\u00e0 de Benno Bokk Yakaar&quot;. La page Benno Bokk Yakaar se tourne apr\u00e8s 12 ans d&#039;existence. C&#039;est en cas le souhait exprim\u00e9 par Macky Sall [&hellip;]\" \/>\n<meta property=\"og:url\" content=\"https:\/\/www.nettali.com\/2024\/09\/02\/apres-la-defaite-a-la-presidentielle-macky-sall-enterre-benno-bokk-yakaar\/\" \/>\n<meta property=\"og:site_name\" content=\"Nettali.com\" \/>\n<meta property=\"article:publisher\" content=\"https:\/\/www.facebook.com\/nettalicom\" \/>\n<meta property=\"article:published_time\" content=\"2024-09-02T22:24:09+00:00\" \/>\n<meta property=\"article:modified_time\" content=\"2024-09-04T08:07:30+00:00\" \/>\n<meta property=\"og:image\" content=\"https:\/\/www.nettali.com\/wp-content\/uploads\/2024\/09\/Macky-sall-.jpeg\" \/>\n\t<meta property=\"og:image:width\" content=\"2048\" \/>\n\t<meta property=\"og:image:height\" content=\"1366\" \/>\n<meta name=\"twitter:card\" content=\"summary_large_image\" \/>\n<meta name=\"twitter:label1\" content=\"\u00c9crit par\" \/>\n\t<meta name=\"twitter:data1\" content=\"Moustapha\" \/>\n\t<meta name=\"twitter:label2\" content=\"Dur\u00e9e de lecture estim\u00e9e\" \/>\n\t<meta name=\"twitter:data2\" content=\"3 minutes\" \/>\n<script type=\"application\/ld+json\" class=\"yoast-schema-graph\">{\"@context\":\"https:\/\/schema.org\",\"@graph\":[{\"@type\":\"WebSite\",\"@id\":\"https:\/\/www.nettali.com\/#website\",\"url\":\"https:\/\/www.nettali.com\/\",\"name\":\"Nettali.com\",\"description\":\"Le rendez-vous critique du Net\",\"potentialAction\":[{\"@type\":\"SearchAction\",\"target\":{\"@type\":\"EntryPoint\",\"urlTemplate\":\"https:\/\/www.nettali.com\/?s={search_term_string}\"},\"query-input\":\"required name=search_term_string\"}],\"inLanguage\":\"fr-FR\"},{\"@type\":\"ImageObject\",\"@id\":\"https:\/\/www.nettali.com\/2024\/09\/02\/apres-la-defaite-a-la-presidentielle-macky-sall-enterre-benno-bokk-yakaar\/#primaryimage\",\"inLanguage\":\"fr-FR\",\"url\":\"https:\/\/www.nettali.com\/wp-content\/uploads\/2024\/09\/Macky-sall-.jpeg\",\"contentUrl\":\"https:\/\/www.nettali.com\/wp-content\/uploads\/2024\/09\/Macky-sall-.jpeg\",\"width\":2048,\"height\":1366},{\"@type\":\"WebPage\",\"@id\":\"https:\/\/www.nettali.com\/2024\/09\/02\/apres-la-defaite-a-la-presidentielle-macky-sall-enterre-benno-bokk-yakaar\/#webpage\",\"url\":\"https:\/\/www.nettali.com\/2024\/09\/02\/apres-la-defaite-a-la-presidentielle-macky-sall-enterre-benno-bokk-yakaar\/\",\"name\":\"APRES LA DEFAITE A LA PRESIDENTIELLE - Macky Sall enterre Benno | Nettali.com\",\"isPartOf\":{\"@id\":\"https:\/\/www.nettali.com\/#website\"},\"primaryImageOfPage\":{\"@id\":\"https:\/\/www.nettali.com\/2024\/09\/02\/apres-la-defaite-a-la-presidentielle-macky-sall-enterre-benno-bokk-yakaar\/#primaryimage\"},\"datePublished\":\"2024-09-02T22:24:09+00:00\",\"dateModified\":\"2024-09-04T08:07:30+00:00\",\"author\":{\"@id\":\"https:\/\/www.nettali.com\/#\/schema\/person\/7962a12a6e0267f88f0ffa544c36469a\"},\"breadcrumb\":{\"@id\":\"https:\/\/www.nettali.com\/2024\/09\/02\/apres-la-defaite-a-la-presidentielle-macky-sall-enterre-benno-bokk-yakaar\/#breadcrumb\"},\"inLanguage\":\"fr-FR\",\"potentialAction\":[{\"@type\":\"ReadAction\",\"target\":[\"https:\/\/www.nettali.com\/2024\/09\/02\/apres-la-defaite-a-la-presidentielle-macky-sall-enterre-benno-bokk-yakaar\/\"]}]},{\"@type\":\"BreadcrumbList\",\"@id\":\"https:\/\/www.nettali.com\/2024\/09\/02\/apres-la-defaite-a-la-presidentielle-macky-sall-enterre-benno-bokk-yakaar\/#breadcrumb\",\"itemListElement\":[{\"@type\":\"ListItem\",\"position\":1,\"name\":\"Accueil\",\"item\":\"https:\/\/www.nettali.com\/\"},{\"@type\":\"ListItem\",\"position\":2,\"name\":\"APRES LA DEFAITE A LA PRESIDENTIELLE - Macky Sall enterre Benno\"}]},{\"@type\":\"Person\",\"@id\":\"https:\/\/www.nettali.com\/#\/schema\/person\/7962a12a6e0267f88f0ffa544c36469a\",\"name\":\"Moustapha\",\"image\":{\"@type\":\"ImageObject\",\"@id\":\"https:\/\/www.nettali.com\/#personlogo\",\"inLanguage\":\"fr-FR\",\"url\":\"https:\/\/secure.gravatar.com\/avatar\/10fdf6a071cccdcf374e3dbe45159590?s=96&d=mm&r=g\",\"contentUrl\":\"https:\/\/secure.gravatar.com\/avatar\/10fdf6a071cccdcf374e3dbe45159590?s=96&d=mm&r=g\",\"caption\":\"Moustapha\"},\"sameAs\":[\"https:\/\/www.nettali.com\"]}]}<\/script>\n<!-- \/ Yoast SEO Premium plugin. -->","yoast_head_json":{"title":"APRES LA DEFAITE A LA PRESIDENTIELLE - Macky Sall enterre Benno | Nettali.com","robots":{"index":"index","follow":"follow","max-snippet":"max-snippet:-1","max-image-preview":"max-image-preview:large","max-video-preview":"max-video-preview:-1"},"canonical":"https:\/\/www.nettali.com\/2024\/09\/02\/apres-la-defaite-a-la-presidentielle-macky-sall-enterre-benno-bokk-yakaar\/","og_locale":"fr_FR","og_type":"article","og_title":"APRES LA DEFAITE A LA PRESIDENTIELLE - Macky Sall enterre Benno","og_description":"NETTALI.COM - Macky Sall veut inventer un nouveau cadre apr\u00e8s la chute de son r\u00e9gime. Dans une lettre adress\u00e9e \u00e0 ses camarades, l'ancien pr\u00e9sident de la R\u00e9publique appelle \u00e0 \"aller au-del\u00e0 de Benno Bokk Yakaar\". La page Benno Bokk Yakaar se tourne apr\u00e8s 12 ans d'existence. C'est en cas le souhait exprim\u00e9 par Macky Sall [&hellip;]","og_url":"https:\/\/www.nettali.com\/2024\/09\/02\/apres-la-defaite-a-la-presidentielle-macky-sall-enterre-benno-bokk-yakaar\/","og_site_name":"Nettali.com","article_publisher":"https:\/\/www.facebook.com\/nettalicom","article_published_time":"2024-09-02T22:24:09+00:00","article_modified_time":"2024-09-04T08:07:30+00:00","og_image":[{"width":2048,"height":1366,"url":"https:\/\/www.nettali.com\/wp-content\/uploads\/2024\/09\/Macky-sall-.jpeg","type":"image\/jpeg"}],"twitter_card":"summary_large_image","twitter_misc":{"\u00c9crit par":"Moustapha","Dur\u00e9e de lecture estim\u00e9e":"3 minutes"},"schema":{"@context":"https:\/\/schema.org","@graph":[{"@type":"WebSite","@id":"https:\/\/www.nettali.com\/#website","url":"https:\/\/www.nettali.com\/","name":"Nettali.com","description":"Le rendez-vous critique du Net","potentialAction":[{"@type":"SearchAction","target":{"@type":"EntryPoint","urlTemplate":"https:\/\/www.nettali.com\/?s={search_term_string}"},"query-input":"required name=search_term_string"}],"inLanguage":"fr-FR"},{"@type":"ImageObject","@id":"https:\/\/www.nettali.com\/2024\/09\/02\/apres-la-defaite-a-la-presidentielle-macky-sall-enterre-benno-bokk-yakaar\/#primaryimage","inLanguage":"fr-FR","url":"https:\/\/www.nettali.com\/wp-content\/uploads\/2024\/09\/Macky-sall-.jpeg","contentUrl":"https:\/\/www.nettali.com\/wp-content\/uploads\/2024\/09\/Macky-sall-.jpeg","width":2048,"height":1366},{"@type":"WebPage","@id":"https:\/\/www.nettali.com\/2024\/09\/02\/apres-la-defaite-a-la-presidentielle-macky-sall-enterre-benno-bokk-yakaar\/#webpage","url":"https:\/\/www.nettali.com\/2024\/09\/02\/apres-la-defaite-a-la-presidentielle-macky-sall-enterre-benno-bokk-yakaar\/","name":"APRES LA DEFAITE A LA PRESIDENTIELLE - Macky Sall enterre Benno | Nettali.com","isPartOf":{"@id":"https:\/\/www.nettali.com\/#website"},"primaryImageOfPage":{"@id":"https:\/\/www.nettali.com\/2024\/09\/02\/apres-la-defaite-a-la-presidentielle-macky-sall-enterre-benno-bokk-yakaar\/#primaryimage"},"datePublished":"2024-09-02T22:24:09+00:00","dateModified":"2024-09-04T08:07:30+00:00","author":{"@id":"https:\/\/www.nettali.com\/#\/schema\/person\/7962a12a6e0267f88f0ffa544c36469a"},"breadcrumb":{"@id":"https:\/\/www.nettali.com\/2024\/09\/02\/apres-la-defaite-a-la-presidentielle-macky-sall-enterre-benno-bokk-yakaar\/#breadcrumb"},"inLanguage":"fr-FR","potentialAction":[{"@type":"ReadAction","target":["https:\/\/www.nettali.com\/2024\/09\/02\/apres-la-defaite-a-la-presidentielle-macky-sall-enterre-benno-bokk-yakaar\/"]}]},{"@type":"BreadcrumbList","@id":"https:\/\/www.nettali.com\/2024\/09\/02\/apres-la-defaite-a-la-presidentielle-macky-sall-enterre-benno-bokk-yakaar\/#breadcrumb","itemListElement":[{"@type":"ListItem","position":1,"name":"Accueil","item":"https:\/\/www.nettali.com\/"},{"@type":"ListItem","position":2,"name":"APRES LA DEFAITE A LA PRESIDENTIELLE - Macky Sall enterre Benno"}]},{"@type":"Person","@id":"https:\/\/www.nettali.com\/#\/schema\/person\/7962a12a6e0267f88f0ffa544c36469a","name":"Moustapha","image":{"@type":"ImageObject","@id":"https:\/\/www.nettali.com\/#personlogo","inLanguage":"fr-FR","url":"https:\/\/secure.gravatar.com\/avatar\/10fdf6a071cccdcf374e3dbe45159590?s=96&d=mm&r=g","contentUrl":"https:\/\/secure.gravatar.com\/avatar\/10fdf6a071cccdcf374e3dbe45159590?s=96&d=mm&r=g","caption":"Moustapha"},"sameAs":["https:\/\/www.nettali.com"]}]}},"_links":{"self":[{"href":"https:\/\/www.nettali.com\/rest\/wp\/v2\/posts\/139564"}],"collection":[{"href":"https:\/\/www.nettali.com\/rest\/wp\/v2\/posts"}],"about":[{"href":"https:\/\/www.nettali.com\/rest\/wp\/v2\/types\/post"}],"author":[{"embeddable":true,"href":"https:\/\/www.nettali.com\/rest\/wp\/v2\/users\/3"}],"replies":[{"embeddable":true,"href":"https:\/\/www.nettali.com\/rest\/wp\/v2\/comments?post=139564"}],"version-history":[{"count":7,"href":"https:\/\/www.nettali.com\/rest\/wp\/v2\/posts\/139564\/revisions"}],"predecessor-version":[{"id":139577,"href":"https:\/\/www.nettali.com\/rest\/wp\/v2\/posts\/139564\/revisions\/139577"}],"wp:featuredmedia":[{"embeddable":true,"href":"https:\/\/www.nettali.com\/rest\/wp\/v2\/media\/139565"}],"wp:attachment":[{"href":"https:\/\/www.nettali.com\/rest\/wp\/v2\/media?parent=139564"}],"wp:term":[{"taxonomy":"category","embeddable":true,"href":"https:\/\/www.nettali.com\/rest\/wp\/v2\/categories?post=139564"},{"taxonomy":"post_tag","embeddable":true,"href":"https:\/\/www.nettali.com\/rest\/wp\/v2\/tags?post=139564"}],"curies":[{"name":"wp","href":"https:\/\/api.w.org\/{rel}","templated":true}]}}