{"id":139495,"date":"2024-09-01T11:27:10","date_gmt":"2024-09-01T11:27:10","guid":{"rendered":"https:\/\/www.nettali.com\/?p=139495"},"modified":"2024-09-01T11:27:10","modified_gmt":"2024-09-01T11:27:10","slug":"jeux-paralympiques-bassirou-diomaye-faye-felicite-le-taekwondoiste-idrissa-keita","status":"publish","type":"post","link":"https:\/\/www.nettali.com\/2024\/09\/01\/jeux-paralympiques-bassirou-diomaye-faye-felicite-le-taekwondoiste-idrissa-keita\/","title":{"rendered":"JEUX PARALYMPIQUES - Bassirou Diomaye Faye f\u00e9licite le taekwondo\u00efste Idrissa Ke\u00efta"},"content":{"rendered":"<p><strong>NETTALI.COM - Le pr\u00e9sident Bassirou Diomaye Faye a adress\u00e9 ses f\u00e9licitations et ses encouragements au taekwondo\u00efste Idrissa Keita qui s\u2019est arr\u00eat\u00e9 en quart de finale.<\/strong><\/p>\n<p>Le S\u00e9n\u00e9galais Idrissa Keita s\u2019incline lors de son combat pour la m\u00e9daille de bronze en para taekwondo face \u00e0 Evan Medel (13-1).<\/p>\n<p>Le taekwondo\u00efste s\u00e9n\u00e9galais, qui avait triomph\u00e9 en huiti\u00e8me dans la cat\u00e9gorie +80kg dans la matin\u00e9e de ce samedi 31 ao\u00fbt, a courb\u00e9 l\u2019\u00e9chine en quart de finale face \u00e0 Matt Bush (Grande Bretagne).<\/p>\n<p>Le pr\u00e9sident Bassirou Diomaye a f\u00e9licit\u00e9 l\u2019athl\u00e8te s\u00e9n\u00e9galais, qui a brillamment repr\u00e9sent\u00e9 son pays dans ces Jeux paralympiques.<\/p>\n<p>\"<em>Fier du parcours exemplaire de notre compatriote Idrissa Keita aux Jeux paralympiques. Bien que la m\u00e9daille de bronze se soit \u00e9chapp\u00e9e de justesse, tu as fait la fiert\u00e9 du S\u00e9n\u00e9gal par ton courage et ta d\u00e9termination. Bravo<\/em> ! \", a d\u00e9clar\u00e9 le chef de l\u2019\u00c9tat sur X.<\/p>\n<p>A rappeler que Idrissa Ke\u00efta a rat\u00e9 d'un cheveu l'occasion d'\u00eatre le premier S\u00e9n\u00e9galais \u00e0 remporter une m\u00e9daille paralympique.<\/p>\n<div class='share-to-whatsapp-wrapper'><div class='share-on-whsp'>PARTAGER SUR : <\/div><a data-text='JEUX PARALYMPIQUES - Bassirou Diomaye Faye f\u00e9licite le taekwondo\u00efste Idrissa Ke\u00efta' data-link='https:\/\/www.nettali.com\/2024\/09\/01\/jeux-paralympiques-bassirou-diomaye-faye-felicite-le-taekwondoiste-idrissa-keita\/' class='whatsapp-button whatsapp-share'>WhatsApp<\/a><div class='clear '><\/div><\/div>","protected":false},"excerpt":{"rendered":"<p>NETTALI.COM - Le pr\u00e9sident Bassirou Diomaye Faye a adress\u00e9 ses f\u00e9licitations et ses encouragements au taekwondo\u00efste Idrissa Keita qui s\u2019est arr\u00eat\u00e9 en quart de finale. Le S\u00e9n\u00e9galais Idrissa Keita s\u2019incline lors de son combat pour la m\u00e9daille de bronze en para taekwondo face \u00e0 Evan Medel (13-1). Le taekwondo\u00efste s\u00e9n\u00e9galais, qui avait triomph\u00e9 en huiti\u00e8me [&hellip;]<\/p>\n","protected":false},"author":5,"featured_media":139496,"comment_status":"open","ping_status":"open","sticky":false,"template":"","format":"standard","meta":{"_et_pb_use_builder":"","_et_pb_old_content":""},"categories":[6],"tags":[],"yoast_head":"<!-- This site is optimized with the Yoast SEO Premium plugin v17.8 (Yoast SEO v17.8) - https:\/\/yoast.com\/wordpress\/plugins\/seo\/ -->\n<title>JEUX PARALYMPIQUES - Bassirou Diomaye Faye f\u00e9licite le taekwondo\u00efste Idrissa Ke\u00efta | Nettali.com<\/title>\n<meta name=\"robots\" content=\"index, follow, max-snippet:-1, max-image-preview:large, max-video-preview:-1\" \/>\n<link rel=\"canonical\" href=\"https:\/\/www.nettali.com\/2024\/09\/01\/jeux-paralympiques-bassirou-diomaye-faye-felicite-le-taekwondoiste-idrissa-keita\/\" \/>\n<meta property=\"og:locale\" content=\"fr_FR\" \/>\n<meta property=\"og:type\" content=\"article\" \/>\n<meta property=\"og:title\" content=\"JEUX PARALYMPIQUES - Bassirou Diomaye Faye f\u00e9licite le taekwondo\u00efste Idrissa Ke\u00efta\" \/>\n<meta property=\"og:description\" content=\"NETTALI.COM - Le pr\u00e9sident Bassirou Diomaye Faye a adress\u00e9 ses f\u00e9licitations et ses encouragements au taekwondo\u00efste Idrissa Keita qui s\u2019est arr\u00eat\u00e9 en quart de finale. Le S\u00e9n\u00e9galais Idrissa Keita s\u2019incline lors de son combat pour la m\u00e9daille de bronze en para taekwondo face \u00e0 Evan Medel (13-1). Le taekwondo\u00efste s\u00e9n\u00e9galais, qui avait triomph\u00e9 en huiti\u00e8me [&hellip;]\" \/>\n<meta property=\"og:url\" content=\"https:\/\/www.nettali.com\/2024\/09\/01\/jeux-paralympiques-bassirou-diomaye-faye-felicite-le-taekwondoiste-idrissa-keita\/\" \/>\n<meta property=\"og:site_name\" content=\"Nettali.com\" \/>\n<meta property=\"article:publisher\" content=\"https:\/\/www.facebook.com\/nettalicom\" \/>\n<meta property=\"article:published_time\" content=\"2024-09-01T11:27:10+00:00\" \/>\n<meta property=\"og:image\" content=\"https:\/\/www.nettali.com\/wp-content\/uploads\/2024\/09\/fotojet-33.jpg\" \/>\n\t<meta property=\"og:image:width\" content=\"850\" \/>\n\t<meta property=\"og:image:height\" content=\"478\" \/>\n<meta name=\"twitter:card\" content=\"summary_large_image\" \/>\n<meta name=\"twitter:label1\" content=\"\u00c9crit par\" \/>\n\t<meta name=\"twitter:data1\" content=\"Ibrahima\" \/>\n\t<meta name=\"twitter:label2\" content=\"Dur\u00e9e de lecture estim\u00e9e\" \/>\n\t<meta name=\"twitter:data2\" content=\"1 minute\" \/>\n<script type=\"application\/ld+json\" class=\"yoast-schema-graph\">{\"@context\":\"https:\/\/schema.org\",\"@graph\":[{\"@type\":\"WebSite\",\"@id\":\"https:\/\/www.nettali.com\/#website\",\"url\":\"https:\/\/www.nettali.com\/\",\"name\":\"Nettali.com\",\"description\":\"Le rendez-vous critique du Net\",\"potentialAction\":[{\"@type\":\"SearchAction\",\"target\":{\"@type\":\"EntryPoint\",\"urlTemplate\":\"https:\/\/www.nettali.com\/?s={search_term_string}\"},\"query-input\":\"required name=search_term_string\"}],\"inLanguage\":\"fr-FR\"},{\"@type\":\"ImageObject\",\"@id\":\"https:\/\/www.nettali.com\/2024\/09\/01\/jeux-paralympiques-bassirou-diomaye-faye-felicite-le-taekwondoiste-idrissa-keita\/#primaryimage\",\"inLanguage\":\"fr-FR\",\"url\":\"https:\/\/www.nettali.com\/wp-content\/uploads\/2024\/09\/fotojet-33.jpg\",\"contentUrl\":\"https:\/\/www.nettali.com\/wp-content\/uploads\/2024\/09\/fotojet-33.jpg\",\"width\":850,\"height\":478},{\"@type\":\"WebPage\",\"@id\":\"https:\/\/www.nettali.com\/2024\/09\/01\/jeux-paralympiques-bassirou-diomaye-faye-felicite-le-taekwondoiste-idrissa-keita\/#webpage\",\"url\":\"https:\/\/www.nettali.com\/2024\/09\/01\/jeux-paralympiques-bassirou-diomaye-faye-felicite-le-taekwondoiste-idrissa-keita\/\",\"name\":\"JEUX PARALYMPIQUES - Bassirou Diomaye Faye f\\u00e9licite le taekwondo\\u00efste Idrissa Ke\\u00efta | Nettali.com\",\"isPartOf\":{\"@id\":\"https:\/\/www.nettali.com\/#website\"},\"primaryImageOfPage\":{\"@id\":\"https:\/\/www.nettali.com\/2024\/09\/01\/jeux-paralympiques-bassirou-diomaye-faye-felicite-le-taekwondoiste-idrissa-keita\/#primaryimage\"},\"datePublished\":\"2024-09-01T11:27:10+00:00\",\"dateModified\":\"2024-09-01T11:27:10+00:00\",\"author\":{\"@id\":\"https:\/\/www.nettali.com\/#\/schema\/person\/bb147657c2986240405a608162b9bb23\"},\"breadcrumb\":{\"@id\":\"https:\/\/www.nettali.com\/2024\/09\/01\/jeux-paralympiques-bassirou-diomaye-faye-felicite-le-taekwondoiste-idrissa-keita\/#breadcrumb\"},\"inLanguage\":\"fr-FR\",\"potentialAction\":[{\"@type\":\"ReadAction\",\"target\":[\"https:\/\/www.nettali.com\/2024\/09\/01\/jeux-paralympiques-bassirou-diomaye-faye-felicite-le-taekwondoiste-idrissa-keita\/\"]}]},{\"@type\":\"BreadcrumbList\",\"@id\":\"https:\/\/www.nettali.com\/2024\/09\/01\/jeux-paralympiques-bassirou-diomaye-faye-felicite-le-taekwondoiste-idrissa-keita\/#breadcrumb\",\"itemListElement\":[{\"@type\":\"ListItem\",\"position\":1,\"name\":\"Accueil\",\"item\":\"https:\/\/www.nettali.com\/\"},{\"@type\":\"ListItem\",\"position\":2,\"name\":\"JEUX PARALYMPIQUES - Bassirou Diomaye Faye f\\u00e9licite le taekwondo\\u00efste Idrissa Ke\\u00efta\"}]},{\"@type\":\"Person\",\"@id\":\"https:\/\/www.nettali.com\/#\/schema\/person\/bb147657c2986240405a608162b9bb23\",\"name\":\"Ibrahima\",\"image\":{\"@type\":\"ImageObject\",\"@id\":\"https:\/\/www.nettali.com\/#personlogo\",\"inLanguage\":\"fr-FR\",\"url\":\"https:\/\/secure.gravatar.com\/avatar\/26a8a81f09f0dd7624c9d5c36c9ba3a2?s=96&d=mm&r=g\",\"contentUrl\":\"https:\/\/secure.gravatar.com\/avatar\/26a8a81f09f0dd7624c9d5c36c9ba3a2?s=96&d=mm&r=g\",\"caption\":\"Ibrahima\"},\"sameAs\":[\"https:\/\/www.nettali.com\"]}]}<\/script>\n<!-- \/ Yoast SEO Premium plugin. -->","yoast_head_json":{"title":"JEUX PARALYMPIQUES - Bassirou Diomaye Faye f\u00e9licite le taekwondo\u00efste Idrissa Ke\u00efta | Nettali.com","robots":{"index":"index","follow":"follow","max-snippet":"max-snippet:-1","max-image-preview":"max-image-preview:large","max-video-preview":"max-video-preview:-1"},"canonical":"https:\/\/www.nettali.com\/2024\/09\/01\/jeux-paralympiques-bassirou-diomaye-faye-felicite-le-taekwondoiste-idrissa-keita\/","og_locale":"fr_FR","og_type":"article","og_title":"JEUX PARALYMPIQUES - Bassirou Diomaye Faye f\u00e9licite le taekwondo\u00efste Idrissa Ke\u00efta","og_description":"NETTALI.COM - Le pr\u00e9sident Bassirou Diomaye Faye a adress\u00e9 ses f\u00e9licitations et ses encouragements au taekwondo\u00efste Idrissa Keita qui s\u2019est arr\u00eat\u00e9 en quart de finale. Le S\u00e9n\u00e9galais Idrissa Keita s\u2019incline lors de son combat pour la m\u00e9daille de bronze en para taekwondo face \u00e0 Evan Medel (13-1). Le taekwondo\u00efste s\u00e9n\u00e9galais, qui avait triomph\u00e9 en huiti\u00e8me [&hellip;]","og_url":"https:\/\/www.nettali.com\/2024\/09\/01\/jeux-paralympiques-bassirou-diomaye-faye-felicite-le-taekwondoiste-idrissa-keita\/","og_site_name":"Nettali.com","article_publisher":"https:\/\/www.facebook.com\/nettalicom","article_published_time":"2024-09-01T11:27:10+00:00","og_image":[{"width":850,"height":478,"url":"https:\/\/www.nettali.com\/wp-content\/uploads\/2024\/09\/fotojet-33.jpg","type":"image\/jpeg"}],"twitter_card":"summary_large_image","twitter_misc":{"\u00c9crit par":"Ibrahima","Dur\u00e9e de lecture estim\u00e9e":"1 minute"},"schema":{"@context":"https:\/\/schema.org","@graph":[{"@type":"WebSite","@id":"https:\/\/www.nettali.com\/#website","url":"https:\/\/www.nettali.com\/","name":"Nettali.com","description":"Le rendez-vous critique du Net","potentialAction":[{"@type":"SearchAction","target":{"@type":"EntryPoint","urlTemplate":"https:\/\/www.nettali.com\/?s={search_term_string}"},"query-input":"required name=search_term_string"}],"inLanguage":"fr-FR"},{"@type":"ImageObject","@id":"https:\/\/www.nettali.com\/2024\/09\/01\/jeux-paralympiques-bassirou-diomaye-faye-felicite-le-taekwondoiste-idrissa-keita\/#primaryimage","inLanguage":"fr-FR","url":"https:\/\/www.nettali.com\/wp-content\/uploads\/2024\/09\/fotojet-33.jpg","contentUrl":"https:\/\/www.nettali.com\/wp-content\/uploads\/2024\/09\/fotojet-33.jpg","width":850,"height":478},{"@type":"WebPage","@id":"https:\/\/www.nettali.com\/2024\/09\/01\/jeux-paralympiques-bassirou-diomaye-faye-felicite-le-taekwondoiste-idrissa-keita\/#webpage","url":"https:\/\/www.nettali.com\/2024\/09\/01\/jeux-paralympiques-bassirou-diomaye-faye-felicite-le-taekwondoiste-idrissa-keita\/","name":"JEUX PARALYMPIQUES - Bassirou Diomaye Faye f\u00e9licite le taekwondo\u00efste Idrissa Ke\u00efta | Nettali.com","isPartOf":{"@id":"https:\/\/www.nettali.com\/#website"},"primaryImageOfPage":{"@id":"https:\/\/www.nettali.com\/2024\/09\/01\/jeux-paralympiques-bassirou-diomaye-faye-felicite-le-taekwondoiste-idrissa-keita\/#primaryimage"},"datePublished":"2024-09-01T11:27:10+00:00","dateModified":"2024-09-01T11:27:10+00:00","author":{"@id":"https:\/\/www.nettali.com\/#\/schema\/person\/bb147657c2986240405a608162b9bb23"},"breadcrumb":{"@id":"https:\/\/www.nettali.com\/2024\/09\/01\/jeux-paralympiques-bassirou-diomaye-faye-felicite-le-taekwondoiste-idrissa-keita\/#breadcrumb"},"inLanguage":"fr-FR","potentialAction":[{"@type":"ReadAction","target":["https:\/\/www.nettali.com\/2024\/09\/01\/jeux-paralympiques-bassirou-diomaye-faye-felicite-le-taekwondoiste-idrissa-keita\/"]}]},{"@type":"BreadcrumbList","@id":"https:\/\/www.nettali.com\/2024\/09\/01\/jeux-paralympiques-bassirou-diomaye-faye-felicite-le-taekwondoiste-idrissa-keita\/#breadcrumb","itemListElement":[{"@type":"ListItem","position":1,"name":"Accueil","item":"https:\/\/www.nettali.com\/"},{"@type":"ListItem","position":2,"name":"JEUX PARALYMPIQUES - Bassirou Diomaye Faye f\u00e9licite le taekwondo\u00efste Idrissa Ke\u00efta"}]},{"@type":"Person","@id":"https:\/\/www.nettali.com\/#\/schema\/person\/bb147657c2986240405a608162b9bb23","name":"Ibrahima","image":{"@type":"ImageObject","@id":"https:\/\/www.nettali.com\/#personlogo","inLanguage":"fr-FR","url":"https:\/\/secure.gravatar.com\/avatar\/26a8a81f09f0dd7624c9d5c36c9ba3a2?s=96&d=mm&r=g","contentUrl":"https:\/\/secure.gravatar.com\/avatar\/26a8a81f09f0dd7624c9d5c36c9ba3a2?s=96&d=mm&r=g","caption":"Ibrahima"},"sameAs":["https:\/\/www.nettali.com"]}]}},"_links":{"self":[{"href":"https:\/\/www.nettali.com\/rest\/wp\/v2\/posts\/139495"}],"collection":[{"href":"https:\/\/www.nettali.com\/rest\/wp\/v2\/posts"}],"about":[{"href":"https:\/\/www.nettali.com\/rest\/wp\/v2\/types\/post"}],"author":[{"embeddable":true,"href":"https:\/\/www.nettali.com\/rest\/wp\/v2\/users\/5"}],"replies":[{"embeddable":true,"href":"https:\/\/www.nettali.com\/rest\/wp\/v2\/comments?post=139495"}],"version-history":[{"count":1,"href":"https:\/\/www.nettali.com\/rest\/wp\/v2\/posts\/139495\/revisions"}],"predecessor-version":[{"id":139498,"href":"https:\/\/www.nettali.com\/rest\/wp\/v2\/posts\/139495\/revisions\/139498"}],"wp:featuredmedia":[{"embeddable":true,"href":"https:\/\/www.nettali.com\/rest\/wp\/v2\/media\/139496"}],"wp:attachment":[{"href":"https:\/\/www.nettali.com\/rest\/wp\/v2\/media?parent=139495"}],"wp:term":[{"taxonomy":"category","embeddable":true,"href":"https:\/\/www.nettali.com\/rest\/wp\/v2\/categories?post=139495"},{"taxonomy":"post_tag","embeddable":true,"href":"https:\/\/www.nettali.com\/rest\/wp\/v2\/tags?post=139495"}],"curies":[{"name":"wp","href":"https:\/\/api.w.org\/{rel}","templated":true}]}}