{"id":139382,"date":"2024-08-29T20:50:16","date_gmt":"2024-08-29T20:50:16","guid":{"rendered":"https:\/\/www.nettali.com\/?p=139382"},"modified":"2024-08-29T20:50:16","modified_gmt":"2024-08-29T20:50:16","slug":"attaques-contre-alioune-tine-suite-a-sa-sortie-sur-diomaye-et-sonko-la-radhoo-demande-la-protection-de-ses-droits-et-reclame-des-mesures","status":"publish","type":"post","link":"https:\/\/www.nettali.com\/2024\/08\/29\/attaques-contre-alioune-tine-suite-a-sa-sortie-sur-diomaye-et-sonko-la-radhoo-demande-la-protection-de-ses-droits-et-reclame-des-mesures\/","title":{"rendered":"ATTAQUES CONTRE ALIOUNE TINE SUITE A SA SORTIE SUR DIOMAYE ET SONKO - La Radhoo demande la protection de ses droits et r\u00e9clame des mesures..."},"content":{"rendered":"<div class=\"page\" title=\"Page 2\">\n<div class=\"layoutArea\">\n<div class=\"column\">\n<p><strong>NETTALI.COM -<\/strong> Invite\u0301 a\u0300 l\u2019e\u0301mission \u201cGrand Jury\u201d de la Radio futurs me\u0301dias (RFM), le pre\u0301sident du think tank Afrika jom Center et pre\u0301sident d\u2019honneur de la Raddho, Alioune Tine, a exprime\u0301 ses pre\u0301occupations quant a\u0300 l\u201d\u2019<em>inaccessibilite\u0301<\/em>\u201d du pre\u0301sident de la Re\u0301publique Bassirou Diomaye Faye, tout en critiquant son apparent \u201c<em>confinement<\/em>\u201d au palais pre\u0301sidentiel, laissant ainsi a\u0300 son Premier ministre Ousmane Sonko la re\u0301alite\u0301 du pouvoir.<\/p>\n<p>Ces de\u0301clarations, formule\u0301es dans le style direct et incisif qui caracte\u0301rise M. Tine, ont suscite\u0301 l\u2019ire des militants du Pastef, a constate\u0301 dans un communique\u0301 rec\u0327u a\u0300 \"Nettali.com\" la Rencontre africaine pour la de\u0301fense des Droits de l\u2019homme (Raddho).<\/p>\n<p>L\u2019organisation se de\u0301sole qu\u2019au lieu de contester ses propos en apportant des preuves tangibles de l\u2019exercice effectif du pouvoir par le chef de l\u2019E\u0301tat conforme\u0301ment aux principes de\u0301mocratiques qui garantissent la liberte\u0301 d\u2019opinion et d\u2019expression, ces militants ont pre\u0301fe\u0301re\u0301 recourir a\u0300 l\u2019insulte et aux menaces, visant a\u0300 re\u0301duire au silence cette figure emble\u0301matique de la de\u0301fense des droits humains. Il est impe\u0301ratif de rappeler a\u0300 ces contempteurs, selon la Raddho, que les liberte\u0301s d\u2019opinion et d\u2019expression font partie des droits fondamentaux garantis par la Constitution a\u0300 chaque citoyen.<\/p>\n<\/div>\n<div class=\"column\">\n<p>En effet, ces droits incluent le droit de critiquer les personnalite\u0301s publiques, y compris celles occupant les plus hautes fonctions de l\u2019E\u0301tat. En s\u2019attaquant a\u0300 Alioune Tine pour l\u2019exercice de sa liberte\u0301 d\u2019opinion, ces militants se rendent coupables d\u2019agressions morales qui, dans un E\u0301tat de droit, devraient faire l\u2019objet d\u2019une enque\u0302te rigoureuse de la part du procureur de la Re\u0301publique.<\/p>\n<p>En effet, se demande-t-on dans le communique\u0301 de la Raddho, ceux qui attaquent Alioune Tine \u201c<em>ont-ils conscience que leurs comportements constituent des formes d\u2019agression d\u2019une personne en raison de l\u2019exercice de sa liberte\u0301 d\u2019opinion ou d\u2019expression et qu\u2019ils devraient faire, sans de\u0301lai, l\u2019objet d\u2019une enque\u0302te diligente par Mon-sieur le Procureur de la Re\u0301publique ?<\/em>\u201d.<\/p>\n<p>La Raddho appelle ainsi les autorite\u0301s se\u0301ne\u0301galaises a\u0300 garantir la protection des droits de M. Tine et a\u0300 prendre des mesures contre ceux qui se livrent a\u0300 ces agissements contraires aux lois du pays en matie\u0300re de liberte\u0301 d\u2019opinion et d\u2019expression. Dans le cas ou\u0300 ces attaques persisteraient et en l\u2019absence de re\u0301action des autorite\u0301s judiciaires, la Raddho se re\u0301serve le droit de saisir directement les juridictions compe\u0301tentes afin de faire respecter les engagements internationaux du Se\u0301ne\u0301gal en matie\u0300re de droits humains, a pre\u0301venu l\u2019organisation.<\/p>\n<\/div>\n<\/div>\n<\/div>\n<div class='share-to-whatsapp-wrapper'><div class='share-on-whsp'>PARTAGER SUR : <\/div><a data-text='ATTAQUES CONTRE ALIOUNE TINE SUITE A SA SORTIE SUR DIOMAYE ET SONKO - La Radhoo demande la protection de ses droits et r\u00e9clame des mesures...' data-link='https:\/\/www.nettali.com\/2024\/08\/29\/attaques-contre-alioune-tine-suite-a-sa-sortie-sur-diomaye-et-sonko-la-radhoo-demande-la-protection-de-ses-droits-et-reclame-des-mesures\/' class='whatsapp-button whatsapp-share'>WhatsApp<\/a><div class='clear '><\/div><\/div>","protected":false},"excerpt":{"rendered":"<p>NETTALI.COM - Invite\u0301 a\u0300 l\u2019e\u0301mission \u201cGrand Jury\u201d de la Radio futurs me\u0301dias (RFM), le pre\u0301sident du think tank Afrika jom Center et pre\u0301sident d\u2019honneur de la Raddho, Alioune Tine, a exprime\u0301 ses pre\u0301occupations quant a\u0300 l\u201d\u2019inaccessibilite\u0301\u201d du pre\u0301sident de la Re\u0301publique Bassirou Diomaye Faye, tout en critiquant son apparent \u201cconfinement\u201d au palais pre\u0301sidentiel, laissant ainsi [&hellip;]<\/p>\n","protected":false},"author":2,"featured_media":138281,"comment_status":"open","ping_status":"open","sticky":false,"template":"","format":"standard","meta":{"_et_pb_use_builder":"","_et_pb_old_content":""},"categories":[34945],"tags":[],"yoast_head":"<!-- This site is optimized with the Yoast SEO Premium plugin v17.8 (Yoast SEO v17.8) - https:\/\/yoast.com\/wordpress\/plugins\/seo\/ -->\n<title>ATTAQUES CONTRE ALIOUNE TINE SUITE A SA SORTIE SUR DIOMAYE ET SONKO - La Radhoo demande la protection de ses droits et r\u00e9clame des mesures... | Nettali.com<\/title>\n<meta name=\"robots\" content=\"index, follow, max-snippet:-1, max-image-preview:large, max-video-preview:-1\" \/>\n<link rel=\"canonical\" href=\"https:\/\/www.nettali.com\/2024\/08\/29\/attaques-contre-alioune-tine-suite-a-sa-sortie-sur-diomaye-et-sonko-la-radhoo-demande-la-protection-de-ses-droits-et-reclame-des-mesures\/\" \/>\n<meta property=\"og:locale\" content=\"fr_FR\" \/>\n<meta property=\"og:type\" content=\"article\" \/>\n<meta property=\"og:title\" content=\"ATTAQUES CONTRE ALIOUNE TINE SUITE A SA SORTIE SUR DIOMAYE ET SONKO - La Radhoo demande la protection de ses droits et r\u00e9clame des mesures...\" \/>\n<meta property=\"og:description\" content=\"NETTALI.COM - Invite\u0301 a\u0300 l\u2019e\u0301mission \u201cGrand Jury\u201d de la Radio futurs me\u0301dias (RFM), le pre\u0301sident du think tank Afrika jom Center et pre\u0301sident d\u2019honneur de la Raddho, Alioune Tine, a exprime\u0301 ses pre\u0301occupations quant a\u0300 l\u201d\u2019inaccessibilite\u0301\u201d du pre\u0301sident de la Re\u0301publique Bassirou Diomaye Faye, tout en critiquant son apparent \u201cconfinement\u201d au palais pre\u0301sidentiel, laissant ainsi [&hellip;]\" \/>\n<meta property=\"og:url\" content=\"https:\/\/www.nettali.com\/2024\/08\/29\/attaques-contre-alioune-tine-suite-a-sa-sortie-sur-diomaye-et-sonko-la-radhoo-demande-la-protection-de-ses-droits-et-reclame-des-mesures\/\" \/>\n<meta property=\"og:site_name\" content=\"Nettali.com\" \/>\n<meta property=\"article:publisher\" content=\"https:\/\/www.facebook.com\/nettalicom\" \/>\n<meta property=\"article:published_time\" content=\"2024-08-29T20:50:16+00:00\" \/>\n<meta property=\"og:image\" content=\"https:\/\/www.nettali.com\/wp-content\/uploads\/2024\/08\/Alioune-Tine.jpeg\" \/>\n\t<meta property=\"og:image:width\" content=\"914\" \/>\n\t<meta property=\"og:image:height\" content=\"589\" \/>\n<meta name=\"twitter:card\" content=\"summary_large_image\" \/>\n<meta name=\"twitter:label1\" content=\"\u00c9crit par\" \/>\n\t<meta name=\"twitter:data1\" content=\"CK\" \/>\n\t<meta name=\"twitter:label2\" content=\"Dur\u00e9e de lecture estim\u00e9e\" \/>\n\t<meta name=\"twitter:data2\" content=\"2 minutes\" \/>\n<script type=\"application\/ld+json\" class=\"yoast-schema-graph\">{\"@context\":\"https:\/\/schema.org\",\"@graph\":[{\"@type\":\"WebSite\",\"@id\":\"https:\/\/www.nettali.com\/#website\",\"url\":\"https:\/\/www.nettali.com\/\",\"name\":\"Nettali.com\",\"description\":\"Le rendez-vous critique du Net\",\"potentialAction\":[{\"@type\":\"SearchAction\",\"target\":{\"@type\":\"EntryPoint\",\"urlTemplate\":\"https:\/\/www.nettali.com\/?s={search_term_string}\"},\"query-input\":\"required name=search_term_string\"}],\"inLanguage\":\"fr-FR\"},{\"@type\":\"ImageObject\",\"@id\":\"https:\/\/www.nettali.com\/2024\/08\/29\/attaques-contre-alioune-tine-suite-a-sa-sortie-sur-diomaye-et-sonko-la-radhoo-demande-la-protection-de-ses-droits-et-reclame-des-mesures\/#primaryimage\",\"inLanguage\":\"fr-FR\",\"url\":\"https:\/\/www.nettali.com\/wp-content\/uploads\/2024\/08\/Alioune-Tine.jpeg\",\"contentUrl\":\"https:\/\/www.nettali.com\/wp-content\/uploads\/2024\/08\/Alioune-Tine.jpeg\",\"width\":914,\"height\":589},{\"@type\":\"WebPage\",\"@id\":\"https:\/\/www.nettali.com\/2024\/08\/29\/attaques-contre-alioune-tine-suite-a-sa-sortie-sur-diomaye-et-sonko-la-radhoo-demande-la-protection-de-ses-droits-et-reclame-des-mesures\/#webpage\",\"url\":\"https:\/\/www.nettali.com\/2024\/08\/29\/attaques-contre-alioune-tine-suite-a-sa-sortie-sur-diomaye-et-sonko-la-radhoo-demande-la-protection-de-ses-droits-et-reclame-des-mesures\/\",\"name\":\"ATTAQUES CONTRE ALIOUNE TINE SUITE A SA SORTIE SUR DIOMAYE ET SONKO - La Radhoo demande la protection de ses droits et r\\u00e9clame des mesures... | Nettali.com\",\"isPartOf\":{\"@id\":\"https:\/\/www.nettali.com\/#website\"},\"primaryImageOfPage\":{\"@id\":\"https:\/\/www.nettali.com\/2024\/08\/29\/attaques-contre-alioune-tine-suite-a-sa-sortie-sur-diomaye-et-sonko-la-radhoo-demande-la-protection-de-ses-droits-et-reclame-des-mesures\/#primaryimage\"},\"datePublished\":\"2024-08-29T20:50:16+00:00\",\"dateModified\":\"2024-08-29T20:50:16+00:00\",\"author\":{\"@id\":\"https:\/\/www.nettali.com\/#\/schema\/person\/d8ac7b7e27ddad43f1c0d2ef090d7f71\"},\"breadcrumb\":{\"@id\":\"https:\/\/www.nettali.com\/2024\/08\/29\/attaques-contre-alioune-tine-suite-a-sa-sortie-sur-diomaye-et-sonko-la-radhoo-demande-la-protection-de-ses-droits-et-reclame-des-mesures\/#breadcrumb\"},\"inLanguage\":\"fr-FR\",\"potentialAction\":[{\"@type\":\"ReadAction\",\"target\":[\"https:\/\/www.nettali.com\/2024\/08\/29\/attaques-contre-alioune-tine-suite-a-sa-sortie-sur-diomaye-et-sonko-la-radhoo-demande-la-protection-de-ses-droits-et-reclame-des-mesures\/\"]}]},{\"@type\":\"BreadcrumbList\",\"@id\":\"https:\/\/www.nettali.com\/2024\/08\/29\/attaques-contre-alioune-tine-suite-a-sa-sortie-sur-diomaye-et-sonko-la-radhoo-demande-la-protection-de-ses-droits-et-reclame-des-mesures\/#breadcrumb\",\"itemListElement\":[{\"@type\":\"ListItem\",\"position\":1,\"name\":\"Accueil\",\"item\":\"https:\/\/www.nettali.com\/\"},{\"@type\":\"ListItem\",\"position\":2,\"name\":\"ATTAQUES CONTRE ALIOUNE TINE SUITE A SA SORTIE SUR DIOMAYE ET SONKO - La Radhoo demande la protection de ses droits et r\\u00e9clame des mesures...\"}]},{\"@type\":\"Person\",\"@id\":\"https:\/\/www.nettali.com\/#\/schema\/person\/d8ac7b7e27ddad43f1c0d2ef090d7f71\",\"name\":\"CK\",\"image\":{\"@type\":\"ImageObject\",\"@id\":\"https:\/\/www.nettali.com\/#personlogo\",\"inLanguage\":\"fr-FR\",\"url\":\"https:\/\/secure.gravatar.com\/avatar\/1d8d5118b9327d94da7cd4ce7f17fec2?s=96&d=mm&r=g\",\"contentUrl\":\"https:\/\/secure.gravatar.com\/avatar\/1d8d5118b9327d94da7cd4ce7f17fec2?s=96&d=mm&r=g\",\"caption\":\"CK\"},\"sameAs\":[\"https:\/\/www.nettali.com\"]}]}<\/script>\n<!-- \/ Yoast SEO Premium plugin. -->","yoast_head_json":{"title":"ATTAQUES CONTRE ALIOUNE TINE SUITE A SA SORTIE SUR DIOMAYE ET SONKO - La Radhoo demande la protection de ses droits et r\u00e9clame des mesures... | Nettali.com","robots":{"index":"index","follow":"follow","max-snippet":"max-snippet:-1","max-image-preview":"max-image-preview:large","max-video-preview":"max-video-preview:-1"},"canonical":"https:\/\/www.nettali.com\/2024\/08\/29\/attaques-contre-alioune-tine-suite-a-sa-sortie-sur-diomaye-et-sonko-la-radhoo-demande-la-protection-de-ses-droits-et-reclame-des-mesures\/","og_locale":"fr_FR","og_type":"article","og_title":"ATTAQUES CONTRE ALIOUNE TINE SUITE A SA SORTIE SUR DIOMAYE ET SONKO - La Radhoo demande la protection de ses droits et r\u00e9clame des mesures...","og_description":"NETTALI.COM - Invite\u0301 a\u0300 l\u2019e\u0301mission \u201cGrand Jury\u201d de la Radio futurs me\u0301dias (RFM), le pre\u0301sident du think tank Afrika jom Center et pre\u0301sident d\u2019honneur de la Raddho, Alioune Tine, a exprime\u0301 ses pre\u0301occupations quant a\u0300 l\u201d\u2019inaccessibilite\u0301\u201d du pre\u0301sident de la Re\u0301publique Bassirou Diomaye Faye, tout en critiquant son apparent \u201cconfinement\u201d au palais pre\u0301sidentiel, laissant ainsi [&hellip;]","og_url":"https:\/\/www.nettali.com\/2024\/08\/29\/attaques-contre-alioune-tine-suite-a-sa-sortie-sur-diomaye-et-sonko-la-radhoo-demande-la-protection-de-ses-droits-et-reclame-des-mesures\/","og_site_name":"Nettali.com","article_publisher":"https:\/\/www.facebook.com\/nettalicom","article_published_time":"2024-08-29T20:50:16+00:00","og_image":[{"width":914,"height":589,"url":"https:\/\/www.nettali.com\/wp-content\/uploads\/2024\/08\/Alioune-Tine.jpeg","type":"image\/jpeg"}],"twitter_card":"summary_large_image","twitter_misc":{"\u00c9crit par":"CK","Dur\u00e9e de lecture estim\u00e9e":"2 minutes"},"schema":{"@context":"https:\/\/schema.org","@graph":[{"@type":"WebSite","@id":"https:\/\/www.nettali.com\/#website","url":"https:\/\/www.nettali.com\/","name":"Nettali.com","description":"Le rendez-vous critique du Net","potentialAction":[{"@type":"SearchAction","target":{"@type":"EntryPoint","urlTemplate":"https:\/\/www.nettali.com\/?s={search_term_string}"},"query-input":"required name=search_term_string"}],"inLanguage":"fr-FR"},{"@type":"ImageObject","@id":"https:\/\/www.nettali.com\/2024\/08\/29\/attaques-contre-alioune-tine-suite-a-sa-sortie-sur-diomaye-et-sonko-la-radhoo-demande-la-protection-de-ses-droits-et-reclame-des-mesures\/#primaryimage","inLanguage":"fr-FR","url":"https:\/\/www.nettali.com\/wp-content\/uploads\/2024\/08\/Alioune-Tine.jpeg","contentUrl":"https:\/\/www.nettali.com\/wp-content\/uploads\/2024\/08\/Alioune-Tine.jpeg","width":914,"height":589},{"@type":"WebPage","@id":"https:\/\/www.nettali.com\/2024\/08\/29\/attaques-contre-alioune-tine-suite-a-sa-sortie-sur-diomaye-et-sonko-la-radhoo-demande-la-protection-de-ses-droits-et-reclame-des-mesures\/#webpage","url":"https:\/\/www.nettali.com\/2024\/08\/29\/attaques-contre-alioune-tine-suite-a-sa-sortie-sur-diomaye-et-sonko-la-radhoo-demande-la-protection-de-ses-droits-et-reclame-des-mesures\/","name":"ATTAQUES CONTRE ALIOUNE TINE SUITE A SA SORTIE SUR DIOMAYE ET SONKO - La Radhoo demande la protection de ses droits et r\u00e9clame des mesures... | Nettali.com","isPartOf":{"@id":"https:\/\/www.nettali.com\/#website"},"primaryImageOfPage":{"@id":"https:\/\/www.nettali.com\/2024\/08\/29\/attaques-contre-alioune-tine-suite-a-sa-sortie-sur-diomaye-et-sonko-la-radhoo-demande-la-protection-de-ses-droits-et-reclame-des-mesures\/#primaryimage"},"datePublished":"2024-08-29T20:50:16+00:00","dateModified":"2024-08-29T20:50:16+00:00","author":{"@id":"https:\/\/www.nettali.com\/#\/schema\/person\/d8ac7b7e27ddad43f1c0d2ef090d7f71"},"breadcrumb":{"@id":"https:\/\/www.nettali.com\/2024\/08\/29\/attaques-contre-alioune-tine-suite-a-sa-sortie-sur-diomaye-et-sonko-la-radhoo-demande-la-protection-de-ses-droits-et-reclame-des-mesures\/#breadcrumb"},"inLanguage":"fr-FR","potentialAction":[{"@type":"ReadAction","target":["https:\/\/www.nettali.com\/2024\/08\/29\/attaques-contre-alioune-tine-suite-a-sa-sortie-sur-diomaye-et-sonko-la-radhoo-demande-la-protection-de-ses-droits-et-reclame-des-mesures\/"]}]},{"@type":"BreadcrumbList","@id":"https:\/\/www.nettali.com\/2024\/08\/29\/attaques-contre-alioune-tine-suite-a-sa-sortie-sur-diomaye-et-sonko-la-radhoo-demande-la-protection-de-ses-droits-et-reclame-des-mesures\/#breadcrumb","itemListElement":[{"@type":"ListItem","position":1,"name":"Accueil","item":"https:\/\/www.nettali.com\/"},{"@type":"ListItem","position":2,"name":"ATTAQUES CONTRE ALIOUNE TINE SUITE A SA SORTIE SUR DIOMAYE ET SONKO - La Radhoo demande la protection de ses droits et r\u00e9clame des mesures..."}]},{"@type":"Person","@id":"https:\/\/www.nettali.com\/#\/schema\/person\/d8ac7b7e27ddad43f1c0d2ef090d7f71","name":"CK","image":{"@type":"ImageObject","@id":"https:\/\/www.nettali.com\/#personlogo","inLanguage":"fr-FR","url":"https:\/\/secure.gravatar.com\/avatar\/1d8d5118b9327d94da7cd4ce7f17fec2?s=96&d=mm&r=g","contentUrl":"https:\/\/secure.gravatar.com\/avatar\/1d8d5118b9327d94da7cd4ce7f17fec2?s=96&d=mm&r=g","caption":"CK"},"sameAs":["https:\/\/www.nettali.com"]}]}},"_links":{"self":[{"href":"https:\/\/www.nettali.com\/rest\/wp\/v2\/posts\/139382"}],"collection":[{"href":"https:\/\/www.nettali.com\/rest\/wp\/v2\/posts"}],"about":[{"href":"https:\/\/www.nettali.com\/rest\/wp\/v2\/types\/post"}],"author":[{"embeddable":true,"href":"https:\/\/www.nettali.com\/rest\/wp\/v2\/users\/2"}],"replies":[{"embeddable":true,"href":"https:\/\/www.nettali.com\/rest\/wp\/v2\/comments?post=139382"}],"version-history":[{"count":1,"href":"https:\/\/www.nettali.com\/rest\/wp\/v2\/posts\/139382\/revisions"}],"predecessor-version":[{"id":139383,"href":"https:\/\/www.nettali.com\/rest\/wp\/v2\/posts\/139382\/revisions\/139383"}],"wp:featuredmedia":[{"embeddable":true,"href":"https:\/\/www.nettali.com\/rest\/wp\/v2\/media\/138281"}],"wp:attachment":[{"href":"https:\/\/www.nettali.com\/rest\/wp\/v2\/media?parent=139382"}],"wp:term":[{"taxonomy":"category","embeddable":true,"href":"https:\/\/www.nettali.com\/rest\/wp\/v2\/categories?post=139382"},{"taxonomy":"post_tag","embeddable":true,"href":"https:\/\/www.nettali.com\/rest\/wp\/v2\/tags?post=139382"}],"curies":[{"name":"wp","href":"https:\/\/api.w.org\/{rel}","templated":true}]}}