{"id":139289,"date":"2024-08-28T08:15:51","date_gmt":"2024-08-28T08:15:51","guid":{"rendered":"https:\/\/www.nettali.com\/?p=139289"},"modified":"2024-08-31T15:00:31","modified_gmt":"2024-08-31T15:00:31","slug":"coups-de-pilon-gouvernance-polemique","status":"publish","type":"post","link":"https:\/\/www.nettali.com\/2024\/08\/28\/coups-de-pilon-gouvernance-polemique\/","title":{"rendered":"COUPS DE PILON - Gouvernance pol\u00e9mique\u00a0!"},"content":{"rendered":"<p><strong>NETTALI.COM - Faut-il rire ou pleurer de tout ce tintamarre qui s\u2019est empar\u00e9 de la gouvernance de Bassirou Diomaye Faye ? La gouvernance d\u2019Ousmane Sonko devrait-on plut\u00f4t dire, les territoires n\u2019\u00e9tant pas clairement d\u00e9limit\u00e9s entre les deux t\u00eates de l\u2019ex\u00e9cutif, le pr\u00e9sident et le Premier ministre en l\u2019occurrence. Le slogan \u00ab Sonko mooy Diomaye, Diomaye mooy Sonko \u00bb utilis\u00e9 pour faire b\u00e9n\u00e9ficier le candidat Diomaye, du vote Sonko, lors de la pr\u00e9sidentielle pass\u00e9e, aurait d\u00fb rester sur le champ politique au lieu d\u2019empi\u00e9ter sur l\u2019espace de la r\u00e9publique, o\u00f9 c\u2019est la constitution qui d\u00e9finit le r\u00f4le de chacun.<\/strong><\/p>\n<p>Et ce n\u2019est pas un hasard si Alioune Tine, le pr\u00e9sident d\u2019Afrika Jom Center, d\u00e9plorait cet \u00e9tat de fait lors de l\u2019\u00e9mission \u00ab Grand Jury \u00bb de la Rfm du dimanche 25 Ao\u00fbt. <em>\u00abAujourd\u2019hui, qu\u2019on le veuille ou non, c\u2019est Sonko qui gouverne\u00bb, <\/em><em>avait-il relev\u00e9. <\/em><em>\u00abIl gouverne le S\u00e9n\u00e9gal et en m\u00eame temps, il est chef de parti. Beaucoup le r\u00e9clament, personne ne le voit (\u2026)Il faut que Sonko sorte de cette contradiction. C\u2019est extr\u00eamement important\u00bb<\/em>, conseille-t-il. Avant de faire le constat suivant\u00a0: \u00ab\u00a0<em>Moi je voyais bien Sonko \u00e0 la pr\u00e9sidence. C\u2019aurait \u00e9t\u00e9 bien, parce que c\u2019aurait \u00e9t\u00e9 tr\u00e8s clair. Directeur de cabinet du pr\u00e9sident de la R\u00e9publique, qu\u2019il cog\u00e8re. Il n\u2019y aurait pas eu cette esp\u00e8ce de \u00a0confusion des r\u00f4les. La meilleure place pour Sonko, c\u2019\u00e9tait la Pr\u00e9sidence\u00bb,<\/em>\u00a0a-t-il conclu. Une sortie qui a valu \u00e0 Alioune Tine, quelques assauts dans les r\u00e9seaux, m\u00eame s\u2019il avait d\u00e9j\u00e0 eu \u00e0 qualifier l\u2019actuel r\u00e9gime de past\u00e9fien. Adoub\u00e9 un jour et critiqu\u00e9 un autre pour avoir os\u00e9 critiqu\u00e9 le leader Sonko\u00a0!<\/p>\n<p>Une confusion au sommet de l\u2019Etat pourtant d\u00e9plor\u00e9e \u00e0 longueur d\u2019\u00e9ditos et de chroniques dans les m\u00e9dias. Mais si c\u2019est ainsi qu\u2019ils veulent continuer \u00e0 gouverner le pays, qu\u2019ils poursuivent sur\u00a0 cette voie.\u00a0Sauf que cette voie est pour l\u2019instant loin d\u2019\u00eatre un long fleuve tranquille.<\/p>\n<p>L\u2019objectif, en relevant cette sorte de dualit\u00e9, n\u2019est pas, si l\u2019on veut \u00eatre honn\u00eate, de semer la zizanie entre les deux, mais bien d\u2019inciter au respect de l\u2019orthodoxie r\u00e9publicaine. L\u2019on doit cesser de voir chaque \u00e9crit ou propos critique, une volont\u00e9 de saper la gouvernance. Ceux qui nous gouvernent ne descendent pas du ciel et ne sont pas non plus des \u00eatres parfaits pour ne pas \u00eatre sujets \u00e0 la critique constructive.<\/p>\n<p>C\u2019est en tout cas \u00e0 une gouvernance pas du tout tranquille que l\u2019on assiste, ponctu\u00e9e qu\u2019elle \u00a0est de d\u00e9clarations intempestives sur fond d\u2019accusations de pillages des ressources dirig\u00e9es contre les anciens dignitaires du r\u00e9gime de Macky Sall, agr\u00e9ment\u00e9es en plus de menaces d\u2019emprisonnement, suivies de pol\u00e9miques tous azimuts.<\/p>\n<p>Mais, a-t-on vraiment besoin de proc\u00e9der de la sorte\u00a0? Il aurait pourtant juste suffi dans ces affaires de suppos\u00e9s pillages de ressources ou de mal gouvernance, faire jouer leur r\u00f4le aux corps de contr\u00f4le et d\u2019activer le parquet financier. Quoi de plus simple que ce brouhaha qui distrait les S\u00e9n\u00e9galais et attise inutilement les ranc\u0153urs, surtout avec tous ces excit\u00e9s des r\u00e9seaux sociaux.\u00a0 Peut-\u00eatre s\u2019agit-il dans certains cas de diversions ou de contrefeux pour cacher certaines choses ou \u00e9viter certains sujets\u00a0?<\/p>\n<p><strong>Des dossiers pol\u00e9miques sur la place publique <\/strong><\/p>\n<p>Mais c\u2019\u00e9tait sans compter avec ces quelques dossiers pol\u00e9miques venus atterrir sur la place publique et sur lesquels p\u00e8sent des soup\u00e7ons de manque de transparence. Tenez par exemple cette histoire d\u2019accusation par les syndicats sur une suppos\u00e9e irre\u0301gularite\u0301 au Port Autonome de Dakar, dans la proc\u00e9dure de passation de marche\u0301 lie\u0301 a\u0300 l'audit du fichier du personnel\u00a0; sans oublier la suppos\u00e9e suspension de 700 contrats de travailleurs temporaires que les syndicats d\u00e9noncent et que la direction g\u00e9n\u00e9rale du Port r\u00e9fute. Elle suivie d\u2019une pol\u00e9mique entre la Direction g\u00e9n\u00e9rale et les syndicats, qui n\u2019en finit pas. Que croire\u00a0? Qui croire\u00a0? Qu\u2019on \u00e9claire au moins nos lanternes.<\/p>\n<p>Une autre affaire qui a aussi interpell\u00e9 l\u2019opinion, est celle de l\u2019Office national de l\u2019assainissement (Onas). En effet, malgr\u00e9 le \u00ab\u00a0Jub jubal jubanti\u00a0\u00bb, la passe d\u2019armes entre l\u2019ex-DG de l\u2019Onas, Cheikh Dieng et le ministre de l\u2019eau et de l\u2019assainissement Cheikh Tidiane Di\u00e8ye, sur fond d\u2019accusations et de contre accusations, ne manque de cr\u00e9er un malaise. Au-del\u00e0 de savoir qui a tort ou pas entre le ministre Cheikh Tidiane Di\u00e8ye et l\u2019ex-Dg Cheikh Dieng, il y a une question de transparence que les gouvernants ne semblent pas press\u00e9s de trancher. Tout au plus, ils ont limog\u00e9 Cheikh Dieng, sans que l\u2019on sache r\u00e9ellement de quoi retourne cette affaire. Peut-\u00eatre ont-ils choisi l\u2019option de laisser pourrir la situation et de ne pas entretenir davantage la pol\u00e9mique ? La question est d\u00e8s lors de savoir si Cheikh Tidiane Di\u00e8ye est aussi exempt de reproche qu\u2019on veuille le laisser penser\u00a0? Ce sont en tout cas des techniciens de l\u2019Onas qui sont all\u00e9s aux charbons \u00e0 sa place, sans toutefois nous dire ce que Cheikh Dieng n\u2019a pas encore dit. Et Birahim Seck de la soci\u00e9t\u00e9 civile n\u2019a pas manqu\u00e9 d\u2019en faire r\u00e9f\u00e9rence. Il y a en tout cas quelque chose qu\u2019on ne nous dit pas dans cette affaire et qu\u2019on aimerait bien savoir.<\/p>\n<p><strong>La presse n\u2019a jamais refus\u00e9 de payer, mais conteste les montants avanc\u00e9s<\/strong><\/p>\n<p>De m\u00eame, l\u2019on peut relever cette confrontation entre le pouvoir et la presse, alors que cette derni\u00e8re a point\u00e9 du doigt une volont\u00e9 du pouvoir de la mettre en mal avec l\u2019opinion, \u00e0 travers <em>\u00ab\u00a0une op\u00e9ration de manipulation et de diabolisation \u00e0 des fins politiques pour saper la cr\u00e9dibilit\u00e9 de la presse et\/ou pour organiser la disparition d\u2019entreprises et pour en cr\u00e9er d\u2019autres totalement acquises \u00e0 des causes partisanes \u00bb<\/em>.<\/p>\n<p>Un \u00e9tat de fait selon <em>le Conseil des Diffuseurs et Editeurs de presse<\/em> (Cdeps) corrobor\u00e9 par cette accusation de <em>refus par la presse de s\u2019acquitter de ses obligations fiscales, servie avec un argumentaire, des chiffres et donn\u00e9es \u00e0 l\u2019appui, que le Cdeps a \u00e9videmment d\u00e9mont\u00e9s point par point, tout en \u00e9grenant les actes du pouvoir dont il est victime <\/em>\u00a0: \u00ab\u00a0<em>blocage de comptes bancaires, \u00a0production d\u2019\u00e9tat ex\u00e9cutoire de saisie de mat\u00e9riels de production, rupture unilat\u00e9rale et ill\u00e9gale des contrats publicitaires, gel des paiements, mise en demeure, refus de concertation, etc.\u00a0<\/em>\u00bb<\/p>\n<p>Sur la fiscalit\u00e9 des entreprises de presse par exemple, le Cdeps note que les montants des dettes fiscales dues par les entreprises de presse et annonc\u00e9es par le ministre, sont inexacts et constate que le chiffre d\u00e9clin\u00e9 est un fourre-tout de 40 milliards FCFA, qui agr\u00e8ge des droits simples, \u00a0une taxation d\u2019office et des p\u00e9nalit\u00e9s.\u00a0L\u2019organisation patronale trouve d\u2019ailleurs la m\u00e9thode<em> \u00ab\u00a0infamante et m\u00eame scandaleuse\u00a0\u00bb, puisque selon lui, de tous les secteurs \u00e9conomiques du pays, \u00ab\u00a0les entreprises de presse sont les seules dont les autorit\u00e9s publient ill\u00e9galement les donn\u00e9es en violation totale du secret de leur situation fiscale\u00a0\u00bb<\/em>.<\/p>\n<p>Sur le Fonds d\u2019Appui et de D\u00e9veloppent de la Presse (FADP), le Cdeps estime m\u00eame que <em>\u00ab\u00a0les montants annonc\u00e9s par le minist\u00e8re de la Communication, des T\u00e9l\u00e9communications et du Num\u00e9rique, sont sciemment incomplets et ne fournit pas la liste de tous les b\u00e9n\u00e9ficiaires dont les entreprises de la presse ont toujours revendiqu\u00e9 sa publication\u00a0\u00bb<\/em> et s\u2019\u00e9tonne de la politique de \u00ab<em>clarification s\u00e9lective<\/em>\u00bb du ministre de la Communication, des T\u00e9l\u00e9communications et du Num\u00e9rique.<\/p>\n<p>Le cinglant d\u00e9menti, lui, est venu de l\u2019ancien ministre de la Communication, Moussa Bocar Thiam. Sur les chiffres avanc\u00e9s notamment, \u00e0 savoir que ce sont les entreprises priv\u00e9es de la presse qui d\u00e9tiennent la plus grosse part de la dette. L\u2019ancien ministre rappelle ainsi qu\u2019en 2023, la dette fiscale de la presse se\u0301ne\u0301galaise publique et prive\u0301e, s\u2019e\u0301levait a\u0300 10 337 595 510 F CFA en droits simples, assortie de 2 900 000 F CFA de pe\u0301nalite\u0301s. Il souligne au passage que 50 % de cette dette provient des entreprises publiques qui ne subissent aucune pression de l'Administration. La r\u00e9partition de cette dette pour les me\u0301dias publics est la suivante : la RTS doit 4 554 625 781 F CFA, l\u2019Agence de presse se\u0301ne\u0301galaise (APS) 256 747 664 F CFA et le journal \u201cLe Soleil\u201d 215 838 695 F CFA. A\u0300 cela s\u2019ajoutent les 600 000 000 F CFA dus par la TDS.<\/p>\n<p>Par ailleurs, Me Thiam distingue les dettes fiscales des redevances de fre\u0301quences dues a\u0300 l\u2019ARTP par les me\u0301dias qui s\u2019e\u0301le\u0300vent a\u0300 25 milliards F CFA. Cette dette concerne a\u0300 la fois les me\u0301dias publics et prive\u0301s, et est juge\u0301e indue, car l\u2019ARTP a libe\u0301re\u0301 ces fre\u0301quences avec l\u2019ave\u0300nement de la TNT, les revendant ensuite aux ope\u0301rateurs de te\u0301le\u0301phonie mobile pour le de\u0301ploiement de la 5G.<\/p>\n<p>Il souligne que le fait que cette dette soit injustement re\u0301clame\u0301e a\u0300 la presse prive\u0301e, est pre\u0301occupant, d\u2019autant plus que le pre\u0301sident de la Re\u0301publique, dans une lettre date\u0301e du 20 mars 2024, a ordonne\u0301 au ministre des Finances de supprimer les dettes fiscales et les arrie\u0301re\u0301s de paiement des redevances de fre\u0301quences dus avant le 31 de\u0301cembre 2023.<\/p>\n<p>L\u2019ancien ministre Thiam ne demande ni plus, ni moins d\u2019<em>arre\u0302ter \u00ab\u00a0 de stigmatiser la presse se\u0301ne\u0301galaise\u00a0\u00bb et de respecter\u00a0\u00ab\u00a0les engagements de l\u2019E\u0301tat<\/em>\u00a0\u00bb, assimilant les d\u00e9clarations de l\u2019actuel ministre \u00e0 une posture qui marque une rupture avec la tradition de dialogue et de courtoisie, mettant ainsi en pe\u0301ril les relations entre l'E\u0301tat et les me\u0301dias. Maitre Thiam perc\u0327oit comme une volonte\u0301 de discre\u0301diter la presse et de manipuler a\u0300 la fois l'opinion publique et les employe\u0301s du secteur, ajoutant que le ministre aurait inte\u0301re\u0302t a\u0300 le consulter avant de s'exprimer.<\/p>\n<p>C\u2019est d\u2019ailleurs une illusion que de croire que les gouvernants ont un quelconque int\u00e9r\u00eat \u00e0 une presse forte et libre. Tous les gouvernements, de Wade en passant par Macky jusqu\u2019\u00e0 celui actuel, cherchent d\u2019une mani\u00e8re ou d\u2019une autre \u00e0 contr\u00f4ler la presse. Seuls les proc\u00e9d\u00e9s et les m\u00e9thodes utilis\u00e9s diff\u00e8rent.<\/p>\n<p>Des probl\u00e8mes de la presse qui sont toutefois loin d\u2019\u00eatre une affaire de fiscalit\u00e9, mais plut\u00f4t une question de mod\u00e8le \u00e9conomique dont elle voudrait pourtant bien discuter avec les autorit\u00e9s de la r\u00e9publique, ainsi que l\u2019a exprim\u00e9 le Pr\u00e9sident Diomaye Faye, lors d\u2019un r\u00e9cent conseil des ministres. Et au-del\u00e0, il s\u2019agit de voir comment assainir ce milieu tant du point de vue de ses hommes que de sa r\u00e9gulation.<\/p>\n<p>Mais qu\u2019est-ce qu\u2019elle dure cette gr\u00e8ve des agents des collectivit\u00e9s locales qui date de l\u2019\u00e9poque Macky Sall jusqu\u2019\u00e0 nos jours\u00a0! Ceux-ci r\u00e9clament des augmentations de salaires, suite \u00e0 l\u2019augmentation des salaires de la fonction publique. Le ministre des collectivit\u00e9s locales Moussa Balla Fofana a en tout cas beaucoup de mal \u00e0 d\u00e9nouer cela, malgr\u00e9 les menaces sans cesse brandies contre les employ\u00e9s, mais sans succ\u00e8s.<\/p>\n<p><strong>Entre d\u00e9clarations intempestives et menaces \u00e0 peine voil\u00e9es <\/strong><\/p>\n<p>Avec la gouvernance actuelle, ce n\u2019est pas une tendance aux d\u00e9clarations intempestives et \u00e0 \u00a0la stigmatisation qui manque. Dans un texte r\u00e9cent, Le Monde Afrique d\u00e9crivait cet \u00e9tat de fait en ces termes\u00a0: \u00ab\u00a0Ousmane Sonko, premier ministre du S\u00e9n\u00e9gal, n\u2019a rien perdu de la hargne de l\u2019opposant qu\u2019il fut. Quitte \u00e0 se montrer mena\u00e7ant. Dimanche 10\u00a0juin, sur l\u2019esplanade du Grand Th\u00e9\u00e2tre de Dakar, devant plusieurs milliers de sympathisants de son parti, les Patriotes africains du S\u00e9n\u00e9gal pour le travail, l\u2019\u00e9thique et la fraternit\u00e9 (Pastef), il a cibl\u00e9, tous azimuts, les m\u00e9dias accus\u00e9s de \u00ab\u00a0<em>\u00a0ne pas payer leur dette fiscale\u00a0\u00bb,\u00a0<\/em>les magistrats suppos\u00e9ment\u00a0<em>\u00ab\u00a0corrompus\u00a0\u00bb,\u00a0<\/em>les\u00a0<em>\u00ab\u00a0auteurs de malversations financi\u00e8res\u00a0\u00bb<\/em>\u00a0qui\u00a0<em>\u00ab\u00a0ne seront pas pardonn\u00e9s\u00a0\u00bb<\/em>\u00a0et\u00a0<em>\u00ab\u00a0la nouvelle opposition\u00a0\u00bb<\/em>.<\/p>\n<p>Bien \u00e9videmment pour le dernier cas celui des opposants au pouvoir actuel voire du r\u00e9gime pass\u00e9, personne ne demande d\u2019occulter la reddition des comptes ou de rem\u00e9dier \u00e0 certaines situations anormales, mais il s\u2019agit bien de rendre justice de la mani\u00e8re la plus \u00e9quitable possible. L\u2019on ne peut juste pas vouloir rendre la justice et l\u2019accompagner d\u2019une telle clameur qu\u2019on en arrive m\u00eame \u00e0 soup\u00e7onner de possibles r\u00e8glements de comptes \u00e0 venir.<\/p>\n<p>Toute cette effervescence not\u00e9e dans les r\u00e9seaux sociaux selon laquelle, il faut tous les \u00ab\u00a0foutre en prison\u00a0\u00bb, est inadmissible car ceux qui brandissent ces arguments, doivent se rendre \u00e0 l\u2019\u00e9vidence qu\u2019ils ne sont ni issus des corps de contr\u00f4le et encore moins de la magistrature pour d\u00e9clarer de telles fatwas.<\/p>\n<p>Comment d\u2019ailleurs parlant de la justice, ne pas s\u2019interroger sur l\u2019affectation des trois juges Mamadou Seck, Maham Diallo et Abdou Karim Diop, en m\u00eame temps \u00e0 Tambacounda\u00a0? Doit-on comprendre que la notion de \u00ab\u00a0bons juges\u00a0\u00bb ferait r\u00e9f\u00e9rence \u00e0 ces juges-l\u00e0 qui avaient rendu des d\u00e9cisions favorables \u00e0 Pastef\u00a0et celle de \u00ab\u00a0mauvais juges\u00a0\u00bb, le contraire ? En tout cas deux d\u2019entre eux, Sabassy Faye et Ousmane Racine Thione ont \u00e9t\u00e9 respectivement promus, pr\u00e9sident du tribunal de Fatick et de Mbour.<\/p>\n<p>La v\u00e9rit\u00e9 est que l\u2019on ne peut pas avoir pass\u00e9 son temps \u00e0 d\u00e9noncer des injustices et se retrouver \u00e0 agir de la sorte. Il ne peut nullement y avoir une justice des vainqueurs.\u00a0C\u2019est d\u2019ailleurs une des raisons pour lesquelles, il existe de la m\u00e9fiance vis-\u00e0-vis de la pr\u00e9sence du pr\u00e9sident de la r\u00e9publique et du ministre de la justice au Conseil sup\u00e9rieur de la magistrature.<\/p>\n<p>De m\u00eame, comment \u00eatre indiff\u00e9rent \u00e0 cette psychose cr\u00e9\u00e9e par rapport \u00e0 la suspension des travaux sur le littoral, entre Dakar et \u00e9tendue plus tard \u00e0 Mbour 4 (Thie\u0300s) et Saint-Louis\u00a0? Ses cons\u00e9quences en cascade sur l\u2019activit\u00e9 \u00e9conomique et au plan social, sont constat\u00e9es. Ce sont des activit\u00e9s \u00e9conomiques qui se sont retrouv\u00e9es en baisse (immobilier, artisanat, production de ciment, mat\u00e9riaux de construction, activit\u00e9s d\u2019importation, transport, logistique, activit\u00e9 de d\u00e9douanement, restauration sur les chantiers, etc), sans oublier ces employ\u00e9s du b\u00e2timent qui sont au ch\u00f4mage et ces hommes d\u2019affaires qui s\u2019activent dans le foncier et qui voient la psychose freiner leur business.<\/p>\n<p><strong>Des sorties de route qui commencent \u00e0 devenir une habitude<\/strong><\/p>\n<p>Ce qui est surtout le plus g\u00eanant dans cette gouvernance, c\u2019est cette posture pol\u00e9mique d\u2019Ousmane Sonko, toujours drap\u00e9 de ses habits d\u2019opposant. Tant\u00f4t parlant en tant que chef de parti, tant\u00f4t en tant que Premier ministre. Le jeu de r\u00f4le dans lequel il est emp\u00eatr\u00e9, brouille sans aucun doute l\u2019image de la gouvernance ainsi que sa communication, alors que le Pr\u00e9sident Faye, a du mal \u00e0 \u00eatre consid\u00e9r\u00e9 comme le vrai chef de l\u2019ex\u00e9cutif.<\/p>\n<p>Comment Ousmane Sonko peut-il avoir comme vocation de s\u2019inscrire de mani\u00e8re permanente dans la confrontation\u00a0? \u00a0De l\u2019entendre dire que par exemple que certains ne veulent pas le voir fouler le tapis rouge, avait bien \u00e9tonn\u00e9 certains observateurs.<\/p>\n<p>A Colobane, il d\u00e9clare n\u2019avoir pas \u00e9t\u00e9 au courant de la circulaire du minist\u00e8re de l\u2019Int\u00e9rieur, alors qu\u2019est men\u00e9e une op\u00e9ration de d\u00e9guerpissement des marchands ambulants.<\/p>\n<p>Lors d\u2019un meeting politique sur l\u2019esplanade du Grand-Th\u00e9\u00e2tre, il nous relate sa communication avec le ministre de la justice de la justice Ousmane Diagne qui l\u2019avait saisi dans le cadre d\u2019un dossier impliquant un militant de Pastef. C\u2019est en ce sens qu\u2019il nous a inform\u00e9s avoir r\u00e9pondu \u00e0 celui-ci de faire son travail. Comment-a-t-il pu rendre ce fait public\u00a0?<\/p>\n<p>Le Pr\u00e9sident Bassirou Diomaye Faye est pr\u00e9sent sur le sol fran\u00e7ais, Ousmane Sonko en profite pour pilonner la France dans cette histoire de six tirailleurs africains reconnus \u00ab\u00a0morts pour la France\u00a0\u00bb. Une d\u00e9cision qui a suscit\u00e9 l\u2019ire du Premier ministre s\u00e9n\u00e9galais selon qui la France ne pourra plus ni faire conter seule ce bout d\u2019histoire tragique\u00a0\u00bb et encore moins \u00ab\u00a0fixer unilat\u00e9ralement le nombre d\u2019Africains trahis et assassin\u00e9s apr\u00e8s avoir contribu\u00e9 \u00e0 la sauver, ni le type et la port\u00e9e de la reconnaissance et des r\u00e9parations qu\u2019ils m\u00e9ritent\u00a0\u00bb<\/p>\n<p>Tout comme lors de son audience avec des artistes au cours de laquelle, il a trait\u00e9 les opposants de poltrons, d\u00e9clarant que ceux qui veulent s\u2019opposer, n\u2019ont qu\u2019\u00e0 commencer tout de suite, l\u2019\u00e9tat de gr\u00e2ce \u00e9tant pour les faiblards. Il a m\u00eame ajout\u00e9 qu\u2019eux-m\u00eames au niveau du Pastef, ont l\u2019habitude du \u00ab\u00a0thioki\u00a0\u00bb (de l\u2019affrontement). Une sortie \u00e0 laquelle a r\u00e9pondu,\u00a0 dans un communiqu\u00e9 datant du mardi 27 Ao\u00fbt, Abdou Mbow, le d\u00e9put\u00e9 de Benno Book Yaakaar \u00a0qui a au passage, qualifie\u0301 la sortie de Sonko contre les opposants, de \u201c<em>saugrenue\u201d et d\u2019\u201dintempestive<\/em>\u201d. Il a aussi condamne l'utilisation par Ousmane Sonko de termes injurieux comme \u201c<em>tapettes<\/em>\u201d pour de\u0301signer ses adversaires politiques : \u201c<em>Nos concitoyens attendent du respect de votre part. Les plus a\u0302ge\u0301s sont de plus en plus indispose\u0301s par vos abus de langage indignes de la fonction que vous occupez. C'est la premie\u0300re fois qu'un homme politique utilise des mots comme \u2018tapettes\u2019, contre ses adversaires qui ont le me\u0301rite de refuser de verser dans les de\u0301rives connues de vous quand vous e\u0301tiez dans l\u2019opposition.<\/em>\u201d\u2019<\/p>\n<p>Un Premier ministre ne devrait pas parler comme cela. On est pourtant bien loin du terrain de Acapes.<\/p>\n<p>Pour un leader qui entend affronter l\u2019opposition, avouons que la d\u00e9claration de politique g\u00e9n\u00e9rale aurait \u00e9t\u00e9 une bonne occasion pour d\u00e9battre de sujets plus relev\u00e9s qu\u2019un simple affrontement de l\u2019opposition sur le terrain de la pol\u00e9mique st\u00e9rile et politicienne. Mais encore faudrait-il que le projet soit rendu public et que l\u2019on comprenne les diff\u00e9rents axes qui vont guider cette DPG.<\/p>\n<p>Une sortie dont on se demande quel \u00e9tait finalement le projet, tant elle ne s\u2019expliquait pas et avait plut\u00f4t des allures de contrefeu, voire de diversion, dans un contexte de pol\u00e9miques sur l\u2019affaire Onas.<\/p>\n<p>Un discours du Premier ministre qui gagnerait \u00e0 vraiment prendre un peu plus d\u2019\u00e9paisseur et de fond. Il y a comme une sorte de peur chez Ousmane Sonko de ne plus avoir de prise sur son public s\u2019il venait \u00e0 observer le silence. A moins peut-\u00eatre que cela soit une obsession pour lui d\u2019\u00eatre le ma\u00eetre du jeu, un statut que seul le tintamarre peut lui octroyer. Bref, on n\u2019est pas sortis de l\u2019auberge.<\/p>\n<p>A \u00ab\u00a0Grand Jury\u00a0\u00bb de la RFM, ce dimanche, Alioune Tine n\u2019a d\u2019ailleurs pas manqu\u00e9 de lui prodiguer quelques conseils.\u00a0<em>\u00abSonko a int\u00e9r\u00eat \u00e0 gouverner dans un contexte pacifi\u00e9, o\u00f9 il y a un d\u00e9bat de fond, parce qu\u2019aujourd\u2019hui il n\u2019y a pas de d\u00e9bat de fond\u00bb<\/em>, dit-il, l\u2019encourageant \u00e0 tenir sa promesse, lui qui s\u2019est dit pr\u00eat \u00e0 d\u00e9battre avec l\u2019opposition.<\/p>\n<p>&nbsp;<\/p>\n<div class='share-to-whatsapp-wrapper'><div class='share-on-whsp'>PARTAGER SUR : <\/div><a data-text='COUPS DE PILON - Gouvernance pol\u00e9mique\u00a0!' data-link='https:\/\/www.nettali.com\/2024\/08\/28\/coups-de-pilon-gouvernance-polemique\/' class='whatsapp-button whatsapp-share'>WhatsApp<\/a><div class='clear '><\/div><\/div>","protected":false},"excerpt":{"rendered":"<p>NETTALI.COM - Faut-il rire ou pleurer de tout ce tintamarre qui s\u2019est empar\u00e9 de la gouvernance de Bassirou Diomaye Faye ? La gouvernance d\u2019Ousmane Sonko devrait-on plut\u00f4t dire, les territoires n\u2019\u00e9tant pas clairement d\u00e9limit\u00e9s entre les deux t\u00eates de l\u2019ex\u00e9cutif, le pr\u00e9sident et le Premier ministre en l\u2019occurrence. Le slogan \u00ab Sonko mooy Diomaye, Diomaye [&hellip;]<\/p>\n","protected":false},"author":2,"featured_media":139177,"comment_status":"open","ping_status":"open","sticky":false,"template":"","format":"standard","meta":{"_et_pb_use_builder":"","_et_pb_old_content":""},"categories":[34932],"tags":[],"yoast_head":"<!-- This site is optimized with the Yoast SEO Premium plugin v17.8 (Yoast SEO v17.8) - https:\/\/yoast.com\/wordpress\/plugins\/seo\/ -->\n<title>COUPS DE PILON - Gouvernance pol\u00e9mique\u00a0! | Nettali.com<\/title>\n<meta name=\"robots\" content=\"index, follow, max-snippet:-1, max-image-preview:large, max-video-preview:-1\" \/>\n<link rel=\"canonical\" href=\"https:\/\/www.nettali.com\/2024\/08\/28\/coups-de-pilon-gouvernance-polemique\/\" \/>\n<meta property=\"og:locale\" content=\"fr_FR\" \/>\n<meta property=\"og:type\" content=\"article\" \/>\n<meta property=\"og:title\" content=\"COUPS DE PILON - Gouvernance pol\u00e9mique\u00a0!\" \/>\n<meta property=\"og:description\" content=\"NETTALI.COM - Faut-il rire ou pleurer de tout ce tintamarre qui s\u2019est empar\u00e9 de la gouvernance de Bassirou Diomaye Faye ? La gouvernance d\u2019Ousmane Sonko devrait-on plut\u00f4t dire, les territoires n\u2019\u00e9tant pas clairement d\u00e9limit\u00e9s entre les deux t\u00eates de l\u2019ex\u00e9cutif, le pr\u00e9sident et le Premier ministre en l\u2019occurrence. Le slogan \u00ab Sonko mooy Diomaye, Diomaye [&hellip;]\" \/>\n<meta property=\"og:url\" content=\"https:\/\/www.nettali.com\/2024\/08\/28\/coups-de-pilon-gouvernance-polemique\/\" \/>\n<meta property=\"og:site_name\" content=\"Nettali.com\" \/>\n<meta property=\"article:publisher\" content=\"https:\/\/www.facebook.com\/nettalicom\" \/>\n<meta property=\"article:published_time\" content=\"2024-08-28T08:15:51+00:00\" \/>\n<meta property=\"article:modified_time\" content=\"2024-08-31T15:00:31+00:00\" \/>\n<meta property=\"og:image\" content=\"https:\/\/www.nettali.com\/wp-content\/uploads\/2024\/08\/sall-sonko-fofana-dieye-dieng.jpg\" \/>\n\t<meta property=\"og:image:width\" content=\"1280\" \/>\n\t<meta property=\"og:image:height\" content=\"600\" \/>\n<meta name=\"twitter:card\" content=\"summary_large_image\" \/>\n<meta name=\"twitter:label1\" content=\"\u00c9crit par\" \/>\n\t<meta name=\"twitter:data1\" content=\"CK\" \/>\n\t<meta name=\"twitter:label2\" content=\"Dur\u00e9e de lecture estim\u00e9e\" \/>\n\t<meta name=\"twitter:data2\" content=\"16 minutes\" \/>\n<script type=\"application\/ld+json\" class=\"yoast-schema-graph\">{\"@context\":\"https:\/\/schema.org\",\"@graph\":[{\"@type\":\"WebSite\",\"@id\":\"https:\/\/www.nettali.com\/#website\",\"url\":\"https:\/\/www.nettali.com\/\",\"name\":\"Nettali.com\",\"description\":\"Le rendez-vous critique du Net\",\"potentialAction\":[{\"@type\":\"SearchAction\",\"target\":{\"@type\":\"EntryPoint\",\"urlTemplate\":\"https:\/\/www.nettali.com\/?s={search_term_string}\"},\"query-input\":\"required name=search_term_string\"}],\"inLanguage\":\"fr-FR\"},{\"@type\":\"ImageObject\",\"@id\":\"https:\/\/www.nettali.com\/2024\/08\/28\/coups-de-pilon-gouvernance-polemique\/#primaryimage\",\"inLanguage\":\"fr-FR\",\"url\":\"https:\/\/www.nettali.com\/wp-content\/uploads\/2024\/08\/sall-sonko-fofana-dieye-dieng.jpg\",\"contentUrl\":\"https:\/\/www.nettali.com\/wp-content\/uploads\/2024\/08\/sall-sonko-fofana-dieye-dieng.jpg\",\"width\":1280,\"height\":600},{\"@type\":\"WebPage\",\"@id\":\"https:\/\/www.nettali.com\/2024\/08\/28\/coups-de-pilon-gouvernance-polemique\/#webpage\",\"url\":\"https:\/\/www.nettali.com\/2024\/08\/28\/coups-de-pilon-gouvernance-polemique\/\",\"name\":\"COUPS DE PILON - Gouvernance pol\\u00e9mique\\u00a0! | Nettali.com\",\"isPartOf\":{\"@id\":\"https:\/\/www.nettali.com\/#website\"},\"primaryImageOfPage\":{\"@id\":\"https:\/\/www.nettali.com\/2024\/08\/28\/coups-de-pilon-gouvernance-polemique\/#primaryimage\"},\"datePublished\":\"2024-08-28T08:15:51+00:00\",\"dateModified\":\"2024-08-31T15:00:31+00:00\",\"author\":{\"@id\":\"https:\/\/www.nettali.com\/#\/schema\/person\/d8ac7b7e27ddad43f1c0d2ef090d7f71\"},\"breadcrumb\":{\"@id\":\"https:\/\/www.nettali.com\/2024\/08\/28\/coups-de-pilon-gouvernance-polemique\/#breadcrumb\"},\"inLanguage\":\"fr-FR\",\"potentialAction\":[{\"@type\":\"ReadAction\",\"target\":[\"https:\/\/www.nettali.com\/2024\/08\/28\/coups-de-pilon-gouvernance-polemique\/\"]}]},{\"@type\":\"BreadcrumbList\",\"@id\":\"https:\/\/www.nettali.com\/2024\/08\/28\/coups-de-pilon-gouvernance-polemique\/#breadcrumb\",\"itemListElement\":[{\"@type\":\"ListItem\",\"position\":1,\"name\":\"Accueil\",\"item\":\"https:\/\/www.nettali.com\/\"},{\"@type\":\"ListItem\",\"position\":2,\"name\":\"COUPS DE PILON - Gouvernance pol\\u00e9mique\\u00a0!\"}]},{\"@type\":\"Person\",\"@id\":\"https:\/\/www.nettali.com\/#\/schema\/person\/d8ac7b7e27ddad43f1c0d2ef090d7f71\",\"name\":\"CK\",\"image\":{\"@type\":\"ImageObject\",\"@id\":\"https:\/\/www.nettali.com\/#personlogo\",\"inLanguage\":\"fr-FR\",\"url\":\"https:\/\/secure.gravatar.com\/avatar\/1d8d5118b9327d94da7cd4ce7f17fec2?s=96&d=mm&r=g\",\"contentUrl\":\"https:\/\/secure.gravatar.com\/avatar\/1d8d5118b9327d94da7cd4ce7f17fec2?s=96&d=mm&r=g\",\"caption\":\"CK\"},\"sameAs\":[\"https:\/\/www.nettali.com\"]}]}<\/script>\n<!-- \/ Yoast SEO Premium plugin. -->","yoast_head_json":{"title":"COUPS DE PILON - Gouvernance pol\u00e9mique\u00a0! | Nettali.com","robots":{"index":"index","follow":"follow","max-snippet":"max-snippet:-1","max-image-preview":"max-image-preview:large","max-video-preview":"max-video-preview:-1"},"canonical":"https:\/\/www.nettali.com\/2024\/08\/28\/coups-de-pilon-gouvernance-polemique\/","og_locale":"fr_FR","og_type":"article","og_title":"COUPS DE PILON - Gouvernance pol\u00e9mique\u00a0!","og_description":"NETTALI.COM - Faut-il rire ou pleurer de tout ce tintamarre qui s\u2019est empar\u00e9 de la gouvernance de Bassirou Diomaye Faye ? La gouvernance d\u2019Ousmane Sonko devrait-on plut\u00f4t dire, les territoires n\u2019\u00e9tant pas clairement d\u00e9limit\u00e9s entre les deux t\u00eates de l\u2019ex\u00e9cutif, le pr\u00e9sident et le Premier ministre en l\u2019occurrence. Le slogan \u00ab Sonko mooy Diomaye, Diomaye [&hellip;]","og_url":"https:\/\/www.nettali.com\/2024\/08\/28\/coups-de-pilon-gouvernance-polemique\/","og_site_name":"Nettali.com","article_publisher":"https:\/\/www.facebook.com\/nettalicom","article_published_time":"2024-08-28T08:15:51+00:00","article_modified_time":"2024-08-31T15:00:31+00:00","og_image":[{"width":1280,"height":600,"url":"https:\/\/www.nettali.com\/wp-content\/uploads\/2024\/08\/sall-sonko-fofana-dieye-dieng.jpg","type":"image\/jpeg"}],"twitter_card":"summary_large_image","twitter_misc":{"\u00c9crit par":"CK","Dur\u00e9e de lecture estim\u00e9e":"16 minutes"},"schema":{"@context":"https:\/\/schema.org","@graph":[{"@type":"WebSite","@id":"https:\/\/www.nettali.com\/#website","url":"https:\/\/www.nettali.com\/","name":"Nettali.com","description":"Le rendez-vous critique du Net","potentialAction":[{"@type":"SearchAction","target":{"@type":"EntryPoint","urlTemplate":"https:\/\/www.nettali.com\/?s={search_term_string}"},"query-input":"required name=search_term_string"}],"inLanguage":"fr-FR"},{"@type":"ImageObject","@id":"https:\/\/www.nettali.com\/2024\/08\/28\/coups-de-pilon-gouvernance-polemique\/#primaryimage","inLanguage":"fr-FR","url":"https:\/\/www.nettali.com\/wp-content\/uploads\/2024\/08\/sall-sonko-fofana-dieye-dieng.jpg","contentUrl":"https:\/\/www.nettali.com\/wp-content\/uploads\/2024\/08\/sall-sonko-fofana-dieye-dieng.jpg","width":1280,"height":600},{"@type":"WebPage","@id":"https:\/\/www.nettali.com\/2024\/08\/28\/coups-de-pilon-gouvernance-polemique\/#webpage","url":"https:\/\/www.nettali.com\/2024\/08\/28\/coups-de-pilon-gouvernance-polemique\/","name":"COUPS DE PILON - Gouvernance pol\u00e9mique\u00a0! | Nettali.com","isPartOf":{"@id":"https:\/\/www.nettali.com\/#website"},"primaryImageOfPage":{"@id":"https:\/\/www.nettali.com\/2024\/08\/28\/coups-de-pilon-gouvernance-polemique\/#primaryimage"},"datePublished":"2024-08-28T08:15:51+00:00","dateModified":"2024-08-31T15:00:31+00:00","author":{"@id":"https:\/\/www.nettali.com\/#\/schema\/person\/d8ac7b7e27ddad43f1c0d2ef090d7f71"},"breadcrumb":{"@id":"https:\/\/www.nettali.com\/2024\/08\/28\/coups-de-pilon-gouvernance-polemique\/#breadcrumb"},"inLanguage":"fr-FR","potentialAction":[{"@type":"ReadAction","target":["https:\/\/www.nettali.com\/2024\/08\/28\/coups-de-pilon-gouvernance-polemique\/"]}]},{"@type":"BreadcrumbList","@id":"https:\/\/www.nettali.com\/2024\/08\/28\/coups-de-pilon-gouvernance-polemique\/#breadcrumb","itemListElement":[{"@type":"ListItem","position":1,"name":"Accueil","item":"https:\/\/www.nettali.com\/"},{"@type":"ListItem","position":2,"name":"COUPS DE PILON - Gouvernance pol\u00e9mique\u00a0!"}]},{"@type":"Person","@id":"https:\/\/www.nettali.com\/#\/schema\/person\/d8ac7b7e27ddad43f1c0d2ef090d7f71","name":"CK","image":{"@type":"ImageObject","@id":"https:\/\/www.nettali.com\/#personlogo","inLanguage":"fr-FR","url":"https:\/\/secure.gravatar.com\/avatar\/1d8d5118b9327d94da7cd4ce7f17fec2?s=96&d=mm&r=g","contentUrl":"https:\/\/secure.gravatar.com\/avatar\/1d8d5118b9327d94da7cd4ce7f17fec2?s=96&d=mm&r=g","caption":"CK"},"sameAs":["https:\/\/www.nettali.com"]}]}},"_links":{"self":[{"href":"https:\/\/www.nettali.com\/rest\/wp\/v2\/posts\/139289"}],"collection":[{"href":"https:\/\/www.nettali.com\/rest\/wp\/v2\/posts"}],"about":[{"href":"https:\/\/www.nettali.com\/rest\/wp\/v2\/types\/post"}],"author":[{"embeddable":true,"href":"https:\/\/www.nettali.com\/rest\/wp\/v2\/users\/2"}],"replies":[{"embeddable":true,"href":"https:\/\/www.nettali.com\/rest\/wp\/v2\/comments?post=139289"}],"version-history":[{"count":1,"href":"https:\/\/www.nettali.com\/rest\/wp\/v2\/posts\/139289\/revisions"}],"predecessor-version":[{"id":139290,"href":"https:\/\/www.nettali.com\/rest\/wp\/v2\/posts\/139289\/revisions\/139290"}],"wp:featuredmedia":[{"embeddable":true,"href":"https:\/\/www.nettali.com\/rest\/wp\/v2\/media\/139177"}],"wp:attachment":[{"href":"https:\/\/www.nettali.com\/rest\/wp\/v2\/media?parent=139289"}],"wp:term":[{"taxonomy":"category","embeddable":true,"href":"https:\/\/www.nettali.com\/rest\/wp\/v2\/categories?post=139289"},{"taxonomy":"post_tag","embeddable":true,"href":"https:\/\/www.nettali.com\/rest\/wp\/v2\/tags?post=139289"}],"curies":[{"name":"wp","href":"https:\/\/api.w.org\/{rel}","templated":true}]}}