{"id":139256,"date":"2024-08-27T11:02:44","date_gmt":"2024-08-27T11:02:44","guid":{"rendered":"https:\/\/www.nettali.com\/?p=139256"},"modified":"2024-08-27T11:02:44","modified_gmt":"2024-08-27T11:02:44","slug":"clash-jackson-obi-mikel-diomansy-kamara-defend-son-poulain-et-tacle-le-nigerian","status":"publish","type":"post","link":"https:\/\/www.nettali.com\/2024\/08\/27\/clash-jackson-obi-mikel-diomansy-kamara-defend-son-poulain-et-tacle-le-nigerian\/","title":{"rendered":"CLASH JACKSON-Obi Mikel - Diomansy Kamara d\u00e9fend son poulain et tacle le Nig\u00e9rian"},"content":{"rendered":"<p dir=\"ltr\"><strong>NETTALI.COM - Diomansy Kamara a r\u00e9agi apr\u00e8s la sortie de Nicolas Jackson qui s'est d\u00e9foul\u00e9 sur la l\u00e9gende de Chelsea Obi Mikel.\u00a0L\u2019attaquant des Lions du S\u00e9n\u00e9gal a exprim\u00e9 son m\u00e9contentement envers l\u2019ancien joueur des Blues qui ne cesse de descendre son poulain depuis la saison pass\u00e9e.<\/strong><\/p>\n<p dir=\"ltr\">Souvent critiqu\u00e9 pour son manque de r\u00e9alisme depuis son arriv\u00e9e \u00e0 Chelsea, y compris par d\u2019anciens joueurs devenus consultants, l\u2019international s\u00e9n\u00e9galais Nicolas Jacksons\u2019est fendu d\u2019une sortie explosive en direction de l\u2019ex-Blues, John Obi Mikel.<\/p>\n<p dir=\"ltr\">Sur sa story Instagram, Jackson a post\u00e9 : \"<em>Ferme ta g.eule, ne dis pas de conneries, on se tue pour l\u2019Afrique<\/em>\", en mentionnant explicitement Obi Mikel.<\/p>\n<p dir=\"ltr\">Ce dernier avait r\u00e9cemment critiqu\u00e9 Jackson pour ses lacunes techniques et son incapacit\u00e9 \u00e0 \u00eatre d\u00e9cisif, des propos tenus sur les antennes de beIN.<\/p>\n<p dir=\"ltr\">Dans une vid\u00e9o publi\u00e9e sur le m\u00eame r\u00e9seau social, Diomansy Kamara qui a exprim\u00e9 son soutien au S\u00e9n\u00e9galais, a soulign\u00e9 l\u2019importance pour les anciens joueurs africains devenus consultants de soutenir leurs jeunes fr\u00e8res.<\/p>\n<p dir=\"ltr\">\"<em>Moi, je suis consultant, je travaille \u00e0 la t\u00e9l\u00e9 Canal+ Afrique et le but du consultant, c\u2019est d\u2019analyser mais \u00e9galement d\u2019avoir de la critique et \u00e0 partir du moment o\u00f9 on est footballeur professionnel, il faut accepter de pouvoir se faire critiquer parce que voil\u00e0, \u00e7a fait partie du jeu. Personne n\u2019est parfait et on va vous critiquer mais le but d\u2019int\u00e9grer les m\u00e9dias et \u00e7a a \u00e9t\u00e9 une vague pour nous les anciens footballeurs africains, on a d\u00e9cid\u00e9 de rentrer dans les m\u00e9dias. C\u2019est pour justement prot\u00e9ger nos petits fr\u00e8res. Voil\u00e0 que ce soit les Patrick Mboma, Habib B\u00e8ye, Kaba Diawara pour ne citer que ceux l\u00e0. Le but, vous savez, entre nous ce qu\u2019on dit : il faut pouvoir critiquer et la critique, elle est constructive mais il faut aussi apprendre \u00e0 prendre de la hauteur parce qu\u2019en r\u00e9alit\u00e9 c\u2019est une guerre des m\u00e9dias. Vous savez en Europe, il y a beaucoup de gens qui tapent sur les africains et sur les joueurs africains et on n\u2019avait pas cette frange de la population qui pouvait nous repr\u00e9senter et nous d\u00e9fendre quand nous on \u00e9tait footballeur. Donc on a dit on va rentrer dans les m\u00e9dias, on va discuter, on va \u00eatre objectif. Mais aussi on va prot\u00e9ger nos petits fr\u00e8res parce que si nous on ne le fait pas qui va le faire<\/em>?\", a-t-il expliqu\u00e9.<\/p>\n<p dir=\"ltr\">\"<em>Mais,\u00a0le souci avec Obi Mikel, c\u2019est que \u00e7a fait plus d\u2019un an qu\u2019il tape sur le petit en disant que c\u2019est pas un bon joueur, il sait pas faire ceci il sait pas faire cela. Moi Obi, j\u2019ai beaucoup de respect pour lui. C\u2019est quelqu\u2019un contre qui j\u2019ai jou\u00e9 c\u2019est une l\u00e9gende du football africain, c\u2019est une l\u00e9gende de Chelsea. Il a fait beaucoup de bonnes choses mais ce que nous on attend des gens, c\u2019est que bien \u00e9videmment qu\u2019ils puissent critiquer mais qu\u2019ils puissent aussi encourager<\/em>\", a ajout\u00e9 l'ancien des Lions du S\u00e9n\u00e9gal et de Fulham.<\/p>\n<div class='share-to-whatsapp-wrapper'><div class='share-on-whsp'>PARTAGER SUR : <\/div><a data-text='CLASH JACKSON-Obi Mikel - Diomansy Kamara d\u00e9fend son poulain et tacle le Nig\u00e9rian' data-link='https:\/\/www.nettali.com\/2024\/08\/27\/clash-jackson-obi-mikel-diomansy-kamara-defend-son-poulain-et-tacle-le-nigerian\/' class='whatsapp-button whatsapp-share'>WhatsApp<\/a><div class='clear '><\/div><\/div>","protected":false},"excerpt":{"rendered":"<p>NETTALI.COM - Diomansy Kamara a r\u00e9agi apr\u00e8s la sortie de Nicolas Jackson qui s'est d\u00e9foul\u00e9 sur la l\u00e9gende de Chelsea Obi Mikel.\u00a0L\u2019attaquant des Lions du S\u00e9n\u00e9gal a exprim\u00e9 son m\u00e9contentement envers l\u2019ancien joueur des Blues qui ne cesse de descendre son poulain depuis la saison pass\u00e9e. Souvent critiqu\u00e9 pour son manque de r\u00e9alisme depuis son [&hellip;]<\/p>\n","protected":false},"author":5,"featured_media":139235,"comment_status":"open","ping_status":"open","sticky":false,"template":"","format":"standard","meta":{"_et_pb_use_builder":"","_et_pb_old_content":""},"categories":[6],"tags":[],"yoast_head":"<!-- This site is optimized with the Yoast SEO Premium plugin v17.8 (Yoast SEO v17.8) - https:\/\/yoast.com\/wordpress\/plugins\/seo\/ -->\n<title>CLASH JACKSON-Obi Mikel - Diomansy Kamara d\u00e9fend son poulain et tacle le Nig\u00e9rian | Nettali.com<\/title>\n<meta name=\"robots\" content=\"index, follow, max-snippet:-1, max-image-preview:large, max-video-preview:-1\" \/>\n<link rel=\"canonical\" href=\"https:\/\/www.nettali.com\/2024\/08\/27\/clash-jackson-obi-mikel-diomansy-kamara-defend-son-poulain-et-tacle-le-nigerian\/\" \/>\n<meta property=\"og:locale\" content=\"fr_FR\" \/>\n<meta property=\"og:type\" content=\"article\" \/>\n<meta property=\"og:title\" content=\"CLASH JACKSON-Obi Mikel - Diomansy Kamara d\u00e9fend son poulain et tacle le Nig\u00e9rian\" \/>\n<meta property=\"og:description\" content=\"NETTALI.COM - Diomansy Kamara a r\u00e9agi apr\u00e8s la sortie de Nicolas Jackson qui s&#039;est d\u00e9foul\u00e9 sur la l\u00e9gende de Chelsea Obi Mikel.\u00a0L\u2019attaquant des Lions du S\u00e9n\u00e9gal a exprim\u00e9 son m\u00e9contentement envers l\u2019ancien joueur des Blues qui ne cesse de descendre son poulain depuis la saison pass\u00e9e. Souvent critiqu\u00e9 pour son manque de r\u00e9alisme depuis son [&hellip;]\" \/>\n<meta property=\"og:url\" content=\"https:\/\/www.nettali.com\/2024\/08\/27\/clash-jackson-obi-mikel-diomansy-kamara-defend-son-poulain-et-tacle-le-nigerian\/\" \/>\n<meta property=\"og:site_name\" content=\"Nettali.com\" \/>\n<meta property=\"article:publisher\" content=\"https:\/\/www.facebook.com\/nettalicom\" \/>\n<meta property=\"article:published_time\" content=\"2024-08-27T11:02:44+00:00\" \/>\n<meta property=\"og:image\" content=\"https:\/\/www.nettali.com\/wp-content\/uploads\/2024\/08\/Diomansy-Nicolas-Jackson-.jpg\" \/>\n\t<meta property=\"og:image:width\" content=\"600\" \/>\n\t<meta property=\"og:image:height\" content=\"345\" \/>\n<meta name=\"twitter:card\" content=\"summary_large_image\" \/>\n<meta name=\"twitter:label1\" content=\"\u00c9crit par\" \/>\n\t<meta name=\"twitter:data1\" content=\"Ibrahima\" \/>\n\t<meta name=\"twitter:label2\" content=\"Dur\u00e9e de lecture estim\u00e9e\" \/>\n\t<meta name=\"twitter:data2\" content=\"3 minutes\" \/>\n<script type=\"application\/ld+json\" class=\"yoast-schema-graph\">{\"@context\":\"https:\/\/schema.org\",\"@graph\":[{\"@type\":\"WebSite\",\"@id\":\"https:\/\/www.nettali.com\/#website\",\"url\":\"https:\/\/www.nettali.com\/\",\"name\":\"Nettali.com\",\"description\":\"Le rendez-vous critique du Net\",\"potentialAction\":[{\"@type\":\"SearchAction\",\"target\":{\"@type\":\"EntryPoint\",\"urlTemplate\":\"https:\/\/www.nettali.com\/?s={search_term_string}\"},\"query-input\":\"required name=search_term_string\"}],\"inLanguage\":\"fr-FR\"},{\"@type\":\"ImageObject\",\"@id\":\"https:\/\/www.nettali.com\/2024\/08\/27\/clash-jackson-obi-mikel-diomansy-kamara-defend-son-poulain-et-tacle-le-nigerian\/#primaryimage\",\"inLanguage\":\"fr-FR\",\"url\":\"https:\/\/www.nettali.com\/wp-content\/uploads\/2024\/08\/Diomansy-Nicolas-Jackson-.jpg\",\"contentUrl\":\"https:\/\/www.nettali.com\/wp-content\/uploads\/2024\/08\/Diomansy-Nicolas-Jackson-.jpg\",\"width\":600,\"height\":345},{\"@type\":\"WebPage\",\"@id\":\"https:\/\/www.nettali.com\/2024\/08\/27\/clash-jackson-obi-mikel-diomansy-kamara-defend-son-poulain-et-tacle-le-nigerian\/#webpage\",\"url\":\"https:\/\/www.nettali.com\/2024\/08\/27\/clash-jackson-obi-mikel-diomansy-kamara-defend-son-poulain-et-tacle-le-nigerian\/\",\"name\":\"CLASH JACKSON-Obi Mikel - Diomansy Kamara d\\u00e9fend son poulain et tacle le Nig\\u00e9rian | Nettali.com\",\"isPartOf\":{\"@id\":\"https:\/\/www.nettali.com\/#website\"},\"primaryImageOfPage\":{\"@id\":\"https:\/\/www.nettali.com\/2024\/08\/27\/clash-jackson-obi-mikel-diomansy-kamara-defend-son-poulain-et-tacle-le-nigerian\/#primaryimage\"},\"datePublished\":\"2024-08-27T11:02:44+00:00\",\"dateModified\":\"2024-08-27T11:02:44+00:00\",\"author\":{\"@id\":\"https:\/\/www.nettali.com\/#\/schema\/person\/bb147657c2986240405a608162b9bb23\"},\"breadcrumb\":{\"@id\":\"https:\/\/www.nettali.com\/2024\/08\/27\/clash-jackson-obi-mikel-diomansy-kamara-defend-son-poulain-et-tacle-le-nigerian\/#breadcrumb\"},\"inLanguage\":\"fr-FR\",\"potentialAction\":[{\"@type\":\"ReadAction\",\"target\":[\"https:\/\/www.nettali.com\/2024\/08\/27\/clash-jackson-obi-mikel-diomansy-kamara-defend-son-poulain-et-tacle-le-nigerian\/\"]}]},{\"@type\":\"BreadcrumbList\",\"@id\":\"https:\/\/www.nettali.com\/2024\/08\/27\/clash-jackson-obi-mikel-diomansy-kamara-defend-son-poulain-et-tacle-le-nigerian\/#breadcrumb\",\"itemListElement\":[{\"@type\":\"ListItem\",\"position\":1,\"name\":\"Accueil\",\"item\":\"https:\/\/www.nettali.com\/\"},{\"@type\":\"ListItem\",\"position\":2,\"name\":\"CLASH JACKSON-Obi Mikel - Diomansy Kamara d\\u00e9fend son poulain et tacle le Nig\\u00e9rian\"}]},{\"@type\":\"Person\",\"@id\":\"https:\/\/www.nettali.com\/#\/schema\/person\/bb147657c2986240405a608162b9bb23\",\"name\":\"Ibrahima\",\"image\":{\"@type\":\"ImageObject\",\"@id\":\"https:\/\/www.nettali.com\/#personlogo\",\"inLanguage\":\"fr-FR\",\"url\":\"https:\/\/secure.gravatar.com\/avatar\/26a8a81f09f0dd7624c9d5c36c9ba3a2?s=96&d=mm&r=g\",\"contentUrl\":\"https:\/\/secure.gravatar.com\/avatar\/26a8a81f09f0dd7624c9d5c36c9ba3a2?s=96&d=mm&r=g\",\"caption\":\"Ibrahima\"},\"sameAs\":[\"https:\/\/www.nettali.com\"]}]}<\/script>\n<!-- \/ Yoast SEO Premium plugin. -->","yoast_head_json":{"title":"CLASH JACKSON-Obi Mikel - Diomansy Kamara d\u00e9fend son poulain et tacle le Nig\u00e9rian | Nettali.com","robots":{"index":"index","follow":"follow","max-snippet":"max-snippet:-1","max-image-preview":"max-image-preview:large","max-video-preview":"max-video-preview:-1"},"canonical":"https:\/\/www.nettali.com\/2024\/08\/27\/clash-jackson-obi-mikel-diomansy-kamara-defend-son-poulain-et-tacle-le-nigerian\/","og_locale":"fr_FR","og_type":"article","og_title":"CLASH JACKSON-Obi Mikel - Diomansy Kamara d\u00e9fend son poulain et tacle le Nig\u00e9rian","og_description":"NETTALI.COM - Diomansy Kamara a r\u00e9agi apr\u00e8s la sortie de Nicolas Jackson qui s'est d\u00e9foul\u00e9 sur la l\u00e9gende de Chelsea Obi Mikel.\u00a0L\u2019attaquant des Lions du S\u00e9n\u00e9gal a exprim\u00e9 son m\u00e9contentement envers l\u2019ancien joueur des Blues qui ne cesse de descendre son poulain depuis la saison pass\u00e9e. Souvent critiqu\u00e9 pour son manque de r\u00e9alisme depuis son [&hellip;]","og_url":"https:\/\/www.nettali.com\/2024\/08\/27\/clash-jackson-obi-mikel-diomansy-kamara-defend-son-poulain-et-tacle-le-nigerian\/","og_site_name":"Nettali.com","article_publisher":"https:\/\/www.facebook.com\/nettalicom","article_published_time":"2024-08-27T11:02:44+00:00","og_image":[{"width":600,"height":345,"url":"https:\/\/www.nettali.com\/wp-content\/uploads\/2024\/08\/Diomansy-Nicolas-Jackson-.jpg","type":"image\/jpeg"}],"twitter_card":"summary_large_image","twitter_misc":{"\u00c9crit par":"Ibrahima","Dur\u00e9e de lecture estim\u00e9e":"3 minutes"},"schema":{"@context":"https:\/\/schema.org","@graph":[{"@type":"WebSite","@id":"https:\/\/www.nettali.com\/#website","url":"https:\/\/www.nettali.com\/","name":"Nettali.com","description":"Le rendez-vous critique du Net","potentialAction":[{"@type":"SearchAction","target":{"@type":"EntryPoint","urlTemplate":"https:\/\/www.nettali.com\/?s={search_term_string}"},"query-input":"required name=search_term_string"}],"inLanguage":"fr-FR"},{"@type":"ImageObject","@id":"https:\/\/www.nettali.com\/2024\/08\/27\/clash-jackson-obi-mikel-diomansy-kamara-defend-son-poulain-et-tacle-le-nigerian\/#primaryimage","inLanguage":"fr-FR","url":"https:\/\/www.nettali.com\/wp-content\/uploads\/2024\/08\/Diomansy-Nicolas-Jackson-.jpg","contentUrl":"https:\/\/www.nettali.com\/wp-content\/uploads\/2024\/08\/Diomansy-Nicolas-Jackson-.jpg","width":600,"height":345},{"@type":"WebPage","@id":"https:\/\/www.nettali.com\/2024\/08\/27\/clash-jackson-obi-mikel-diomansy-kamara-defend-son-poulain-et-tacle-le-nigerian\/#webpage","url":"https:\/\/www.nettali.com\/2024\/08\/27\/clash-jackson-obi-mikel-diomansy-kamara-defend-son-poulain-et-tacle-le-nigerian\/","name":"CLASH JACKSON-Obi Mikel - Diomansy Kamara d\u00e9fend son poulain et tacle le Nig\u00e9rian | Nettali.com","isPartOf":{"@id":"https:\/\/www.nettali.com\/#website"},"primaryImageOfPage":{"@id":"https:\/\/www.nettali.com\/2024\/08\/27\/clash-jackson-obi-mikel-diomansy-kamara-defend-son-poulain-et-tacle-le-nigerian\/#primaryimage"},"datePublished":"2024-08-27T11:02:44+00:00","dateModified":"2024-08-27T11:02:44+00:00","author":{"@id":"https:\/\/www.nettali.com\/#\/schema\/person\/bb147657c2986240405a608162b9bb23"},"breadcrumb":{"@id":"https:\/\/www.nettali.com\/2024\/08\/27\/clash-jackson-obi-mikel-diomansy-kamara-defend-son-poulain-et-tacle-le-nigerian\/#breadcrumb"},"inLanguage":"fr-FR","potentialAction":[{"@type":"ReadAction","target":["https:\/\/www.nettali.com\/2024\/08\/27\/clash-jackson-obi-mikel-diomansy-kamara-defend-son-poulain-et-tacle-le-nigerian\/"]}]},{"@type":"BreadcrumbList","@id":"https:\/\/www.nettali.com\/2024\/08\/27\/clash-jackson-obi-mikel-diomansy-kamara-defend-son-poulain-et-tacle-le-nigerian\/#breadcrumb","itemListElement":[{"@type":"ListItem","position":1,"name":"Accueil","item":"https:\/\/www.nettali.com\/"},{"@type":"ListItem","position":2,"name":"CLASH JACKSON-Obi Mikel - Diomansy Kamara d\u00e9fend son poulain et tacle le Nig\u00e9rian"}]},{"@type":"Person","@id":"https:\/\/www.nettali.com\/#\/schema\/person\/bb147657c2986240405a608162b9bb23","name":"Ibrahima","image":{"@type":"ImageObject","@id":"https:\/\/www.nettali.com\/#personlogo","inLanguage":"fr-FR","url":"https:\/\/secure.gravatar.com\/avatar\/26a8a81f09f0dd7624c9d5c36c9ba3a2?s=96&d=mm&r=g","contentUrl":"https:\/\/secure.gravatar.com\/avatar\/26a8a81f09f0dd7624c9d5c36c9ba3a2?s=96&d=mm&r=g","caption":"Ibrahima"},"sameAs":["https:\/\/www.nettali.com"]}]}},"_links":{"self":[{"href":"https:\/\/www.nettali.com\/rest\/wp\/v2\/posts\/139256"}],"collection":[{"href":"https:\/\/www.nettali.com\/rest\/wp\/v2\/posts"}],"about":[{"href":"https:\/\/www.nettali.com\/rest\/wp\/v2\/types\/post"}],"author":[{"embeddable":true,"href":"https:\/\/www.nettali.com\/rest\/wp\/v2\/users\/5"}],"replies":[{"embeddable":true,"href":"https:\/\/www.nettali.com\/rest\/wp\/v2\/comments?post=139256"}],"version-history":[{"count":2,"href":"https:\/\/www.nettali.com\/rest\/wp\/v2\/posts\/139256\/revisions"}],"predecessor-version":[{"id":139258,"href":"https:\/\/www.nettali.com\/rest\/wp\/v2\/posts\/139256\/revisions\/139258"}],"wp:featuredmedia":[{"embeddable":true,"href":"https:\/\/www.nettali.com\/rest\/wp\/v2\/media\/139235"}],"wp:attachment":[{"href":"https:\/\/www.nettali.com\/rest\/wp\/v2\/media?parent=139256"}],"wp:term":[{"taxonomy":"category","embeddable":true,"href":"https:\/\/www.nettali.com\/rest\/wp\/v2\/categories?post=139256"},{"taxonomy":"post_tag","embeddable":true,"href":"https:\/\/www.nettali.com\/rest\/wp\/v2\/tags?post=139256"}],"curies":[{"name":"wp","href":"https:\/\/api.w.org\/{rel}","templated":true}]}}