{"id":139250,"date":"2024-08-27T09:36:02","date_gmt":"2024-08-27T09:36:02","guid":{"rendered":"https:\/\/www.nettali.com\/?p=139250"},"modified":"2024-08-27T09:36:02","modified_gmt":"2024-08-27T09:36:02","slug":"pouvoir-et-forces-religieuses-et-sociales-des-intellectuels-tirent-la-sonnette-dalarme","status":"publish","type":"post","link":"https:\/\/www.nettali.com\/2024\/08\/27\/pouvoir-et-forces-religieuses-et-sociales-des-intellectuels-tirent-la-sonnette-dalarme\/","title":{"rendered":"POUVOIR ET FORCES RELIGIEUSES ET SOCIALES  - Des intellectuels tirent la sonnette d\u2019alarme"},"content":{"rendered":"<div class=\"page\" title=\"Page 5\">\n<div class=\"section\">\n<div class=\"layoutArea\">\n<div class=\"column\">\n<p><strong>NETTALI.COM - Face aux relations de plus en plus heurte\u0301es entre le pouvoir et certaines composantes de la socie\u0301te\u0301, dont la presse, des intellectuels prennent leur ba\u0302ton de pe\u0300lerin et appellent a\u0300 l\u2019apaisement.<\/strong><\/p>\n<\/div>\n<\/div>\n<div class=\"layoutArea\">\n<div class=\"column\">\n<p>\u201c<em>Le Se\u0301ne\u0301gal est une terre de liberte\u0301s, de tole\u0301rance, de dialogue, de concertation et de paix. Il doit le demeurer !<\/em>\u201d. C\u2019est en ces termes que deux clubs regroupant d\u2019e\u0301minents intellectuels se sont adresse\u0301s aux tenants du re\u0301gime actuel, tout en rappelant les pe\u0301ripe\u0301ties douloureuses qui ont mene\u0301 a\u0300 leur e\u0301lection en mars 2024.<\/p>\n<p>Dans un communique\u0301 conjoint, le Club convergences plurielles dirige\u0301e par l\u2019inge\u0301nieur en te\u0301le\u0301communication et ce\u0301le\u0300bre artiste Abdoulaye Diallo et le Club Se\u0301ne\u0301gal e\u0301mergent de l\u2019e\u0301conomiste Youssou Diallo invitent les nouvelles autorite\u0301s au dialogue et a\u0300 l\u2019apaisement.<\/p>\n<p>Relevant plusieurs errements dans les rapports entre le re\u0301gime et diffe\u0301rentes composantes de la nation, ils de\u0301clarent : \u201c... <em>Les responsables des deux clubs ont estime\u0301 qu\u2019il est urgent que tous les Se\u0301ne\u0301galais de bonne volonte\u0301, de quelques bords qu\u2019ils se situent, s\u2019accordent pour inviter les nouvelles autorite\u0301s du Se\u0301ne\u0301gal a\u0300 renouer avec nos bonnes et vieilles traditions d\u2019ouverture, de concertation, de dialogue avec tous les acteurs de la vie nationale, pour une prise en charge apaise\u0301e des diffe\u0301rends ine\u0301vitables dans une socie\u0301te\u0301 ouverte et de de\u0301mocratie <\/em><em>comme la no\u0302tre.<\/em>\u201d<\/p>\n<p>Regrettant les rapports de plus en plus heurte\u0301s entre le re\u0301gime et la presse d\u2019une part, avec les forces religieuses d\u2019autre part, les deux de\u0301le\u0301gations qui se sont rencontre\u0301es hier ont exprime\u0301 \u201c<em>leur grande pre\u0301occupation face a\u0300 un regain de tensions socio-politiques, avec une tendance forte constate\u0301e du co\u0302te\u0301 des nouvelles autorite\u0301s du pays a\u0300 entre- tenir des relations conflictuelles et heurte\u0301es avec certaines composantes essentielles de l\u2019espace poli- tique, religieux, social, des me\u0301dias et de la presse en particulier<\/em>\u201d.<\/p>\n<\/div>\n<div class=\"column\">\n<p>Abdoulaye Diallo et Youssou Diallo ont profite\u0301 de l\u2019occasion pour rappeler le ro\u0302le important joue\u0301 par les me\u0301dias dans la marche de la socie\u0301te\u0301. \u201c<em>Dans un secteur aussi strate\u0301gique que les me\u0301dias, des diffe\u0301rends d\u2019un tout autre ordre sont en train d\u2019e\u0301voluer en confrontations qui pourraient e\u0302tre de nature a\u0300 de\u0301re\u0301gler profonde\u0301ment l\u2019e\u0301cosyste\u0300me que notre de\u0301mocratie a mis des de\u0301cennies a\u0300 mettre en place<\/em>\u201d, ont- ils insiste\u0301.<\/p>\n<p>Avant d\u2019ajouter : \u201c<em>Faut-il le rappeler, la presse et les me\u0301dias, en tant que piliers essentiels d\u2019une socie\u0301te\u0301 de liberte\u0301s, ont joue\u0301 un ro\u0302le capital dans l\u2019e\u0301volution de la de\u0301mocratie au Se\u0301ne\u0301gal.<\/em>\u201d<\/p>\n<p>A\u0300 ceux qui essaient de jeter le discre\u0301dit sur l\u2019ensemble des forces sociales et religieuses, les intellectuels des deux clubs de re\u0301flexion rappellent que ces composantes ont de tout temps \u201c<em>rempli et continuent de remplir une mission essentielle d\u2019e\u0301ducation et d\u2019encadrement des citoyens et en me\u0302me temps de re\u0301gulation morale dans notre socie\u0301te\u0301 qui, si l\u2019on y prend garde, peuvent constituer de graves sources de tensions dont notre pays n\u2019a pas besoin<\/em>\u201d.<\/p>\n<p>Pour eux, \u201c<em>la presse doit e\u0302tre soutenue, prote\u0301ge\u0301e et renforce\u0301e et non combattue dans un E\u0301tat de\u0301mocratique<\/em>\u201d, car \u201cl<em>e droit a\u0300 l\u2019information, une information comple\u0300te et objective des citoyens, est un droit fondamental, consubstantiel a\u0300 la liberte\u0301 d\u2019opinion, fondement de toute de\u0301mocratie<\/em>\u201d.<\/p>\n<p>Selon les deux clubs, \u201c<em>le moment politique que traverse actuellement le Se\u0301ne\u0301gal doit appeler de la part de tous les citoyens une grande vigilance sur les lourdes menaces dormantes, mais non encore e\u0301teintes, de tous ordres qui assaillent toujours la nation se\u0301ne\u0301galaise dans son ensemble<\/em>\u201d.<\/p>\n<\/div>\n<\/div>\n<\/div>\n<\/div>\n<div class='share-to-whatsapp-wrapper'><div class='share-on-whsp'>PARTAGER SUR : <\/div><a data-text='POUVOIR ET FORCES RELIGIEUSES ET SOCIALES  - Des intellectuels tirent la sonnette d\u2019alarme' data-link='https:\/\/www.nettali.com\/2024\/08\/27\/pouvoir-et-forces-religieuses-et-sociales-des-intellectuels-tirent-la-sonnette-dalarme\/' class='whatsapp-button whatsapp-share'>WhatsApp<\/a><div class='clear '><\/div><\/div>","protected":false},"excerpt":{"rendered":"<p>NETTALI.COM - Face aux relations de plus en plus heurte\u0301es entre le pouvoir et certaines composantes de la socie\u0301te\u0301, dont la presse, des intellectuels prennent leur ba\u0302ton de pe\u0300lerin et appellent a\u0300 l\u2019apaisement. \u201cLe Se\u0301ne\u0301gal est une terre de liberte\u0301s, de tole\u0301rance, de dialogue, de concertation et de paix. Il doit le demeurer !\u201d. C\u2019est [&hellip;]<\/p>\n","protected":false},"author":2,"featured_media":139251,"comment_status":"open","ping_status":"open","sticky":false,"template":"","format":"standard","meta":{"_et_pb_use_builder":"","_et_pb_old_content":""},"categories":[3],"tags":[],"yoast_head":"<!-- This site is optimized with the Yoast SEO Premium plugin v17.8 (Yoast SEO v17.8) - https:\/\/yoast.com\/wordpress\/plugins\/seo\/ -->\n<title>POUVOIR ET FORCES RELIGIEUSES ET SOCIALES - Des intellectuels tirent la sonnette d\u2019alarme | Nettali.com<\/title>\n<meta name=\"robots\" content=\"index, follow, max-snippet:-1, max-image-preview:large, max-video-preview:-1\" \/>\n<link rel=\"canonical\" href=\"https:\/\/www.nettali.com\/2024\/08\/27\/pouvoir-et-forces-religieuses-et-sociales-des-intellectuels-tirent-la-sonnette-dalarme\/\" \/>\n<meta property=\"og:locale\" content=\"fr_FR\" \/>\n<meta property=\"og:type\" content=\"article\" \/>\n<meta property=\"og:title\" content=\"POUVOIR ET FORCES RELIGIEUSES ET SOCIALES - Des intellectuels tirent la sonnette d\u2019alarme\" \/>\n<meta property=\"og:description\" content=\"NETTALI.COM - Face aux relations de plus en plus heurte\u0301es entre le pouvoir et certaines composantes de la socie\u0301te\u0301, dont la presse, des intellectuels prennent leur ba\u0302ton de pe\u0300lerin et appellent a\u0300 l\u2019apaisement. \u201cLe Se\u0301ne\u0301gal est une terre de liberte\u0301s, de tole\u0301rance, de dialogue, de concertation et de paix. Il doit le demeurer !\u201d. C\u2019est [&hellip;]\" \/>\n<meta property=\"og:url\" content=\"https:\/\/www.nettali.com\/2024\/08\/27\/pouvoir-et-forces-religieuses-et-sociales-des-intellectuels-tirent-la-sonnette-dalarme\/\" \/>\n<meta property=\"og:site_name\" content=\"Nettali.com\" \/>\n<meta property=\"article:publisher\" content=\"https:\/\/www.facebook.com\/nettalicom\" \/>\n<meta property=\"article:published_time\" content=\"2024-08-27T09:36:02+00:00\" \/>\n<meta property=\"og:image\" content=\"https:\/\/www.nettali.com\/wp-content\/uploads\/2024\/08\/te\u0301le\u0301chargement-3.jpeg\" \/>\n\t<meta property=\"og:image:width\" content=\"840\" \/>\n\t<meta property=\"og:image:height\" content=\"438\" \/>\n<meta name=\"twitter:card\" content=\"summary_large_image\" \/>\n<meta name=\"twitter:label1\" content=\"\u00c9crit par\" \/>\n\t<meta name=\"twitter:data1\" content=\"CK\" \/>\n\t<meta name=\"twitter:label2\" content=\"Dur\u00e9e de lecture estim\u00e9e\" \/>\n\t<meta name=\"twitter:data2\" content=\"3 minutes\" \/>\n<script type=\"application\/ld+json\" class=\"yoast-schema-graph\">{\"@context\":\"https:\/\/schema.org\",\"@graph\":[{\"@type\":\"WebSite\",\"@id\":\"https:\/\/www.nettali.com\/#website\",\"url\":\"https:\/\/www.nettali.com\/\",\"name\":\"Nettali.com\",\"description\":\"Le rendez-vous critique du Net\",\"potentialAction\":[{\"@type\":\"SearchAction\",\"target\":{\"@type\":\"EntryPoint\",\"urlTemplate\":\"https:\/\/www.nettali.com\/?s={search_term_string}\"},\"query-input\":\"required name=search_term_string\"}],\"inLanguage\":\"fr-FR\"},{\"@type\":\"ImageObject\",\"@id\":\"https:\/\/www.nettali.com\/2024\/08\/27\/pouvoir-et-forces-religieuses-et-sociales-des-intellectuels-tirent-la-sonnette-dalarme\/#primaryimage\",\"inLanguage\":\"fr-FR\",\"url\":\"https:\/\/www.nettali.com\/wp-content\/uploads\/2024\/08\/te\\u0301le\\u0301chargement-3.jpeg\",\"contentUrl\":\"https:\/\/www.nettali.com\/wp-content\/uploads\/2024\/08\/te\\u0301le\\u0301chargement-3.jpeg\",\"width\":840,\"height\":438},{\"@type\":\"WebPage\",\"@id\":\"https:\/\/www.nettali.com\/2024\/08\/27\/pouvoir-et-forces-religieuses-et-sociales-des-intellectuels-tirent-la-sonnette-dalarme\/#webpage\",\"url\":\"https:\/\/www.nettali.com\/2024\/08\/27\/pouvoir-et-forces-religieuses-et-sociales-des-intellectuels-tirent-la-sonnette-dalarme\/\",\"name\":\"POUVOIR ET FORCES RELIGIEUSES ET SOCIALES - Des intellectuels tirent la sonnette d\\u2019alarme | Nettali.com\",\"isPartOf\":{\"@id\":\"https:\/\/www.nettali.com\/#website\"},\"primaryImageOfPage\":{\"@id\":\"https:\/\/www.nettali.com\/2024\/08\/27\/pouvoir-et-forces-religieuses-et-sociales-des-intellectuels-tirent-la-sonnette-dalarme\/#primaryimage\"},\"datePublished\":\"2024-08-27T09:36:02+00:00\",\"dateModified\":\"2024-08-27T09:36:02+00:00\",\"author\":{\"@id\":\"https:\/\/www.nettali.com\/#\/schema\/person\/d8ac7b7e27ddad43f1c0d2ef090d7f71\"},\"breadcrumb\":{\"@id\":\"https:\/\/www.nettali.com\/2024\/08\/27\/pouvoir-et-forces-religieuses-et-sociales-des-intellectuels-tirent-la-sonnette-dalarme\/#breadcrumb\"},\"inLanguage\":\"fr-FR\",\"potentialAction\":[{\"@type\":\"ReadAction\",\"target\":[\"https:\/\/www.nettali.com\/2024\/08\/27\/pouvoir-et-forces-religieuses-et-sociales-des-intellectuels-tirent-la-sonnette-dalarme\/\"]}]},{\"@type\":\"BreadcrumbList\",\"@id\":\"https:\/\/www.nettali.com\/2024\/08\/27\/pouvoir-et-forces-religieuses-et-sociales-des-intellectuels-tirent-la-sonnette-dalarme\/#breadcrumb\",\"itemListElement\":[{\"@type\":\"ListItem\",\"position\":1,\"name\":\"Accueil\",\"item\":\"https:\/\/www.nettali.com\/\"},{\"@type\":\"ListItem\",\"position\":2,\"name\":\"POUVOIR ET FORCES RELIGIEUSES ET SOCIALES - Des intellectuels tirent la sonnette d\\u2019alarme\"}]},{\"@type\":\"Person\",\"@id\":\"https:\/\/www.nettali.com\/#\/schema\/person\/d8ac7b7e27ddad43f1c0d2ef090d7f71\",\"name\":\"CK\",\"image\":{\"@type\":\"ImageObject\",\"@id\":\"https:\/\/www.nettali.com\/#personlogo\",\"inLanguage\":\"fr-FR\",\"url\":\"https:\/\/secure.gravatar.com\/avatar\/1d8d5118b9327d94da7cd4ce7f17fec2?s=96&d=mm&r=g\",\"contentUrl\":\"https:\/\/secure.gravatar.com\/avatar\/1d8d5118b9327d94da7cd4ce7f17fec2?s=96&d=mm&r=g\",\"caption\":\"CK\"},\"sameAs\":[\"https:\/\/www.nettali.com\"]}]}<\/script>\n<!-- \/ Yoast SEO Premium plugin. -->","yoast_head_json":{"title":"POUVOIR ET FORCES RELIGIEUSES ET SOCIALES - Des intellectuels tirent la sonnette d\u2019alarme | Nettali.com","robots":{"index":"index","follow":"follow","max-snippet":"max-snippet:-1","max-image-preview":"max-image-preview:large","max-video-preview":"max-video-preview:-1"},"canonical":"https:\/\/www.nettali.com\/2024\/08\/27\/pouvoir-et-forces-religieuses-et-sociales-des-intellectuels-tirent-la-sonnette-dalarme\/","og_locale":"fr_FR","og_type":"article","og_title":"POUVOIR ET FORCES RELIGIEUSES ET SOCIALES - Des intellectuels tirent la sonnette d\u2019alarme","og_description":"NETTALI.COM - Face aux relations de plus en plus heurte\u0301es entre le pouvoir et certaines composantes de la socie\u0301te\u0301, dont la presse, des intellectuels prennent leur ba\u0302ton de pe\u0300lerin et appellent a\u0300 l\u2019apaisement. \u201cLe Se\u0301ne\u0301gal est une terre de liberte\u0301s, de tole\u0301rance, de dialogue, de concertation et de paix. Il doit le demeurer !\u201d. C\u2019est [&hellip;]","og_url":"https:\/\/www.nettali.com\/2024\/08\/27\/pouvoir-et-forces-religieuses-et-sociales-des-intellectuels-tirent-la-sonnette-dalarme\/","og_site_name":"Nettali.com","article_publisher":"https:\/\/www.facebook.com\/nettalicom","article_published_time":"2024-08-27T09:36:02+00:00","og_image":[{"width":840,"height":438,"url":"https:\/\/www.nettali.com\/wp-content\/uploads\/2024\/08\/te\u0301le\u0301chargement-3.jpeg","type":"image\/jpeg"}],"twitter_card":"summary_large_image","twitter_misc":{"\u00c9crit par":"CK","Dur\u00e9e de lecture estim\u00e9e":"3 minutes"},"schema":{"@context":"https:\/\/schema.org","@graph":[{"@type":"WebSite","@id":"https:\/\/www.nettali.com\/#website","url":"https:\/\/www.nettali.com\/","name":"Nettali.com","description":"Le rendez-vous critique du Net","potentialAction":[{"@type":"SearchAction","target":{"@type":"EntryPoint","urlTemplate":"https:\/\/www.nettali.com\/?s={search_term_string}"},"query-input":"required name=search_term_string"}],"inLanguage":"fr-FR"},{"@type":"ImageObject","@id":"https:\/\/www.nettali.com\/2024\/08\/27\/pouvoir-et-forces-religieuses-et-sociales-des-intellectuels-tirent-la-sonnette-dalarme\/#primaryimage","inLanguage":"fr-FR","url":"https:\/\/www.nettali.com\/wp-content\/uploads\/2024\/08\/te\u0301le\u0301chargement-3.jpeg","contentUrl":"https:\/\/www.nettali.com\/wp-content\/uploads\/2024\/08\/te\u0301le\u0301chargement-3.jpeg","width":840,"height":438},{"@type":"WebPage","@id":"https:\/\/www.nettali.com\/2024\/08\/27\/pouvoir-et-forces-religieuses-et-sociales-des-intellectuels-tirent-la-sonnette-dalarme\/#webpage","url":"https:\/\/www.nettali.com\/2024\/08\/27\/pouvoir-et-forces-religieuses-et-sociales-des-intellectuels-tirent-la-sonnette-dalarme\/","name":"POUVOIR ET FORCES RELIGIEUSES ET SOCIALES - Des intellectuels tirent la sonnette d\u2019alarme | Nettali.com","isPartOf":{"@id":"https:\/\/www.nettali.com\/#website"},"primaryImageOfPage":{"@id":"https:\/\/www.nettali.com\/2024\/08\/27\/pouvoir-et-forces-religieuses-et-sociales-des-intellectuels-tirent-la-sonnette-dalarme\/#primaryimage"},"datePublished":"2024-08-27T09:36:02+00:00","dateModified":"2024-08-27T09:36:02+00:00","author":{"@id":"https:\/\/www.nettali.com\/#\/schema\/person\/d8ac7b7e27ddad43f1c0d2ef090d7f71"},"breadcrumb":{"@id":"https:\/\/www.nettali.com\/2024\/08\/27\/pouvoir-et-forces-religieuses-et-sociales-des-intellectuels-tirent-la-sonnette-dalarme\/#breadcrumb"},"inLanguage":"fr-FR","potentialAction":[{"@type":"ReadAction","target":["https:\/\/www.nettali.com\/2024\/08\/27\/pouvoir-et-forces-religieuses-et-sociales-des-intellectuels-tirent-la-sonnette-dalarme\/"]}]},{"@type":"BreadcrumbList","@id":"https:\/\/www.nettali.com\/2024\/08\/27\/pouvoir-et-forces-religieuses-et-sociales-des-intellectuels-tirent-la-sonnette-dalarme\/#breadcrumb","itemListElement":[{"@type":"ListItem","position":1,"name":"Accueil","item":"https:\/\/www.nettali.com\/"},{"@type":"ListItem","position":2,"name":"POUVOIR ET FORCES RELIGIEUSES ET SOCIALES - Des intellectuels tirent la sonnette d\u2019alarme"}]},{"@type":"Person","@id":"https:\/\/www.nettali.com\/#\/schema\/person\/d8ac7b7e27ddad43f1c0d2ef090d7f71","name":"CK","image":{"@type":"ImageObject","@id":"https:\/\/www.nettali.com\/#personlogo","inLanguage":"fr-FR","url":"https:\/\/secure.gravatar.com\/avatar\/1d8d5118b9327d94da7cd4ce7f17fec2?s=96&d=mm&r=g","contentUrl":"https:\/\/secure.gravatar.com\/avatar\/1d8d5118b9327d94da7cd4ce7f17fec2?s=96&d=mm&r=g","caption":"CK"},"sameAs":["https:\/\/www.nettali.com"]}]}},"_links":{"self":[{"href":"https:\/\/www.nettali.com\/rest\/wp\/v2\/posts\/139250"}],"collection":[{"href":"https:\/\/www.nettali.com\/rest\/wp\/v2\/posts"}],"about":[{"href":"https:\/\/www.nettali.com\/rest\/wp\/v2\/types\/post"}],"author":[{"embeddable":true,"href":"https:\/\/www.nettali.com\/rest\/wp\/v2\/users\/2"}],"replies":[{"embeddable":true,"href":"https:\/\/www.nettali.com\/rest\/wp\/v2\/comments?post=139250"}],"version-history":[{"count":1,"href":"https:\/\/www.nettali.com\/rest\/wp\/v2\/posts\/139250\/revisions"}],"predecessor-version":[{"id":139252,"href":"https:\/\/www.nettali.com\/rest\/wp\/v2\/posts\/139250\/revisions\/139252"}],"wp:featuredmedia":[{"embeddable":true,"href":"https:\/\/www.nettali.com\/rest\/wp\/v2\/media\/139251"}],"wp:attachment":[{"href":"https:\/\/www.nettali.com\/rest\/wp\/v2\/media?parent=139250"}],"wp:term":[{"taxonomy":"category","embeddable":true,"href":"https:\/\/www.nettali.com\/rest\/wp\/v2\/categories?post=139250"},{"taxonomy":"post_tag","embeddable":true,"href":"https:\/\/www.nettali.com\/rest\/wp\/v2\/tags?post=139250"}],"curies":[{"name":"wp","href":"https:\/\/api.w.org\/{rel}","templated":true}]}}