{"id":139197,"date":"2024-08-26T12:00:07","date_gmt":"2024-08-26T12:00:07","guid":{"rendered":"https:\/\/www.nettali.com\/?p=139197"},"modified":"2024-08-26T12:33:52","modified_gmt":"2024-08-26T12:33:52","slug":"defaut-de-permis-et-dassurance-sidy-diop-fait-son-mea-culpa-a-la-barre","status":"publish","type":"post","link":"https:\/\/www.nettali.com\/2024\/08\/26\/defaut-de-permis-et-dassurance-sidy-diop-fait-son-mea-culpa-a-la-barre\/","title":{"rendered":"D\u00c9FAUT DE PERMIS ET D'ASSURANCE - Sidy Diop fait son mea culpa \u00e0 la barre"},"content":{"rendered":"<p><strong>NETTALI.COM- En prison depuis le mardi 20 ao\u00fbt 2024, le chanteur Sidy Diop a comparu ce lundi 26 ao\u00fbt 2024 \u00e0 la barre des flagrants d\u00e9lits de Dakar pour d\u00e9faut de permis de conduire, d\u00e9faut d'assurance et de faux.<\/strong><\/p>\n<p>Face aux juges des flagrants d\u00e9lits de Dakar, Sidy Diop a reconnu avoir conduit un v\u00e9hicule sans permis de conduire. Le chanteur dit avoir achet\u00e9 la voiture le 16 ao\u00fbt dernier avant d'\u00eatre arr\u00eat\u00e9 quatre jours plus tard. \u00a0\" <em>Apr\u00e8s avoir tourn\u00e9 un clip dans l'apr\u00e8s-midi, a 2h du matin je suis all\u00e9 \u00e0 la Brioche Dor\u00e9e. Chaque fois, c'est mon chauffeur qui conduisait, mais cette nuit-la, je suis sorti \u00e0 cause de la faim \u00bb, <\/em>s'est d\u00e9fendu l'artiste avant d'exprimer ses regrets.<\/p>\n<p>Concernant le d\u00e9faut d'assurance, Sidy Diop a d\u00e9clar\u00e9 qu'il ignorait que le document \u00e9tait un faux . \" <em>C'est le vendeur qui l'a apport\u00e9e \u00e0 la gendarmerie et elle \u00e9tait valable jusqu'en 2025<\/em>\", a soutenu Sidy Ndiaye.<\/p>\n<p>Cependant, le juge lui a fait savoir que la Cnart a indiqu\u00e9 que l'assurance n'a pas \u00e9t\u00e9 confectionn\u00e9e par ses services. Le pr\u00e9venu s'est \u00e0 nouveau excus\u00e9 en soutenant qu'il ignorait la fausset\u00e9 du document.<\/p>\n<p>La repr\u00e9sentante du parquet a sermonn\u00e9 le chanteur en lui rappelant qu'il doit donner le bon exemple en tant que porteur de voix. Elle a requis la relaxe au b\u00e9n\u00e9fice du doute pour le d\u00e9lit de faux. En revanche, elle a demand\u00e9 au tribunal de d\u00e9clarer le pr\u00e9venu coupable des d\u00e9lits de d\u00e9faut de permis et d'assurance. Pour la peine elle s'en est rapport\u00e9e.<\/p>\n<p>Les avocats de La D\u00e9fense ont sollicit\u00e9 la magnanimit\u00e9 du tribunal.<\/p>\n<p>L'affaire sera vid\u00e9e en cours d'audience<\/p>\n<div class='share-to-whatsapp-wrapper'><div class='share-on-whsp'>PARTAGER SUR : <\/div><a data-text='D\u00c9FAUT DE PERMIS ET D'ASSURANCE - Sidy Diop fait son mea culpa \u00e0 la barre' data-link='https:\/\/www.nettali.com\/2024\/08\/26\/defaut-de-permis-et-dassurance-sidy-diop-fait-son-mea-culpa-a-la-barre\/' class='whatsapp-button whatsapp-share'>WhatsApp<\/a><div class='clear '><\/div><\/div>","protected":false},"excerpt":{"rendered":"<p>NETTALI.COM- En prison depuis le mardi 20 ao\u00fbt 2024, le chanteur Sidy Diop a comparu ce lundi 26 ao\u00fbt 2024 \u00e0 la barre des flagrants d\u00e9lits de Dakar pour d\u00e9faut de permis de conduire, d\u00e9faut d'assurance et de faux. Face aux juges des flagrants d\u00e9lits de Dakar, Sidy Diop a reconnu avoir conduit un v\u00e9hicule [&hellip;]<\/p>\n","protected":false},"author":6,"featured_media":138964,"comment_status":"open","ping_status":"open","sticky":false,"template":"","format":"standard","meta":{"_et_pb_use_builder":"","_et_pb_old_content":""},"categories":[3],"tags":[],"yoast_head":"<!-- This site is optimized with the Yoast SEO Premium plugin v17.8 (Yoast SEO v17.8) - https:\/\/yoast.com\/wordpress\/plugins\/seo\/ -->\n<title>D\u00c9FAUT DE PERMIS ET D&#039;ASSURANCE - Sidy Diop fait son mea culpa \u00e0 la barre | Nettali.com<\/title>\n<meta name=\"robots\" content=\"index, follow, max-snippet:-1, max-image-preview:large, max-video-preview:-1\" \/>\n<link rel=\"canonical\" href=\"https:\/\/www.nettali.com\/2024\/08\/26\/defaut-de-permis-et-dassurance-sidy-diop-fait-son-mea-culpa-a-la-barre\/\" \/>\n<meta property=\"og:locale\" content=\"fr_FR\" \/>\n<meta property=\"og:type\" content=\"article\" \/>\n<meta property=\"og:title\" content=\"D\u00c9FAUT DE PERMIS ET D&#039;ASSURANCE - Sidy Diop fait son mea culpa \u00e0 la barre\" \/>\n<meta property=\"og:description\" content=\"NETTALI.COM- En prison depuis le mardi 20 ao\u00fbt 2024, le chanteur Sidy Diop a comparu ce lundi 26 ao\u00fbt 2024 \u00e0 la barre des flagrants d\u00e9lits de Dakar pour d\u00e9faut de permis de conduire, d\u00e9faut d&#039;assurance et de faux. Face aux juges des flagrants d\u00e9lits de Dakar, Sidy Diop a reconnu avoir conduit un v\u00e9hicule [&hellip;]\" \/>\n<meta property=\"og:url\" content=\"https:\/\/www.nettali.com\/2024\/08\/26\/defaut-de-permis-et-dassurance-sidy-diop-fait-son-mea-culpa-a-la-barre\/\" \/>\n<meta property=\"og:site_name\" content=\"Nettali.com\" \/>\n<meta property=\"article:publisher\" content=\"https:\/\/www.facebook.com\/nettalicom\" \/>\n<meta property=\"article:published_time\" content=\"2024-08-26T12:00:07+00:00\" \/>\n<meta property=\"article:modified_time\" content=\"2024-08-26T12:33:52+00:00\" \/>\n<meta property=\"og:image\" content=\"https:\/\/www.nettali.com\/wp-content\/uploads\/2024\/08\/sidy-diop-780x440-1.jpeg\" \/>\n\t<meta property=\"og:image:width\" content=\"780\" \/>\n\t<meta property=\"og:image:height\" content=\"440\" \/>\n<meta name=\"twitter:card\" content=\"summary_large_image\" \/>\n<meta name=\"twitter:label1\" content=\"\u00c9crit par\" \/>\n\t<meta name=\"twitter:data1\" content=\"Fatou\" \/>\n\t<meta name=\"twitter:label2\" content=\"Dur\u00e9e de lecture estim\u00e9e\" \/>\n\t<meta name=\"twitter:data2\" content=\"2 minutes\" \/>\n<script type=\"application\/ld+json\" class=\"yoast-schema-graph\">{\"@context\":\"https:\/\/schema.org\",\"@graph\":[{\"@type\":\"WebSite\",\"@id\":\"https:\/\/www.nettali.com\/#website\",\"url\":\"https:\/\/www.nettali.com\/\",\"name\":\"Nettali.com\",\"description\":\"Le rendez-vous critique du Net\",\"potentialAction\":[{\"@type\":\"SearchAction\",\"target\":{\"@type\":\"EntryPoint\",\"urlTemplate\":\"https:\/\/www.nettali.com\/?s={search_term_string}\"},\"query-input\":\"required name=search_term_string\"}],\"inLanguage\":\"fr-FR\"},{\"@type\":\"ImageObject\",\"@id\":\"https:\/\/www.nettali.com\/2024\/08\/26\/defaut-de-permis-et-dassurance-sidy-diop-fait-son-mea-culpa-a-la-barre\/#primaryimage\",\"inLanguage\":\"fr-FR\",\"url\":\"https:\/\/www.nettali.com\/wp-content\/uploads\/2024\/08\/sidy-diop-780x440-1.jpeg\",\"contentUrl\":\"https:\/\/www.nettali.com\/wp-content\/uploads\/2024\/08\/sidy-diop-780x440-1.jpeg\",\"width\":780,\"height\":440},{\"@type\":\"WebPage\",\"@id\":\"https:\/\/www.nettali.com\/2024\/08\/26\/defaut-de-permis-et-dassurance-sidy-diop-fait-son-mea-culpa-a-la-barre\/#webpage\",\"url\":\"https:\/\/www.nettali.com\/2024\/08\/26\/defaut-de-permis-et-dassurance-sidy-diop-fait-son-mea-culpa-a-la-barre\/\",\"name\":\"D\\u00c9FAUT DE PERMIS ET D'ASSURANCE - Sidy Diop fait son mea culpa \\u00e0 la barre | Nettali.com\",\"isPartOf\":{\"@id\":\"https:\/\/www.nettali.com\/#website\"},\"primaryImageOfPage\":{\"@id\":\"https:\/\/www.nettali.com\/2024\/08\/26\/defaut-de-permis-et-dassurance-sidy-diop-fait-son-mea-culpa-a-la-barre\/#primaryimage\"},\"datePublished\":\"2024-08-26T12:00:07+00:00\",\"dateModified\":\"2024-08-26T12:33:52+00:00\",\"author\":{\"@id\":\"https:\/\/www.nettali.com\/#\/schema\/person\/418274a86bdf87caff7a3ef476bd0bbf\"},\"breadcrumb\":{\"@id\":\"https:\/\/www.nettali.com\/2024\/08\/26\/defaut-de-permis-et-dassurance-sidy-diop-fait-son-mea-culpa-a-la-barre\/#breadcrumb\"},\"inLanguage\":\"fr-FR\",\"potentialAction\":[{\"@type\":\"ReadAction\",\"target\":[\"https:\/\/www.nettali.com\/2024\/08\/26\/defaut-de-permis-et-dassurance-sidy-diop-fait-son-mea-culpa-a-la-barre\/\"]}]},{\"@type\":\"BreadcrumbList\",\"@id\":\"https:\/\/www.nettali.com\/2024\/08\/26\/defaut-de-permis-et-dassurance-sidy-diop-fait-son-mea-culpa-a-la-barre\/#breadcrumb\",\"itemListElement\":[{\"@type\":\"ListItem\",\"position\":1,\"name\":\"Accueil\",\"item\":\"https:\/\/www.nettali.com\/\"},{\"@type\":\"ListItem\",\"position\":2,\"name\":\"D\\u00c9FAUT DE PERMIS ET D'ASSURANCE - Sidy Diop fait son mea culpa \\u00e0 la barre\"}]},{\"@type\":\"Person\",\"@id\":\"https:\/\/www.nettali.com\/#\/schema\/person\/418274a86bdf87caff7a3ef476bd0bbf\",\"name\":\"Fatou\",\"image\":{\"@type\":\"ImageObject\",\"@id\":\"https:\/\/www.nettali.com\/#personlogo\",\"inLanguage\":\"fr-FR\",\"url\":\"https:\/\/secure.gravatar.com\/avatar\/5a9442a2bee7b4dcf167cab035858e9a?s=96&d=mm&r=g\",\"contentUrl\":\"https:\/\/secure.gravatar.com\/avatar\/5a9442a2bee7b4dcf167cab035858e9a?s=96&d=mm&r=g\",\"caption\":\"Fatou\"},\"sameAs\":[\"https:\/\/www.nettali.com\"]}]}<\/script>\n<!-- \/ Yoast SEO Premium plugin. -->","yoast_head_json":{"title":"D\u00c9FAUT DE PERMIS ET D'ASSURANCE - Sidy Diop fait son mea culpa \u00e0 la barre | Nettali.com","robots":{"index":"index","follow":"follow","max-snippet":"max-snippet:-1","max-image-preview":"max-image-preview:large","max-video-preview":"max-video-preview:-1"},"canonical":"https:\/\/www.nettali.com\/2024\/08\/26\/defaut-de-permis-et-dassurance-sidy-diop-fait-son-mea-culpa-a-la-barre\/","og_locale":"fr_FR","og_type":"article","og_title":"D\u00c9FAUT DE PERMIS ET D'ASSURANCE - Sidy Diop fait son mea culpa \u00e0 la barre","og_description":"NETTALI.COM- En prison depuis le mardi 20 ao\u00fbt 2024, le chanteur Sidy Diop a comparu ce lundi 26 ao\u00fbt 2024 \u00e0 la barre des flagrants d\u00e9lits de Dakar pour d\u00e9faut de permis de conduire, d\u00e9faut d'assurance et de faux. Face aux juges des flagrants d\u00e9lits de Dakar, Sidy Diop a reconnu avoir conduit un v\u00e9hicule [&hellip;]","og_url":"https:\/\/www.nettali.com\/2024\/08\/26\/defaut-de-permis-et-dassurance-sidy-diop-fait-son-mea-culpa-a-la-barre\/","og_site_name":"Nettali.com","article_publisher":"https:\/\/www.facebook.com\/nettalicom","article_published_time":"2024-08-26T12:00:07+00:00","article_modified_time":"2024-08-26T12:33:52+00:00","og_image":[{"width":780,"height":440,"url":"https:\/\/www.nettali.com\/wp-content\/uploads\/2024\/08\/sidy-diop-780x440-1.jpeg","type":"image\/jpeg"}],"twitter_card":"summary_large_image","twitter_misc":{"\u00c9crit par":"Fatou","Dur\u00e9e de lecture estim\u00e9e":"2 minutes"},"schema":{"@context":"https:\/\/schema.org","@graph":[{"@type":"WebSite","@id":"https:\/\/www.nettali.com\/#website","url":"https:\/\/www.nettali.com\/","name":"Nettali.com","description":"Le rendez-vous critique du Net","potentialAction":[{"@type":"SearchAction","target":{"@type":"EntryPoint","urlTemplate":"https:\/\/www.nettali.com\/?s={search_term_string}"},"query-input":"required name=search_term_string"}],"inLanguage":"fr-FR"},{"@type":"ImageObject","@id":"https:\/\/www.nettali.com\/2024\/08\/26\/defaut-de-permis-et-dassurance-sidy-diop-fait-son-mea-culpa-a-la-barre\/#primaryimage","inLanguage":"fr-FR","url":"https:\/\/www.nettali.com\/wp-content\/uploads\/2024\/08\/sidy-diop-780x440-1.jpeg","contentUrl":"https:\/\/www.nettali.com\/wp-content\/uploads\/2024\/08\/sidy-diop-780x440-1.jpeg","width":780,"height":440},{"@type":"WebPage","@id":"https:\/\/www.nettali.com\/2024\/08\/26\/defaut-de-permis-et-dassurance-sidy-diop-fait-son-mea-culpa-a-la-barre\/#webpage","url":"https:\/\/www.nettali.com\/2024\/08\/26\/defaut-de-permis-et-dassurance-sidy-diop-fait-son-mea-culpa-a-la-barre\/","name":"D\u00c9FAUT DE PERMIS ET D'ASSURANCE - Sidy Diop fait son mea culpa \u00e0 la barre | Nettali.com","isPartOf":{"@id":"https:\/\/www.nettali.com\/#website"},"primaryImageOfPage":{"@id":"https:\/\/www.nettali.com\/2024\/08\/26\/defaut-de-permis-et-dassurance-sidy-diop-fait-son-mea-culpa-a-la-barre\/#primaryimage"},"datePublished":"2024-08-26T12:00:07+00:00","dateModified":"2024-08-26T12:33:52+00:00","author":{"@id":"https:\/\/www.nettali.com\/#\/schema\/person\/418274a86bdf87caff7a3ef476bd0bbf"},"breadcrumb":{"@id":"https:\/\/www.nettali.com\/2024\/08\/26\/defaut-de-permis-et-dassurance-sidy-diop-fait-son-mea-culpa-a-la-barre\/#breadcrumb"},"inLanguage":"fr-FR","potentialAction":[{"@type":"ReadAction","target":["https:\/\/www.nettali.com\/2024\/08\/26\/defaut-de-permis-et-dassurance-sidy-diop-fait-son-mea-culpa-a-la-barre\/"]}]},{"@type":"BreadcrumbList","@id":"https:\/\/www.nettali.com\/2024\/08\/26\/defaut-de-permis-et-dassurance-sidy-diop-fait-son-mea-culpa-a-la-barre\/#breadcrumb","itemListElement":[{"@type":"ListItem","position":1,"name":"Accueil","item":"https:\/\/www.nettali.com\/"},{"@type":"ListItem","position":2,"name":"D\u00c9FAUT DE PERMIS ET D'ASSURANCE - Sidy Diop fait son mea culpa \u00e0 la barre"}]},{"@type":"Person","@id":"https:\/\/www.nettali.com\/#\/schema\/person\/418274a86bdf87caff7a3ef476bd0bbf","name":"Fatou","image":{"@type":"ImageObject","@id":"https:\/\/www.nettali.com\/#personlogo","inLanguage":"fr-FR","url":"https:\/\/secure.gravatar.com\/avatar\/5a9442a2bee7b4dcf167cab035858e9a?s=96&d=mm&r=g","contentUrl":"https:\/\/secure.gravatar.com\/avatar\/5a9442a2bee7b4dcf167cab035858e9a?s=96&d=mm&r=g","caption":"Fatou"},"sameAs":["https:\/\/www.nettali.com"]}]}},"_links":{"self":[{"href":"https:\/\/www.nettali.com\/rest\/wp\/v2\/posts\/139197"}],"collection":[{"href":"https:\/\/www.nettali.com\/rest\/wp\/v2\/posts"}],"about":[{"href":"https:\/\/www.nettali.com\/rest\/wp\/v2\/types\/post"}],"author":[{"embeddable":true,"href":"https:\/\/www.nettali.com\/rest\/wp\/v2\/users\/6"}],"replies":[{"embeddable":true,"href":"https:\/\/www.nettali.com\/rest\/wp\/v2\/comments?post=139197"}],"version-history":[{"count":5,"href":"https:\/\/www.nettali.com\/rest\/wp\/v2\/posts\/139197\/revisions"}],"predecessor-version":[{"id":139205,"href":"https:\/\/www.nettali.com\/rest\/wp\/v2\/posts\/139197\/revisions\/139205"}],"wp:featuredmedia":[{"embeddable":true,"href":"https:\/\/www.nettali.com\/rest\/wp\/v2\/media\/138964"}],"wp:attachment":[{"href":"https:\/\/www.nettali.com\/rest\/wp\/v2\/media?parent=139197"}],"wp:term":[{"taxonomy":"category","embeddable":true,"href":"https:\/\/www.nettali.com\/rest\/wp\/v2\/categories?post=139197"},{"taxonomy":"post_tag","embeddable":true,"href":"https:\/\/www.nettali.com\/rest\/wp\/v2\/tags?post=139197"}],"curies":[{"name":"wp","href":"https:\/\/api.w.org\/{rel}","templated":true}]}}