{"id":139193,"date":"2024-08-26T11:56:22","date_gmt":"2024-08-26T11:56:22","guid":{"rendered":"https:\/\/www.nettali.com\/?p=139193"},"modified":"2024-08-26T11:56:22","modified_gmt":"2024-08-26T11:56:22","slug":"licenciement-de-journalistes-a-senego-la-cjrs-denonce-un-abus","status":"publish","type":"post","link":"https:\/\/www.nettali.com\/2024\/08\/26\/licenciement-de-journalistes-a-senego-la-cjrs-denonce-un-abus\/","title":{"rendered":"LICENCIEMENT DE JOURNALISTES A SENEGO - la CJRS d\u00e9nonce un abus"},"content":{"rendered":"<p><strong>NETTALI.COM- Dans un communiqu\u00e9, le Bureau ex\u00e9cutif national de la Convention des jeunes reporters du S\u00e9n\u00e9gal (CRJS) a d\u00e9nonc\u00e9 l\u2019injustice subie par deux journalistes de Senego qui ont \u00e9t\u00e9 licenci\u00e9s. Face \u00e0 cette situation, l'association compte saisir un avocat pour combattre ce qu'il qualifie d'abus.<\/strong><\/p>\n<p>La Convention des jeunes reporters du S\u00e9n\u00e9gal (CJRS) qui se dit surprise et \u00e9tonn\u00e9e d'apprendre le licenciement des journalistes Thierno Malick Ndiaye et Ankou Mawuegnegan Sodjago par l'entreprise SENEGO M\u00e9dia, d\u00e9nonce avec la derni\u00e8re \u00e9nergie, cette injustice. A en croire Migui Marame Ndiaye et ses confr\u00e8res, cette affaire ne fait que renforcer la conviction de beaucoup de reporters estimant que certains patrons ne sont mus que par leurs int\u00e9r\u00eats \u00e9go\u00efstes. \u00ab <em>Thierno et Ankou sont de brillants et engag\u00e9s confr\u00e8res, qui se sont toujours \u00e9vertu\u00e9s \u00e0 faire leur travail consciencieusement et se sont montr\u00e9s intraitables partout o\u00f9 la libert\u00e9 de la presse et la dignit\u00e9 du journaliste \u00e9taient mises \u00e0 l'\u00e9preuve. Leur licenciement n'est que la r\u00e9sultante de leur engagement \u00e0 d\u00e9fendre, contre vents et mar\u00e9es, leurs droits et la dignit\u00e9 des travailleurs de leur entreprise en tant que d\u00e9l\u00e9gu\u00e9 et Secr\u00e9taire G\u00e9n\u00e9ral du syndicat<\/em>\u00bb, note le communiqu\u00e9. Lequel s'indigne de \" <em>ces pratiques moyen\u00e2geuses, qui tendent \u00e0 d\u00e9nier tous droits aux travailleurs du secteur de la Presse<\/em> \u00bb.<br \/>\nLe bureau ex\u00e9cutif de la CRJS soutenant que \u00ab <em>cela ne peut plus continuer<\/em> \u00bb, invite \u00ab<em> les autorit\u00e9s \u00e0 prendre toutes les dispositions n\u00e9cessaires pour mettre un terme \u00e0 ces pratiques inqualifiables<\/em> \u00bb.<\/p>\n<p>\u00ab<em> La CJRS s'engage \u00e0 mettre \u00e0 leur disposition un avocat pour poursuivre la proc\u00e9dure judiciaire qu'ils avaient d\u00e9j\u00e0 enclench\u00e9e pour la d\u00e9fense de leurs droits devant le tribunal du travail<\/em> \u00bb informent les jeunes reporters. Ils invitent l'\u00c9tat \u00e0 clarifier d\u00e9finitivement cette question des contrats de prestation de services, une pratique ill\u00e9gale institutionnalis\u00e9e dans la plupart des r\u00e9dactions. \"<em>Un journaliste ou un technicien de presse qui travaille \u00e0 temps plein et qui est li\u00e9 \u00e0 son employeur par un lien de subordination ne saurait \u00eatre un prestataire de services<\/em> \" peste la Cjrs.<\/p>\n<div class='share-to-whatsapp-wrapper'><div class='share-on-whsp'>PARTAGER SUR : <\/div><a data-text='LICENCIEMENT DE JOURNALISTES A SENEGO - la CJRS d\u00e9nonce un abus' data-link='https:\/\/www.nettali.com\/2024\/08\/26\/licenciement-de-journalistes-a-senego-la-cjrs-denonce-un-abus\/' class='whatsapp-button whatsapp-share'>WhatsApp<\/a><div class='clear '><\/div><\/div>","protected":false},"excerpt":{"rendered":"<p>NETTALI.COM- Dans un communiqu\u00e9, le Bureau ex\u00e9cutif national de la Convention des jeunes reporters du S\u00e9n\u00e9gal (CRJS) a d\u00e9nonc\u00e9 l\u2019injustice subie par deux journalistes de Senego qui ont \u00e9t\u00e9 licenci\u00e9s. Face \u00e0 cette situation, l'association compte saisir un avocat pour combattre ce qu'il qualifie d'abus. La Convention des jeunes reporters du S\u00e9n\u00e9gal (CJRS) qui se [&hellip;]<\/p>\n","protected":false},"author":6,"featured_media":116182,"comment_status":"open","ping_status":"open","sticky":false,"template":"","format":"standard","meta":{"_et_pb_use_builder":"","_et_pb_old_content":""},"categories":[3],"tags":[],"yoast_head":"<!-- This site is optimized with the Yoast SEO Premium plugin v17.8 (Yoast SEO v17.8) - https:\/\/yoast.com\/wordpress\/plugins\/seo\/ -->\n<title>LICENCIEMENT DE JOURNALISTES A SENEGO - la CJRS d\u00e9nonce un abus | Nettali.com<\/title>\n<meta name=\"robots\" content=\"index, follow, max-snippet:-1, max-image-preview:large, max-video-preview:-1\" \/>\n<link rel=\"canonical\" href=\"https:\/\/www.nettali.com\/2024\/08\/26\/licenciement-de-journalistes-a-senego-la-cjrs-denonce-un-abus\/\" \/>\n<meta property=\"og:locale\" content=\"fr_FR\" \/>\n<meta property=\"og:type\" content=\"article\" \/>\n<meta property=\"og:title\" content=\"LICENCIEMENT DE JOURNALISTES A SENEGO - la CJRS d\u00e9nonce un abus\" \/>\n<meta property=\"og:description\" content=\"NETTALI.COM- Dans un communiqu\u00e9, le Bureau ex\u00e9cutif national de la Convention des jeunes reporters du S\u00e9n\u00e9gal (CRJS) a d\u00e9nonc\u00e9 l\u2019injustice subie par deux journalistes de Senego qui ont \u00e9t\u00e9 licenci\u00e9s. Face \u00e0 cette situation, l&#039;association compte saisir un avocat pour combattre ce qu&#039;il qualifie d&#039;abus. La Convention des jeunes reporters du S\u00e9n\u00e9gal (CJRS) qui se [&hellip;]\" \/>\n<meta property=\"og:url\" content=\"https:\/\/www.nettali.com\/2024\/08\/26\/licenciement-de-journalistes-a-senego-la-cjrs-denonce-un-abus\/\" \/>\n<meta property=\"og:site_name\" content=\"Nettali.com\" \/>\n<meta property=\"article:publisher\" content=\"https:\/\/www.facebook.com\/nettalicom\" \/>\n<meta property=\"article:published_time\" content=\"2024-08-26T11:56:22+00:00\" \/>\n<meta property=\"og:image\" content=\"https:\/\/www.nettali.com\/wp-content\/uploads\/2023\/08\/Senego-1-850x491-1-e1692094913956.jpeg\" \/>\n\t<meta property=\"og:image:width\" content=\"684\" \/>\n\t<meta property=\"og:image:height\" content=\"476\" \/>\n<meta name=\"twitter:card\" content=\"summary_large_image\" \/>\n<meta name=\"twitter:label1\" content=\"\u00c9crit par\" \/>\n\t<meta name=\"twitter:data1\" content=\"Fatou\" \/>\n\t<meta name=\"twitter:label2\" content=\"Dur\u00e9e de lecture estim\u00e9e\" \/>\n\t<meta name=\"twitter:data2\" content=\"2 minutes\" \/>\n<script type=\"application\/ld+json\" class=\"yoast-schema-graph\">{\"@context\":\"https:\/\/schema.org\",\"@graph\":[{\"@type\":\"WebSite\",\"@id\":\"https:\/\/www.nettali.com\/#website\",\"url\":\"https:\/\/www.nettali.com\/\",\"name\":\"Nettali.com\",\"description\":\"Le rendez-vous critique du Net\",\"potentialAction\":[{\"@type\":\"SearchAction\",\"target\":{\"@type\":\"EntryPoint\",\"urlTemplate\":\"https:\/\/www.nettali.com\/?s={search_term_string}\"},\"query-input\":\"required name=search_term_string\"}],\"inLanguage\":\"fr-FR\"},{\"@type\":\"ImageObject\",\"@id\":\"https:\/\/www.nettali.com\/2024\/08\/26\/licenciement-de-journalistes-a-senego-la-cjrs-denonce-un-abus\/#primaryimage\",\"inLanguage\":\"fr-FR\",\"url\":\"https:\/\/www.nettali.com\/wp-content\/uploads\/2023\/08\/Senego-1-850x491-1-e1692094913956.jpeg\",\"contentUrl\":\"https:\/\/www.nettali.com\/wp-content\/uploads\/2023\/08\/Senego-1-850x491-1-e1692094913956.jpeg\",\"width\":684,\"height\":476},{\"@type\":\"WebPage\",\"@id\":\"https:\/\/www.nettali.com\/2024\/08\/26\/licenciement-de-journalistes-a-senego-la-cjrs-denonce-un-abus\/#webpage\",\"url\":\"https:\/\/www.nettali.com\/2024\/08\/26\/licenciement-de-journalistes-a-senego-la-cjrs-denonce-un-abus\/\",\"name\":\"LICENCIEMENT DE JOURNALISTES A SENEGO - la CJRS d\\u00e9nonce un abus | Nettali.com\",\"isPartOf\":{\"@id\":\"https:\/\/www.nettali.com\/#website\"},\"primaryImageOfPage\":{\"@id\":\"https:\/\/www.nettali.com\/2024\/08\/26\/licenciement-de-journalistes-a-senego-la-cjrs-denonce-un-abus\/#primaryimage\"},\"datePublished\":\"2024-08-26T11:56:22+00:00\",\"dateModified\":\"2024-08-26T11:56:22+00:00\",\"author\":{\"@id\":\"https:\/\/www.nettali.com\/#\/schema\/person\/418274a86bdf87caff7a3ef476bd0bbf\"},\"breadcrumb\":{\"@id\":\"https:\/\/www.nettali.com\/2024\/08\/26\/licenciement-de-journalistes-a-senego-la-cjrs-denonce-un-abus\/#breadcrumb\"},\"inLanguage\":\"fr-FR\",\"potentialAction\":[{\"@type\":\"ReadAction\",\"target\":[\"https:\/\/www.nettali.com\/2024\/08\/26\/licenciement-de-journalistes-a-senego-la-cjrs-denonce-un-abus\/\"]}]},{\"@type\":\"BreadcrumbList\",\"@id\":\"https:\/\/www.nettali.com\/2024\/08\/26\/licenciement-de-journalistes-a-senego-la-cjrs-denonce-un-abus\/#breadcrumb\",\"itemListElement\":[{\"@type\":\"ListItem\",\"position\":1,\"name\":\"Accueil\",\"item\":\"https:\/\/www.nettali.com\/\"},{\"@type\":\"ListItem\",\"position\":2,\"name\":\"LICENCIEMENT DE JOURNALISTES A SENEGO - la CJRS d\\u00e9nonce un abus\"}]},{\"@type\":\"Person\",\"@id\":\"https:\/\/www.nettali.com\/#\/schema\/person\/418274a86bdf87caff7a3ef476bd0bbf\",\"name\":\"Fatou\",\"image\":{\"@type\":\"ImageObject\",\"@id\":\"https:\/\/www.nettali.com\/#personlogo\",\"inLanguage\":\"fr-FR\",\"url\":\"https:\/\/secure.gravatar.com\/avatar\/5a9442a2bee7b4dcf167cab035858e9a?s=96&d=mm&r=g\",\"contentUrl\":\"https:\/\/secure.gravatar.com\/avatar\/5a9442a2bee7b4dcf167cab035858e9a?s=96&d=mm&r=g\",\"caption\":\"Fatou\"},\"sameAs\":[\"https:\/\/www.nettali.com\"]}]}<\/script>\n<!-- \/ Yoast SEO Premium plugin. -->","yoast_head_json":{"title":"LICENCIEMENT DE JOURNALISTES A SENEGO - la CJRS d\u00e9nonce un abus | Nettali.com","robots":{"index":"index","follow":"follow","max-snippet":"max-snippet:-1","max-image-preview":"max-image-preview:large","max-video-preview":"max-video-preview:-1"},"canonical":"https:\/\/www.nettali.com\/2024\/08\/26\/licenciement-de-journalistes-a-senego-la-cjrs-denonce-un-abus\/","og_locale":"fr_FR","og_type":"article","og_title":"LICENCIEMENT DE JOURNALISTES A SENEGO - la CJRS d\u00e9nonce un abus","og_description":"NETTALI.COM- Dans un communiqu\u00e9, le Bureau ex\u00e9cutif national de la Convention des jeunes reporters du S\u00e9n\u00e9gal (CRJS) a d\u00e9nonc\u00e9 l\u2019injustice subie par deux journalistes de Senego qui ont \u00e9t\u00e9 licenci\u00e9s. Face \u00e0 cette situation, l'association compte saisir un avocat pour combattre ce qu'il qualifie d'abus. La Convention des jeunes reporters du S\u00e9n\u00e9gal (CJRS) qui se [&hellip;]","og_url":"https:\/\/www.nettali.com\/2024\/08\/26\/licenciement-de-journalistes-a-senego-la-cjrs-denonce-un-abus\/","og_site_name":"Nettali.com","article_publisher":"https:\/\/www.facebook.com\/nettalicom","article_published_time":"2024-08-26T11:56:22+00:00","og_image":[{"width":684,"height":476,"url":"https:\/\/www.nettali.com\/wp-content\/uploads\/2023\/08\/Senego-1-850x491-1-e1692094913956.jpeg","type":"image\/jpeg"}],"twitter_card":"summary_large_image","twitter_misc":{"\u00c9crit par":"Fatou","Dur\u00e9e de lecture estim\u00e9e":"2 minutes"},"schema":{"@context":"https:\/\/schema.org","@graph":[{"@type":"WebSite","@id":"https:\/\/www.nettali.com\/#website","url":"https:\/\/www.nettali.com\/","name":"Nettali.com","description":"Le rendez-vous critique du Net","potentialAction":[{"@type":"SearchAction","target":{"@type":"EntryPoint","urlTemplate":"https:\/\/www.nettali.com\/?s={search_term_string}"},"query-input":"required name=search_term_string"}],"inLanguage":"fr-FR"},{"@type":"ImageObject","@id":"https:\/\/www.nettali.com\/2024\/08\/26\/licenciement-de-journalistes-a-senego-la-cjrs-denonce-un-abus\/#primaryimage","inLanguage":"fr-FR","url":"https:\/\/www.nettali.com\/wp-content\/uploads\/2023\/08\/Senego-1-850x491-1-e1692094913956.jpeg","contentUrl":"https:\/\/www.nettali.com\/wp-content\/uploads\/2023\/08\/Senego-1-850x491-1-e1692094913956.jpeg","width":684,"height":476},{"@type":"WebPage","@id":"https:\/\/www.nettali.com\/2024\/08\/26\/licenciement-de-journalistes-a-senego-la-cjrs-denonce-un-abus\/#webpage","url":"https:\/\/www.nettali.com\/2024\/08\/26\/licenciement-de-journalistes-a-senego-la-cjrs-denonce-un-abus\/","name":"LICENCIEMENT DE JOURNALISTES A SENEGO - la CJRS d\u00e9nonce un abus | Nettali.com","isPartOf":{"@id":"https:\/\/www.nettali.com\/#website"},"primaryImageOfPage":{"@id":"https:\/\/www.nettali.com\/2024\/08\/26\/licenciement-de-journalistes-a-senego-la-cjrs-denonce-un-abus\/#primaryimage"},"datePublished":"2024-08-26T11:56:22+00:00","dateModified":"2024-08-26T11:56:22+00:00","author":{"@id":"https:\/\/www.nettali.com\/#\/schema\/person\/418274a86bdf87caff7a3ef476bd0bbf"},"breadcrumb":{"@id":"https:\/\/www.nettali.com\/2024\/08\/26\/licenciement-de-journalistes-a-senego-la-cjrs-denonce-un-abus\/#breadcrumb"},"inLanguage":"fr-FR","potentialAction":[{"@type":"ReadAction","target":["https:\/\/www.nettali.com\/2024\/08\/26\/licenciement-de-journalistes-a-senego-la-cjrs-denonce-un-abus\/"]}]},{"@type":"BreadcrumbList","@id":"https:\/\/www.nettali.com\/2024\/08\/26\/licenciement-de-journalistes-a-senego-la-cjrs-denonce-un-abus\/#breadcrumb","itemListElement":[{"@type":"ListItem","position":1,"name":"Accueil","item":"https:\/\/www.nettali.com\/"},{"@type":"ListItem","position":2,"name":"LICENCIEMENT DE JOURNALISTES A SENEGO - la CJRS d\u00e9nonce un abus"}]},{"@type":"Person","@id":"https:\/\/www.nettali.com\/#\/schema\/person\/418274a86bdf87caff7a3ef476bd0bbf","name":"Fatou","image":{"@type":"ImageObject","@id":"https:\/\/www.nettali.com\/#personlogo","inLanguage":"fr-FR","url":"https:\/\/secure.gravatar.com\/avatar\/5a9442a2bee7b4dcf167cab035858e9a?s=96&d=mm&r=g","contentUrl":"https:\/\/secure.gravatar.com\/avatar\/5a9442a2bee7b4dcf167cab035858e9a?s=96&d=mm&r=g","caption":"Fatou"},"sameAs":["https:\/\/www.nettali.com"]}]}},"_links":{"self":[{"href":"https:\/\/www.nettali.com\/rest\/wp\/v2\/posts\/139193"}],"collection":[{"href":"https:\/\/www.nettali.com\/rest\/wp\/v2\/posts"}],"about":[{"href":"https:\/\/www.nettali.com\/rest\/wp\/v2\/types\/post"}],"author":[{"embeddable":true,"href":"https:\/\/www.nettali.com\/rest\/wp\/v2\/users\/6"}],"replies":[{"embeddable":true,"href":"https:\/\/www.nettali.com\/rest\/wp\/v2\/comments?post=139193"}],"version-history":[{"count":3,"href":"https:\/\/www.nettali.com\/rest\/wp\/v2\/posts\/139193\/revisions"}],"predecessor-version":[{"id":139201,"href":"https:\/\/www.nettali.com\/rest\/wp\/v2\/posts\/139193\/revisions\/139201"}],"wp:featuredmedia":[{"embeddable":true,"href":"https:\/\/www.nettali.com\/rest\/wp\/v2\/media\/116182"}],"wp:attachment":[{"href":"https:\/\/www.nettali.com\/rest\/wp\/v2\/media?parent=139193"}],"wp:term":[{"taxonomy":"category","embeddable":true,"href":"https:\/\/www.nettali.com\/rest\/wp\/v2\/categories?post=139193"},{"taxonomy":"post_tag","embeddable":true,"href":"https:\/\/www.nettali.com\/rest\/wp\/v2\/tags?post=139193"}],"curies":[{"name":"wp","href":"https:\/\/api.w.org\/{rel}","templated":true}]}}