{"id":139184,"date":"2024-08-26T08:34:01","date_gmt":"2024-08-26T08:34:01","guid":{"rendered":"https:\/\/www.nettali.com\/?p=139184"},"modified":"2024-08-26T08:34:01","modified_gmt":"2024-08-26T08:34:01","slug":"lutte-contre-les-flux-migratoires-illicites-pedro-sanchez-en-visite-au-senegal-en-mauritanie-et-en-gambie","status":"publish","type":"post","link":"https:\/\/www.nettali.com\/2024\/08\/26\/lutte-contre-les-flux-migratoires-illicites-pedro-sanchez-en-visite-au-senegal-en-mauritanie-et-en-gambie\/","title":{"rendered":"LUTTE CONTRE LES FLUX MIGRATOIRES ILLICITES - Pedro Sa\u0301nchez en visite au Se\u0301ne\u0301gal, en Mauritanie et en Gambie"},"content":{"rendered":"<div class=\"page\" title=\"Page 2\">\n<div class=\"section\">\n<div class=\"layoutArea\">\n<div class=\"column\">\n<div class=\"page\" title=\"Page 2\">\n<div class=\"section\">\n<div class=\"layoutArea\">\n<div class=\"column\">\n<p><strong>NETTALI.COM -<\/strong> Le pre\u0301sident du gouvernement espagnol, Pedro Sa\u0301nchez, va reprendre son agenda international par une visite officielle en Mauritanie, Gambie et Se\u0301ne\u0301gal, du 27 au 29 aou\u0302t. Cette tourne\u0301e, souligne Momar Dieng Diop, e\u0301tabli en Espagne, a pour but de renforcer la coope\u0301ration avec ces pays africains, notamment en matie\u0300re migratoire. Le leader du Parti socialiste ouvrier espagnol (PSOE) va rencontrer les pre\u0301sidents de ces trois pays. Apre\u0300s que son ministre des Affaires e\u0301trange\u0300res, Jose\u0301 Manuel Albares, a de\u0301blaye\u0301 le terrain au mois de juin, lors de son de\u0301placement au Se\u0301ne\u0301gal et en Gambie.<\/p>\n<\/div>\n<\/div>\n<\/div>\n<\/div>\n<\/div>\n<div class=\"column\">\n<p>En ce qui concerne le Se\u0301ne\u0301gal, on apprend qu\u2019un cadre de coope\u0301ration de 180 millions d'euros (environ 118 milliards de francs CFA) est annonce\u0301 pour les quatre prochaines anne\u0301es. \"<em>A\u0300 Dakar, Pedro Sa\u0301nchez discutera principalement avec Son Excellence Bassirou Diomaye Faye des strate\u0301gies pour freiner l'immigration irre\u0301gulie\u0300re. Le Se\u0301ne\u0301gal est le deuxie\u0300me pays africain, apre\u0300s le Maroc, en termes de nombre d'e\u0301migre\u0301s en Espagne. La communaute\u0301 se\u0301ne\u0301galaise en Espagne espe\u0300re que les accords bilate\u0301raux permettront de re\u0301soudre divers proble\u0300mes tels que l'acce\u0300s aux services de sante\u0301, l'inte\u0301gration sur le marche\u0301 du travail, l'e\u0301ducation et la re\u0301gularisation des statuts de re\u0301sidence, entre autres. Ils souhaitent aussi un accord spe\u0301cifique sur la double nationalite\u0301, pour simplifier les de\u0301marches administratives et ame\u0301liorer les conditions de vie des Se\u0301ne\u0301galais en Espagne ainsi que des Espagnols au Se\u0301ne\u0301gal<\/em>\u201d, renseigne-t-on.<\/p>\n<\/div>\n<div class=\"column\">\n<p>D\u2019autres questions devraient e\u0302tre au menu des discussions entre les deux leaders, en rapport avec les attentes des Se\u0301ne\u0301galais d\u2019Espagne. Notamment la simplification des de\u0301marches administratives pour les visas et l\u2019ame\u0301lioration des conditions d'accueil au consulat espagnol au Se\u0301ne\u0301gal. Nos compatriotes re\u0301clament aussi la re\u0301e\u0301valuation des tests ADN impose\u0301s pour le regroupement familial, en raison de leur cou\u0302t e\u0301leve\u0301 (328 000 CFA \/ 500 \u20ac par per- sonne), qui constitue un fardeau financier conside\u0301rable. \u201c<em>En plus de leur prix prohibitif, ces tests ont des conse\u0301quences graves, pouvant entrai\u0302ner la rupture de me\u0301nages, et leur fiabilite\u0301 est limite\u0301e en raison de leur marge d'erreur non ne\u0301gligeable<\/em>\u201d, de\u0301nonce-t-on.<\/p>\n<\/div>\n<\/div>\n<\/div>\n<\/div>\n<div class='share-to-whatsapp-wrapper'><div class='share-on-whsp'>PARTAGER SUR : <\/div><a data-text='LUTTE CONTRE LES FLUX MIGRATOIRES ILLICITES - Pedro Sa\u0301nchez en visite au Se\u0301ne\u0301gal, en Mauritanie et en Gambie' data-link='https:\/\/www.nettali.com\/2024\/08\/26\/lutte-contre-les-flux-migratoires-illicites-pedro-sanchez-en-visite-au-senegal-en-mauritanie-et-en-gambie\/' class='whatsapp-button whatsapp-share'>WhatsApp<\/a><div class='clear '><\/div><\/div>","protected":false},"excerpt":{"rendered":"<p>NETTALI.COM - Le pre\u0301sident du gouvernement espagnol, Pedro Sa\u0301nchez, va reprendre son agenda international par une visite officielle en Mauritanie, Gambie et Se\u0301ne\u0301gal, du 27 au 29 aou\u0302t. Cette tourne\u0301e, souligne Momar Dieng Diop, e\u0301tabli en Espagne, a pour but de renforcer la coope\u0301ration avec ces pays africains, notamment en matie\u0300re migratoire. Le leader du [&hellip;]<\/p>\n","protected":false},"author":2,"featured_media":139186,"comment_status":"open","ping_status":"open","sticky":false,"template":"","format":"standard","meta":{"_et_pb_use_builder":"","_et_pb_old_content":""},"categories":[34945],"tags":[],"yoast_head":"<!-- This site is optimized with the Yoast SEO Premium plugin v17.8 (Yoast SEO v17.8) - https:\/\/yoast.com\/wordpress\/plugins\/seo\/ -->\n<title>LUTTE CONTRE LES FLUX MIGRATOIRES ILLICITES - Pedro Sa\u0301nchez en visite au Se\u0301ne\u0301gal, en Mauritanie et en Gambie | Nettali.com<\/title>\n<meta name=\"robots\" content=\"index, follow, max-snippet:-1, max-image-preview:large, max-video-preview:-1\" \/>\n<link rel=\"canonical\" href=\"https:\/\/www.nettali.com\/2024\/08\/26\/lutte-contre-les-flux-migratoires-illicites-pedro-sanchez-en-visite-au-senegal-en-mauritanie-et-en-gambie\/\" \/>\n<meta property=\"og:locale\" content=\"fr_FR\" \/>\n<meta property=\"og:type\" content=\"article\" \/>\n<meta property=\"og:title\" content=\"LUTTE CONTRE LES FLUX MIGRATOIRES ILLICITES - Pedro Sa\u0301nchez en visite au Se\u0301ne\u0301gal, en Mauritanie et en Gambie\" \/>\n<meta property=\"og:description\" content=\"NETTALI.COM - Le pre\u0301sident du gouvernement espagnol, Pedro Sa\u0301nchez, va reprendre son agenda international par une visite officielle en Mauritanie, Gambie et Se\u0301ne\u0301gal, du 27 au 29 aou\u0302t. Cette tourne\u0301e, souligne Momar Dieng Diop, e\u0301tabli en Espagne, a pour but de renforcer la coope\u0301ration avec ces pays africains, notamment en matie\u0300re migratoire. Le leader du [&hellip;]\" \/>\n<meta property=\"og:url\" content=\"https:\/\/www.nettali.com\/2024\/08\/26\/lutte-contre-les-flux-migratoires-illicites-pedro-sanchez-en-visite-au-senegal-en-mauritanie-et-en-gambie\/\" \/>\n<meta property=\"og:site_name\" content=\"Nettali.com\" \/>\n<meta property=\"article:publisher\" content=\"https:\/\/www.facebook.com\/nettalicom\" \/>\n<meta property=\"article:published_time\" content=\"2024-08-26T08:34:01+00:00\" \/>\n<meta property=\"og:image\" content=\"https:\/\/www.nettali.com\/wp-content\/uploads\/2024\/08\/shutterstock-editorial-14255681x.jpg\" \/>\n\t<meta property=\"og:image:width\" content=\"1480\" \/>\n\t<meta property=\"og:image:height\" content=\"833\" \/>\n<meta name=\"twitter:card\" content=\"summary_large_image\" \/>\n<meta name=\"twitter:label1\" content=\"\u00c9crit par\" \/>\n\t<meta name=\"twitter:data1\" content=\"CK\" \/>\n\t<meta name=\"twitter:label2\" content=\"Dur\u00e9e de lecture estim\u00e9e\" \/>\n\t<meta name=\"twitter:data2\" content=\"2 minutes\" \/>\n<script type=\"application\/ld+json\" class=\"yoast-schema-graph\">{\"@context\":\"https:\/\/schema.org\",\"@graph\":[{\"@type\":\"WebSite\",\"@id\":\"https:\/\/www.nettali.com\/#website\",\"url\":\"https:\/\/www.nettali.com\/\",\"name\":\"Nettali.com\",\"description\":\"Le rendez-vous critique du Net\",\"potentialAction\":[{\"@type\":\"SearchAction\",\"target\":{\"@type\":\"EntryPoint\",\"urlTemplate\":\"https:\/\/www.nettali.com\/?s={search_term_string}\"},\"query-input\":\"required name=search_term_string\"}],\"inLanguage\":\"fr-FR\"},{\"@type\":\"ImageObject\",\"@id\":\"https:\/\/www.nettali.com\/2024\/08\/26\/lutte-contre-les-flux-migratoires-illicites-pedro-sanchez-en-visite-au-senegal-en-mauritanie-et-en-gambie\/#primaryimage\",\"inLanguage\":\"fr-FR\",\"url\":\"https:\/\/www.nettali.com\/wp-content\/uploads\/2024\/08\/shutterstock-editorial-14255681x.jpg\",\"contentUrl\":\"https:\/\/www.nettali.com\/wp-content\/uploads\/2024\/08\/shutterstock-editorial-14255681x.jpg\",\"width\":1480,\"height\":833},{\"@type\":\"WebPage\",\"@id\":\"https:\/\/www.nettali.com\/2024\/08\/26\/lutte-contre-les-flux-migratoires-illicites-pedro-sanchez-en-visite-au-senegal-en-mauritanie-et-en-gambie\/#webpage\",\"url\":\"https:\/\/www.nettali.com\/2024\/08\/26\/lutte-contre-les-flux-migratoires-illicites-pedro-sanchez-en-visite-au-senegal-en-mauritanie-et-en-gambie\/\",\"name\":\"LUTTE CONTRE LES FLUX MIGRATOIRES ILLICITES - Pedro Sa\\u0301nchez en visite au Se\\u0301ne\\u0301gal, en Mauritanie et en Gambie | Nettali.com\",\"isPartOf\":{\"@id\":\"https:\/\/www.nettali.com\/#website\"},\"primaryImageOfPage\":{\"@id\":\"https:\/\/www.nettali.com\/2024\/08\/26\/lutte-contre-les-flux-migratoires-illicites-pedro-sanchez-en-visite-au-senegal-en-mauritanie-et-en-gambie\/#primaryimage\"},\"datePublished\":\"2024-08-26T08:34:01+00:00\",\"dateModified\":\"2024-08-26T08:34:01+00:00\",\"author\":{\"@id\":\"https:\/\/www.nettali.com\/#\/schema\/person\/d8ac7b7e27ddad43f1c0d2ef090d7f71\"},\"breadcrumb\":{\"@id\":\"https:\/\/www.nettali.com\/2024\/08\/26\/lutte-contre-les-flux-migratoires-illicites-pedro-sanchez-en-visite-au-senegal-en-mauritanie-et-en-gambie\/#breadcrumb\"},\"inLanguage\":\"fr-FR\",\"potentialAction\":[{\"@type\":\"ReadAction\",\"target\":[\"https:\/\/www.nettali.com\/2024\/08\/26\/lutte-contre-les-flux-migratoires-illicites-pedro-sanchez-en-visite-au-senegal-en-mauritanie-et-en-gambie\/\"]}]},{\"@type\":\"BreadcrumbList\",\"@id\":\"https:\/\/www.nettali.com\/2024\/08\/26\/lutte-contre-les-flux-migratoires-illicites-pedro-sanchez-en-visite-au-senegal-en-mauritanie-et-en-gambie\/#breadcrumb\",\"itemListElement\":[{\"@type\":\"ListItem\",\"position\":1,\"name\":\"Accueil\",\"item\":\"https:\/\/www.nettali.com\/\"},{\"@type\":\"ListItem\",\"position\":2,\"name\":\"LUTTE CONTRE LES FLUX MIGRATOIRES ILLICITES - Pedro Sa\\u0301nchez en visite au Se\\u0301ne\\u0301gal, en Mauritanie et en Gambie\"}]},{\"@type\":\"Person\",\"@id\":\"https:\/\/www.nettali.com\/#\/schema\/person\/d8ac7b7e27ddad43f1c0d2ef090d7f71\",\"name\":\"CK\",\"image\":{\"@type\":\"ImageObject\",\"@id\":\"https:\/\/www.nettali.com\/#personlogo\",\"inLanguage\":\"fr-FR\",\"url\":\"https:\/\/secure.gravatar.com\/avatar\/1d8d5118b9327d94da7cd4ce7f17fec2?s=96&d=mm&r=g\",\"contentUrl\":\"https:\/\/secure.gravatar.com\/avatar\/1d8d5118b9327d94da7cd4ce7f17fec2?s=96&d=mm&r=g\",\"caption\":\"CK\"},\"sameAs\":[\"https:\/\/www.nettali.com\"]}]}<\/script>\n<!-- \/ Yoast SEO Premium plugin. -->","yoast_head_json":{"title":"LUTTE CONTRE LES FLUX MIGRATOIRES ILLICITES - Pedro Sa\u0301nchez en visite au Se\u0301ne\u0301gal, en Mauritanie et en Gambie | Nettali.com","robots":{"index":"index","follow":"follow","max-snippet":"max-snippet:-1","max-image-preview":"max-image-preview:large","max-video-preview":"max-video-preview:-1"},"canonical":"https:\/\/www.nettali.com\/2024\/08\/26\/lutte-contre-les-flux-migratoires-illicites-pedro-sanchez-en-visite-au-senegal-en-mauritanie-et-en-gambie\/","og_locale":"fr_FR","og_type":"article","og_title":"LUTTE CONTRE LES FLUX MIGRATOIRES ILLICITES - Pedro Sa\u0301nchez en visite au Se\u0301ne\u0301gal, en Mauritanie et en Gambie","og_description":"NETTALI.COM - Le pre\u0301sident du gouvernement espagnol, Pedro Sa\u0301nchez, va reprendre son agenda international par une visite officielle en Mauritanie, Gambie et Se\u0301ne\u0301gal, du 27 au 29 aou\u0302t. Cette tourne\u0301e, souligne Momar Dieng Diop, e\u0301tabli en Espagne, a pour but de renforcer la coope\u0301ration avec ces pays africains, notamment en matie\u0300re migratoire. Le leader du [&hellip;]","og_url":"https:\/\/www.nettali.com\/2024\/08\/26\/lutte-contre-les-flux-migratoires-illicites-pedro-sanchez-en-visite-au-senegal-en-mauritanie-et-en-gambie\/","og_site_name":"Nettali.com","article_publisher":"https:\/\/www.facebook.com\/nettalicom","article_published_time":"2024-08-26T08:34:01+00:00","og_image":[{"width":1480,"height":833,"url":"https:\/\/www.nettali.com\/wp-content\/uploads\/2024\/08\/shutterstock-editorial-14255681x.jpg","type":"image\/jpeg"}],"twitter_card":"summary_large_image","twitter_misc":{"\u00c9crit par":"CK","Dur\u00e9e de lecture estim\u00e9e":"2 minutes"},"schema":{"@context":"https:\/\/schema.org","@graph":[{"@type":"WebSite","@id":"https:\/\/www.nettali.com\/#website","url":"https:\/\/www.nettali.com\/","name":"Nettali.com","description":"Le rendez-vous critique du Net","potentialAction":[{"@type":"SearchAction","target":{"@type":"EntryPoint","urlTemplate":"https:\/\/www.nettali.com\/?s={search_term_string}"},"query-input":"required name=search_term_string"}],"inLanguage":"fr-FR"},{"@type":"ImageObject","@id":"https:\/\/www.nettali.com\/2024\/08\/26\/lutte-contre-les-flux-migratoires-illicites-pedro-sanchez-en-visite-au-senegal-en-mauritanie-et-en-gambie\/#primaryimage","inLanguage":"fr-FR","url":"https:\/\/www.nettali.com\/wp-content\/uploads\/2024\/08\/shutterstock-editorial-14255681x.jpg","contentUrl":"https:\/\/www.nettali.com\/wp-content\/uploads\/2024\/08\/shutterstock-editorial-14255681x.jpg","width":1480,"height":833},{"@type":"WebPage","@id":"https:\/\/www.nettali.com\/2024\/08\/26\/lutte-contre-les-flux-migratoires-illicites-pedro-sanchez-en-visite-au-senegal-en-mauritanie-et-en-gambie\/#webpage","url":"https:\/\/www.nettali.com\/2024\/08\/26\/lutte-contre-les-flux-migratoires-illicites-pedro-sanchez-en-visite-au-senegal-en-mauritanie-et-en-gambie\/","name":"LUTTE CONTRE LES FLUX MIGRATOIRES ILLICITES - Pedro Sa\u0301nchez en visite au Se\u0301ne\u0301gal, en Mauritanie et en Gambie | Nettali.com","isPartOf":{"@id":"https:\/\/www.nettali.com\/#website"},"primaryImageOfPage":{"@id":"https:\/\/www.nettali.com\/2024\/08\/26\/lutte-contre-les-flux-migratoires-illicites-pedro-sanchez-en-visite-au-senegal-en-mauritanie-et-en-gambie\/#primaryimage"},"datePublished":"2024-08-26T08:34:01+00:00","dateModified":"2024-08-26T08:34:01+00:00","author":{"@id":"https:\/\/www.nettali.com\/#\/schema\/person\/d8ac7b7e27ddad43f1c0d2ef090d7f71"},"breadcrumb":{"@id":"https:\/\/www.nettali.com\/2024\/08\/26\/lutte-contre-les-flux-migratoires-illicites-pedro-sanchez-en-visite-au-senegal-en-mauritanie-et-en-gambie\/#breadcrumb"},"inLanguage":"fr-FR","potentialAction":[{"@type":"ReadAction","target":["https:\/\/www.nettali.com\/2024\/08\/26\/lutte-contre-les-flux-migratoires-illicites-pedro-sanchez-en-visite-au-senegal-en-mauritanie-et-en-gambie\/"]}]},{"@type":"BreadcrumbList","@id":"https:\/\/www.nettali.com\/2024\/08\/26\/lutte-contre-les-flux-migratoires-illicites-pedro-sanchez-en-visite-au-senegal-en-mauritanie-et-en-gambie\/#breadcrumb","itemListElement":[{"@type":"ListItem","position":1,"name":"Accueil","item":"https:\/\/www.nettali.com\/"},{"@type":"ListItem","position":2,"name":"LUTTE CONTRE LES FLUX MIGRATOIRES ILLICITES - Pedro Sa\u0301nchez en visite au Se\u0301ne\u0301gal, en Mauritanie et en Gambie"}]},{"@type":"Person","@id":"https:\/\/www.nettali.com\/#\/schema\/person\/d8ac7b7e27ddad43f1c0d2ef090d7f71","name":"CK","image":{"@type":"ImageObject","@id":"https:\/\/www.nettali.com\/#personlogo","inLanguage":"fr-FR","url":"https:\/\/secure.gravatar.com\/avatar\/1d8d5118b9327d94da7cd4ce7f17fec2?s=96&d=mm&r=g","contentUrl":"https:\/\/secure.gravatar.com\/avatar\/1d8d5118b9327d94da7cd4ce7f17fec2?s=96&d=mm&r=g","caption":"CK"},"sameAs":["https:\/\/www.nettali.com"]}]}},"_links":{"self":[{"href":"https:\/\/www.nettali.com\/rest\/wp\/v2\/posts\/139184"}],"collection":[{"href":"https:\/\/www.nettali.com\/rest\/wp\/v2\/posts"}],"about":[{"href":"https:\/\/www.nettali.com\/rest\/wp\/v2\/types\/post"}],"author":[{"embeddable":true,"href":"https:\/\/www.nettali.com\/rest\/wp\/v2\/users\/2"}],"replies":[{"embeddable":true,"href":"https:\/\/www.nettali.com\/rest\/wp\/v2\/comments?post=139184"}],"version-history":[{"count":1,"href":"https:\/\/www.nettali.com\/rest\/wp\/v2\/posts\/139184\/revisions"}],"predecessor-version":[{"id":139187,"href":"https:\/\/www.nettali.com\/rest\/wp\/v2\/posts\/139184\/revisions\/139187"}],"wp:featuredmedia":[{"embeddable":true,"href":"https:\/\/www.nettali.com\/rest\/wp\/v2\/media\/139186"}],"wp:attachment":[{"href":"https:\/\/www.nettali.com\/rest\/wp\/v2\/media?parent=139184"}],"wp:term":[{"taxonomy":"category","embeddable":true,"href":"https:\/\/www.nettali.com\/rest\/wp\/v2\/categories?post=139184"},{"taxonomy":"post_tag","embeddable":true,"href":"https:\/\/www.nettali.com\/rest\/wp\/v2\/tags?post=139184"}],"curies":[{"name":"wp","href":"https:\/\/api.w.org\/{rel}","templated":true}]}}