{"id":139163,"date":"2024-08-25T15:32:17","date_gmt":"2024-08-25T15:32:17","guid":{"rendered":"https:\/\/www.nettali.com\/?p=139163"},"modified":"2024-08-28T08:17:23","modified_gmt":"2024-08-28T08:17:23","slug":"alioune-tine-aujourdhui-quon-le-veuille-ou-non-cest-sonko-gouverne","status":"publish","type":"post","link":"https:\/\/www.nettali.com\/2024\/08\/25\/alioune-tine-aujourdhui-quon-le-veuille-ou-non-cest-sonko-gouverne\/","title":{"rendered":"ALIOUNE TINE - \u00abAujourd\u2019hui, qu\u2019on le veuille ou non, c\u2019est Sonko qui gouverne\u00bb."},"content":{"rendered":"<p><strong>NETTALI.COM - Bassirou Diomaye Diakhar Faye a \u00e9t\u00e9 \u00e9lu pr\u00e9sident de la R\u00e9publique du S\u00e9n\u00e9gal avec 54% des suffrages. Mais, c\u2019est bien Ousmane Sonko qui gouverne. C\u2019est l\u2019avis d\u2019Alioune Tine qui \u00e9tait l\u2019invit\u00e9 ce dimanche du \u00ab Grand Jury \u00bb de la Rfm.<\/strong><\/p>\n<div class=\"x11i5rnm xat24cr x1mh8g0r x1vvkbs xtlvy1s x126k92a\">\n<div dir=\"auto\">Invit\u00e9 \u00e0 l\u2019\u00e9mission Grand Jury sur la RFM, le fondateur d\u2019Afrikajom Center, Aliou Tine, a dans ses propos confirm\u00e9 la th\u00e8se du d\u00e9put\u00e9 de BBY, Abdou Mbow, selon quoi, c\u2019est Bassirou Diomaye Faye qui est \u00e9lu pr\u00e9sident de la R\u00e9publique mais, c\u2019est son Premier ministre, Ousmane Sonko qui gouverne. Evoquant par la m\u00eame occasion, une \u00ab confusion de r\u00f4les \u00bb au sommet de l\u2019\u00c9tat.<\/div>\n<\/div>\n<div class=\"x11i5rnm xat24cr x1mh8g0r x1vvkbs xtlvy1s x126k92a\">\n<div dir=\"auto\"><em>\u00abQu\u2019on le veuille ou non, c\u2019est Sonko qui gouverne. Moi, je le voyais bien \u00e0 la pr\u00e9sidence comme directeur de cabinet du pr\u00e9sident de la R\u00e9publique, secr\u00e9taire g\u00e9n\u00e9ral de la pr\u00e9sidence comme Jean Colin ou Ousmane Tanor Dieng. Si c\u2019\u00e9tait le cas, il n\u2019y aurait pas eu cette esp\u00e8ce de confusion des r\u00f4les. La meilleure place pour Sonko, c\u2019\u00e9tait \u00e0 la pr\u00e9sidence \u00bb<\/em>, a soulign\u00e9 Alioune Tine.<\/div>\n<\/div>\n<div class=\"x11i5rnm xat24cr x1mh8g0r x1vvkbs xtlvy1s x126k92a\">\n<div dir=\"auto\">Toujours dans ses d\u00e9clarations, l\u2019ancien pr\u00e9sident de la Raddho d\u00e9plore ce qu\u2019il qualifie d' \u00ab inaccessibilit\u00e9 \u00bb, voire \u00ab confinement \u00bb du Pr\u00e9sident Diomaye au palais de la R\u00e9publique. <em>\u00abQue ce soit les gens des assises, de la soci\u00e9t\u00e9 civile, de la presse, des syndicats, il me semble que quand vous mettez un gouvernement aussi fantastique et charg\u00e9, il faut mettre en mouvement la soci\u00e9t\u00e9. Il gouverne le S\u00e9n\u00e9gal et en m\u00eame temps, il est chef de parti. Beaucoup le r\u00e9clament, personne ne le voit (\u2026)Il faut que Sonko sorte de cette contradiction. C\u2019est extr\u00eamement important\u00bb, conseille-t-il.\u00bb.<\/em><\/div>\n<\/div>\n<div class=\"x11i5rnm xat24cr x1mh8g0r x1vvkbs xtlvy1s x126k92a\">\n<div dir=\"auto\">De son avis, on est en train d\u2019assister \u00e0 la mise en place de \u00ab l\u2019\u00c9tat Pastef \u00bb, d\u00e9non\u00e7ant un r\u00e9gime allergique \u00e0 toute critique. <em>\u00ab Rejeter syst\u00e9matiquement les critiques fait peur aux gens. Vous allez petit \u00e0 petit vers un syst\u00e8me autoritaire. Or, les S\u00e9n\u00e9galais sont rebelles \u00e0 toute forme d\u2019autoritarisme. Sonko a int\u00e9r\u00eat \u00e0 gouverner dans un contexte pacifi\u00e9, o\u00f9 il y a un d\u00e9bat de fond, parce qu\u2019aujourd\u2019hui il n\u2019y a pas de d\u00e9bat de fond\u00bb<\/em>, a indiqu\u00e9 le membre de la soci\u00e9t\u00e9 civile.<\/div>\n<\/div>\n<p>&nbsp;<\/p>\n<p>&nbsp;<\/p>\n<p>&nbsp;<\/p>\n<div class='share-to-whatsapp-wrapper'><div class='share-on-whsp'>PARTAGER SUR : <\/div><a data-text='ALIOUNE TINE - \u00abAujourd\u2019hui, qu\u2019on le veuille ou non, c\u2019est Sonko qui gouverne\u00bb.' data-link='https:\/\/www.nettali.com\/2024\/08\/25\/alioune-tine-aujourdhui-quon-le-veuille-ou-non-cest-sonko-gouverne\/' class='whatsapp-button whatsapp-share'>WhatsApp<\/a><div class='clear '><\/div><\/div>","protected":false},"excerpt":{"rendered":"<p>NETTALI.COM - Bassirou Diomaye Diakhar Faye a \u00e9t\u00e9 \u00e9lu pr\u00e9sident de la R\u00e9publique du S\u00e9n\u00e9gal avec 54% des suffrages. Mais, c\u2019est bien Ousmane Sonko qui gouverne. C\u2019est l\u2019avis d\u2019Alioune Tine qui \u00e9tait l\u2019invit\u00e9 ce dimanche du \u00ab Grand Jury \u00bb de la Rfm. Invit\u00e9 \u00e0 l\u2019\u00e9mission Grand Jury sur la RFM, le fondateur d\u2019Afrikajom Center, [&hellip;]<\/p>\n","protected":false},"author":4,"featured_media":127409,"comment_status":"open","ping_status":"open","sticky":false,"template":"","format":"standard","meta":{"_et_pb_use_builder":"","_et_pb_old_content":""},"categories":[2],"tags":[],"yoast_head":"<!-- This site is optimized with the Yoast SEO Premium plugin v17.8 (Yoast SEO v17.8) - https:\/\/yoast.com\/wordpress\/plugins\/seo\/ -->\n<title>ALIOUNE TINE - \u00abAujourd\u2019hui, qu\u2019on le veuille ou non, c\u2019est Sonko qui gouverne\u00bb. | Nettali.com<\/title>\n<meta name=\"robots\" content=\"index, follow, max-snippet:-1, max-image-preview:large, max-video-preview:-1\" \/>\n<link rel=\"canonical\" href=\"https:\/\/www.nettali.com\/2024\/08\/25\/alioune-tine-aujourdhui-quon-le-veuille-ou-non-cest-sonko-gouverne\/\" \/>\n<meta property=\"og:locale\" content=\"fr_FR\" \/>\n<meta property=\"og:type\" content=\"article\" \/>\n<meta property=\"og:title\" content=\"ALIOUNE TINE - \u00abAujourd\u2019hui, qu\u2019on le veuille ou non, c\u2019est Sonko qui gouverne\u00bb.\" \/>\n<meta property=\"og:description\" content=\"NETTALI.COM - Bassirou Diomaye Diakhar Faye a \u00e9t\u00e9 \u00e9lu pr\u00e9sident de la R\u00e9publique du S\u00e9n\u00e9gal avec 54% des suffrages. Mais, c\u2019est bien Ousmane Sonko qui gouverne. C\u2019est l\u2019avis d\u2019Alioune Tine qui \u00e9tait l\u2019invit\u00e9 ce dimanche du \u00ab Grand Jury \u00bb de la Rfm. Invit\u00e9 \u00e0 l\u2019\u00e9mission Grand Jury sur la RFM, le fondateur d\u2019Afrikajom Center, [&hellip;]\" \/>\n<meta property=\"og:url\" content=\"https:\/\/www.nettali.com\/2024\/08\/25\/alioune-tine-aujourdhui-quon-le-veuille-ou-non-cest-sonko-gouverne\/\" \/>\n<meta property=\"og:site_name\" content=\"Nettali.com\" \/>\n<meta property=\"article:publisher\" content=\"https:\/\/www.facebook.com\/nettalicom\" \/>\n<meta property=\"article:published_time\" content=\"2024-08-25T15:32:17+00:00\" \/>\n<meta property=\"article:modified_time\" content=\"2024-08-28T08:17:23+00:00\" \/>\n<meta property=\"og:image\" content=\"https:\/\/www.nettali.com\/wp-content\/uploads\/2024\/02\/alioune-tine.jpg\" \/>\n\t<meta property=\"og:image:width\" content=\"650\" \/>\n\t<meta property=\"og:image:height\" content=\"432\" \/>\n<meta name=\"twitter:card\" content=\"summary_large_image\" \/>\n<meta name=\"twitter:label1\" content=\"\u00c9crit par\" \/>\n\t<meta name=\"twitter:data1\" content=\"Daouda\" \/>\n\t<meta name=\"twitter:label2\" content=\"Dur\u00e9e de lecture estim\u00e9e\" \/>\n\t<meta name=\"twitter:data2\" content=\"3 minutes\" \/>\n<script type=\"application\/ld+json\" class=\"yoast-schema-graph\">{\"@context\":\"https:\/\/schema.org\",\"@graph\":[{\"@type\":\"WebSite\",\"@id\":\"https:\/\/www.nettali.com\/#website\",\"url\":\"https:\/\/www.nettali.com\/\",\"name\":\"Nettali.com\",\"description\":\"Le rendez-vous critique du Net\",\"potentialAction\":[{\"@type\":\"SearchAction\",\"target\":{\"@type\":\"EntryPoint\",\"urlTemplate\":\"https:\/\/www.nettali.com\/?s={search_term_string}\"},\"query-input\":\"required name=search_term_string\"}],\"inLanguage\":\"fr-FR\"},{\"@type\":\"ImageObject\",\"@id\":\"https:\/\/www.nettali.com\/2024\/08\/25\/alioune-tine-aujourdhui-quon-le-veuille-ou-non-cest-sonko-gouverne\/#primaryimage\",\"inLanguage\":\"fr-FR\",\"url\":\"https:\/\/www.nettali.com\/wp-content\/uploads\/2024\/02\/alioune-tine.jpg\",\"contentUrl\":\"https:\/\/www.nettali.com\/wp-content\/uploads\/2024\/02\/alioune-tine.jpg\",\"width\":650,\"height\":432},{\"@type\":\"WebPage\",\"@id\":\"https:\/\/www.nettali.com\/2024\/08\/25\/alioune-tine-aujourdhui-quon-le-veuille-ou-non-cest-sonko-gouverne\/#webpage\",\"url\":\"https:\/\/www.nettali.com\/2024\/08\/25\/alioune-tine-aujourdhui-quon-le-veuille-ou-non-cest-sonko-gouverne\/\",\"name\":\"ALIOUNE TINE - \\u00abAujourd\\u2019hui, qu\\u2019on le veuille ou non, c\\u2019est Sonko qui gouverne\\u00bb. | Nettali.com\",\"isPartOf\":{\"@id\":\"https:\/\/www.nettali.com\/#website\"},\"primaryImageOfPage\":{\"@id\":\"https:\/\/www.nettali.com\/2024\/08\/25\/alioune-tine-aujourdhui-quon-le-veuille-ou-non-cest-sonko-gouverne\/#primaryimage\"},\"datePublished\":\"2024-08-25T15:32:17+00:00\",\"dateModified\":\"2024-08-28T08:17:23+00:00\",\"author\":{\"@id\":\"https:\/\/www.nettali.com\/#\/schema\/person\/3317e0bb3aa1da309fbf7b2780901bf4\"},\"breadcrumb\":{\"@id\":\"https:\/\/www.nettali.com\/2024\/08\/25\/alioune-tine-aujourdhui-quon-le-veuille-ou-non-cest-sonko-gouverne\/#breadcrumb\"},\"inLanguage\":\"fr-FR\",\"potentialAction\":[{\"@type\":\"ReadAction\",\"target\":[\"https:\/\/www.nettali.com\/2024\/08\/25\/alioune-tine-aujourdhui-quon-le-veuille-ou-non-cest-sonko-gouverne\/\"]}]},{\"@type\":\"BreadcrumbList\",\"@id\":\"https:\/\/www.nettali.com\/2024\/08\/25\/alioune-tine-aujourdhui-quon-le-veuille-ou-non-cest-sonko-gouverne\/#breadcrumb\",\"itemListElement\":[{\"@type\":\"ListItem\",\"position\":1,\"name\":\"Accueil\",\"item\":\"https:\/\/www.nettali.com\/\"},{\"@type\":\"ListItem\",\"position\":2,\"name\":\"ALIOUNE TINE - \\u00abAujourd\\u2019hui, qu\\u2019on le veuille ou non, c\\u2019est Sonko qui gouverne\\u00bb.\"}]},{\"@type\":\"Person\",\"@id\":\"https:\/\/www.nettali.com\/#\/schema\/person\/3317e0bb3aa1da309fbf7b2780901bf4\",\"name\":\"Daouda\",\"image\":{\"@type\":\"ImageObject\",\"@id\":\"https:\/\/www.nettali.com\/#personlogo\",\"inLanguage\":\"fr-FR\",\"url\":\"https:\/\/secure.gravatar.com\/avatar\/8d143b5a49345098ddcfee1c49c2f47c?s=96&d=mm&r=g\",\"contentUrl\":\"https:\/\/secure.gravatar.com\/avatar\/8d143b5a49345098ddcfee1c49c2f47c?s=96&d=mm&r=g\",\"caption\":\"Daouda\"},\"sameAs\":[\"https:\/\/www.nettali.com\"]}]}<\/script>\n<!-- \/ Yoast SEO Premium plugin. -->","yoast_head_json":{"title":"ALIOUNE TINE - \u00abAujourd\u2019hui, qu\u2019on le veuille ou non, c\u2019est Sonko qui gouverne\u00bb. | Nettali.com","robots":{"index":"index","follow":"follow","max-snippet":"max-snippet:-1","max-image-preview":"max-image-preview:large","max-video-preview":"max-video-preview:-1"},"canonical":"https:\/\/www.nettali.com\/2024\/08\/25\/alioune-tine-aujourdhui-quon-le-veuille-ou-non-cest-sonko-gouverne\/","og_locale":"fr_FR","og_type":"article","og_title":"ALIOUNE TINE - \u00abAujourd\u2019hui, qu\u2019on le veuille ou non, c\u2019est Sonko qui gouverne\u00bb.","og_description":"NETTALI.COM - Bassirou Diomaye Diakhar Faye a \u00e9t\u00e9 \u00e9lu pr\u00e9sident de la R\u00e9publique du S\u00e9n\u00e9gal avec 54% des suffrages. Mais, c\u2019est bien Ousmane Sonko qui gouverne. C\u2019est l\u2019avis d\u2019Alioune Tine qui \u00e9tait l\u2019invit\u00e9 ce dimanche du \u00ab Grand Jury \u00bb de la Rfm. Invit\u00e9 \u00e0 l\u2019\u00e9mission Grand Jury sur la RFM, le fondateur d\u2019Afrikajom Center, [&hellip;]","og_url":"https:\/\/www.nettali.com\/2024\/08\/25\/alioune-tine-aujourdhui-quon-le-veuille-ou-non-cest-sonko-gouverne\/","og_site_name":"Nettali.com","article_publisher":"https:\/\/www.facebook.com\/nettalicom","article_published_time":"2024-08-25T15:32:17+00:00","article_modified_time":"2024-08-28T08:17:23+00:00","og_image":[{"width":650,"height":432,"url":"https:\/\/www.nettali.com\/wp-content\/uploads\/2024\/02\/alioune-tine.jpg","type":"image\/jpeg"}],"twitter_card":"summary_large_image","twitter_misc":{"\u00c9crit par":"Daouda","Dur\u00e9e de lecture estim\u00e9e":"3 minutes"},"schema":{"@context":"https:\/\/schema.org","@graph":[{"@type":"WebSite","@id":"https:\/\/www.nettali.com\/#website","url":"https:\/\/www.nettali.com\/","name":"Nettali.com","description":"Le rendez-vous critique du Net","potentialAction":[{"@type":"SearchAction","target":{"@type":"EntryPoint","urlTemplate":"https:\/\/www.nettali.com\/?s={search_term_string}"},"query-input":"required name=search_term_string"}],"inLanguage":"fr-FR"},{"@type":"ImageObject","@id":"https:\/\/www.nettali.com\/2024\/08\/25\/alioune-tine-aujourdhui-quon-le-veuille-ou-non-cest-sonko-gouverne\/#primaryimage","inLanguage":"fr-FR","url":"https:\/\/www.nettali.com\/wp-content\/uploads\/2024\/02\/alioune-tine.jpg","contentUrl":"https:\/\/www.nettali.com\/wp-content\/uploads\/2024\/02\/alioune-tine.jpg","width":650,"height":432},{"@type":"WebPage","@id":"https:\/\/www.nettali.com\/2024\/08\/25\/alioune-tine-aujourdhui-quon-le-veuille-ou-non-cest-sonko-gouverne\/#webpage","url":"https:\/\/www.nettali.com\/2024\/08\/25\/alioune-tine-aujourdhui-quon-le-veuille-ou-non-cest-sonko-gouverne\/","name":"ALIOUNE TINE - \u00abAujourd\u2019hui, qu\u2019on le veuille ou non, c\u2019est Sonko qui gouverne\u00bb. | Nettali.com","isPartOf":{"@id":"https:\/\/www.nettali.com\/#website"},"primaryImageOfPage":{"@id":"https:\/\/www.nettali.com\/2024\/08\/25\/alioune-tine-aujourdhui-quon-le-veuille-ou-non-cest-sonko-gouverne\/#primaryimage"},"datePublished":"2024-08-25T15:32:17+00:00","dateModified":"2024-08-28T08:17:23+00:00","author":{"@id":"https:\/\/www.nettali.com\/#\/schema\/person\/3317e0bb3aa1da309fbf7b2780901bf4"},"breadcrumb":{"@id":"https:\/\/www.nettali.com\/2024\/08\/25\/alioune-tine-aujourdhui-quon-le-veuille-ou-non-cest-sonko-gouverne\/#breadcrumb"},"inLanguage":"fr-FR","potentialAction":[{"@type":"ReadAction","target":["https:\/\/www.nettali.com\/2024\/08\/25\/alioune-tine-aujourdhui-quon-le-veuille-ou-non-cest-sonko-gouverne\/"]}]},{"@type":"BreadcrumbList","@id":"https:\/\/www.nettali.com\/2024\/08\/25\/alioune-tine-aujourdhui-quon-le-veuille-ou-non-cest-sonko-gouverne\/#breadcrumb","itemListElement":[{"@type":"ListItem","position":1,"name":"Accueil","item":"https:\/\/www.nettali.com\/"},{"@type":"ListItem","position":2,"name":"ALIOUNE TINE - \u00abAujourd\u2019hui, qu\u2019on le veuille ou non, c\u2019est Sonko qui gouverne\u00bb."}]},{"@type":"Person","@id":"https:\/\/www.nettali.com\/#\/schema\/person\/3317e0bb3aa1da309fbf7b2780901bf4","name":"Daouda","image":{"@type":"ImageObject","@id":"https:\/\/www.nettali.com\/#personlogo","inLanguage":"fr-FR","url":"https:\/\/secure.gravatar.com\/avatar\/8d143b5a49345098ddcfee1c49c2f47c?s=96&d=mm&r=g","contentUrl":"https:\/\/secure.gravatar.com\/avatar\/8d143b5a49345098ddcfee1c49c2f47c?s=96&d=mm&r=g","caption":"Daouda"},"sameAs":["https:\/\/www.nettali.com"]}]}},"_links":{"self":[{"href":"https:\/\/www.nettali.com\/rest\/wp\/v2\/posts\/139163"}],"collection":[{"href":"https:\/\/www.nettali.com\/rest\/wp\/v2\/posts"}],"about":[{"href":"https:\/\/www.nettali.com\/rest\/wp\/v2\/types\/post"}],"author":[{"embeddable":true,"href":"https:\/\/www.nettali.com\/rest\/wp\/v2\/users\/4"}],"replies":[{"embeddable":true,"href":"https:\/\/www.nettali.com\/rest\/wp\/v2\/comments?post=139163"}],"version-history":[{"count":6,"href":"https:\/\/www.nettali.com\/rest\/wp\/v2\/posts\/139163\/revisions"}],"predecessor-version":[{"id":139195,"href":"https:\/\/www.nettali.com\/rest\/wp\/v2\/posts\/139163\/revisions\/139195"}],"wp:featuredmedia":[{"embeddable":true,"href":"https:\/\/www.nettali.com\/rest\/wp\/v2\/media\/127409"}],"wp:attachment":[{"href":"https:\/\/www.nettali.com\/rest\/wp\/v2\/media?parent=139163"}],"wp:term":[{"taxonomy":"category","embeddable":true,"href":"https:\/\/www.nettali.com\/rest\/wp\/v2\/categories?post=139163"},{"taxonomy":"post_tag","embeddable":true,"href":"https:\/\/www.nettali.com\/rest\/wp\/v2\/tags?post=139163"}],"curies":[{"name":"wp","href":"https:\/\/api.w.org\/{rel}","templated":true}]}}