{"id":139116,"date":"2024-08-23T18:30:08","date_gmt":"2024-08-23T18:30:08","guid":{"rendered":"https:\/\/www.nettali.com\/?p=139116"},"modified":"2024-08-25T11:43:12","modified_gmt":"2024-08-25T11:43:12","slug":"serigne-bass-abdou-khadre-nous-navons-pas-demande-dhebergements-au-king-fahd","status":"publish","type":"post","link":"https:\/\/www.nettali.com\/2024\/08\/23\/serigne-bass-abdou-khadre-nous-navons-pas-demande-dhebergements-au-king-fahd\/","title":{"rendered":"SERIGNE BASS ABDOU KHADRE : \"Nous n'avons pas demand\u00e9 d'h\u00e9bergements au King Fahd\""},"content":{"rendered":"<p><strong>NETTALI.COM - Serigne Bassirou Abdou Khadre Mback\u00e9 met fin \u00e0 la pol\u00e9mique. Le porte-parole du khalife des mourides assure que Touba n'a jamais demand\u00e9 \u00e0 l'Etat l'h\u00e9bergement des d\u00e9l\u00e9gations \u00e9trang\u00e8res au King Fahd Palace.\u00a0<\/strong><\/p>\n<p>Serigne Bassirou Abdou Khadre Mback\u00e9 est formel. Selon le porte-parole du khalife g\u00e9n\u00e9ral des mourides, la lettre envoy\u00e9e \u00e0 la pr\u00e9sidence demandant l'h\u00e9bergement au King Fahd des d\u00e9l\u00e9gations \u00e9trang\u00e8res venues participer au Magal, n'\u00e9mane pas du comit\u00e9 d'organisation qu'il dirige.<\/p>\n<p>Recevant le ministre du Tourisme et de l'Artisanat, Mountaga Diao en pr\u00e9sence du d\u00e9put\u00e9 Amadou Ba, Serigne Bassirou Abdou Khadre Mback\u00e9 a rappel\u00e9 qu'il est le seul habilit\u00e9 \u00e0 signer des lettres au nom du khalife.<\/p>\n<p>\"<em>Nous n'avons pas demand\u00e9 d'h\u00e9bergements au King Fahd Palace. Et si on l'avait demand\u00e9, le gouvernement l'aurait satisfait<\/em>\", a soulign\u00e9 le pr\u00e9sident du comit\u00e9 d'organisation du Magal de Touba.<\/p>\n<p>Pour rappel, la pol\u00e9mique s'est install\u00e9e hier quand la presse et les r\u00e9seaux sociaux ont publi\u00e9 une lettre-r\u00e9ponse de Cheikh Oumar Diagne, directeur des Moyens g\u00e9n\u00e9raux de la pr\u00e9sidence de la pr\u00e9sidence de la R\u00e9publique, signifiant au comit\u00e9 d'organisation l'impossibilit\u00e9 de satisfaire \u00e0 une requ\u00eate demandant l'h\u00e9bergement au King Fahd Palace des d\u00e9l\u00e9gations \u00e9trang\u00e8res venues participer au Magal. En r\u00e9alit\u00e9, la lettre venait de Serigne Cheikhouna Mback\u00e9 de la commission en charge des d\u00e9l\u00e9gations \u00e9trang\u00e8res.<\/p>\n<div class='share-to-whatsapp-wrapper'><div class='share-on-whsp'>PARTAGER SUR : <\/div><a data-text='SERIGNE BASS ABDOU KHADRE : \"Nous n'avons pas demand\u00e9 d'h\u00e9bergements au King Fahd\"' data-link='https:\/\/www.nettali.com\/2024\/08\/23\/serigne-bass-abdou-khadre-nous-navons-pas-demande-dhebergements-au-king-fahd\/' class='whatsapp-button whatsapp-share'>WhatsApp<\/a><div class='clear '><\/div><\/div>","protected":false},"excerpt":{"rendered":"<p>NETTALI.COM - Serigne Bassirou Abdou Khadre Mback\u00e9 met fin \u00e0 la pol\u00e9mique. Le porte-parole du khalife des mourides assure que Touba n'a jamais demand\u00e9 \u00e0 l'Etat l'h\u00e9bergement des d\u00e9l\u00e9gations \u00e9trang\u00e8res au King Fahd Palace.\u00a0 Serigne Bassirou Abdou Khadre Mback\u00e9 est formel. Selon le porte-parole du khalife g\u00e9n\u00e9ral des mourides, la lettre envoy\u00e9e \u00e0 la pr\u00e9sidence [&hellip;]<\/p>\n","protected":false},"author":3,"featured_media":139117,"comment_status":"open","ping_status":"open","sticky":false,"template":"","format":"standard","meta":{"_et_pb_use_builder":"","_et_pb_old_content":""},"categories":[3],"tags":[],"yoast_head":"<!-- This site is optimized with the Yoast SEO Premium plugin v17.8 (Yoast SEO v17.8) - https:\/\/yoast.com\/wordpress\/plugins\/seo\/ -->\n<title>SERIGNE BASS ABDOU KHADRE : &quot;Nous n&#039;avons pas demand\u00e9 d&#039;h\u00e9bergements au King Fahd&quot; | Nettali.com<\/title>\n<meta name=\"robots\" content=\"index, follow, max-snippet:-1, max-image-preview:large, max-video-preview:-1\" \/>\n<link rel=\"canonical\" href=\"https:\/\/www.nettali.com\/2024\/08\/23\/serigne-bass-abdou-khadre-nous-navons-pas-demande-dhebergements-au-king-fahd\/\" \/>\n<meta property=\"og:locale\" content=\"fr_FR\" \/>\n<meta property=\"og:type\" content=\"article\" \/>\n<meta property=\"og:title\" content=\"SERIGNE BASS ABDOU KHADRE : &quot;Nous n&#039;avons pas demand\u00e9 d&#039;h\u00e9bergements au King Fahd&quot;\" \/>\n<meta property=\"og:description\" content=\"NETTALI.COM - Serigne Bassirou Abdou Khadre Mback\u00e9 met fin \u00e0 la pol\u00e9mique. Le porte-parole du khalife des mourides assure que Touba n&#039;a jamais demand\u00e9 \u00e0 l&#039;Etat l&#039;h\u00e9bergement des d\u00e9l\u00e9gations \u00e9trang\u00e8res au King Fahd Palace.\u00a0 Serigne Bassirou Abdou Khadre Mback\u00e9 est formel. Selon le porte-parole du khalife g\u00e9n\u00e9ral des mourides, la lettre envoy\u00e9e \u00e0 la pr\u00e9sidence [&hellip;]\" \/>\n<meta property=\"og:url\" content=\"https:\/\/www.nettali.com\/2024\/08\/23\/serigne-bass-abdou-khadre-nous-navons-pas-demande-dhebergements-au-king-fahd\/\" \/>\n<meta property=\"og:site_name\" content=\"Nettali.com\" \/>\n<meta property=\"article:publisher\" content=\"https:\/\/www.facebook.com\/nettalicom\" \/>\n<meta property=\"article:published_time\" content=\"2024-08-23T18:30:08+00:00\" \/>\n<meta property=\"article:modified_time\" content=\"2024-08-25T11:43:12+00:00\" \/>\n<meta property=\"og:image\" content=\"https:\/\/www.nettali.com\/wp-content\/uploads\/2024\/08\/1724437775817.jpg\" \/>\n\t<meta property=\"og:image:width\" content=\"1079\" \/>\n\t<meta property=\"og:image:height\" content=\"720\" \/>\n<meta name=\"twitter:card\" content=\"summary_large_image\" \/>\n<meta name=\"twitter:label1\" content=\"\u00c9crit par\" \/>\n\t<meta name=\"twitter:data1\" content=\"Moustapha\" \/>\n\t<meta name=\"twitter:label2\" content=\"Dur\u00e9e de lecture estim\u00e9e\" \/>\n\t<meta name=\"twitter:data2\" content=\"2 minutes\" \/>\n<script type=\"application\/ld+json\" class=\"yoast-schema-graph\">{\"@context\":\"https:\/\/schema.org\",\"@graph\":[{\"@type\":\"WebSite\",\"@id\":\"https:\/\/www.nettali.com\/#website\",\"url\":\"https:\/\/www.nettali.com\/\",\"name\":\"Nettali.com\",\"description\":\"Le rendez-vous critique du Net\",\"potentialAction\":[{\"@type\":\"SearchAction\",\"target\":{\"@type\":\"EntryPoint\",\"urlTemplate\":\"https:\/\/www.nettali.com\/?s={search_term_string}\"},\"query-input\":\"required name=search_term_string\"}],\"inLanguage\":\"fr-FR\"},{\"@type\":\"ImageObject\",\"@id\":\"https:\/\/www.nettali.com\/2024\/08\/23\/serigne-bass-abdou-khadre-nous-navons-pas-demande-dhebergements-au-king-fahd\/#primaryimage\",\"inLanguage\":\"fr-FR\",\"url\":\"https:\/\/www.nettali.com\/wp-content\/uploads\/2024\/08\/1724437775817.jpg\",\"contentUrl\":\"https:\/\/www.nettali.com\/wp-content\/uploads\/2024\/08\/1724437775817.jpg\",\"width\":1079,\"height\":720},{\"@type\":\"WebPage\",\"@id\":\"https:\/\/www.nettali.com\/2024\/08\/23\/serigne-bass-abdou-khadre-nous-navons-pas-demande-dhebergements-au-king-fahd\/#webpage\",\"url\":\"https:\/\/www.nettali.com\/2024\/08\/23\/serigne-bass-abdou-khadre-nous-navons-pas-demande-dhebergements-au-king-fahd\/\",\"name\":\"SERIGNE BASS ABDOU KHADRE : \\\"Nous n'avons pas demand\\u00e9 d'h\\u00e9bergements au King Fahd\\\" | Nettali.com\",\"isPartOf\":{\"@id\":\"https:\/\/www.nettali.com\/#website\"},\"primaryImageOfPage\":{\"@id\":\"https:\/\/www.nettali.com\/2024\/08\/23\/serigne-bass-abdou-khadre-nous-navons-pas-demande-dhebergements-au-king-fahd\/#primaryimage\"},\"datePublished\":\"2024-08-23T18:30:08+00:00\",\"dateModified\":\"2024-08-25T11:43:12+00:00\",\"author\":{\"@id\":\"https:\/\/www.nettali.com\/#\/schema\/person\/7962a12a6e0267f88f0ffa544c36469a\"},\"breadcrumb\":{\"@id\":\"https:\/\/www.nettali.com\/2024\/08\/23\/serigne-bass-abdou-khadre-nous-navons-pas-demande-dhebergements-au-king-fahd\/#breadcrumb\"},\"inLanguage\":\"fr-FR\",\"potentialAction\":[{\"@type\":\"ReadAction\",\"target\":[\"https:\/\/www.nettali.com\/2024\/08\/23\/serigne-bass-abdou-khadre-nous-navons-pas-demande-dhebergements-au-king-fahd\/\"]}]},{\"@type\":\"BreadcrumbList\",\"@id\":\"https:\/\/www.nettali.com\/2024\/08\/23\/serigne-bass-abdou-khadre-nous-navons-pas-demande-dhebergements-au-king-fahd\/#breadcrumb\",\"itemListElement\":[{\"@type\":\"ListItem\",\"position\":1,\"name\":\"Accueil\",\"item\":\"https:\/\/www.nettali.com\/\"},{\"@type\":\"ListItem\",\"position\":2,\"name\":\"SERIGNE BASS ABDOU KHADRE : \\\"Nous n'avons pas demand\\u00e9 d'h\\u00e9bergements au King Fahd\\\"\"}]},{\"@type\":\"Person\",\"@id\":\"https:\/\/www.nettali.com\/#\/schema\/person\/7962a12a6e0267f88f0ffa544c36469a\",\"name\":\"Moustapha\",\"image\":{\"@type\":\"ImageObject\",\"@id\":\"https:\/\/www.nettali.com\/#personlogo\",\"inLanguage\":\"fr-FR\",\"url\":\"https:\/\/secure.gravatar.com\/avatar\/10fdf6a071cccdcf374e3dbe45159590?s=96&d=mm&r=g\",\"contentUrl\":\"https:\/\/secure.gravatar.com\/avatar\/10fdf6a071cccdcf374e3dbe45159590?s=96&d=mm&r=g\",\"caption\":\"Moustapha\"},\"sameAs\":[\"https:\/\/www.nettali.com\"]}]}<\/script>\n<!-- \/ Yoast SEO Premium plugin. -->","yoast_head_json":{"title":"SERIGNE BASS ABDOU KHADRE : \"Nous n'avons pas demand\u00e9 d'h\u00e9bergements au King Fahd\" | Nettali.com","robots":{"index":"index","follow":"follow","max-snippet":"max-snippet:-1","max-image-preview":"max-image-preview:large","max-video-preview":"max-video-preview:-1"},"canonical":"https:\/\/www.nettali.com\/2024\/08\/23\/serigne-bass-abdou-khadre-nous-navons-pas-demande-dhebergements-au-king-fahd\/","og_locale":"fr_FR","og_type":"article","og_title":"SERIGNE BASS ABDOU KHADRE : \"Nous n'avons pas demand\u00e9 d'h\u00e9bergements au King Fahd\"","og_description":"NETTALI.COM - Serigne Bassirou Abdou Khadre Mback\u00e9 met fin \u00e0 la pol\u00e9mique. Le porte-parole du khalife des mourides assure que Touba n'a jamais demand\u00e9 \u00e0 l'Etat l'h\u00e9bergement des d\u00e9l\u00e9gations \u00e9trang\u00e8res au King Fahd Palace.\u00a0 Serigne Bassirou Abdou Khadre Mback\u00e9 est formel. Selon le porte-parole du khalife g\u00e9n\u00e9ral des mourides, la lettre envoy\u00e9e \u00e0 la pr\u00e9sidence [&hellip;]","og_url":"https:\/\/www.nettali.com\/2024\/08\/23\/serigne-bass-abdou-khadre-nous-navons-pas-demande-dhebergements-au-king-fahd\/","og_site_name":"Nettali.com","article_publisher":"https:\/\/www.facebook.com\/nettalicom","article_published_time":"2024-08-23T18:30:08+00:00","article_modified_time":"2024-08-25T11:43:12+00:00","og_image":[{"width":1079,"height":720,"url":"https:\/\/www.nettali.com\/wp-content\/uploads\/2024\/08\/1724437775817.jpg","type":"image\/jpeg"}],"twitter_card":"summary_large_image","twitter_misc":{"\u00c9crit par":"Moustapha","Dur\u00e9e de lecture estim\u00e9e":"2 minutes"},"schema":{"@context":"https:\/\/schema.org","@graph":[{"@type":"WebSite","@id":"https:\/\/www.nettali.com\/#website","url":"https:\/\/www.nettali.com\/","name":"Nettali.com","description":"Le rendez-vous critique du Net","potentialAction":[{"@type":"SearchAction","target":{"@type":"EntryPoint","urlTemplate":"https:\/\/www.nettali.com\/?s={search_term_string}"},"query-input":"required name=search_term_string"}],"inLanguage":"fr-FR"},{"@type":"ImageObject","@id":"https:\/\/www.nettali.com\/2024\/08\/23\/serigne-bass-abdou-khadre-nous-navons-pas-demande-dhebergements-au-king-fahd\/#primaryimage","inLanguage":"fr-FR","url":"https:\/\/www.nettali.com\/wp-content\/uploads\/2024\/08\/1724437775817.jpg","contentUrl":"https:\/\/www.nettali.com\/wp-content\/uploads\/2024\/08\/1724437775817.jpg","width":1079,"height":720},{"@type":"WebPage","@id":"https:\/\/www.nettali.com\/2024\/08\/23\/serigne-bass-abdou-khadre-nous-navons-pas-demande-dhebergements-au-king-fahd\/#webpage","url":"https:\/\/www.nettali.com\/2024\/08\/23\/serigne-bass-abdou-khadre-nous-navons-pas-demande-dhebergements-au-king-fahd\/","name":"SERIGNE BASS ABDOU KHADRE : \"Nous n'avons pas demand\u00e9 d'h\u00e9bergements au King Fahd\" | Nettali.com","isPartOf":{"@id":"https:\/\/www.nettali.com\/#website"},"primaryImageOfPage":{"@id":"https:\/\/www.nettali.com\/2024\/08\/23\/serigne-bass-abdou-khadre-nous-navons-pas-demande-dhebergements-au-king-fahd\/#primaryimage"},"datePublished":"2024-08-23T18:30:08+00:00","dateModified":"2024-08-25T11:43:12+00:00","author":{"@id":"https:\/\/www.nettali.com\/#\/schema\/person\/7962a12a6e0267f88f0ffa544c36469a"},"breadcrumb":{"@id":"https:\/\/www.nettali.com\/2024\/08\/23\/serigne-bass-abdou-khadre-nous-navons-pas-demande-dhebergements-au-king-fahd\/#breadcrumb"},"inLanguage":"fr-FR","potentialAction":[{"@type":"ReadAction","target":["https:\/\/www.nettali.com\/2024\/08\/23\/serigne-bass-abdou-khadre-nous-navons-pas-demande-dhebergements-au-king-fahd\/"]}]},{"@type":"BreadcrumbList","@id":"https:\/\/www.nettali.com\/2024\/08\/23\/serigne-bass-abdou-khadre-nous-navons-pas-demande-dhebergements-au-king-fahd\/#breadcrumb","itemListElement":[{"@type":"ListItem","position":1,"name":"Accueil","item":"https:\/\/www.nettali.com\/"},{"@type":"ListItem","position":2,"name":"SERIGNE BASS ABDOU KHADRE : \"Nous n'avons pas demand\u00e9 d'h\u00e9bergements au King Fahd\""}]},{"@type":"Person","@id":"https:\/\/www.nettali.com\/#\/schema\/person\/7962a12a6e0267f88f0ffa544c36469a","name":"Moustapha","image":{"@type":"ImageObject","@id":"https:\/\/www.nettali.com\/#personlogo","inLanguage":"fr-FR","url":"https:\/\/secure.gravatar.com\/avatar\/10fdf6a071cccdcf374e3dbe45159590?s=96&d=mm&r=g","contentUrl":"https:\/\/secure.gravatar.com\/avatar\/10fdf6a071cccdcf374e3dbe45159590?s=96&d=mm&r=g","caption":"Moustapha"},"sameAs":["https:\/\/www.nettali.com"]}]}},"_links":{"self":[{"href":"https:\/\/www.nettali.com\/rest\/wp\/v2\/posts\/139116"}],"collection":[{"href":"https:\/\/www.nettali.com\/rest\/wp\/v2\/posts"}],"about":[{"href":"https:\/\/www.nettali.com\/rest\/wp\/v2\/types\/post"}],"author":[{"embeddable":true,"href":"https:\/\/www.nettali.com\/rest\/wp\/v2\/users\/3"}],"replies":[{"embeddable":true,"href":"https:\/\/www.nettali.com\/rest\/wp\/v2\/comments?post=139116"}],"version-history":[{"count":3,"href":"https:\/\/www.nettali.com\/rest\/wp\/v2\/posts\/139116\/revisions"}],"predecessor-version":[{"id":139159,"href":"https:\/\/www.nettali.com\/rest\/wp\/v2\/posts\/139116\/revisions\/139159"}],"wp:featuredmedia":[{"embeddable":true,"href":"https:\/\/www.nettali.com\/rest\/wp\/v2\/media\/139117"}],"wp:attachment":[{"href":"https:\/\/www.nettali.com\/rest\/wp\/v2\/media?parent=139116"}],"wp:term":[{"taxonomy":"category","embeddable":true,"href":"https:\/\/www.nettali.com\/rest\/wp\/v2\/categories?post=139116"},{"taxonomy":"post_tag","embeddable":true,"href":"https:\/\/www.nettali.com\/rest\/wp\/v2\/tags?post=139116"}],"curies":[{"name":"wp","href":"https:\/\/api.w.org\/{rel}","templated":true}]}}