{"id":139091,"date":"2024-08-22T19:44:31","date_gmt":"2024-08-22T19:44:31","guid":{"rendered":"https:\/\/www.nettali.com\/?p=139091"},"modified":"2024-08-23T17:05:02","modified_gmt":"2024-08-23T17:05:02","slug":"magal-de-touba-larmee-au-coeur-de-la-prise-en-charge-medical-des-pelerins","status":"publish","type":"post","link":"https:\/\/www.nettali.com\/2024\/08\/22\/magal-de-touba-larmee-au-coeur-de-la-prise-en-charge-medical-des-pelerins\/","title":{"rendered":"MAGAL DE TOUBA - L\u2019arm\u00e9e au c\u0153ur de la prise en charge m\u00e9dicale des p\u00e9lerins"},"content":{"rendered":"<div dir=\"auto\">NETTALI.COM -\u00a0 Les arm\u00e9es s\u00e9n\u00e9galaises ont d\u00e9ploy\u00e9 un h\u00f4pital de campagne et mis en alerte un h\u00e9licopt\u00e8re, en guise de contribution \u00e0 la couverture m\u00e9dicale. Des postes m\u00e9dicaux sont d\u00e9ploy\u00e9s \u00e0 Keur Serigne Touba, Keur Serigne Mourtalla et \u00e0 Gu\u00e9d\u00e9. Par ces actes, l'arm\u00e9e d\u00e9montre que le concept \"arm\u00e9e-nation\" n'est pas qu'un slogan, mais une r\u00e9alit\u00e9.<\/div>\n<div dir=\"auto\">\n\n\t\t<style type=\"text\/css\">\n\t\t\t#gallery-1 {\n\t\t\t\tmargin: auto;\n\t\t\t}\n\t\t\t#gallery-1 .gallery-item {\n\t\t\t\tfloat: left;\n\t\t\t\tmargin-top: 10px;\n\t\t\t\ttext-align: center;\n\t\t\t\twidth: 100%;\n\t\t\t}\n\t\t\t#gallery-1 img {\n\t\t\t\tborder: 2px solid #cfcfcf;\n\t\t\t}\n\t\t\t#gallery-1 .gallery-caption {\n\t\t\t\tmargin-left: 0;\n\t\t\t}\n\t\t\t\/* see gallery_shortcode() in wp-includes\/media.php *\/\n\t\t<\/style>\n\t\t<div id='gallery-1' class='gallery galleryid-139091 gallery-columns-1 gallery-size-full'><dl class='gallery-item'>\n\t\t\t<dt class='gallery-icon landscape'>\n\t\t\t\t<a href='https:\/\/www.nettali.com\/2024\/08\/22\/magal-de-touba-larmee-au-coeur-de-la-prise-en-charge-medical-des-pelerins\/armee-touba\/'><img width=\"1044\" height=\"696\" src=\"https:\/\/www.nettali.com\/wp-content\/uploads\/2024\/08\/Arme\u0301e-Touba.jpg\" class=\"attachment-full size-full\" alt=\"\" loading=\"lazy\" srcset=\"https:\/\/www.nettali.com\/wp-content\/uploads\/2024\/08\/Arme\u0301e-Touba.jpg 1044w, https:\/\/www.nettali.com\/wp-content\/uploads\/2024\/08\/Arme\u0301e-Touba-300x200.jpg 300w, https:\/\/www.nettali.com\/wp-content\/uploads\/2024\/08\/Arme\u0301e-Touba-1024x683.jpg 1024w, https:\/\/www.nettali.com\/wp-content\/uploads\/2024\/08\/Arme\u0301e-Touba-768x512.jpg 768w\" sizes=\"(max-width: 1044px) 100vw, 1044px\" \/><\/a>\n\t\t\t<\/dt><\/dl><br style=\"clear: both\" \/><dl class='gallery-item'>\n\t\t\t<dt class='gallery-icon landscape'>\n\t\t\t\t<a href='https:\/\/www.nettali.com\/2024\/08\/22\/magal-de-touba-larmee-au-coeur-de-la-prise-en-charge-medical-des-pelerins\/armee-8\/'><img width=\"1044\" height=\"696\" src=\"https:\/\/www.nettali.com\/wp-content\/uploads\/2024\/08\/Arme\u0301e.jpg\" class=\"attachment-full size-full\" alt=\"\" loading=\"lazy\" srcset=\"https:\/\/www.nettali.com\/wp-content\/uploads\/2024\/08\/Arme\u0301e.jpg 1044w, https:\/\/www.nettali.com\/wp-content\/uploads\/2024\/08\/Arme\u0301e-300x200.jpg 300w, https:\/\/www.nettali.com\/wp-content\/uploads\/2024\/08\/Arme\u0301e-1024x683.jpg 1024w, https:\/\/www.nettali.com\/wp-content\/uploads\/2024\/08\/Arme\u0301e-768x512.jpg 768w\" sizes=\"(max-width: 1044px) 100vw, 1044px\" \/><\/a>\n\t\t\t<\/dt><\/dl><br style=\"clear: both\" \/>\n\t\t<\/div>\n\n<\/div>\n<div class='share-to-whatsapp-wrapper'><div class='share-on-whsp'>PARTAGER SUR : <\/div><a data-text='MAGAL DE TOUBA - L\u2019arm\u00e9e au c\u0153ur de la prise en charge m\u00e9dicale des p\u00e9lerins' data-link='https:\/\/www.nettali.com\/2024\/08\/22\/magal-de-touba-larmee-au-coeur-de-la-prise-en-charge-medical-des-pelerins\/' class='whatsapp-button whatsapp-share'>WhatsApp<\/a><div class='clear '><\/div><\/div>","protected":false},"excerpt":{"rendered":"<p>NETTALI.COM -\u00a0 Les arm\u00e9es s\u00e9n\u00e9galaises ont d\u00e9ploy\u00e9 un h\u00f4pital de campagne et mis en alerte un h\u00e9licopt\u00e8re, en guise de contribution \u00e0 la couverture m\u00e9dicale. Des postes m\u00e9dicaux sont d\u00e9ploy\u00e9s \u00e0 Keur Serigne Touba, Keur Serigne Mourtalla et \u00e0 Gu\u00e9d\u00e9. Par ces actes, l'arm\u00e9e d\u00e9montre que le concept \"arm\u00e9e-nation\" n'est pas qu'un slogan, mais une [&hellip;]<\/p>\n","protected":false},"author":4,"featured_media":139094,"comment_status":"open","ping_status":"open","sticky":false,"template":"","format":"standard","meta":{"_et_pb_use_builder":"","_et_pb_old_content":""},"categories":[3],"tags":[],"yoast_head":"<!-- This site is optimized with the Yoast SEO Premium plugin v17.8 (Yoast SEO v17.8) - https:\/\/yoast.com\/wordpress\/plugins\/seo\/ -->\n<title>MAGAL DE TOUBA - L\u2019arm\u00e9e au c\u0153ur de la prise en charge m\u00e9dicale des p\u00e9lerins | Nettali.com<\/title>\n<meta name=\"robots\" content=\"index, follow, max-snippet:-1, max-image-preview:large, max-video-preview:-1\" \/>\n<link rel=\"canonical\" href=\"https:\/\/www.nettali.com\/2024\/08\/22\/magal-de-touba-larmee-au-coeur-de-la-prise-en-charge-medical-des-pelerins\/\" \/>\n<meta property=\"og:locale\" content=\"fr_FR\" \/>\n<meta property=\"og:type\" content=\"article\" \/>\n<meta property=\"og:title\" content=\"MAGAL DE TOUBA - L\u2019arm\u00e9e au c\u0153ur de la prise en charge m\u00e9dicale des p\u00e9lerins\" \/>\n<meta property=\"og:description\" content=\"NETTALI.COM -\u00a0 Les arm\u00e9es s\u00e9n\u00e9galaises ont d\u00e9ploy\u00e9 un h\u00f4pital de campagne et mis en alerte un h\u00e9licopt\u00e8re, en guise de contribution \u00e0 la couverture m\u00e9dicale. Des postes m\u00e9dicaux sont d\u00e9ploy\u00e9s \u00e0 Keur Serigne Touba, Keur Serigne Mourtalla et \u00e0 Gu\u00e9d\u00e9. Par ces actes, l&#039;arm\u00e9e d\u00e9montre que le concept &quot;arm\u00e9e-nation&quot; n&#039;est pas qu&#039;un slogan, mais une [&hellip;]\" \/>\n<meta property=\"og:url\" content=\"https:\/\/www.nettali.com\/2024\/08\/22\/magal-de-touba-larmee-au-coeur-de-la-prise-en-charge-medical-des-pelerins\/\" \/>\n<meta property=\"og:site_name\" content=\"Nettali.com\" \/>\n<meta property=\"article:publisher\" content=\"https:\/\/www.facebook.com\/nettalicom\" \/>\n<meta property=\"article:published_time\" content=\"2024-08-22T19:44:31+00:00\" \/>\n<meta property=\"article:modified_time\" content=\"2024-08-23T17:05:02+00:00\" \/>\n<meta property=\"og:image\" content=\"https:\/\/www.nettali.com\/wp-content\/uploads\/2024\/08\/Arme\u0301e.jpg\" \/>\n\t<meta property=\"og:image:width\" content=\"1044\" \/>\n\t<meta property=\"og:image:height\" content=\"696\" \/>\n<meta name=\"twitter:card\" content=\"summary_large_image\" \/>\n<meta name=\"twitter:label1\" content=\"\u00c9crit par\" \/>\n\t<meta name=\"twitter:data1\" content=\"Daouda\" \/>\n\t<meta name=\"twitter:label2\" content=\"Dur\u00e9e de lecture estim\u00e9e\" \/>\n\t<meta name=\"twitter:data2\" content=\"1 minute\" \/>\n<script type=\"application\/ld+json\" class=\"yoast-schema-graph\">{\"@context\":\"https:\/\/schema.org\",\"@graph\":[{\"@type\":\"WebSite\",\"@id\":\"https:\/\/www.nettali.com\/#website\",\"url\":\"https:\/\/www.nettali.com\/\",\"name\":\"Nettali.com\",\"description\":\"Le rendez-vous critique du Net\",\"potentialAction\":[{\"@type\":\"SearchAction\",\"target\":{\"@type\":\"EntryPoint\",\"urlTemplate\":\"https:\/\/www.nettali.com\/?s={search_term_string}\"},\"query-input\":\"required name=search_term_string\"}],\"inLanguage\":\"fr-FR\"},{\"@type\":\"ImageObject\",\"@id\":\"https:\/\/www.nettali.com\/2024\/08\/22\/magal-de-touba-larmee-au-coeur-de-la-prise-en-charge-medical-des-pelerins\/#primaryimage\",\"inLanguage\":\"fr-FR\",\"url\":\"https:\/\/www.nettali.com\/wp-content\/uploads\/2024\/08\/Arme\\u0301e.jpg\",\"contentUrl\":\"https:\/\/www.nettali.com\/wp-content\/uploads\/2024\/08\/Arme\\u0301e.jpg\",\"width\":1044,\"height\":696},{\"@type\":\"WebPage\",\"@id\":\"https:\/\/www.nettali.com\/2024\/08\/22\/magal-de-touba-larmee-au-coeur-de-la-prise-en-charge-medical-des-pelerins\/#webpage\",\"url\":\"https:\/\/www.nettali.com\/2024\/08\/22\/magal-de-touba-larmee-au-coeur-de-la-prise-en-charge-medical-des-pelerins\/\",\"name\":\"MAGAL DE TOUBA - L\\u2019arm\\u00e9e au c\\u0153ur de la prise en charge m\\u00e9dicale des p\\u00e9lerins | Nettali.com\",\"isPartOf\":{\"@id\":\"https:\/\/www.nettali.com\/#website\"},\"primaryImageOfPage\":{\"@id\":\"https:\/\/www.nettali.com\/2024\/08\/22\/magal-de-touba-larmee-au-coeur-de-la-prise-en-charge-medical-des-pelerins\/#primaryimage\"},\"datePublished\":\"2024-08-22T19:44:31+00:00\",\"dateModified\":\"2024-08-23T17:05:02+00:00\",\"author\":{\"@id\":\"https:\/\/www.nettali.com\/#\/schema\/person\/3317e0bb3aa1da309fbf7b2780901bf4\"},\"breadcrumb\":{\"@id\":\"https:\/\/www.nettali.com\/2024\/08\/22\/magal-de-touba-larmee-au-coeur-de-la-prise-en-charge-medical-des-pelerins\/#breadcrumb\"},\"inLanguage\":\"fr-FR\",\"potentialAction\":[{\"@type\":\"ReadAction\",\"target\":[\"https:\/\/www.nettali.com\/2024\/08\/22\/magal-de-touba-larmee-au-coeur-de-la-prise-en-charge-medical-des-pelerins\/\"]}]},{\"@type\":\"BreadcrumbList\",\"@id\":\"https:\/\/www.nettali.com\/2024\/08\/22\/magal-de-touba-larmee-au-coeur-de-la-prise-en-charge-medical-des-pelerins\/#breadcrumb\",\"itemListElement\":[{\"@type\":\"ListItem\",\"position\":1,\"name\":\"Accueil\",\"item\":\"https:\/\/www.nettali.com\/\"},{\"@type\":\"ListItem\",\"position\":2,\"name\":\"MAGAL DE TOUBA - L\\u2019arm\\u00e9e au c\\u0153ur de la prise en charge m\\u00e9dicale des p\\u00e9lerins\"}]},{\"@type\":\"Person\",\"@id\":\"https:\/\/www.nettali.com\/#\/schema\/person\/3317e0bb3aa1da309fbf7b2780901bf4\",\"name\":\"Daouda\",\"image\":{\"@type\":\"ImageObject\",\"@id\":\"https:\/\/www.nettali.com\/#personlogo\",\"inLanguage\":\"fr-FR\",\"url\":\"https:\/\/secure.gravatar.com\/avatar\/8d143b5a49345098ddcfee1c49c2f47c?s=96&d=mm&r=g\",\"contentUrl\":\"https:\/\/secure.gravatar.com\/avatar\/8d143b5a49345098ddcfee1c49c2f47c?s=96&d=mm&r=g\",\"caption\":\"Daouda\"},\"sameAs\":[\"https:\/\/www.nettali.com\"]}]}<\/script>\n<!-- \/ Yoast SEO Premium plugin. -->","yoast_head_json":{"title":"MAGAL DE TOUBA - L\u2019arm\u00e9e au c\u0153ur de la prise en charge m\u00e9dicale des p\u00e9lerins | Nettali.com","robots":{"index":"index","follow":"follow","max-snippet":"max-snippet:-1","max-image-preview":"max-image-preview:large","max-video-preview":"max-video-preview:-1"},"canonical":"https:\/\/www.nettali.com\/2024\/08\/22\/magal-de-touba-larmee-au-coeur-de-la-prise-en-charge-medical-des-pelerins\/","og_locale":"fr_FR","og_type":"article","og_title":"MAGAL DE TOUBA - L\u2019arm\u00e9e au c\u0153ur de la prise en charge m\u00e9dicale des p\u00e9lerins","og_description":"NETTALI.COM -\u00a0 Les arm\u00e9es s\u00e9n\u00e9galaises ont d\u00e9ploy\u00e9 un h\u00f4pital de campagne et mis en alerte un h\u00e9licopt\u00e8re, en guise de contribution \u00e0 la couverture m\u00e9dicale. Des postes m\u00e9dicaux sont d\u00e9ploy\u00e9s \u00e0 Keur Serigne Touba, Keur Serigne Mourtalla et \u00e0 Gu\u00e9d\u00e9. Par ces actes, l'arm\u00e9e d\u00e9montre que le concept \"arm\u00e9e-nation\" n'est pas qu'un slogan, mais une [&hellip;]","og_url":"https:\/\/www.nettali.com\/2024\/08\/22\/magal-de-touba-larmee-au-coeur-de-la-prise-en-charge-medical-des-pelerins\/","og_site_name":"Nettali.com","article_publisher":"https:\/\/www.facebook.com\/nettalicom","article_published_time":"2024-08-22T19:44:31+00:00","article_modified_time":"2024-08-23T17:05:02+00:00","og_image":[{"width":1044,"height":696,"url":"https:\/\/www.nettali.com\/wp-content\/uploads\/2024\/08\/Arme\u0301e.jpg","type":"image\/jpeg"}],"twitter_card":"summary_large_image","twitter_misc":{"\u00c9crit par":"Daouda","Dur\u00e9e de lecture estim\u00e9e":"1 minute"},"schema":{"@context":"https:\/\/schema.org","@graph":[{"@type":"WebSite","@id":"https:\/\/www.nettali.com\/#website","url":"https:\/\/www.nettali.com\/","name":"Nettali.com","description":"Le rendez-vous critique du Net","potentialAction":[{"@type":"SearchAction","target":{"@type":"EntryPoint","urlTemplate":"https:\/\/www.nettali.com\/?s={search_term_string}"},"query-input":"required name=search_term_string"}],"inLanguage":"fr-FR"},{"@type":"ImageObject","@id":"https:\/\/www.nettali.com\/2024\/08\/22\/magal-de-touba-larmee-au-coeur-de-la-prise-en-charge-medical-des-pelerins\/#primaryimage","inLanguage":"fr-FR","url":"https:\/\/www.nettali.com\/wp-content\/uploads\/2024\/08\/Arme\u0301e.jpg","contentUrl":"https:\/\/www.nettali.com\/wp-content\/uploads\/2024\/08\/Arme\u0301e.jpg","width":1044,"height":696},{"@type":"WebPage","@id":"https:\/\/www.nettali.com\/2024\/08\/22\/magal-de-touba-larmee-au-coeur-de-la-prise-en-charge-medical-des-pelerins\/#webpage","url":"https:\/\/www.nettali.com\/2024\/08\/22\/magal-de-touba-larmee-au-coeur-de-la-prise-en-charge-medical-des-pelerins\/","name":"MAGAL DE TOUBA - L\u2019arm\u00e9e au c\u0153ur de la prise en charge m\u00e9dicale des p\u00e9lerins | Nettali.com","isPartOf":{"@id":"https:\/\/www.nettali.com\/#website"},"primaryImageOfPage":{"@id":"https:\/\/www.nettali.com\/2024\/08\/22\/magal-de-touba-larmee-au-coeur-de-la-prise-en-charge-medical-des-pelerins\/#primaryimage"},"datePublished":"2024-08-22T19:44:31+00:00","dateModified":"2024-08-23T17:05:02+00:00","author":{"@id":"https:\/\/www.nettali.com\/#\/schema\/person\/3317e0bb3aa1da309fbf7b2780901bf4"},"breadcrumb":{"@id":"https:\/\/www.nettali.com\/2024\/08\/22\/magal-de-touba-larmee-au-coeur-de-la-prise-en-charge-medical-des-pelerins\/#breadcrumb"},"inLanguage":"fr-FR","potentialAction":[{"@type":"ReadAction","target":["https:\/\/www.nettali.com\/2024\/08\/22\/magal-de-touba-larmee-au-coeur-de-la-prise-en-charge-medical-des-pelerins\/"]}]},{"@type":"BreadcrumbList","@id":"https:\/\/www.nettali.com\/2024\/08\/22\/magal-de-touba-larmee-au-coeur-de-la-prise-en-charge-medical-des-pelerins\/#breadcrumb","itemListElement":[{"@type":"ListItem","position":1,"name":"Accueil","item":"https:\/\/www.nettali.com\/"},{"@type":"ListItem","position":2,"name":"MAGAL DE TOUBA - L\u2019arm\u00e9e au c\u0153ur de la prise en charge m\u00e9dicale des p\u00e9lerins"}]},{"@type":"Person","@id":"https:\/\/www.nettali.com\/#\/schema\/person\/3317e0bb3aa1da309fbf7b2780901bf4","name":"Daouda","image":{"@type":"ImageObject","@id":"https:\/\/www.nettali.com\/#personlogo","inLanguage":"fr-FR","url":"https:\/\/secure.gravatar.com\/avatar\/8d143b5a49345098ddcfee1c49c2f47c?s=96&d=mm&r=g","contentUrl":"https:\/\/secure.gravatar.com\/avatar\/8d143b5a49345098ddcfee1c49c2f47c?s=96&d=mm&r=g","caption":"Daouda"},"sameAs":["https:\/\/www.nettali.com"]}]}},"_links":{"self":[{"href":"https:\/\/www.nettali.com\/rest\/wp\/v2\/posts\/139091"}],"collection":[{"href":"https:\/\/www.nettali.com\/rest\/wp\/v2\/posts"}],"about":[{"href":"https:\/\/www.nettali.com\/rest\/wp\/v2\/types\/post"}],"author":[{"embeddable":true,"href":"https:\/\/www.nettali.com\/rest\/wp\/v2\/users\/4"}],"replies":[{"embeddable":true,"href":"https:\/\/www.nettali.com\/rest\/wp\/v2\/comments?post=139091"}],"version-history":[{"count":3,"href":"https:\/\/www.nettali.com\/rest\/wp\/v2\/posts\/139091\/revisions"}],"predecessor-version":[{"id":139114,"href":"https:\/\/www.nettali.com\/rest\/wp\/v2\/posts\/139091\/revisions\/139114"}],"wp:featuredmedia":[{"embeddable":true,"href":"https:\/\/www.nettali.com\/rest\/wp\/v2\/media\/139094"}],"wp:attachment":[{"href":"https:\/\/www.nettali.com\/rest\/wp\/v2\/media?parent=139091"}],"wp:term":[{"taxonomy":"category","embeddable":true,"href":"https:\/\/www.nettali.com\/rest\/wp\/v2\/categories?post=139091"},{"taxonomy":"post_tag","embeddable":true,"href":"https:\/\/www.nettali.com\/rest\/wp\/v2\/tags?post=139091"}],"curies":[{"name":"wp","href":"https:\/\/api.w.org\/{rel}","templated":true}]}}