{"id":138985,"date":"2024-08-21T08:26:45","date_gmt":"2024-08-21T08:26:45","guid":{"rendered":"https:\/\/www.nettali.com\/?p=138985"},"modified":"2024-08-21T08:26:45","modified_gmt":"2024-08-21T08:26:45","slug":"polemiques-sur-lattribution-des-marches-de-curage-lonas-annonce-une-plainte-contre-dr-cheikh-dieng","status":"publish","type":"post","link":"https:\/\/www.nettali.com\/2024\/08\/21\/polemiques-sur-lattribution-des-marches-de-curage-lonas-annonce-une-plainte-contre-dr-cheikh-dieng\/","title":{"rendered":"POLE\u0301MIQUES SUR L'ATTRIBUTION DES MARCHE\u0301S DE CURAGE - L\u2019Onas annonce une plainte contre Dr Cheikh Dieng"},"content":{"rendered":"<div class=\"page\" title=\"Page 4\">\n<div class=\"section\">\n<div class=\"layoutArea\">\n<div class=\"column\">\n<p><strong>NETTALI.COM - A\u0300 la suite des graves accusations formule\u0301es par le Dr Cheikh Dieng a\u0300 l\u2019encontre du ministre de l\u2019Hydraulique et de l\u2019Assainissement, les services techniques de l\u2019Office national de l\u2019assainissement du Se\u0301ne\u0301gal (Onas) ont tenu une confe\u0301rence de presse, ce mardi 20 Ao\u00fbt pour clarifier la situation concernant l\u2019attribution des marche\u0301s de curage. Ils ont re\u0301ve\u0301le\u0301 que parmi les six entreprises consulte\u0301es pour la gestion de l\u2019assainissement, seule Delgas posse\u0300de une expe\u0301rience significative dans ce domaine. De plus, l\u2019Onas a annonce\u0301 son intention de de\u0301poser une plainte contre le Dr Cheikh Dieng.<\/strong><\/p>\n<\/div>\n<\/div>\n<div class=\"layoutArea\">\n<div class=\"column\">\n<p>L\u2019 ancien directeur ge\u0301ne\u0301ral de l\u2019Onas, Dr Cheikh Dieng, accuse le ministre de l\u2019Hydraulique et de l\u2019Assainissement d\u2019e\u0302tre responsable de son limogeage. Hier, beaucoup s\u2019attendaient a\u0300 ce que Cheikh Tidiane Die\u0300ye, lui-me\u0302me, re\u0301ponde aux accusations porte\u0301es par l\u2019ex-DG de l\u2019Onas. A\u0300 la surprise ge\u0301ne\u0301rale, ce sont les services techniques de l\u2019Onas qui ont anime\u0301 le point de presse. Ils ont rejete\u0301 les accusations contre Cheikh Tidiane Die\u0300ye et fait des pre\u0301cisions sur l\u2019attribution des marche\u0301s de curage.<\/p>\n<p>Le directeur de l\u2019Assainissement, Omar Se\u0300ne, a pre\u0301cise\u0301 qu\u2019a\u0300 la suite des retards constate\u0301s dans l\u2019exe\u0301cution des travaux de curage par les entreprises Tawfekh et Taysir pour la re\u0301gion de Dakar, ainsi que Delgas pour les autres re\u0301gions, Cheikh Tidiane Die\u0300ye avait demande\u0301 au DG sortant de l\u2019Onas, Cheikh Dieng, de trouver une solution urgente.<\/p>\n<p>Constatant le manque d\u2019initiative du Dr Dieng, Oumar Se\u0300ne a indique\u0301 que le ministre avait facilite\u0301 la cre\u0301ation d\u2019un groupe de travail technique compose\u0301 de spe\u0301cialistes de l\u2019Onas et des services du de\u0301partement pour accompagner la de\u0301marche.<\/p>\n<p>Sur la base des recommandations de ce groupe, Cheikh Tidiane Die\u0300ye a propose\u0301 d\u2019arre\u0302ter la proce\u0301dure de contractualisation avec Tawfekh pour Dakar, en raison de leur manque de capacite\u0301s, et de relancer le marche\u0301 a\u0300 travers une pro- ce\u0301dure d\u2019entente directe avec des entreprises reconnues.<\/p>\n<\/div>\n<div class=\"column\">\n<p>Concernant les autres re\u0301gions, le ministre avait demande\u0301 a\u0300 Delgas de poursuivre les travaux dans les zones de\u0301ja\u0300 engage\u0301es et pour les autres loca- lite\u0301s telles que Mbour, Joal, Diourbel, Touba Mbacke\u0301, Matam et Podor, il avait recommande\u0301 une proce\u0301dure d\u2019entente directe avec des entreprises de capacite\u0301 ave\u0301re\u0301e.<\/p>\n<p>Par ailleurs, le directeur de l\u2019Assainissement a souligne\u0301 que le ministre avait constate\u0301 des e\u0301carts significatifs de prix par rapport aux cou\u0302ts moyens en vigueur.<\/p>\n<p>En conse\u0301quence, Cheikh Tidiane Die\u0300ye a demande\u0301 a\u0300 Cheikh Dieng, par lettre en date du 29 juillet 2024, d\u2019arre\u0302ter la proce\u0301dure avec les deux entreprises concerne\u0301es et de ne surtout pas signer les projets de contrat. A\u0300 la date du 26 juillet 2024, soit apre\u0300s l\u2019e\u0301coulement de 66 % des de\u0301lais convenus, il a e\u0301te\u0301 observe\u0301 un faible niveau d\u2019exe\u0301cution de seulement 10 % a\u0300 Dakar et un peu plus de 30 % dans les autres re\u0301gions.<\/p>\n<p>Ainsi, l\u2019Onas a annonce\u0301 son intention de de\u0301poser une plainte contre le Dr Cheikh Dieng.<\/p>\n<\/div>\n<\/div>\n<\/div>\n<\/div>\n<div class='share-to-whatsapp-wrapper'><div class='share-on-whsp'>PARTAGER SUR : <\/div><a data-text='POLE\u0301MIQUES SUR L'ATTRIBUTION DES MARCHE\u0301S DE CURAGE - L\u2019Onas annonce une plainte contre Dr Cheikh Dieng' data-link='https:\/\/www.nettali.com\/2024\/08\/21\/polemiques-sur-lattribution-des-marches-de-curage-lonas-annonce-une-plainte-contre-dr-cheikh-dieng\/' class='whatsapp-button whatsapp-share'>WhatsApp<\/a><div class='clear '><\/div><\/div>","protected":false},"excerpt":{"rendered":"<p>NETTALI.COM - A\u0300 la suite des graves accusations formule\u0301es par le Dr Cheikh Dieng a\u0300 l\u2019encontre du ministre de l\u2019Hydraulique et de l\u2019Assainissement, les services techniques de l\u2019Office national de l\u2019assainissement du Se\u0301ne\u0301gal (Onas) ont tenu une confe\u0301rence de presse, ce mardi 20 Ao\u00fbt pour clarifier la situation concernant l\u2019attribution des marche\u0301s de curage. Ils [&hellip;]<\/p>\n","protected":false},"author":2,"featured_media":138818,"comment_status":"open","ping_status":"open","sticky":false,"template":"","format":"standard","meta":{"_et_pb_use_builder":"","_et_pb_old_content":""},"categories":[34945],"tags":[],"yoast_head":"<!-- This site is optimized with the Yoast SEO Premium plugin v17.8 (Yoast SEO v17.8) - https:\/\/yoast.com\/wordpress\/plugins\/seo\/ -->\n<title>POLE\u0301MIQUES SUR L&#039;ATTRIBUTION DES MARCHE\u0301S DE CURAGE - L\u2019Onas annonce une plainte contre Dr Cheikh Dieng | Nettali.com<\/title>\n<meta name=\"robots\" content=\"index, follow, max-snippet:-1, max-image-preview:large, max-video-preview:-1\" \/>\n<link rel=\"canonical\" href=\"https:\/\/www.nettali.com\/2024\/08\/21\/polemiques-sur-lattribution-des-marches-de-curage-lonas-annonce-une-plainte-contre-dr-cheikh-dieng\/\" \/>\n<meta property=\"og:locale\" content=\"fr_FR\" \/>\n<meta property=\"og:type\" content=\"article\" \/>\n<meta property=\"og:title\" content=\"POLE\u0301MIQUES SUR L&#039;ATTRIBUTION DES MARCHE\u0301S DE CURAGE - L\u2019Onas annonce une plainte contre Dr Cheikh Dieng\" \/>\n<meta property=\"og:description\" content=\"NETTALI.COM - A\u0300 la suite des graves accusations formule\u0301es par le Dr Cheikh Dieng a\u0300 l\u2019encontre du ministre de l\u2019Hydraulique et de l\u2019Assainissement, les services techniques de l\u2019Office national de l\u2019assainissement du Se\u0301ne\u0301gal (Onas) ont tenu une confe\u0301rence de presse, ce mardi 20 Ao\u00fbt pour clarifier la situation concernant l\u2019attribution des marche\u0301s de curage. Ils [&hellip;]\" \/>\n<meta property=\"og:url\" content=\"https:\/\/www.nettali.com\/2024\/08\/21\/polemiques-sur-lattribution-des-marches-de-curage-lonas-annonce-une-plainte-contre-dr-cheikh-dieng\/\" \/>\n<meta property=\"og:site_name\" content=\"Nettali.com\" \/>\n<meta property=\"article:publisher\" content=\"https:\/\/www.facebook.com\/nettalicom\" \/>\n<meta property=\"article:published_time\" content=\"2024-08-21T08:26:45+00:00\" \/>\n<meta property=\"og:image\" content=\"https:\/\/www.nettali.com\/wp-content\/uploads\/2024\/08\/feccb216fbd85663284f6039735a66505cae23a7.jpg\" \/>\n\t<meta property=\"og:image:width\" content=\"612\" \/>\n\t<meta property=\"og:image:height\" content=\"298\" \/>\n<meta name=\"twitter:card\" content=\"summary_large_image\" \/>\n<meta name=\"twitter:label1\" content=\"\u00c9crit par\" \/>\n\t<meta name=\"twitter:data1\" content=\"CK\" \/>\n\t<meta name=\"twitter:label2\" content=\"Dur\u00e9e de lecture estim\u00e9e\" \/>\n\t<meta name=\"twitter:data2\" content=\"3 minutes\" \/>\n<script type=\"application\/ld+json\" class=\"yoast-schema-graph\">{\"@context\":\"https:\/\/schema.org\",\"@graph\":[{\"@type\":\"WebSite\",\"@id\":\"https:\/\/www.nettali.com\/#website\",\"url\":\"https:\/\/www.nettali.com\/\",\"name\":\"Nettali.com\",\"description\":\"Le rendez-vous critique du Net\",\"potentialAction\":[{\"@type\":\"SearchAction\",\"target\":{\"@type\":\"EntryPoint\",\"urlTemplate\":\"https:\/\/www.nettali.com\/?s={search_term_string}\"},\"query-input\":\"required name=search_term_string\"}],\"inLanguage\":\"fr-FR\"},{\"@type\":\"ImageObject\",\"@id\":\"https:\/\/www.nettali.com\/2024\/08\/21\/polemiques-sur-lattribution-des-marches-de-curage-lonas-annonce-une-plainte-contre-dr-cheikh-dieng\/#primaryimage\",\"inLanguage\":\"fr-FR\",\"url\":\"https:\/\/www.nettali.com\/wp-content\/uploads\/2024\/08\/feccb216fbd85663284f6039735a66505cae23a7.jpg\",\"contentUrl\":\"https:\/\/www.nettali.com\/wp-content\/uploads\/2024\/08\/feccb216fbd85663284f6039735a66505cae23a7.jpg\",\"width\":612,\"height\":298},{\"@type\":\"WebPage\",\"@id\":\"https:\/\/www.nettali.com\/2024\/08\/21\/polemiques-sur-lattribution-des-marches-de-curage-lonas-annonce-une-plainte-contre-dr-cheikh-dieng\/#webpage\",\"url\":\"https:\/\/www.nettali.com\/2024\/08\/21\/polemiques-sur-lattribution-des-marches-de-curage-lonas-annonce-une-plainte-contre-dr-cheikh-dieng\/\",\"name\":\"POLE\\u0301MIQUES SUR L'ATTRIBUTION DES MARCHE\\u0301S DE CURAGE - L\\u2019Onas annonce une plainte contre Dr Cheikh Dieng | Nettali.com\",\"isPartOf\":{\"@id\":\"https:\/\/www.nettali.com\/#website\"},\"primaryImageOfPage\":{\"@id\":\"https:\/\/www.nettali.com\/2024\/08\/21\/polemiques-sur-lattribution-des-marches-de-curage-lonas-annonce-une-plainte-contre-dr-cheikh-dieng\/#primaryimage\"},\"datePublished\":\"2024-08-21T08:26:45+00:00\",\"dateModified\":\"2024-08-21T08:26:45+00:00\",\"author\":{\"@id\":\"https:\/\/www.nettali.com\/#\/schema\/person\/d8ac7b7e27ddad43f1c0d2ef090d7f71\"},\"breadcrumb\":{\"@id\":\"https:\/\/www.nettali.com\/2024\/08\/21\/polemiques-sur-lattribution-des-marches-de-curage-lonas-annonce-une-plainte-contre-dr-cheikh-dieng\/#breadcrumb\"},\"inLanguage\":\"fr-FR\",\"potentialAction\":[{\"@type\":\"ReadAction\",\"target\":[\"https:\/\/www.nettali.com\/2024\/08\/21\/polemiques-sur-lattribution-des-marches-de-curage-lonas-annonce-une-plainte-contre-dr-cheikh-dieng\/\"]}]},{\"@type\":\"BreadcrumbList\",\"@id\":\"https:\/\/www.nettali.com\/2024\/08\/21\/polemiques-sur-lattribution-des-marches-de-curage-lonas-annonce-une-plainte-contre-dr-cheikh-dieng\/#breadcrumb\",\"itemListElement\":[{\"@type\":\"ListItem\",\"position\":1,\"name\":\"Accueil\",\"item\":\"https:\/\/www.nettali.com\/\"},{\"@type\":\"ListItem\",\"position\":2,\"name\":\"POLE\\u0301MIQUES SUR L'ATTRIBUTION DES MARCHE\\u0301S DE CURAGE - L\\u2019Onas annonce une plainte contre Dr Cheikh Dieng\"}]},{\"@type\":\"Person\",\"@id\":\"https:\/\/www.nettali.com\/#\/schema\/person\/d8ac7b7e27ddad43f1c0d2ef090d7f71\",\"name\":\"CK\",\"image\":{\"@type\":\"ImageObject\",\"@id\":\"https:\/\/www.nettali.com\/#personlogo\",\"inLanguage\":\"fr-FR\",\"url\":\"https:\/\/secure.gravatar.com\/avatar\/1d8d5118b9327d94da7cd4ce7f17fec2?s=96&d=mm&r=g\",\"contentUrl\":\"https:\/\/secure.gravatar.com\/avatar\/1d8d5118b9327d94da7cd4ce7f17fec2?s=96&d=mm&r=g\",\"caption\":\"CK\"},\"sameAs\":[\"https:\/\/www.nettali.com\"]}]}<\/script>\n<!-- \/ Yoast SEO Premium plugin. -->","yoast_head_json":{"title":"POLE\u0301MIQUES SUR L'ATTRIBUTION DES MARCHE\u0301S DE CURAGE - L\u2019Onas annonce une plainte contre Dr Cheikh Dieng | Nettali.com","robots":{"index":"index","follow":"follow","max-snippet":"max-snippet:-1","max-image-preview":"max-image-preview:large","max-video-preview":"max-video-preview:-1"},"canonical":"https:\/\/www.nettali.com\/2024\/08\/21\/polemiques-sur-lattribution-des-marches-de-curage-lonas-annonce-une-plainte-contre-dr-cheikh-dieng\/","og_locale":"fr_FR","og_type":"article","og_title":"POLE\u0301MIQUES SUR L'ATTRIBUTION DES MARCHE\u0301S DE CURAGE - L\u2019Onas annonce une plainte contre Dr Cheikh Dieng","og_description":"NETTALI.COM - A\u0300 la suite des graves accusations formule\u0301es par le Dr Cheikh Dieng a\u0300 l\u2019encontre du ministre de l\u2019Hydraulique et de l\u2019Assainissement, les services techniques de l\u2019Office national de l\u2019assainissement du Se\u0301ne\u0301gal (Onas) ont tenu une confe\u0301rence de presse, ce mardi 20 Ao\u00fbt pour clarifier la situation concernant l\u2019attribution des marche\u0301s de curage. Ils [&hellip;]","og_url":"https:\/\/www.nettali.com\/2024\/08\/21\/polemiques-sur-lattribution-des-marches-de-curage-lonas-annonce-une-plainte-contre-dr-cheikh-dieng\/","og_site_name":"Nettali.com","article_publisher":"https:\/\/www.facebook.com\/nettalicom","article_published_time":"2024-08-21T08:26:45+00:00","og_image":[{"width":612,"height":298,"url":"https:\/\/www.nettali.com\/wp-content\/uploads\/2024\/08\/feccb216fbd85663284f6039735a66505cae23a7.jpg","type":"image\/jpeg"}],"twitter_card":"summary_large_image","twitter_misc":{"\u00c9crit par":"CK","Dur\u00e9e de lecture estim\u00e9e":"3 minutes"},"schema":{"@context":"https:\/\/schema.org","@graph":[{"@type":"WebSite","@id":"https:\/\/www.nettali.com\/#website","url":"https:\/\/www.nettali.com\/","name":"Nettali.com","description":"Le rendez-vous critique du Net","potentialAction":[{"@type":"SearchAction","target":{"@type":"EntryPoint","urlTemplate":"https:\/\/www.nettali.com\/?s={search_term_string}"},"query-input":"required name=search_term_string"}],"inLanguage":"fr-FR"},{"@type":"ImageObject","@id":"https:\/\/www.nettali.com\/2024\/08\/21\/polemiques-sur-lattribution-des-marches-de-curage-lonas-annonce-une-plainte-contre-dr-cheikh-dieng\/#primaryimage","inLanguage":"fr-FR","url":"https:\/\/www.nettali.com\/wp-content\/uploads\/2024\/08\/feccb216fbd85663284f6039735a66505cae23a7.jpg","contentUrl":"https:\/\/www.nettali.com\/wp-content\/uploads\/2024\/08\/feccb216fbd85663284f6039735a66505cae23a7.jpg","width":612,"height":298},{"@type":"WebPage","@id":"https:\/\/www.nettali.com\/2024\/08\/21\/polemiques-sur-lattribution-des-marches-de-curage-lonas-annonce-une-plainte-contre-dr-cheikh-dieng\/#webpage","url":"https:\/\/www.nettali.com\/2024\/08\/21\/polemiques-sur-lattribution-des-marches-de-curage-lonas-annonce-une-plainte-contre-dr-cheikh-dieng\/","name":"POLE\u0301MIQUES SUR L'ATTRIBUTION DES MARCHE\u0301S DE CURAGE - L\u2019Onas annonce une plainte contre Dr Cheikh Dieng | Nettali.com","isPartOf":{"@id":"https:\/\/www.nettali.com\/#website"},"primaryImageOfPage":{"@id":"https:\/\/www.nettali.com\/2024\/08\/21\/polemiques-sur-lattribution-des-marches-de-curage-lonas-annonce-une-plainte-contre-dr-cheikh-dieng\/#primaryimage"},"datePublished":"2024-08-21T08:26:45+00:00","dateModified":"2024-08-21T08:26:45+00:00","author":{"@id":"https:\/\/www.nettali.com\/#\/schema\/person\/d8ac7b7e27ddad43f1c0d2ef090d7f71"},"breadcrumb":{"@id":"https:\/\/www.nettali.com\/2024\/08\/21\/polemiques-sur-lattribution-des-marches-de-curage-lonas-annonce-une-plainte-contre-dr-cheikh-dieng\/#breadcrumb"},"inLanguage":"fr-FR","potentialAction":[{"@type":"ReadAction","target":["https:\/\/www.nettali.com\/2024\/08\/21\/polemiques-sur-lattribution-des-marches-de-curage-lonas-annonce-une-plainte-contre-dr-cheikh-dieng\/"]}]},{"@type":"BreadcrumbList","@id":"https:\/\/www.nettali.com\/2024\/08\/21\/polemiques-sur-lattribution-des-marches-de-curage-lonas-annonce-une-plainte-contre-dr-cheikh-dieng\/#breadcrumb","itemListElement":[{"@type":"ListItem","position":1,"name":"Accueil","item":"https:\/\/www.nettali.com\/"},{"@type":"ListItem","position":2,"name":"POLE\u0301MIQUES SUR L'ATTRIBUTION DES MARCHE\u0301S DE CURAGE - L\u2019Onas annonce une plainte contre Dr Cheikh Dieng"}]},{"@type":"Person","@id":"https:\/\/www.nettali.com\/#\/schema\/person\/d8ac7b7e27ddad43f1c0d2ef090d7f71","name":"CK","image":{"@type":"ImageObject","@id":"https:\/\/www.nettali.com\/#personlogo","inLanguage":"fr-FR","url":"https:\/\/secure.gravatar.com\/avatar\/1d8d5118b9327d94da7cd4ce7f17fec2?s=96&d=mm&r=g","contentUrl":"https:\/\/secure.gravatar.com\/avatar\/1d8d5118b9327d94da7cd4ce7f17fec2?s=96&d=mm&r=g","caption":"CK"},"sameAs":["https:\/\/www.nettali.com"]}]}},"_links":{"self":[{"href":"https:\/\/www.nettali.com\/rest\/wp\/v2\/posts\/138985"}],"collection":[{"href":"https:\/\/www.nettali.com\/rest\/wp\/v2\/posts"}],"about":[{"href":"https:\/\/www.nettali.com\/rest\/wp\/v2\/types\/post"}],"author":[{"embeddable":true,"href":"https:\/\/www.nettali.com\/rest\/wp\/v2\/users\/2"}],"replies":[{"embeddable":true,"href":"https:\/\/www.nettali.com\/rest\/wp\/v2\/comments?post=138985"}],"version-history":[{"count":1,"href":"https:\/\/www.nettali.com\/rest\/wp\/v2\/posts\/138985\/revisions"}],"predecessor-version":[{"id":138986,"href":"https:\/\/www.nettali.com\/rest\/wp\/v2\/posts\/138985\/revisions\/138986"}],"wp:featuredmedia":[{"embeddable":true,"href":"https:\/\/www.nettali.com\/rest\/wp\/v2\/media\/138818"}],"wp:attachment":[{"href":"https:\/\/www.nettali.com\/rest\/wp\/v2\/media?parent=138985"}],"wp:term":[{"taxonomy":"category","embeddable":true,"href":"https:\/\/www.nettali.com\/rest\/wp\/v2\/categories?post=138985"},{"taxonomy":"post_tag","embeddable":true,"href":"https:\/\/www.nettali.com\/rest\/wp\/v2\/tags?post=138985"}],"curies":[{"name":"wp","href":"https:\/\/api.w.org\/{rel}","templated":true}]}}