{"id":138924,"date":"2024-08-20T09:07:55","date_gmt":"2024-08-20T09:07:55","guid":{"rendered":"https:\/\/www.nettali.com\/?p=138924"},"modified":"2024-08-27T08:57:34","modified_gmt":"2024-08-27T08:57:34","slug":"idiovisuel-duplicite-au-sommet","status":"publish","type":"post","link":"https:\/\/www.nettali.com\/2024\/08\/20\/idiovisuel-duplicite-au-sommet\/","title":{"rendered":"IDIOVISUEL - Duplicit\u00e9 au sommet\u00a0!"},"content":{"rendered":"<p><strong>NETTALI.COM - La journ\u00e9e sans presse du mardi 13 Ao\u00fbt, - la seconde du genre apr\u00e8s celle de la mobilisation de la presse en 2004, li\u00e9e \u00e0 l\u2019arrestation de Madiambal Diagne -, a connu un franc succ\u00e8s. Tous les m\u00e9dias du pays ont en effet r\u00e9pondu \u00e0 l'appel, \u00e0 l'exception d'un seul m\u00e9dium priv\u00e9 connu et les trois m\u00e9dias publics (le soleil, la Rts et l\u2019Aps). De m\u00eame, sur le plan international, des m\u00e9dias francophones, anglophones qu\u2019arabophones, ont tr\u00e8s largement couvert cette journ\u00e9e.\u00a0<\/strong><\/p>\n<p>Entre \u00ab\u00a0<em>blocage de comptes bancaires, production d\u2019\u00e9tat ex\u00e9cutoire de saisie de mat\u00e9riels de production, rupture unilat\u00e9rale et ill\u00e9gale des contrats publicitaires, gel des paiements, mise en demeure, refus de concertation, etc.\u00a0<\/em>\u00bb, la presse qui s'est sentie attaqu\u00e9e, d\u00e9nigr\u00e9e et jet\u00e9e en p\u00e2ture aupr\u00e8s de l\u2019opinion, s\u2019est demand\u00e9e, \u00e0 travers un \u00e9dito commun de la veille, comment dans ces conditions pr\u00e9cit\u00e9es, \u00ab payer ce qui est d\u00fb ?\u00bb.<\/p>\n<p><strong>Des r\u00e9actions anti-patrons de presse inattendues<\/strong><\/p>\n<p>Des r\u00e9actions anti \u00ab\u00a0<em>journ\u00e9e sans presse<\/em> \u00bb, on en attendait plut\u00f4t du c\u00f4t\u00e9 des r\u00e9seaux sociaux, cette jungle sans loi, que de la part de certains confr\u00e8res. Qu\u2019il y ait par exemple des reporters comme A\u00efssatou Ndiathie Fall, journaliste d\u2019I-Radio pour se sentir \u00ab <em>plus pr\u00e9occup\u00e9e par la pr\u00e9carit\u00e9 des reporters que par les revendications des patrons de presse<\/em> \u00bb, prouve qu\u2019elle n\u2019a peut-\u00eatre rien compris du destin li\u00e9 entre les patrons de presse, - des journalistes pour la plupart - et leurs collaborateurs. Il a de m\u00eame \u00e9t\u00e9 \u00e9tonnant de voir les jeunes reporters se fendre d\u2019un \u00e9dito pour contrer l\u2019\u00e9dito des patrons. Une posture pour le moins suspecte. C\u2019est ce qu\u2019on appelle se tromper de combat ou faire le jeu du pouvoir.<\/p>\n<p>Le pire dans cette affaire de journ\u00e9e sans presse, a \u00e9t\u00e9 de voir quelques rares journalistes, relevons-le quand m\u00eame, prendre certaines positions qui montrent clairement qu\u2019ils sont \u00e0 la solde du r\u00e9gime. De voir l\u2019un d\u2019entre eux pondre un \u00e9dito, avec entre autres arguments, qu\u2019on n\u2019aurait pas laiss\u00e9 aux autorit\u00e9s le temps de s\u2019installer, fait vraiment rire. Il \u00e9tait d\u2019autant plus d\u00e9cevant de voir certains pseudo chroniqueurs visiblement gonfl\u00e9s \u00e0 bloc - et dont on ne sait d\u2019ailleurs pas par quel miracle ils ont atterri dans le secteur de la presse -, pousser l\u2019outrecuidance jusqu\u2019\u00e0 critiquer les patrons de presse qui, selon eux, rouleraient sur l\u2019or et seraient apparemment indiff\u00e9rents au sort des reporters. Ils ignorent qu'ils vivent juste avec le \"sak\" (apparence), une posture bien s\u00e9n\u00e9galaise.<\/p>\n<p>Bref le paroxysme du d\u00e9nigrement bas\u00e9 sur une certaine rh\u00e9torique d\u2019o\u00f9 l\u2019on sent poindre une op\u00e9ration t\u00e9l\u00e9guid\u00e9e anti patrons de presse, de l\u2019hypocrisie et surtout beaucoup de z\u00e8le. Lorsqu\u2019on n\u2019a jamais travaill\u00e9 dans sa vie et qu'on se r\u00e9fugie dans un m\u00e9tier o\u00f9 l\u2019on n\u2019a rien \u00e0 faire, que peut-on savoir de la dure r\u00e9alit\u00e9 de chef d\u2019entreprise et de surcro\u00eet de chef d\u2019entreprise de presse ? Un secteur d\u00e9ficitaire par excellence.<\/p>\n<p>Rien, sinon passer son temps \u00e0 p\u00e9rorer en d\u00e9versant des torrents d\u2019opinions qui n\u2019ont rien \u00e0 voir avec le journalisme dont la vocation est de traiter de faits. Savent-ils seulement ceux-l\u00e0, que le journal papier co\u00fbte toujours 100 francs depuis plusieurs ann\u00e9es (contre 250 \u00e0 300 F dans les pays de la sous-r\u00e9gion, qu\u2019il est bien souvent emprunt\u00e9 ; que les pdf des quotidiens sont largement partag\u00e9s ; et que les prix des intrants continuent de grimper sans cesse depuis la pand\u00e9mie, \u00e0 laquelle est venue s\u2019ajouter la guerre d\u2019Ukraine. Il y a en tout cas de bien meilleures mani\u00e8res de prendre le train de l\u2019histoire pour ces certains journalistes et ces r\u00e9fugi\u00e9s de la presse.<\/p>\n<p>Mamadou Bit\u00e8ye, arborant un brassard rouge sur le plateau de Walf TV, dans le cadre d\u2019une \u00e9mission sur le sujet, a bien r\u00e9sum\u00e9 la situation : <em>\u00ab lorsqu\u2019on ne veut pas participer \u00e0 un mouvement, l\u2019on trouvera toujours un pr\u00e9texte pour ne pas le faire. Walfadjri a les m\u00eames probl\u00e8mes que les autres m\u00e9dias et l\u2019on ne peut invoquer la raison selon laquelle ce qui touche les autres m\u00e9dias ne nous touche pas personnellement pour pr\u00e9texter de ne pas participer au combat de la presse. Je travaille dans cette m\u00eame maison de presse et je sais ce qui s\u2019y passe<\/em> \u00bb. Bref, c'est la libert\u00e9 de chacun que de ne pas participer. Mais quid de la jouissance des fruits une fois qu'ils seront r\u00e9colt\u00e9s ?<\/p>\n<p><strong>Une sortie-r\u00e9ponse du ministre de la communication<\/strong><\/p>\n<p>Mais alors que le pr\u00e9sident de la R\u00e9publique, Bassirou Diomaye Faye, lors du conseil des ministres du mercredi 14 Ao\u00fbt qui a suivi cette journ\u00e9e sans presse, conscient de sa mission qui est d\u2019aider \u00e0 accompagner les entreprises, a appel\u00e9 \u00e0 \u00ab <em>un dialogue r\u00e9nov\u00e9 avec la presse nationale<\/em> \u00bb, comble de la surprise, le Ministre de la communication, Aliou Sall, dans une sortie organis\u00e9e le vendredi 16 Ao\u00fbt, vue d\u2019ailleurs par certains, comme une r\u00e9ponse \u00e0 cette journ\u00e9e sans presse, a estim\u00e9 que le gouvernement n\u2019a aucun probl\u00e8me avec les m\u00e9dias. Aussi, a-t-il inform\u00e9 que c\u2019est le ministe\u0300re de la Communication qui est le premier interlocuteur de la presse et que \u00ab <em>le fait\u00a0de passer\u00a0par\u00a0le\u00a0ministe\u0300re\u00a0pour tenter de\u00a0re\u0301gler\u00a0les\u00a0proble\u0301matiques\u00a0au niveau de la\u00a0pre\u0301sidence, est\u00a0re\u0301volu<\/em> \u00bb. Sans doute, cherche-t-il \u00e0 marquer son territoire ?<\/p>\n<p>Une d\u00e9claration qui a d\u2019ailleurs bien fait rire car difficile de savoir ce qu\u2019il nous a appris qu\u2019on ne savait pas d\u00e9j\u00e0. Le ministre avait, semble-t-il, eu a\u0300 rencontrer, comme le souligne le journal \"<em>Enqu\u00eate<\/em>\" dans son \u00e9dition du lundi 19 Ao\u00fbt, presque toutes les organisations de la presse. Les proble\u0300mes, relate le journal, ont e\u0301te\u0301 expose\u0301s par tous les acteurs. Que comprendre alors de sa mise au point ?<\/p>\n<p>Toujours est-il que depuis lors, rien n\u2019a bouge\u0301. La situation n\u2019a eu de cesse de se de\u0301te\u0301riorer, conforme\u0301ment a\u0300 la fatwa du Premier ministre Ousmane Sonko. Une fatwa re\u0301ite\u0301re\u0301e a\u0300 plusieurs reprises. \u00ab\u00a0<em>Le n\u0153ud du proble\u0300me, a fait savoir Alioune Sall, c\u2019est le fisc. On ne peut prendre c\u0327a pour alibi et cre\u0301er des proble\u0300mes qui n\u2019existent pas. Beaucoup m\u2019ont appele\u0301 pour parler de me\u0301diation, mais je n\u2019en vois pas la pertinence. Une me\u0301diation suppose des proble\u0300mes entre deux parties. Je le dis et je le re\u0301pe\u0300te : l\u2019E\u0301tat du Se\u0301ne\u0301gal n\u2019a aucun proble\u0300me avec un quelconque me\u0301dia<\/em>\u00a0\u00bb.<\/p>\n<p>La v\u00e9rit\u00e9 est que depuis l'\u00e9clatement de cette affaire, les tenants du re\u0301gime ont tout fait pour assoir leur accusation selon laquelle, les entreprises de presse refusent de payer l\u2019impo\u0302t. Pourtant, le Comit\u00e9 des Editeurs et Diffuseurs de Presse (Cdeps) ne manquent presque jamais une occasion de corriger : \u00ab <em>Le combat auquel le Cdeps est contraint, exigeait de tous d\u2019exprimer par ce moyen notre refus d\u2019e\u0302tre indexe\u0301s comme de mauvais contribuables ; ce qui est totalement faux et inacceptable.\u00a0<\/em>\u00bb La journe\u0301e sans presse, insistait l\u2019organisation, \u00ab\u00a0<em>e\u0301tait aussi la re\u0301ponse des me\u0301dias se\u0301ne\u0301galais au refus de dialoguer des nouvelles autorite\u0301s sur les proble\u0300mes de la presse<\/em>\u00a0\u00bb<\/p>\n<p>De deux choses l\u2019une, soit le ministre n\u2019entend pas respecter cette volont\u00e9 affich\u00e9e par le pr\u00e9sident de la r\u00e9publique, d\u2019instaurer un \u00ab <em>dialogue r\u00e9nov\u00e9\u00a0<\/em>\u00bb ou alors attend-il l\u2019onction d\u2019Ousmane celui par qui tous les d\u00e9parts de feu ont \u00e9t\u00e9 not\u00e9s ?<\/p>\n<p>La question que l\u2019on est d\u00e8s lors en droit de lui poser, est de savoir comment le pr\u00e9sident de la R\u00e9publique a pu recevoir la Convention des jeunes reporters du S\u00e9n\u00e9gal (Cjrs), les employ\u00e9s et collaborateurs des patrons de presse et\u00a0ignorer royalement les courriers de demande d\u2019audience des patrons de presse qui ne cherchaient rien d\u2019autre qu\u2019\u00e0 discuter\u00a0?<\/p>\n<p>Une autre question est de savoir comment d\u00e9crypter les chiffres de l\u2019aide de la presse qui ont \u00e9t\u00e9 rendus publics. De m\u00eame que la r\u00e9partition des dettes fiscales des entreprises. En les scrutant en effet \u00e0 la loupe, l\u2019on se rend compte que c\u2019est le Groupe Futurs M\u00e9dias (GFM) de Youssou Ndour qui d\u00e9tient le plus gros pourcentage. Des chiffres qui auraient toutefois gagn\u00e9 \u00e0 \u00eatre relativis\u00e9s pour une meilleure compr\u00e9hension du grand public. Il s\u2019agit de comprendre suivant les chiffres fournis par le minist\u00e8re que GFM a re\u00e7u 69 millions de F Cfa (une fois dans l\u2019ann\u00e9e, contre un peu plus de 150 millions de F Cfa de masse salariale mensuelle selon des infos) et doit 40% de la dette fiscale des entreprises de presse.<\/p>\n<p>Selon certaines indiscr\u00e9tions, les 40% de la dette fiscale attribu\u00e9s \u00e0 GFM sont aussi \u00e0 relativiser. L\u2019on apprend que les 80% des montants r\u00e9clam\u00e9s par le fisc au GFM, est une taxation d\u2019office. Autrement dit, ce sont des montants impos\u00e9s par la Direction des imp\u00f4ts et domaines. Ce qui signifie que l\u00e0-dedans sont comprises des p\u00e9nalit\u00e9s sans tenir compte des montants importants d\u00e9j\u00e0 pay\u00e9s.<\/p>\n<div class=\"layoutArea\">\n<div class=\"column\">\n<p><strong>Moussa Bocar Thiam d\u00e9ment et recadre Alioune Sall<\/strong><\/p>\n<p>En conf\u00e9rence de presse, le mercredi 21 Ao\u00fbt, le Comit\u00e9 des Editeurs et Diffuseurs de Presse (Cdeps) a d\u00e9mont\u00e9 point par point les arguments du ministre Alioune Sall, d\u00e9non\u00e7ant une manipulation de sa part dans une logique de mettre la presse en mal avec l'opinion. Mais c'\u00e9tait sans compter avec l'ancien ministre de la communication Moussa Bocar Thiam qui est rentr\u00e9 dans la danse, en publiant le m\u00eame jour, un communiqu\u00e9 pour d\u00e9mentir l'actuel ministre Alioune Sall. \u201c<em>Arre\u0302tez de stigmatiser la presse se\u0301ne\u0301galaise et respectez les engagements de l\u2019E\u0301tat<\/em>\u201d, a t-il \u00e9crit.\u00a0 Des d\u00e9clarations de ce dernier qui, selon lui, marquent une rupture avec la tradition de dialogue et de courtoisie, mettant ainsi en pe\u0301ril les relations entre l'E\u0301tat et les me\u0301dias.<\/p>\n<p>Maitre Thiam fustige ce qu'il perc\u0327oit comme une volonte\u0301 de discre\u0301diter la presse et de manipuler a\u0300 la fois l'opinion publique et les employe\u0301s du secteur. Il ajoute que le ministre aurait inte\u0301re\u0302t a\u0300 le consulter avant de s'exprimer.<\/p>\n<\/div>\n<\/div>\n<div class=\"layoutArea\">\n<div class=\"column\">\n<p>L\u2019ancien ministre rappelle ainsi qu\u2019en 2023, la dette fiscale de la presse se\u0301ne\u0301galaise publique et prive\u0301e, s\u2019e\u0301levait a\u0300 10 337 595 510 F CFA en droits simples, assortie de 2 900 000 F CFA de pe\u0301nalite\u0301s. IL souligne au passage que 50 % de cette dette provient des entreprises publiques qui ne subissent aucune pression de l'Administration. La re\u0301partition de cette dette pour les me\u0301dias publics est la suivante : la RTS doit 4 554 625 781 F CFA, l\u2019Agence de presse se\u0301ne\u0301galaise (APS) 256 747 664 F CFA et le journal \u201cLe Soleil\u201d 215 838 695 F CFA. A\u0300 cela s\u2019ajoutent les 600 000 000 F CFA dus par la TDS.<\/p>\n<p>Par ailleurs, Me Thiam distingue les dettes fiscales des redevances de fre\u0301quences dues a\u0300 l\u2019ARTP par les me\u0301dias qui s\u2019e\u0301le\u0300vent a\u0300 25 milliards F CFA. Cette dette concerne a\u0300 la fois les me\u0301dias publics et prive\u0301s, et est juge\u0301e indue, car l\u2019ARTP a libe\u0301re\u0301 ces fre\u0301quences avec l\u2019ave\u0300nement de la TNT, les revendant ensuite aux ope\u0301rateurs de te\u0301le\u0301phonie mobile pour le de\u0301ploiement de la 5G.<\/p>\n<\/div>\n<div class=\"column\">\n<p>Il souligne que le fait que cette dette soit injustement re\u0301clame\u0301e a\u0300 la presse prive\u0301e, est pre\u0301occupant, d\u2019autant plus que le pre\u0301sident de la Re\u0301publique, dans une lettre date\u0301e du 20 mars 2024, a ordonne\u0301 au ministre des Finances de supprimer les dettes fiscales et les arrie\u0301re\u0301s de paiement des redevances de fre\u0301quences dus avant le 31 de\u0301cembre 2023.<\/p>\n<p>L\u2019ancien ministre insiste sur le fait que \u201c<em>l\u2019E\u0301tat est une continuite\u0301 ; a\u0300 de\u0301faut d\u2019instructions e\u0301crites contraires, votre colle\u0300gue des Finances doit exe\u0301cuter cette de\u0301cision pre\u0301sidentielle et cesser de tourmenter les responsables des entreprises de presse qui perc\u0327oivent des subventions insignifiantes dans un pays se\u0301rieux qui souhaite voir la presse autonome et prospe\u0300re<\/em>\u201d.<\/p>\n<p>Concernant le Fonds d\u2019appui et de de\u0301veloppement de la presse (FADP), anciennement appele\u0301 \u201c<em>aide a\u0300 la presse<\/em>\u201d, il estime qu'il ne devrait pas changer de de\u0301nomination. \u201c<em>Ce fonds reste, en re\u0301alite\u0301, une aumo\u0302ne, semblable a\u0300 l\u2019aide verse\u0301e aux e\u0301tudiants en de\u0301but d\u2019anne\u0301e<\/em>\u201d. Il critique l\u2019utilisation des fonds par des structures non directement lie\u0301es aux entreprises de presse, alimentant des suspicions de de\u0301tournement de fonds publics.<\/p>\n<p>Il rappelle que, selon l\u2019article 46 du Code de la presse se\u0301ne\u0301galaise, le FADP a pour mission de soutenir les entreprises de presse en matie\u0300re d\u2019investissement, de garantir les pre\u0302ts bancaires, de soutenir les initiatives en faveur du multime\u0301dia et de contribuer a\u0300 la formation continue des journalistes et techniciens des me\u0301dias. Le fonds doit e\u0301galement appuyer les radios associatives ou communautaires a\u0300 but non lucratif et verser des subventions directes a\u0300 l\u2019APS en contrepartie des services fournis aux autres me\u0301dias.<\/p>\n<\/div>\n<div class=\"column\">\n<p>Ainsi, il conside\u0300re qu\u2019il est le\u0301gitime d\u2019utiliser ces fonds pour soutenir divers aspects du secteur me\u0301diatique, y compris des initiatives telles que l\u2019organisation des assises des me\u0301dias, la Convention des jeunes reporters ou encore le soutien aux grandes entreprises de presse comme GFM ainsi qu\u2019aux me\u0301dias communautaires. Il est impe\u0301ratif que l\u2019E\u0301tat publie la liste comple\u0300te des be\u0301ne\u0301ficiaires des fonds de solidarite\u0301, qu\u2019ils proviennent du FADP, du Fonds de microfinance ou d\u2019autres sources, pour garantir la transparence.<\/p>\n<p>Enfin, Me Thiam appelle les acteurs des me\u0301dias a\u0300 rester solidaires, soulignant que la cohe\u0301sion est essentielle pour pre\u0301server l\u2019inte\u0301grite\u0301 du secteur face aux crises et aux controverses. Il exhorte les hommes des me\u0301dias a\u0300 une vigilance accrue, pour e\u0301viter la division au sein de la profession.<\/p>\n<\/div>\n<\/div>\n<p><strong>Comprendre la mission de service public des m\u00e9dias<\/strong><\/p>\n<p>Par rapport \u00e0 cette entreprise de d\u00e9nigrement aupr\u00e8s du grand public, l\u2019\u00e9dito commun de la presse a tenu \u00e0 rappeler que ce qu'est la mission de service public dont on entend tant parler. Qu\u2019on n\u2019oublie surtout pas, - pour reprendre les termes de l\u2019\u00e9dito-, citant un exemple, l\u2019\u00e9lection pr\u00e9sidentielle, dimanche 24 mars 2024 qui a port\u00e9 Diomaye Faye au pouvoir. Il rappelle ainsi que les journaux, radios, t\u00e9l\u00e9visions, sites d\u2019informations, dans un seul \u00e9lan, avaient transmis les r\u00e9sultats rassembl\u00e9s aux quatre coins du S\u00e9n\u00e9gal. Combien \u00e9taient-ils \u00e0 traquer les chiffres, bureau de vote par bureau de vote, \u00e0 la recherche de la bonne information ?<\/p>\n<p>Des centaines de journalistes, envoy\u00e9s sur le terrain par leurs organes de presse pour transmettre en direct les r\u00e9sultats et signaler le moindre dysfonctionnement, servant m\u00eame souvent d\u2019alerte aux autorit\u00e9s, sans aucune assistance publique ? Combien de millions de personnes \u00e9taient-ils, scotch\u00e9s \u00e0 leurs t\u00e9l\u00e9phones portables ou radios et t\u00e9l\u00e9s, \u00e0 s\u2019abreuver de r\u00e9sultats donn\u00e9s par ces \u00ab<em>valeureux journalistes<\/em>\u00bb sur le terrain ? Et combien ont sursaut\u00e9 de joie, \u00e0 la publication de ces r\u00e9sultats, avant m\u00eame que les commissions et institutions l\u00e9galement habilit\u00e9es ne le fassent ? Combien cela leur a-t-il co\u00fbt\u00e9 de savourer un tel \u00ab<em>d\u00e9lice<\/em>\u00bb ? Combien cela a co\u00fbt\u00e9 aux m\u00e9dias ? Pour reprendre le contenu de cet \u00e9dito, disons-nous bien que cela n\u2019a rien co\u00fbt\u00e9 aux S\u00e9n\u00e9galais sinon d\u2019avoir vu celui qu\u2019il appelle 4<sup>\u00e8me<\/sup>\u00a0pouvoir, se dresser contre toute tentative de vicier les r\u00e9sultats.<\/p>\n<p>L\u2019\u00e9dito\u00a0n\u2019a pas \u00e0 la v\u00e9rit\u00e9 tout dit.\u00a0Elle\u00a0a\u00a0m\u00eame occult\u00e9\u00a0cette implication capitale\u00a0de la presse\u00a0qui \u00e9tait\u00a0aux premi\u00e8res loges en\u00a0participant activement\u00a0\u00e0 la sensibilisation des citoyens\u00a0lors de\u00a0la pand\u00e9mie\u00a0Covid 19.\u00a0Elle aurait\u00a0pourtant\u00a0pu comme tous ces fournisseurs de l\u2019Etat\u00a0qui ont amass\u00e9 plusieurs millions et\u00a0milliards dans la fourniture\u00a0de respirateurs, de masques, de gels\u00a0hydroalcooliques,\u00a0de riz, ou de lits\u00a0dans les h\u00f4tels, sans oublier ces montants qui se sont envol\u00e9s r\u00e9clamer sa part du g\u00e2teau.\u00a0La presse\u00a0n\u2019assurait tout simplement que sa mission de service de public.<\/p>\n<p>Vouloir faire croire que les entreprises de presse, encore que cela ne soit le cas de toutes, sont les seules entreprises \u00e0 ne pas payer l\u2019imp\u00f4t au S\u00e9n\u00e9gal, c\u2019est leur faire un mauvais proc\u00e8s et chercher \u00e0 coller une mauvaise image aux acteurs d\u2019un m\u00e9tier pourtant bien noble et exerc\u00e9 par des hommes et des femmes dignes. Combien de S\u00e9n\u00e9galais paient l\u2019imp\u00f4t sur le patrimoine b\u00e2ti au S\u00e9n\u00e9gal ? Combien d\u2019entreprises du secteur informel paient normalement l\u2019imp\u00f4t ? Et les entreprises priv\u00e9es formelles ? L\u2019Etat ne doit-il pas de l\u2019argent \u00e0 ses fournisseurs et \u00e0 l\u2019Ipres ? La question est d\u00e8s lors de savoir pourquoi les m\u00e9dias sont la seule corporation \u00e0 \u00eatre point\u00e9e du doigt ? Sans doute parce qu\u2019ils d\u00e9rangent.<\/p>\n<p>Ces probl\u00e8mes de la presse, entendons-nous bien,\u00a0ne peuvent\u00a0\u00eatre r\u00e9duits\u00a0\u00e0 une simple affaire d\u2019imp\u00f4t, comme le pr\u00e9sente le ministre Alioune Sall, dans une logique de faire plier les journalistes ou de les humilier.\u00a0C\u2019est en effet avoir une courte vue que de proc\u00e9der de la sorte. C\u2019est aussi ne pas avoir de vision pour la presse. Cette affaire\u00a0est\u00a0en r\u00e9alit\u00e9 bien\u00a0plus s\u00e9rieuse qu\u2019elle ne para\u00eet.<\/p>\n<p><strong>Revoir le mod\u00e8le \u00e9conomique des m\u00e9dias et renforcer la conscience politique et culturelle des citoyens<\/strong><\/p>\n<p>Il faudra sans aucun de toute \u00e9vidence revoir le mod\u00e8le \u00e9conomique de la presse si on veut l\u2019accompagner dans une logique d\u2019organiser le secteur et rendre viable ce m\u00e9tier, en explorant par exemple du c\u00f4t\u00e9 des redevances que devraient verser les soci\u00e9t\u00e9s de t\u00e9l\u00e9coms, les soci\u00e9t\u00e9s d\u2019interne (GAFA - Google, Amazon, Facebook\u2026), la Senelec (dont les m\u00e9dias contribuent \u00e0 augmenter le chiffre d\u2019affaires) qui utilisent les contenus des m\u00e9dias ou dont le chiffre d'affaire est amplifi\u00e9 par ces m\u00eames supports.<\/p>\n<p>Alors que l\u2019on a fini de faire passer dans l'opinion, que l\u2019enveloppe de 1,9 milliard d\u00e9di\u00e9e au Fonds d'aide \u00e0 la presse, aurait \u00e9t\u00e9 distribu\u00e9 \u00e0 des entit\u00e9s qui n'ont rien \u00e0 voir avec la presse, l'ancien ministre de la communication sous Macky Sall, Moussa Bocar Thiam a corrig\u00e9 le ministre Aliou Sall en ces termes : \"Dire que sur 1 900 000 000 fcfa, les 800 000 000 fcfa ont servi \u00e0 d\u2019autres structures qui ne sont pas des entreprises de presse, rel\u00e8ve de la volont\u00e9 de faire na\u00eetre une suspicion de d\u00e9tournement de deniers publics. Un Ministre, avant de s\u2019adresser \u00e0 la nation doit lire les textes. L\u2019article 46 du code de la Presse pr\u00e9cise que le Fonds d\u2019Appui et de D\u00e9veloppement de la Presse (FADP) a pour mission : - de soutenir l\u2019entreprise de presse en mati\u00e8re d\u2019investissement (financement de projets de d\u00e9veloppement ou de modernisation des entreprises de presse) ; - de servir de garantie pour les pr\u00eats bancaires ; - de soutenir toute initiative en faveur du multim\u00e9dia ; - de verser une subvention directe \u00e0 l\u2019Agence de presse s\u00e9n\u00e9galaise en contrepartie du service fourni aux autres m\u00e9dias ; - de contribuer au bon fonctionnement de l\u2019organe d\u2019autor\u00e9gulation ; - d\u2019aider les entreprises de presse \u00e0 consolider les emplois ; - d\u2019appuyer la formation continue des journalistes et techniciens des m\u00e9dias - d\u2019aider les radios associatives ou communautaires (\u00e0 but non lucratif). Donc, il est clair que les fonds peuvent valablement servir au CESTI, \u00e0 l\u2019organisation des assises des m\u00e9dias, \u00e0 la convention des jeunes reporters etc\u2026\". Une mani\u00e8re de dire que ces 800 millions ont servi \u00e0 des organismes connexes aux m\u00e9dias.<\/p>\n<p>Dans tous les cas, un pays comme la France, m\u00eame si on n'est pas au m\u00eame niveau de d\u00e9veloppement, a bien compris l\u2019importance du d\u00e9veloppement de la conscience politique et culturelle. C'est pourquoi, elle a distribu\u00e9 en 2023, concernant les aides directes au pays de Marianne, 204,7 M\u20ac d\u2019euros (134 milliards F CFA) \u00e0 la presse, dont 22,7M\u20ac au titre des six aides au pluralisme, 133 M\u20ac pour les aides au transport et a\u0300 la diffusion, et 19,1 M\u20ac pour les aides a\u0300 l\u2019investissement en faveur de la modernisation, d'apre\u0300s le ministe\u0300re de la Culture franc\u0327ais. Il indique que 30 M\u20ac ont e\u0301te\u0301 e\u0301galement verse\u0301s dans le cadre d\u2019une aide exceptionnelle visant a\u0300 compenser la hausse des cou\u0302ts de production (aide papier). Ces aides, souligne-t-on, sont encadre\u0301es par des textes re\u0301glementaires publie\u0301s au \u201cJournal officiel\u201d. Au total, en 2023, ce sont 809 titres qui ont be\u0301ne\u0301ficie\u0301 d\u2019aides a\u0300 la presse.<\/p>\n<p>De m\u00eame les aides indirectes s'e\u0301le\u0300vent a\u0300 84 M\u20ac. La presse be\u0301ne\u0301ficie d'un taux de TVA dit \u00ab super re\u0301duit \u00bb de 2,1 %. Le ministe\u0300re des Finances franc\u0327ais e\u0301value la de\u0301pense fiscale lie\u0301e a\u0300 ce taux a\u0300 60 millions d'euros en 2023, contre 150 millions d'euros en 2022, en raison d'une modification des modalite\u0301s de calcul. A\u0300 cela s'ajoutent plusieurs dispositifs fiscaux spe\u0301cifiques, notamment en faveur des diffuseurs de presse, des vendeurs-colporteurs et des porteurs, repre\u0301sentant un montant de 24 millions d'euros. Par ailleurs, la presse, qu'elle soit IPG ou non, profite de tarifs postaux avantageux.<\/p>\n<p>Lorsque des entreprises de presse ont e\u0301te\u0301 affecte\u0301es par les conse\u0301quences e\u0301conomiques et financie\u0300res de la guerre en Ukraine, une aide exceptionnelle de 30 M\u20ac a e\u0301te\u0301 institue\u0301e en mai 2023. Celle-ci vise a\u0300 compenser en partie l\u2019augmentation importante du cou\u0302t du papier qui a durement affecte\u0301 les entreprises de presse, poussant certaines d\u2019entre elles a\u0300 limiter leur pagination et supprimer des supple\u0301ments.<\/p>\n<p>Au-del\u00e0, tous les journalistes raisonnables sont d\u2019accord pour assainir la presse. Il s\u2019agit aussi et surtout de vider les m\u00e9dias de tous ces chroniqueurs qui n\u2019ont nullement la qualit\u00e9 pour l\u2019\u00eatre (les pr\u00e9dicateurs religieux, les tradipatriciens, les communicateurs traditionnels, les animateurs et tous ces journalistes n\u2019ayant pas le niveau et la sp\u00e9cialit\u00e9 requise) pour conduire des \u00e9missions \u00e0 caract\u00e8re politique, \u00e9conomique, culturel, social etc. Beaucoup de ceux qui dirigent les \u00e9missions en wolof par exemple, ne savent pas diriger des \u00e9missions en fran\u00e7ais, alors qu\u2019une partie du public ne comprend pas forc\u00e9ment le wolof. Le d\u00e9ficit de niveau de fran\u00e7ais y est pour beaucoup.<\/p>\n<p>Tout cela implique aussi que le niveau de formation soit relev\u00e9 et que les sp\u00e9cialisations soient d\u00e9velopp\u00e9es dans les mati\u00e8res techniques. C\u2019est en tout cas un bon d\u00e9but qui a \u00e9t\u00e9 not\u00e9 avec l\u2019application du code de la presse qui permet d\u2019octroyer la carte de presse \u00e0 ceux qui la m\u00e9ritent pour des raisons li\u00e9es \u00e0 l\u2019obtention d\u2019un dipl\u00f4me reconnu par l\u2019Etat ou par le passage devant une commission de validation des acquis apr\u00e8s un certain nombre d\u2019ann\u00e9es d\u2019exp\u00e9rience.<\/p>\n<p>Qu\u2019on ne s\u2019y trompe m\u00eame pas, tous les r\u00e9gimes, de Wade en passant Macky pour arriver \u00e0 celui actuel, aucun ne milite r\u00e9ellement pour une presse forte. Qu\u2019on le croit ou pas, chaque r\u00e9gime cherche sa presse complaisante pour l\u2019accompagner en vue d'une gouvernance confortable.<\/p>\n<p>Dans tous les cas, les vertus du dialogue sont \u00e0 utiliser en toutes circonstances. Pour bien g\u00e9rer un secteur, la moindre des strat\u00e9gies est de discuter avec les acteurs, d'\u00e9tablir de nouvelles bases et relations, avant de penser \u00e0 r\u00e9guler.<\/p>\n<p>Et m\u00eame si la soci\u00e9t\u00e9 civile a opt\u00e9 pour la m\u00e9diation et que le pre\u0301sident de la Re\u0301publique et les patrons semblent dispose\u0301s a\u0300 aller vers une de\u0301sescalade, il y a a\u0300 ce jour une voix qui manque. C\u2019est celle du Premier ministre Ousmane Sonko qui ne vaut pas moins que celle du pre\u0301sident.<\/p>\n<p>Depuis le dernier Conseil des ministres, aucun acte allant dans le sens d\u2019un dialogue n\u2019a e\u0301te\u0301 pose\u0301. En lieu et place, les parties continuent pluto\u0302t de se regarder en chiens de fai\u0308ence, avec un ministre obnubile\u0301 par la tentative de le\u0301gitimation des actes qui ont e\u0301te\u0301 pose\u0301s par le gouvernement et une partie de la presse convaincue de la volonte\u0301 du ministre de les livrer a\u0300 la vindicte populaire.<\/p>\n<div class='share-to-whatsapp-wrapper'><div class='share-on-whsp'>PARTAGER SUR : <\/div><a data-text='IDIOVISUEL - Duplicit\u00e9 au sommet\u00a0!' data-link='https:\/\/www.nettali.com\/2024\/08\/20\/idiovisuel-duplicite-au-sommet\/' class='whatsapp-button whatsapp-share'>WhatsApp<\/a><div class='clear '><\/div><\/div>","protected":false},"excerpt":{"rendered":"<p>NETTALI.COM - La journ\u00e9e sans presse du mardi 13 Ao\u00fbt, - la seconde du genre apr\u00e8s celle de la mobilisation de la presse en 2004, li\u00e9e \u00e0 l\u2019arrestation de Madiambal Diagne -, a connu un franc succ\u00e8s. Tous les m\u00e9dias du pays ont en effet r\u00e9pondu \u00e0 l'appel, \u00e0 l'exception d'un seul m\u00e9dium priv\u00e9 connu [&hellip;]<\/p>\n","protected":false},"author":2,"featured_media":138913,"comment_status":"open","ping_status":"open","sticky":false,"template":"","format":"standard","meta":{"_et_pb_use_builder":"","_et_pb_old_content":""},"categories":[9],"tags":[],"yoast_head":"<!-- This site is optimized with the Yoast SEO Premium plugin v17.8 (Yoast SEO v17.8) - https:\/\/yoast.com\/wordpress\/plugins\/seo\/ -->\n<title>IDIOVISUEL - Duplicit\u00e9 au sommet\u00a0! | Nettali.com<\/title>\n<meta name=\"robots\" content=\"index, follow, max-snippet:-1, max-image-preview:large, max-video-preview:-1\" \/>\n<link rel=\"canonical\" href=\"https:\/\/www.nettali.com\/2024\/08\/20\/idiovisuel-duplicite-au-sommet\/\" \/>\n<meta property=\"og:locale\" content=\"fr_FR\" \/>\n<meta property=\"og:type\" content=\"article\" \/>\n<meta property=\"og:title\" content=\"IDIOVISUEL - Duplicit\u00e9 au sommet\u00a0!\" \/>\n<meta property=\"og:description\" content=\"NETTALI.COM - La journ\u00e9e sans presse du mardi 13 Ao\u00fbt, - la seconde du genre apr\u00e8s celle de la mobilisation de la presse en 2004, li\u00e9e \u00e0 l\u2019arrestation de Madiambal Diagne -, a connu un franc succ\u00e8s. Tous les m\u00e9dias du pays ont en effet r\u00e9pondu \u00e0 l&#039;appel, \u00e0 l&#039;exception d&#039;un seul m\u00e9dium priv\u00e9 connu [&hellip;]\" \/>\n<meta property=\"og:url\" content=\"https:\/\/www.nettali.com\/2024\/08\/20\/idiovisuel-duplicite-au-sommet\/\" \/>\n<meta property=\"og:site_name\" content=\"Nettali.com\" \/>\n<meta property=\"article:publisher\" content=\"https:\/\/www.facebook.com\/nettalicom\" \/>\n<meta property=\"article:published_time\" content=\"2024-08-20T09:07:55+00:00\" \/>\n<meta property=\"article:modified_time\" content=\"2024-08-27T08:57:34+00:00\" \/>\n<meta property=\"og:image\" content=\"https:\/\/www.nettali.com\/wp-content\/uploads\/2024\/08\/faye-PRESSE-sonko-sall.jpg\" \/>\n\t<meta property=\"og:image:width\" content=\"1280\" \/>\n\t<meta property=\"og:image:height\" content=\"600\" \/>\n<meta name=\"twitter:card\" content=\"summary_large_image\" \/>\n<meta name=\"twitter:label1\" content=\"\u00c9crit par\" \/>\n\t<meta name=\"twitter:data1\" content=\"CK\" \/>\n\t<meta name=\"twitter:label2\" content=\"Dur\u00e9e de lecture estim\u00e9e\" \/>\n\t<meta name=\"twitter:data2\" content=\"20 minutes\" \/>\n<script type=\"application\/ld+json\" class=\"yoast-schema-graph\">{\"@context\":\"https:\/\/schema.org\",\"@graph\":[{\"@type\":\"WebSite\",\"@id\":\"https:\/\/www.nettali.com\/#website\",\"url\":\"https:\/\/www.nettali.com\/\",\"name\":\"Nettali.com\",\"description\":\"Le rendez-vous critique du Net\",\"potentialAction\":[{\"@type\":\"SearchAction\",\"target\":{\"@type\":\"EntryPoint\",\"urlTemplate\":\"https:\/\/www.nettali.com\/?s={search_term_string}\"},\"query-input\":\"required name=search_term_string\"}],\"inLanguage\":\"fr-FR\"},{\"@type\":\"ImageObject\",\"@id\":\"https:\/\/www.nettali.com\/2024\/08\/20\/idiovisuel-duplicite-au-sommet\/#primaryimage\",\"inLanguage\":\"fr-FR\",\"url\":\"https:\/\/www.nettali.com\/wp-content\/uploads\/2024\/08\/faye-PRESSE-sonko-sall.jpg\",\"contentUrl\":\"https:\/\/www.nettali.com\/wp-content\/uploads\/2024\/08\/faye-PRESSE-sonko-sall.jpg\",\"width\":1280,\"height\":600},{\"@type\":\"WebPage\",\"@id\":\"https:\/\/www.nettali.com\/2024\/08\/20\/idiovisuel-duplicite-au-sommet\/#webpage\",\"url\":\"https:\/\/www.nettali.com\/2024\/08\/20\/idiovisuel-duplicite-au-sommet\/\",\"name\":\"IDIOVISUEL - Duplicit\\u00e9 au sommet\\u00a0! | Nettali.com\",\"isPartOf\":{\"@id\":\"https:\/\/www.nettali.com\/#website\"},\"primaryImageOfPage\":{\"@id\":\"https:\/\/www.nettali.com\/2024\/08\/20\/idiovisuel-duplicite-au-sommet\/#primaryimage\"},\"datePublished\":\"2024-08-20T09:07:55+00:00\",\"dateModified\":\"2024-08-27T08:57:34+00:00\",\"author\":{\"@id\":\"https:\/\/www.nettali.com\/#\/schema\/person\/d8ac7b7e27ddad43f1c0d2ef090d7f71\"},\"breadcrumb\":{\"@id\":\"https:\/\/www.nettali.com\/2024\/08\/20\/idiovisuel-duplicite-au-sommet\/#breadcrumb\"},\"inLanguage\":\"fr-FR\",\"potentialAction\":[{\"@type\":\"ReadAction\",\"target\":[\"https:\/\/www.nettali.com\/2024\/08\/20\/idiovisuel-duplicite-au-sommet\/\"]}]},{\"@type\":\"BreadcrumbList\",\"@id\":\"https:\/\/www.nettali.com\/2024\/08\/20\/idiovisuel-duplicite-au-sommet\/#breadcrumb\",\"itemListElement\":[{\"@type\":\"ListItem\",\"position\":1,\"name\":\"Accueil\",\"item\":\"https:\/\/www.nettali.com\/\"},{\"@type\":\"ListItem\",\"position\":2,\"name\":\"IDIOVISUEL - Duplicit\\u00e9 au sommet\\u00a0!\"}]},{\"@type\":\"Person\",\"@id\":\"https:\/\/www.nettali.com\/#\/schema\/person\/d8ac7b7e27ddad43f1c0d2ef090d7f71\",\"name\":\"CK\",\"image\":{\"@type\":\"ImageObject\",\"@id\":\"https:\/\/www.nettali.com\/#personlogo\",\"inLanguage\":\"fr-FR\",\"url\":\"https:\/\/secure.gravatar.com\/avatar\/1d8d5118b9327d94da7cd4ce7f17fec2?s=96&d=mm&r=g\",\"contentUrl\":\"https:\/\/secure.gravatar.com\/avatar\/1d8d5118b9327d94da7cd4ce7f17fec2?s=96&d=mm&r=g\",\"caption\":\"CK\"},\"sameAs\":[\"https:\/\/www.nettali.com\"]}]}<\/script>\n<!-- \/ Yoast SEO Premium plugin. -->","yoast_head_json":{"title":"IDIOVISUEL - Duplicit\u00e9 au sommet\u00a0! | Nettali.com","robots":{"index":"index","follow":"follow","max-snippet":"max-snippet:-1","max-image-preview":"max-image-preview:large","max-video-preview":"max-video-preview:-1"},"canonical":"https:\/\/www.nettali.com\/2024\/08\/20\/idiovisuel-duplicite-au-sommet\/","og_locale":"fr_FR","og_type":"article","og_title":"IDIOVISUEL - Duplicit\u00e9 au sommet\u00a0!","og_description":"NETTALI.COM - La journ\u00e9e sans presse du mardi 13 Ao\u00fbt, - la seconde du genre apr\u00e8s celle de la mobilisation de la presse en 2004, li\u00e9e \u00e0 l\u2019arrestation de Madiambal Diagne -, a connu un franc succ\u00e8s. Tous les m\u00e9dias du pays ont en effet r\u00e9pondu \u00e0 l'appel, \u00e0 l'exception d'un seul m\u00e9dium priv\u00e9 connu [&hellip;]","og_url":"https:\/\/www.nettali.com\/2024\/08\/20\/idiovisuel-duplicite-au-sommet\/","og_site_name":"Nettali.com","article_publisher":"https:\/\/www.facebook.com\/nettalicom","article_published_time":"2024-08-20T09:07:55+00:00","article_modified_time":"2024-08-27T08:57:34+00:00","og_image":[{"width":1280,"height":600,"url":"https:\/\/www.nettali.com\/wp-content\/uploads\/2024\/08\/faye-PRESSE-sonko-sall.jpg","type":"image\/jpeg"}],"twitter_card":"summary_large_image","twitter_misc":{"\u00c9crit par":"CK","Dur\u00e9e de lecture estim\u00e9e":"20 minutes"},"schema":{"@context":"https:\/\/schema.org","@graph":[{"@type":"WebSite","@id":"https:\/\/www.nettali.com\/#website","url":"https:\/\/www.nettali.com\/","name":"Nettali.com","description":"Le rendez-vous critique du Net","potentialAction":[{"@type":"SearchAction","target":{"@type":"EntryPoint","urlTemplate":"https:\/\/www.nettali.com\/?s={search_term_string}"},"query-input":"required name=search_term_string"}],"inLanguage":"fr-FR"},{"@type":"ImageObject","@id":"https:\/\/www.nettali.com\/2024\/08\/20\/idiovisuel-duplicite-au-sommet\/#primaryimage","inLanguage":"fr-FR","url":"https:\/\/www.nettali.com\/wp-content\/uploads\/2024\/08\/faye-PRESSE-sonko-sall.jpg","contentUrl":"https:\/\/www.nettali.com\/wp-content\/uploads\/2024\/08\/faye-PRESSE-sonko-sall.jpg","width":1280,"height":600},{"@type":"WebPage","@id":"https:\/\/www.nettali.com\/2024\/08\/20\/idiovisuel-duplicite-au-sommet\/#webpage","url":"https:\/\/www.nettali.com\/2024\/08\/20\/idiovisuel-duplicite-au-sommet\/","name":"IDIOVISUEL - Duplicit\u00e9 au sommet\u00a0! | Nettali.com","isPartOf":{"@id":"https:\/\/www.nettali.com\/#website"},"primaryImageOfPage":{"@id":"https:\/\/www.nettali.com\/2024\/08\/20\/idiovisuel-duplicite-au-sommet\/#primaryimage"},"datePublished":"2024-08-20T09:07:55+00:00","dateModified":"2024-08-27T08:57:34+00:00","author":{"@id":"https:\/\/www.nettali.com\/#\/schema\/person\/d8ac7b7e27ddad43f1c0d2ef090d7f71"},"breadcrumb":{"@id":"https:\/\/www.nettali.com\/2024\/08\/20\/idiovisuel-duplicite-au-sommet\/#breadcrumb"},"inLanguage":"fr-FR","potentialAction":[{"@type":"ReadAction","target":["https:\/\/www.nettali.com\/2024\/08\/20\/idiovisuel-duplicite-au-sommet\/"]}]},{"@type":"BreadcrumbList","@id":"https:\/\/www.nettali.com\/2024\/08\/20\/idiovisuel-duplicite-au-sommet\/#breadcrumb","itemListElement":[{"@type":"ListItem","position":1,"name":"Accueil","item":"https:\/\/www.nettali.com\/"},{"@type":"ListItem","position":2,"name":"IDIOVISUEL - Duplicit\u00e9 au sommet\u00a0!"}]},{"@type":"Person","@id":"https:\/\/www.nettali.com\/#\/schema\/person\/d8ac7b7e27ddad43f1c0d2ef090d7f71","name":"CK","image":{"@type":"ImageObject","@id":"https:\/\/www.nettali.com\/#personlogo","inLanguage":"fr-FR","url":"https:\/\/secure.gravatar.com\/avatar\/1d8d5118b9327d94da7cd4ce7f17fec2?s=96&d=mm&r=g","contentUrl":"https:\/\/secure.gravatar.com\/avatar\/1d8d5118b9327d94da7cd4ce7f17fec2?s=96&d=mm&r=g","caption":"CK"},"sameAs":["https:\/\/www.nettali.com"]}]}},"_links":{"self":[{"href":"https:\/\/www.nettali.com\/rest\/wp\/v2\/posts\/138924"}],"collection":[{"href":"https:\/\/www.nettali.com\/rest\/wp\/v2\/posts"}],"about":[{"href":"https:\/\/www.nettali.com\/rest\/wp\/v2\/types\/post"}],"author":[{"embeddable":true,"href":"https:\/\/www.nettali.com\/rest\/wp\/v2\/users\/2"}],"replies":[{"embeddable":true,"href":"https:\/\/www.nettali.com\/rest\/wp\/v2\/comments?post=138924"}],"version-history":[{"count":19,"href":"https:\/\/www.nettali.com\/rest\/wp\/v2\/posts\/138924\/revisions"}],"predecessor-version":[{"id":139100,"href":"https:\/\/www.nettali.com\/rest\/wp\/v2\/posts\/138924\/revisions\/139100"}],"wp:featuredmedia":[{"embeddable":true,"href":"https:\/\/www.nettali.com\/rest\/wp\/v2\/media\/138913"}],"wp:attachment":[{"href":"https:\/\/www.nettali.com\/rest\/wp\/v2\/media?parent=138924"}],"wp:term":[{"taxonomy":"category","embeddable":true,"href":"https:\/\/www.nettali.com\/rest\/wp\/v2\/categories?post=138924"},{"taxonomy":"post_tag","embeddable":true,"href":"https:\/\/www.nettali.com\/rest\/wp\/v2\/tags?post=138924"}],"curies":[{"name":"wp","href":"https:\/\/api.w.org\/{rel}","templated":true}]}}