{"id":138767,"date":"2024-08-16T08:54:39","date_gmt":"2024-08-16T08:54:39","guid":{"rendered":"https:\/\/www.nettali.com\/?p=138767"},"modified":"2024-08-16T08:54:39","modified_gmt":"2024-08-16T08:54:39","slug":"greve-dans-les-collectivites-territoriales-le-gouvernement-brandit-le-baton-contre-les-agents-non%e2%80%90fonctionnaire","status":"publish","type":"post","link":"https:\/\/www.nettali.com\/2024\/08\/16\/greve-dans-les-collectivites-territoriales-le-gouvernement-brandit-le-baton-contre-les-agents-non%e2%80%90fonctionnaire\/","title":{"rendered":"GR\u00c8VE DANS LES COLLECTIVIT\u00c9S TERRITORIALES -Le gouvernement brandit  le b\u00e2ton contre les agents non\u2010fonctionnaire"},"content":{"rendered":"<p><strong>NETTALI.COM- Le<\/strong> <strong>ministre de l\u2019Urbanisme, des Collectivit\u00e9s territoriales et de l'Am\u00e9nagement des Territoires, Balla Moussa Fofana a demand\u00e9 \u00e0 tous les agents non\u2010fonctionnaires de cesser la gr\u00e8ve et regagner leurs bureaux. Sans quoi, l\u2019Etat prendra toutes les mesures disciplinaires.<\/strong><\/p>\n<p>La situation n\u2019a fait que trop durer. Apr\u00e8s deux ans de gr\u00e8ve, de service minimum ou de paralysie totale causant de nombreux d\u00e9sagr\u00e9ments aux populations pour l\u2019obtention de documents administratifs et une r\u00e9clamation de 61 milliards d\u2019indemnit\u00e9s, le gouvernement du S\u00e9n\u00e9gal r\u00e9agit enfin \u00e0 la gr\u00e8ve des agents de la Fonction publique territoriale ou locale. Et les 16 000 agents recrut\u00e9s par les mairies hors circuit normal (1049 agents), ont du souci \u00e0 se faire.<\/p>\n<p>Le ministre des Collectivit\u00e9s territoriales et de l\u2019Urbanisme Bala Moussa Fofana note que cette revalorisation du traitement d\u2019une partie des agents de la Fonction publique, est utilis\u00e9e comme argument majeur de l\u2019Intersyndicale des travailleurs des collectivit\u00e9s territoriales en vue de b\u00e9n\u00e9ficier des m\u00eames droits conf\u00e9r\u00e9s selon eux, par l\u2019article 29 de la loi n\u00b02011\u201008 du 30 mars 2011 portant Statut g\u00e9n\u00e9ral des Fonctionnaires des Collectivit\u00e9s territoriales. Tandis que, dit\u2010il, les dispositions de cette loi sont claires. \u00ab<em>Toute remise en ordre ou revalorisation des traitements ou des suppl\u00e9ments <\/em><em>pour charges familiales, ou tout autre \u00e9l\u00e9ment de la r\u00e9mun\u00e9ration applicable aux autres fonctionnaires de l\u2019Etat, s\u2019applique d\u2019office \u00e0 la r\u00e9mun\u00e9ration des fonctionnaires des collectivit\u00e9s territoriales<\/em>\u00bb.<\/p>\n<p>Le ministre met toutefois en garde. Non sans lister des mesures prises par l\u2019Etat. Lesquelles allant de la r\u00e9vision du Code g\u00e9n\u00e9ral des Collectivit\u00e9s territoriales afin de rendre effectif le principe de la libre administration permettant le recrutement des personnels qualifi\u00e9s et des dynamismes<br \/>\nd\u2019autonomisation financi\u00e8re \u00e0 la r\u00e9alisation d\u2019un audit social des Collectivit\u00e9s territoriales corr\u00e9l\u00e9 \u00e0 un Plan social pour une rationalisation dans les collectivit\u00e9s en situation de sureffectif en passant par le renforcement des perspectives de carri\u00e8re : des opportunit\u00e9s de formation continue et de promotion interne vont \u00eatre discut\u00e9es pour permettre aux agents de progresser dans leur carri\u00e8re entre autres.<\/p>\n<p>Mieux, a affirm\u00e9 le ministre, le gouvernement a d\u00e9j\u00e0 engag\u00e9 plusieurs s\u00e9ries de discussions avec l\u2019Intersyndicale des travailleurs des collectivit\u00e9s territoriales afin de r\u00e9pondre \u00e0 leurs pr\u00e9occupations et trouver des solutions.<\/p>\n<p>\u00ab<em>L\u2019Etat ne va pas transiger sur ce point. Ceux qui<\/em> so<em>nt recrut\u00e9s par les maries, doivent \u00eatre <\/em><em>pay\u00e9s par les collectivit\u00e9s territoriales. Pour des principes d\u2019\u00e9quit\u00e9, de soutenabilit\u00e9 et de <\/em><em>gestion efficiente, nous leur demandons de respecter les termes des contrats sign\u00e9s <\/em><em>avec les agents engag\u00e9s. Nous allons y veiller en mettant \u00e0 contribution les gouverneurs<\/em>\u00bb \u00e0 t-il averti.<\/p>\n<p>Et de r\u00e9v\u00e9ler : \u00ab<em>Aujourd\u2019hui, ceux qui sont en gr\u00e8ve avaient d\u00e9j\u00e0 n\u00e9goci\u00e9 avec l\u2019ancien Pr\u00e9sident, <\/em><em>Macky Sall et son Premier ministre pour signer les indemnit\u00e9s. Lorsqu\u2019ils sont venus me voir en ma qualit\u00e9 actuelle de ministre de l\u2019Urbanisme et des <\/em><em>Collectivit\u00e9s territoriales, ils voulaient simplement que je remplace les noms par ceux du Pr\u00e9sident Diomaye et du Premier Ousmane Sonko pour valider les accords sign\u00e9s avec l\u2019ancien ancien gouvernement. Ce que<\/em> <em>j\u2019ai refus\u00e9 car ce n\u2019est point <\/em><em>ainsi que fonctionne un cet<\/em> <em>Etat<\/em>\u00bb, a\u2010t\u2010il ass\u00e9n\u00e9.<\/p>\n<div class='share-to-whatsapp-wrapper'><div class='share-on-whsp'>PARTAGER SUR : <\/div><a data-text='GR\u00c8VE DANS LES COLLECTIVIT\u00c9S TERRITORIALES -Le gouvernement brandit  le b\u00e2ton contre les agents non\u2010fonctionnaire' data-link='https:\/\/www.nettali.com\/2024\/08\/16\/greve-dans-les-collectivites-territoriales-le-gouvernement-brandit-le-baton-contre-les-agents-non%e2%80%90fonctionnaire\/' class='whatsapp-button whatsapp-share'>WhatsApp<\/a><div class='clear '><\/div><\/div>","protected":false},"excerpt":{"rendered":"<p>NETTALI.COM- Le ministre de l\u2019Urbanisme, des Collectivit\u00e9s territoriales et de l'Am\u00e9nagement des Territoires, Balla Moussa Fofana a demand\u00e9 \u00e0 tous les agents non\u2010fonctionnaires de cesser la gr\u00e8ve et regagner leurs bureaux. Sans quoi, l\u2019Etat prendra toutes les mesures disciplinaires. La situation n\u2019a fait que trop durer. Apr\u00e8s deux ans de gr\u00e8ve, de service minimum ou [&hellip;]<\/p>\n","protected":false},"author":6,"featured_media":61168,"comment_status":"open","ping_status":"open","sticky":false,"template":"","format":"standard","meta":{"_et_pb_use_builder":"","_et_pb_old_content":""},"categories":[3],"tags":[],"yoast_head":"<!-- This site is optimized with the Yoast SEO Premium plugin v17.8 (Yoast SEO v17.8) - https:\/\/yoast.com\/wordpress\/plugins\/seo\/ -->\n<title>GR\u00c8VE DANS LES COLLECTIVIT\u00c9S TERRITORIALES -Le gouvernement brandit le b\u00e2ton contre les agents non\u2010fonctionnaire | Nettali.com<\/title>\n<meta name=\"robots\" content=\"index, follow, max-snippet:-1, max-image-preview:large, max-video-preview:-1\" \/>\n<link rel=\"canonical\" href=\"https:\/\/www.nettali.com\/2024\/08\/16\/greve-dans-les-collectivites-territoriales-le-gouvernement-brandit-le-baton-contre-les-agents-non\u2010fonctionnaire\/\" \/>\n<meta property=\"og:locale\" content=\"fr_FR\" \/>\n<meta property=\"og:type\" content=\"article\" \/>\n<meta property=\"og:title\" content=\"GR\u00c8VE DANS LES COLLECTIVIT\u00c9S TERRITORIALES -Le gouvernement brandit le b\u00e2ton contre les agents non\u2010fonctionnaire\" \/>\n<meta property=\"og:description\" content=\"NETTALI.COM- Le ministre de l\u2019Urbanisme, des Collectivit\u00e9s territoriales et de l&#039;Am\u00e9nagement des Territoires, Balla Moussa Fofana a demand\u00e9 \u00e0 tous les agents non\u2010fonctionnaires de cesser la gr\u00e8ve et regagner leurs bureaux. Sans quoi, l\u2019Etat prendra toutes les mesures disciplinaires. La situation n\u2019a fait que trop durer. Apr\u00e8s deux ans de gr\u00e8ve, de service minimum ou [&hellip;]\" \/>\n<meta property=\"og:url\" content=\"https:\/\/www.nettali.com\/2024\/08\/16\/greve-dans-les-collectivites-territoriales-le-gouvernement-brandit-le-baton-contre-les-agents-non\u2010fonctionnaire\/\" \/>\n<meta property=\"og:site_name\" content=\"Nettali.com\" \/>\n<meta property=\"article:publisher\" content=\"https:\/\/www.facebook.com\/nettalicom\" \/>\n<meta property=\"article:published_time\" content=\"2024-08-16T08:54:39+00:00\" \/>\n<meta property=\"og:image\" content=\"https:\/\/www.nettali.com\/wp-content\/uploads\/2021\/04\/collectivit\u00e9s.jpg\" \/>\n\t<meta property=\"og:image:width\" content=\"276\" \/>\n\t<meta property=\"og:image:height\" content=\"183\" \/>\n<meta name=\"twitter:card\" content=\"summary_large_image\" \/>\n<meta name=\"twitter:label1\" content=\"\u00c9crit par\" \/>\n\t<meta name=\"twitter:data1\" content=\"Fatou\" \/>\n\t<meta name=\"twitter:label2\" content=\"Dur\u00e9e de lecture estim\u00e9e\" \/>\n\t<meta name=\"twitter:data2\" content=\"3 minutes\" \/>\n<script type=\"application\/ld+json\" class=\"yoast-schema-graph\">{\"@context\":\"https:\/\/schema.org\",\"@graph\":[{\"@type\":\"WebSite\",\"@id\":\"https:\/\/www.nettali.com\/#website\",\"url\":\"https:\/\/www.nettali.com\/\",\"name\":\"Nettali.com\",\"description\":\"Le rendez-vous critique du Net\",\"potentialAction\":[{\"@type\":\"SearchAction\",\"target\":{\"@type\":\"EntryPoint\",\"urlTemplate\":\"https:\/\/www.nettali.com\/?s={search_term_string}\"},\"query-input\":\"required name=search_term_string\"}],\"inLanguage\":\"fr-FR\"},{\"@type\":\"ImageObject\",\"@id\":\"https:\/\/www.nettali.com\/2024\/08\/16\/greve-dans-les-collectivites-territoriales-le-gouvernement-brandit-le-baton-contre-les-agents-non%e2%80%90fonctionnaire\/#primaryimage\",\"inLanguage\":\"fr-FR\",\"url\":\"https:\/\/www.nettali.com\/wp-content\/uploads\/2021\/04\/collectivit\\u00e9s.jpg\",\"contentUrl\":\"https:\/\/www.nettali.com\/wp-content\/uploads\/2021\/04\/collectivit\\u00e9s.jpg\",\"width\":276,\"height\":183},{\"@type\":\"WebPage\",\"@id\":\"https:\/\/www.nettali.com\/2024\/08\/16\/greve-dans-les-collectivites-territoriales-le-gouvernement-brandit-le-baton-contre-les-agents-non%e2%80%90fonctionnaire\/#webpage\",\"url\":\"https:\/\/www.nettali.com\/2024\/08\/16\/greve-dans-les-collectivites-territoriales-le-gouvernement-brandit-le-baton-contre-les-agents-non%e2%80%90fonctionnaire\/\",\"name\":\"GR\\u00c8VE DANS LES COLLECTIVIT\\u00c9S TERRITORIALES -Le gouvernement brandit le b\\u00e2ton contre les agents non\\u2010fonctionnaire | Nettali.com\",\"isPartOf\":{\"@id\":\"https:\/\/www.nettali.com\/#website\"},\"primaryImageOfPage\":{\"@id\":\"https:\/\/www.nettali.com\/2024\/08\/16\/greve-dans-les-collectivites-territoriales-le-gouvernement-brandit-le-baton-contre-les-agents-non%e2%80%90fonctionnaire\/#primaryimage\"},\"datePublished\":\"2024-08-16T08:54:39+00:00\",\"dateModified\":\"2024-08-16T08:54:39+00:00\",\"author\":{\"@id\":\"https:\/\/www.nettali.com\/#\/schema\/person\/418274a86bdf87caff7a3ef476bd0bbf\"},\"breadcrumb\":{\"@id\":\"https:\/\/www.nettali.com\/2024\/08\/16\/greve-dans-les-collectivites-territoriales-le-gouvernement-brandit-le-baton-contre-les-agents-non%e2%80%90fonctionnaire\/#breadcrumb\"},\"inLanguage\":\"fr-FR\",\"potentialAction\":[{\"@type\":\"ReadAction\",\"target\":[\"https:\/\/www.nettali.com\/2024\/08\/16\/greve-dans-les-collectivites-territoriales-le-gouvernement-brandit-le-baton-contre-les-agents-non%e2%80%90fonctionnaire\/\"]}]},{\"@type\":\"BreadcrumbList\",\"@id\":\"https:\/\/www.nettali.com\/2024\/08\/16\/greve-dans-les-collectivites-territoriales-le-gouvernement-brandit-le-baton-contre-les-agents-non%e2%80%90fonctionnaire\/#breadcrumb\",\"itemListElement\":[{\"@type\":\"ListItem\",\"position\":1,\"name\":\"Accueil\",\"item\":\"https:\/\/www.nettali.com\/\"},{\"@type\":\"ListItem\",\"position\":2,\"name\":\"GR\\u00c8VE DANS LES COLLECTIVIT\\u00c9S TERRITORIALES -Le gouvernement brandit le b\\u00e2ton contre les agents non\\u2010fonctionnaire\"}]},{\"@type\":\"Person\",\"@id\":\"https:\/\/www.nettali.com\/#\/schema\/person\/418274a86bdf87caff7a3ef476bd0bbf\",\"name\":\"Fatou\",\"image\":{\"@type\":\"ImageObject\",\"@id\":\"https:\/\/www.nettali.com\/#personlogo\",\"inLanguage\":\"fr-FR\",\"url\":\"https:\/\/secure.gravatar.com\/avatar\/5a9442a2bee7b4dcf167cab035858e9a?s=96&d=mm&r=g\",\"contentUrl\":\"https:\/\/secure.gravatar.com\/avatar\/5a9442a2bee7b4dcf167cab035858e9a?s=96&d=mm&r=g\",\"caption\":\"Fatou\"},\"sameAs\":[\"https:\/\/www.nettali.com\"]}]}<\/script>\n<!-- \/ Yoast SEO Premium plugin. -->","yoast_head_json":{"title":"GR\u00c8VE DANS LES COLLECTIVIT\u00c9S TERRITORIALES -Le gouvernement brandit le b\u00e2ton contre les agents non\u2010fonctionnaire | Nettali.com","robots":{"index":"index","follow":"follow","max-snippet":"max-snippet:-1","max-image-preview":"max-image-preview:large","max-video-preview":"max-video-preview:-1"},"canonical":"https:\/\/www.nettali.com\/2024\/08\/16\/greve-dans-les-collectivites-territoriales-le-gouvernement-brandit-le-baton-contre-les-agents-non\u2010fonctionnaire\/","og_locale":"fr_FR","og_type":"article","og_title":"GR\u00c8VE DANS LES COLLECTIVIT\u00c9S TERRITORIALES -Le gouvernement brandit le b\u00e2ton contre les agents non\u2010fonctionnaire","og_description":"NETTALI.COM- Le ministre de l\u2019Urbanisme, des Collectivit\u00e9s territoriales et de l'Am\u00e9nagement des Territoires, Balla Moussa Fofana a demand\u00e9 \u00e0 tous les agents non\u2010fonctionnaires de cesser la gr\u00e8ve et regagner leurs bureaux. Sans quoi, l\u2019Etat prendra toutes les mesures disciplinaires. La situation n\u2019a fait que trop durer. Apr\u00e8s deux ans de gr\u00e8ve, de service minimum ou [&hellip;]","og_url":"https:\/\/www.nettali.com\/2024\/08\/16\/greve-dans-les-collectivites-territoriales-le-gouvernement-brandit-le-baton-contre-les-agents-non\u2010fonctionnaire\/","og_site_name":"Nettali.com","article_publisher":"https:\/\/www.facebook.com\/nettalicom","article_published_time":"2024-08-16T08:54:39+00:00","og_image":[{"width":276,"height":183,"url":"https:\/\/www.nettali.com\/wp-content\/uploads\/2021\/04\/collectivit\u00e9s.jpg","type":"image\/jpeg"}],"twitter_card":"summary_large_image","twitter_misc":{"\u00c9crit par":"Fatou","Dur\u00e9e de lecture estim\u00e9e":"3 minutes"},"schema":{"@context":"https:\/\/schema.org","@graph":[{"@type":"WebSite","@id":"https:\/\/www.nettali.com\/#website","url":"https:\/\/www.nettali.com\/","name":"Nettali.com","description":"Le rendez-vous critique du Net","potentialAction":[{"@type":"SearchAction","target":{"@type":"EntryPoint","urlTemplate":"https:\/\/www.nettali.com\/?s={search_term_string}"},"query-input":"required name=search_term_string"}],"inLanguage":"fr-FR"},{"@type":"ImageObject","@id":"https:\/\/www.nettali.com\/2024\/08\/16\/greve-dans-les-collectivites-territoriales-le-gouvernement-brandit-le-baton-contre-les-agents-non%e2%80%90fonctionnaire\/#primaryimage","inLanguage":"fr-FR","url":"https:\/\/www.nettali.com\/wp-content\/uploads\/2021\/04\/collectivit\u00e9s.jpg","contentUrl":"https:\/\/www.nettali.com\/wp-content\/uploads\/2021\/04\/collectivit\u00e9s.jpg","width":276,"height":183},{"@type":"WebPage","@id":"https:\/\/www.nettali.com\/2024\/08\/16\/greve-dans-les-collectivites-territoriales-le-gouvernement-brandit-le-baton-contre-les-agents-non%e2%80%90fonctionnaire\/#webpage","url":"https:\/\/www.nettali.com\/2024\/08\/16\/greve-dans-les-collectivites-territoriales-le-gouvernement-brandit-le-baton-contre-les-agents-non%e2%80%90fonctionnaire\/","name":"GR\u00c8VE DANS LES COLLECTIVIT\u00c9S TERRITORIALES -Le gouvernement brandit le b\u00e2ton contre les agents non\u2010fonctionnaire | Nettali.com","isPartOf":{"@id":"https:\/\/www.nettali.com\/#website"},"primaryImageOfPage":{"@id":"https:\/\/www.nettali.com\/2024\/08\/16\/greve-dans-les-collectivites-territoriales-le-gouvernement-brandit-le-baton-contre-les-agents-non%e2%80%90fonctionnaire\/#primaryimage"},"datePublished":"2024-08-16T08:54:39+00:00","dateModified":"2024-08-16T08:54:39+00:00","author":{"@id":"https:\/\/www.nettali.com\/#\/schema\/person\/418274a86bdf87caff7a3ef476bd0bbf"},"breadcrumb":{"@id":"https:\/\/www.nettali.com\/2024\/08\/16\/greve-dans-les-collectivites-territoriales-le-gouvernement-brandit-le-baton-contre-les-agents-non%e2%80%90fonctionnaire\/#breadcrumb"},"inLanguage":"fr-FR","potentialAction":[{"@type":"ReadAction","target":["https:\/\/www.nettali.com\/2024\/08\/16\/greve-dans-les-collectivites-territoriales-le-gouvernement-brandit-le-baton-contre-les-agents-non%e2%80%90fonctionnaire\/"]}]},{"@type":"BreadcrumbList","@id":"https:\/\/www.nettali.com\/2024\/08\/16\/greve-dans-les-collectivites-territoriales-le-gouvernement-brandit-le-baton-contre-les-agents-non%e2%80%90fonctionnaire\/#breadcrumb","itemListElement":[{"@type":"ListItem","position":1,"name":"Accueil","item":"https:\/\/www.nettali.com\/"},{"@type":"ListItem","position":2,"name":"GR\u00c8VE DANS LES COLLECTIVIT\u00c9S TERRITORIALES -Le gouvernement brandit le b\u00e2ton contre les agents non\u2010fonctionnaire"}]},{"@type":"Person","@id":"https:\/\/www.nettali.com\/#\/schema\/person\/418274a86bdf87caff7a3ef476bd0bbf","name":"Fatou","image":{"@type":"ImageObject","@id":"https:\/\/www.nettali.com\/#personlogo","inLanguage":"fr-FR","url":"https:\/\/secure.gravatar.com\/avatar\/5a9442a2bee7b4dcf167cab035858e9a?s=96&d=mm&r=g","contentUrl":"https:\/\/secure.gravatar.com\/avatar\/5a9442a2bee7b4dcf167cab035858e9a?s=96&d=mm&r=g","caption":"Fatou"},"sameAs":["https:\/\/www.nettali.com"]}]}},"_links":{"self":[{"href":"https:\/\/www.nettali.com\/rest\/wp\/v2\/posts\/138767"}],"collection":[{"href":"https:\/\/www.nettali.com\/rest\/wp\/v2\/posts"}],"about":[{"href":"https:\/\/www.nettali.com\/rest\/wp\/v2\/types\/post"}],"author":[{"embeddable":true,"href":"https:\/\/www.nettali.com\/rest\/wp\/v2\/users\/6"}],"replies":[{"embeddable":true,"href":"https:\/\/www.nettali.com\/rest\/wp\/v2\/comments?post=138767"}],"version-history":[{"count":3,"href":"https:\/\/www.nettali.com\/rest\/wp\/v2\/posts\/138767\/revisions"}],"predecessor-version":[{"id":138777,"href":"https:\/\/www.nettali.com\/rest\/wp\/v2\/posts\/138767\/revisions\/138777"}],"wp:featuredmedia":[{"embeddable":true,"href":"https:\/\/www.nettali.com\/rest\/wp\/v2\/media\/61168"}],"wp:attachment":[{"href":"https:\/\/www.nettali.com\/rest\/wp\/v2\/media?parent=138767"}],"wp:term":[{"taxonomy":"category","embeddable":true,"href":"https:\/\/www.nettali.com\/rest\/wp\/v2\/categories?post=138767"},{"taxonomy":"post_tag","embeddable":true,"href":"https:\/\/www.nettali.com\/rest\/wp\/v2\/tags?post=138767"}],"curies":[{"name":"wp","href":"https:\/\/api.w.org\/{rel}","templated":true}]}}