{"id":138713,"date":"2024-08-14T20:20:50","date_gmt":"2024-08-14T20:20:50","guid":{"rendered":"https:\/\/www.nettali.com\/?p=138713"},"modified":"2024-08-14T20:20:50","modified_gmt":"2024-08-14T20:20:50","slug":"section-de-recherche-adama-faye-arrete","status":"publish","type":"post","link":"https:\/\/www.nettali.com\/2024\/08\/14\/section-de-recherche-adama-faye-arrete\/","title":{"rendered":"SECTION DE RECHERCHE - Adama Faye arr\u00eat\u00e9"},"content":{"rendered":"<p><strong>NETTALI.COM - Le fr\u00e8re de Mari\u00e8me Faye Sall, Adama Faye, a \u00e9t\u00e9 arr\u00eat\u00e9 ce mercredi \u00a0par la Section des recherches de la gendarmerie, sise \u00e0 la caserne Samba Di\u00e9ry Diallo de Colobane. Il est pr\u00e9sentement en garde \u00e0 vue, selon nos sources.<\/strong><\/p>\n<p>Les raisons de son arrestation ne sont pas encore connues. Toutefois, l\u2019on fait remarquer qu\u2019il a \u00e9t\u00e9 cit\u00e9 dans une affaire fonci\u00e8re et sa m\u00e8re ainsi que son \u00e9pouse avaient m\u00eame \u00e9t\u00e9 auditionn\u00e9es.<\/p>\n<p>D\u2019apr\u00e8s nos informations, \u00a0les enqu\u00eateurs se sont d\u00e9plac\u00e9s, mardi, pour une audition de la belle-m\u00e8re de Macky Sall, \u00e0 titre de t\u00e9moin. Les questions ont tourn\u00e9 autour de sa signature appos\u00e9e au bas d\u2019un proc\u00e8s-verbal de vente d\u2019un terrain par la Compagnie des infrastructures africaines (Sia) dont elle est actionnaire. En v\u00e9rit\u00e9, la structure a \u00e9t\u00e9 mise en place par Adama Faye qui, comme \u00e7a se fait couramment, a offert des parts \u00e0 sa maman et \u00a0\u00e0 son \u00e9pouse du nom de Tata A\u00efchatou Babou. La Cia Sa est propri\u00e9taire d\u2019un terrain objet d\u2019un TF 5334\/Nga sis sur la Vdn, derri\u00e8re la station Elton. Muni de son bail, Adama Faye commence la commercialisation du bien, mais la demande de morcellement accuse un retard au niveau des services des Domaines, de l\u2019Urbanisme et du Cadastre. Entre-temps, il avait trouv\u00e9 un acqu\u00e9reur de deux lots A et B en la personne de Seydou Sow.<\/p>\n<p>Le 2 f\u00e9vrier 2023, ce dernier verse un acompte de 418 millions FCfa, en attendant que l\u2019autorisation de morcellement soit disponible. Accusant du retard, l\u2019acqu\u00e9reur saisit la justice d\u2019une plainte et joint \u00e0 sa saisine une copie d\u2019un proc\u00e8s-verbal de la r\u00e9union du Conseil d\u2019administration qui lui c\u00e8de le terrain.<\/p>\n<p>Seulement, dans les documents mis \u00e0 la disposition des enqu\u00eateurs, il est not\u00e9 un \u00e9cart entre la date de la tenue du Conseil d\u2019administration qui avait valid\u00e9 la cession des deux lots et la date mentionn\u00e9e sur le document sign\u00e9 par les actionnaires. Le proc\u00e8s-verbal est dat\u00e9 du 2 f\u00e9vrier et le document sign\u00e9 des actionnaires est fait le 17 octobre 2022.<\/p>\n<p>Au sein de la Compagnie des infrastructures africaines, l\u2019on reconna\u00eet la transaction et l\u2019avance, mais l\u2019on soup\u00e7onne une falsification des documents. C\u2019est ce qui explique l\u2019audition de la m\u00e8re de Adama Faye. Avant elle, l\u2019\u00e9pouse de Adama Faye a r\u00e9pondu aux interpellations des gendarmes. Tata A\u00efchatou Babou s\u2019est rendue, lundi, \u00e0 la Section de recherches de Colobane pour livrer sa part de v\u00e9rit\u00e9.<\/p>\n<p>Le patron et actionnaire majoritaire de Cia SA, Adama Faye a \u00e9t\u00e9 convoqu\u00e9 ce mercredi par les pandores pour la suite de l\u2019enqu\u00eate. Vraissemblement, il a \u00e9t\u00e9 plac\u00e9 en garde \u00e0 vue dans le cadre de cette affaire.<\/p>\n<p>&nbsp;<\/p>\n<div class='share-to-whatsapp-wrapper'><div class='share-on-whsp'>PARTAGER SUR : <\/div><a data-text='SECTION DE RECHERCHE - Adama Faye arr\u00eat\u00e9' data-link='https:\/\/www.nettali.com\/2024\/08\/14\/section-de-recherche-adama-faye-arrete\/' class='whatsapp-button whatsapp-share'>WhatsApp<\/a><div class='clear '><\/div><\/div>","protected":false},"excerpt":{"rendered":"<p>NETTALI.COM - Le fr\u00e8re de Mari\u00e8me Faye Sall, Adama Faye, a \u00e9t\u00e9 arr\u00eat\u00e9 ce mercredi \u00a0par la Section des recherches de la gendarmerie, sise \u00e0 la caserne Samba Di\u00e9ry Diallo de Colobane. Il est pr\u00e9sentement en garde \u00e0 vue, selon nos sources. Les raisons de son arrestation ne sont pas encore connues. Toutefois, l\u2019on fait [&hellip;]<\/p>\n","protected":false},"author":4,"featured_media":91529,"comment_status":"open","ping_status":"open","sticky":false,"template":"","format":"standard","meta":{"_et_pb_use_builder":"","_et_pb_old_content":""},"categories":[3],"tags":[],"yoast_head":"<!-- This site is optimized with the Yoast SEO Premium plugin v17.8 (Yoast SEO v17.8) - https:\/\/yoast.com\/wordpress\/plugins\/seo\/ -->\n<title>SECTION DE RECHERCHE - Adama Faye arr\u00eat\u00e9 | Nettali.com<\/title>\n<meta name=\"robots\" content=\"index, follow, max-snippet:-1, max-image-preview:large, max-video-preview:-1\" \/>\n<link rel=\"canonical\" href=\"https:\/\/www.nettali.com\/2024\/08\/14\/section-de-recherche-adama-faye-arrete\/\" \/>\n<meta property=\"og:locale\" content=\"fr_FR\" \/>\n<meta property=\"og:type\" content=\"article\" \/>\n<meta property=\"og:title\" content=\"SECTION DE RECHERCHE - Adama Faye arr\u00eat\u00e9\" \/>\n<meta property=\"og:description\" content=\"NETTALI.COM - Le fr\u00e8re de Mari\u00e8me Faye Sall, Adama Faye, a \u00e9t\u00e9 arr\u00eat\u00e9 ce mercredi \u00a0par la Section des recherches de la gendarmerie, sise \u00e0 la caserne Samba Di\u00e9ry Diallo de Colobane. Il est pr\u00e9sentement en garde \u00e0 vue, selon nos sources. Les raisons de son arrestation ne sont pas encore connues. Toutefois, l\u2019on fait [&hellip;]\" \/>\n<meta property=\"og:url\" content=\"https:\/\/www.nettali.com\/2024\/08\/14\/section-de-recherche-adama-faye-arrete\/\" \/>\n<meta property=\"og:site_name\" content=\"Nettali.com\" \/>\n<meta property=\"article:publisher\" content=\"https:\/\/www.facebook.com\/nettalicom\" \/>\n<meta property=\"article:published_time\" content=\"2024-08-14T20:20:50+00:00\" \/>\n<meta property=\"og:image\" content=\"https:\/\/www.nettali.com\/wp-content\/uploads\/2022\/08\/Adama-Faye.jpg\" \/>\n\t<meta property=\"og:image:width\" content=\"438\" \/>\n\t<meta property=\"og:image:height\" content=\"629\" \/>\n<meta name=\"twitter:card\" content=\"summary_large_image\" \/>\n<meta name=\"twitter:label1\" content=\"\u00c9crit par\" \/>\n\t<meta name=\"twitter:data1\" content=\"Daouda\" \/>\n\t<meta name=\"twitter:label2\" content=\"Dur\u00e9e de lecture estim\u00e9e\" \/>\n\t<meta name=\"twitter:data2\" content=\"3 minutes\" \/>\n<script type=\"application\/ld+json\" class=\"yoast-schema-graph\">{\"@context\":\"https:\/\/schema.org\",\"@graph\":[{\"@type\":\"WebSite\",\"@id\":\"https:\/\/www.nettali.com\/#website\",\"url\":\"https:\/\/www.nettali.com\/\",\"name\":\"Nettali.com\",\"description\":\"Le rendez-vous critique du Net\",\"potentialAction\":[{\"@type\":\"SearchAction\",\"target\":{\"@type\":\"EntryPoint\",\"urlTemplate\":\"https:\/\/www.nettali.com\/?s={search_term_string}\"},\"query-input\":\"required name=search_term_string\"}],\"inLanguage\":\"fr-FR\"},{\"@type\":\"ImageObject\",\"@id\":\"https:\/\/www.nettali.com\/2024\/08\/14\/section-de-recherche-adama-faye-arrete\/#primaryimage\",\"inLanguage\":\"fr-FR\",\"url\":\"https:\/\/www.nettali.com\/wp-content\/uploads\/2022\/08\/Adama-Faye.jpg\",\"contentUrl\":\"https:\/\/www.nettali.com\/wp-content\/uploads\/2022\/08\/Adama-Faye.jpg\",\"width\":438,\"height\":629},{\"@type\":\"WebPage\",\"@id\":\"https:\/\/www.nettali.com\/2024\/08\/14\/section-de-recherche-adama-faye-arrete\/#webpage\",\"url\":\"https:\/\/www.nettali.com\/2024\/08\/14\/section-de-recherche-adama-faye-arrete\/\",\"name\":\"SECTION DE RECHERCHE - Adama Faye arr\\u00eat\\u00e9 | Nettali.com\",\"isPartOf\":{\"@id\":\"https:\/\/www.nettali.com\/#website\"},\"primaryImageOfPage\":{\"@id\":\"https:\/\/www.nettali.com\/2024\/08\/14\/section-de-recherche-adama-faye-arrete\/#primaryimage\"},\"datePublished\":\"2024-08-14T20:20:50+00:00\",\"dateModified\":\"2024-08-14T20:20:50+00:00\",\"author\":{\"@id\":\"https:\/\/www.nettali.com\/#\/schema\/person\/3317e0bb3aa1da309fbf7b2780901bf4\"},\"breadcrumb\":{\"@id\":\"https:\/\/www.nettali.com\/2024\/08\/14\/section-de-recherche-adama-faye-arrete\/#breadcrumb\"},\"inLanguage\":\"fr-FR\",\"potentialAction\":[{\"@type\":\"ReadAction\",\"target\":[\"https:\/\/www.nettali.com\/2024\/08\/14\/section-de-recherche-adama-faye-arrete\/\"]}]},{\"@type\":\"BreadcrumbList\",\"@id\":\"https:\/\/www.nettali.com\/2024\/08\/14\/section-de-recherche-adama-faye-arrete\/#breadcrumb\",\"itemListElement\":[{\"@type\":\"ListItem\",\"position\":1,\"name\":\"Accueil\",\"item\":\"https:\/\/www.nettali.com\/\"},{\"@type\":\"ListItem\",\"position\":2,\"name\":\"SECTION DE RECHERCHE - Adama Faye arr\\u00eat\\u00e9\"}]},{\"@type\":\"Person\",\"@id\":\"https:\/\/www.nettali.com\/#\/schema\/person\/3317e0bb3aa1da309fbf7b2780901bf4\",\"name\":\"Daouda\",\"image\":{\"@type\":\"ImageObject\",\"@id\":\"https:\/\/www.nettali.com\/#personlogo\",\"inLanguage\":\"fr-FR\",\"url\":\"https:\/\/secure.gravatar.com\/avatar\/8d143b5a49345098ddcfee1c49c2f47c?s=96&d=mm&r=g\",\"contentUrl\":\"https:\/\/secure.gravatar.com\/avatar\/8d143b5a49345098ddcfee1c49c2f47c?s=96&d=mm&r=g\",\"caption\":\"Daouda\"},\"sameAs\":[\"https:\/\/www.nettali.com\"]}]}<\/script>\n<!-- \/ Yoast SEO Premium plugin. -->","yoast_head_json":{"title":"SECTION DE RECHERCHE - Adama Faye arr\u00eat\u00e9 | Nettali.com","robots":{"index":"index","follow":"follow","max-snippet":"max-snippet:-1","max-image-preview":"max-image-preview:large","max-video-preview":"max-video-preview:-1"},"canonical":"https:\/\/www.nettali.com\/2024\/08\/14\/section-de-recherche-adama-faye-arrete\/","og_locale":"fr_FR","og_type":"article","og_title":"SECTION DE RECHERCHE - Adama Faye arr\u00eat\u00e9","og_description":"NETTALI.COM - Le fr\u00e8re de Mari\u00e8me Faye Sall, Adama Faye, a \u00e9t\u00e9 arr\u00eat\u00e9 ce mercredi \u00a0par la Section des recherches de la gendarmerie, sise \u00e0 la caserne Samba Di\u00e9ry Diallo de Colobane. Il est pr\u00e9sentement en garde \u00e0 vue, selon nos sources. Les raisons de son arrestation ne sont pas encore connues. Toutefois, l\u2019on fait [&hellip;]","og_url":"https:\/\/www.nettali.com\/2024\/08\/14\/section-de-recherche-adama-faye-arrete\/","og_site_name":"Nettali.com","article_publisher":"https:\/\/www.facebook.com\/nettalicom","article_published_time":"2024-08-14T20:20:50+00:00","og_image":[{"width":438,"height":629,"url":"https:\/\/www.nettali.com\/wp-content\/uploads\/2022\/08\/Adama-Faye.jpg","type":"image\/jpeg"}],"twitter_card":"summary_large_image","twitter_misc":{"\u00c9crit par":"Daouda","Dur\u00e9e de lecture estim\u00e9e":"3 minutes"},"schema":{"@context":"https:\/\/schema.org","@graph":[{"@type":"WebSite","@id":"https:\/\/www.nettali.com\/#website","url":"https:\/\/www.nettali.com\/","name":"Nettali.com","description":"Le rendez-vous critique du Net","potentialAction":[{"@type":"SearchAction","target":{"@type":"EntryPoint","urlTemplate":"https:\/\/www.nettali.com\/?s={search_term_string}"},"query-input":"required name=search_term_string"}],"inLanguage":"fr-FR"},{"@type":"ImageObject","@id":"https:\/\/www.nettali.com\/2024\/08\/14\/section-de-recherche-adama-faye-arrete\/#primaryimage","inLanguage":"fr-FR","url":"https:\/\/www.nettali.com\/wp-content\/uploads\/2022\/08\/Adama-Faye.jpg","contentUrl":"https:\/\/www.nettali.com\/wp-content\/uploads\/2022\/08\/Adama-Faye.jpg","width":438,"height":629},{"@type":"WebPage","@id":"https:\/\/www.nettali.com\/2024\/08\/14\/section-de-recherche-adama-faye-arrete\/#webpage","url":"https:\/\/www.nettali.com\/2024\/08\/14\/section-de-recherche-adama-faye-arrete\/","name":"SECTION DE RECHERCHE - Adama Faye arr\u00eat\u00e9 | Nettali.com","isPartOf":{"@id":"https:\/\/www.nettali.com\/#website"},"primaryImageOfPage":{"@id":"https:\/\/www.nettali.com\/2024\/08\/14\/section-de-recherche-adama-faye-arrete\/#primaryimage"},"datePublished":"2024-08-14T20:20:50+00:00","dateModified":"2024-08-14T20:20:50+00:00","author":{"@id":"https:\/\/www.nettali.com\/#\/schema\/person\/3317e0bb3aa1da309fbf7b2780901bf4"},"breadcrumb":{"@id":"https:\/\/www.nettali.com\/2024\/08\/14\/section-de-recherche-adama-faye-arrete\/#breadcrumb"},"inLanguage":"fr-FR","potentialAction":[{"@type":"ReadAction","target":["https:\/\/www.nettali.com\/2024\/08\/14\/section-de-recherche-adama-faye-arrete\/"]}]},{"@type":"BreadcrumbList","@id":"https:\/\/www.nettali.com\/2024\/08\/14\/section-de-recherche-adama-faye-arrete\/#breadcrumb","itemListElement":[{"@type":"ListItem","position":1,"name":"Accueil","item":"https:\/\/www.nettali.com\/"},{"@type":"ListItem","position":2,"name":"SECTION DE RECHERCHE - Adama Faye arr\u00eat\u00e9"}]},{"@type":"Person","@id":"https:\/\/www.nettali.com\/#\/schema\/person\/3317e0bb3aa1da309fbf7b2780901bf4","name":"Daouda","image":{"@type":"ImageObject","@id":"https:\/\/www.nettali.com\/#personlogo","inLanguage":"fr-FR","url":"https:\/\/secure.gravatar.com\/avatar\/8d143b5a49345098ddcfee1c49c2f47c?s=96&d=mm&r=g","contentUrl":"https:\/\/secure.gravatar.com\/avatar\/8d143b5a49345098ddcfee1c49c2f47c?s=96&d=mm&r=g","caption":"Daouda"},"sameAs":["https:\/\/www.nettali.com"]}]}},"_links":{"self":[{"href":"https:\/\/www.nettali.com\/rest\/wp\/v2\/posts\/138713"}],"collection":[{"href":"https:\/\/www.nettali.com\/rest\/wp\/v2\/posts"}],"about":[{"href":"https:\/\/www.nettali.com\/rest\/wp\/v2\/types\/post"}],"author":[{"embeddable":true,"href":"https:\/\/www.nettali.com\/rest\/wp\/v2\/users\/4"}],"replies":[{"embeddable":true,"href":"https:\/\/www.nettali.com\/rest\/wp\/v2\/comments?post=138713"}],"version-history":[{"count":1,"href":"https:\/\/www.nettali.com\/rest\/wp\/v2\/posts\/138713\/revisions"}],"predecessor-version":[{"id":138714,"href":"https:\/\/www.nettali.com\/rest\/wp\/v2\/posts\/138713\/revisions\/138714"}],"wp:featuredmedia":[{"embeddable":true,"href":"https:\/\/www.nettali.com\/rest\/wp\/v2\/media\/91529"}],"wp:attachment":[{"href":"https:\/\/www.nettali.com\/rest\/wp\/v2\/media?parent=138713"}],"wp:term":[{"taxonomy":"category","embeddable":true,"href":"https:\/\/www.nettali.com\/rest\/wp\/v2\/categories?post=138713"},{"taxonomy":"post_tag","embeddable":true,"href":"https:\/\/www.nettali.com\/rest\/wp\/v2\/tags?post=138713"}],"curies":[{"name":"wp","href":"https:\/\/api.w.org\/{rel}","templated":true}]}}