{"id":138699,"date":"2024-08-14T11:10:13","date_gmt":"2024-08-14T11:10:13","guid":{"rendered":"https:\/\/www.nettali.com\/?p=138699"},"modified":"2024-08-14T11:10:13","modified_gmt":"2024-08-14T11:10:13","slug":"ils-sont-revenus-pour-prendre-leur-revanche-mais","status":"publish","type":"post","link":"https:\/\/www.nettali.com\/2024\/08\/14\/ils-sont-revenus-pour-prendre-leur-revanche-mais\/","title":{"rendered":"Ils sont revenus pour prendre leur revanche mais ..."},"content":{"rendered":"<p><strong>NETTALI.COM - Je pensais aux ann\u00e9es les plus sombres du conflit en Casamance, o\u00f9 les d\u00e9lations faisaient des ravages et les repr\u00e9sailles de tous bords, des drames aussi nombreux qu\u2019ignobles. En ce temps-l\u00e0, en effet, le cruel avec sa cruaut\u00e9 quintessentielle le disputait au diabolique le plus obscur.<\/strong><\/p>\n<p>Je pensais \u00e0 ces ann\u00e9es-l\u00e0 et je me dis : malgr\u00e9 cela, la paix est possible en Casamance. Sauf que nous aurons mis longtemps, voire tr\u00e8s longtemps, \u00e0 le comprendre.<\/p>\n<p>Il n\u2019emp\u00eache que les d\u00e9lations des d\u00e9lateurs \u00e9taient hier, en Casamance, ce que semblent valoir de nos jours, \u00e0 travers tout le pays, les alertes des lanceurs d\u2019alertes. Et si l\u2019on n\u2019y prend garde, \u00e0 coup s\u00fbr, et au p\u00e9ril de la d\u00e9mocratie, ces derniers se substitueront aux journalistes et leurs alertes quotidiennes, aux \u2018actualit\u00e9s\u2019.<\/p>\n<p>J\u2019ai ici une pens\u00e9e particuli\u00e8re pour la Presse nationale, en ce Jour sans Presse, jour donc sans d\u00e9mocratie, et je veux lui t\u00e9moigner de tout mon soutien et de toute ma solidarit\u00e9 dans son combat pour sa survie, juste pour sa survie, face aux repr\u00e9sailles \u00e0 son encontre de la part des nouvelles autorit\u00e9s du pays.<\/p>\n<p>Or, dis-je, je pensais \u00e0 ces ann\u00e9es-l\u00e0. Et pendant que je me rem\u00e9morais les affres et autres drames qui en \u00e9taient comme une marque de fabrique, j\u2019appris l\u2019arriv\u00e9e prochaine des \u00ab revenants \u00bb. Ils \u00e9taient partis pour la prison ; ils y ont s\u00e9journ\u00e9 ; et voil\u00e0 que, par le fait du prince, ils ont recouvr\u00e9 leur libert\u00e9.<\/p>\n<p>L\u2019on remarquera, toutefois, et tr\u00e8s vite, qu\u2019ils n\u2019ont rien appris en prison, pour n\u2019y \u00eatre gu\u00e8re rest\u00e9s longtemps ; cependant qu\u2019ils n\u2019ont rien oubli\u00e9, pour y avoir eu assez de temps pour ruminer leur ranc\u0153ur et nourrir leur haine \u00e0 suffisance. Il s\u2019ensuivra une rancune si tenace que rien ni personne n\u2019en \u00e9chappera. Le tri n\u2019est m\u00eame plus n\u00e9cessaire : tous coupables. Enfin ! ceux des 46% qui n\u2019ont pas vot\u00e9 pour eux et notamment ceux qui auront eu jadis la \u00ab mauvaise \u00bb id\u00e9e, quoique l\u00e9gitime, de les combattre ouvertement, \u00e0 visage d\u00e9couvert.<\/p>\n<p>En fait, ils sont comme tout le monde. Simplement, ils ne sont pas pr\u00eats pour gouverner au b\u00e9n\u00e9fice de toutes et de tous, sans exception, pr\u00e9cis\u00e9ment parce qu\u2019ils n\u2019ont pas eu le temps ni l\u2019opportunit\u00e9 ni peut-\u00eatre la volont\u00e9 de faire la paix avec eux-m\u00eames. Nul, en effet, ne peut pr\u00e9sider \u00e0 bon escient aux destin\u00e9es d\u2019un peuple, d\u2019une nation ou d\u2019un pays, s\u2019il n\u2019a d\u00e9couvert pr\u00e9alablement les d\u00e9lices de la paix avec soi-m\u00eame.<\/p>\n<p>Et pour ne rien arranger, \u00e0 l\u2019heure de la \u00ab d\u00e9livrance \u00bb, telle une future maman qui regrette d\u00e9j\u00e0 la naissance imminente de son b\u00e9b\u00e9, le pr\u00e9sident sortant, jetant un coup d\u2019\u0153il dans le r\u00e9troviseur, d\u00e9clarera, f\u00fbt-ce le temps \u00e9ph\u00e9m\u00e8re d\u2019une saute d\u2019humeur, ne m\u00eame plus \u00e9prouver le d\u00e9sir d\u2019assister \u00e0 la Pr\u00e9sidentielle annonc\u00e9e, qu\u2019il est pourtant cens\u00e9 organiser, et bien organiser ! promit-il en son temps, tant sa d\u00e9ception est grande devant \u00ab l\u2019ingratitude \u00bb affich\u00e9e du peuple \u00e0 son \u00e9gard. Jamais patriotisme d\u2019un chef d\u2019Etat en exercice n\u2019aura \u00e9t\u00e9 si terriblement malmen\u00e9.<\/p>\n<p>A entendre le pr\u00e9sident Macky Sall exprimer de la sorte son amertume, dama titon. J\u2019\u00e9tais en effet si effray\u00e9, si effarouch\u00e9 ! Je n\u2019ai pas dit \u2018surpris\u2019, ni \u2018\u00e9tonn\u00e9\u2019 ; mais \u2018effray\u00e9\u2019, \u2018effarouch\u00e9\u2019. \u2018Epouvant\u00e9\u2019 m\u00eame, pourrais-je ajouter.<\/p>\n<p>Aussi, la \u00ab punition collective \u00bb, inflig\u00e9e \u00e0 toute une r\u00e9gion, la Casamance, ne le pr\u00e9figurait-elle pas d\u00e9j\u00e0 ?<\/p>\n<p>En tout cas, le pr\u00e9sident Macky Sall n\u2019a pas loup\u00e9 la Casamance quand, en guise de ce qui passait alors pour une punition collective, il fit suspendre d\u2019autorit\u00e9 les rotations fluviomaritimes Ziguinchor-Dakar pendant au moins huit mois. Le motif officiel ? C\u2019\u00e9tait, dit-on, pour des raisons de s\u00e9curit\u00e9.<\/p>\n<p>En r\u00e9alit\u00e9, le pr\u00e9sident Macky Sall trouvait ingrates \u00e0 son \u00e9gard les populations du Sud, qui eussent eu en l\u2019occurrence le tort de lui pr\u00e9f\u00e9rer Ousmane Sonko, un \u2018fils du terroir\u2019.<\/p>\n<p>\u00c7a, c\u2019\u00e9tait hier. Tandis que les tombeurs du pr\u00e9sident Macky Sall, le pr\u00e9sident Bassirou Diomaye Faye et son Premier ministre Ousmane Sonko, sont aujourd\u2019hui aux commandes, l\u2019\u00e9lectorat s\u00e9n\u00e9galais s\u2019\u00e9tant abandonn\u00e9, sans d\u00e9fiance aucune, au charme d\u2019une opposition radicale\/violente. O\u00f9 vont-ils mener le pays ?<\/p>\n<p>Est-ce que moi-m\u00eame je le sais ? Je suis en tout cas persuad\u00e9 que Cheikh Y\u00e9rim Seck, qu\u2019on ne pr\u00e9sente plus, a raison quand il sugg\u00e8re qu\u2019un coaching appropri\u00e9 soit offert au plus vite aux nouvelles autorit\u00e9s du pays, y compris dans le maniement et la pratique du fran\u00e7ais, langue officielle.<\/p>\n<p>J\u2019ajouterais, pour ma part, bien volontiers, qu\u2019un \u2018coaching pardon &amp; paix\u2019 leur serait tout autant n\u00e9cessaire, qui leur apporterait, j\u2019en suis convaincu, cette esp\u00e8ce de havre de paix int\u00e9rieure, c\u2019est-\u00e0-dire en soi-m\u00eame et avec soi-m\u00eame, utile et n\u00e9cessaire, en ce qu\u2019il ne peut pas ne pas \u00eatre pour une bonne conduite des affaires de l\u2019Etat et de la R\u00e9publique.<\/p>\n<p>Pour ce faire, je pense tout particuli\u00e8rement \u00e0 nos amis, Madame Yannick Arlabosse-Titz et son mari Jean-Maurice, experts en la mati\u00e8re, et dont l\u2019amour pour le S\u00e9n\u00e9gal trouve son secret dans leur humanit\u00e9 propre sinon leur profond humanisme.<\/p>\n<p>Dakar, le 13 ao\u00fbt 2024.<\/p>\n<p><strong>Jean-Marie Fran\u00e7ois BIAGUI<\/strong><\/p>\n<div class='share-to-whatsapp-wrapper'><div class='share-on-whsp'>PARTAGER SUR : <\/div><a data-text='Ils sont revenus pour prendre leur revanche mais ...' data-link='https:\/\/www.nettali.com\/2024\/08\/14\/ils-sont-revenus-pour-prendre-leur-revanche-mais\/' class='whatsapp-button whatsapp-share'>WhatsApp<\/a><div class='clear '><\/div><\/div>","protected":false},"excerpt":{"rendered":"<p>NETTALI.COM - Je pensais aux ann\u00e9es les plus sombres du conflit en Casamance, o\u00f9 les d\u00e9lations faisaient des ravages et les repr\u00e9sailles de tous bords, des drames aussi nombreux qu\u2019ignobles. En ce temps-l\u00e0, en effet, le cruel avec sa cruaut\u00e9 quintessentielle le disputait au diabolique le plus obscur. Je pensais \u00e0 ces ann\u00e9es-l\u00e0 et je [&hellip;]<\/p>\n","protected":false},"author":4,"featured_media":112696,"comment_status":"open","ping_status":"open","sticky":false,"template":"","format":"standard","meta":{"_et_pb_use_builder":"","_et_pb_old_content":""},"categories":[34934],"tags":[],"yoast_head":"<!-- This site is optimized with the Yoast SEO Premium plugin v17.8 (Yoast SEO v17.8) - https:\/\/yoast.com\/wordpress\/plugins\/seo\/ -->\n<title>Ils sont revenus pour prendre leur revanche mais ... | Nettali.com<\/title>\n<meta name=\"robots\" content=\"index, follow, max-snippet:-1, max-image-preview:large, max-video-preview:-1\" \/>\n<link rel=\"canonical\" href=\"https:\/\/www.nettali.com\/2024\/08\/14\/ils-sont-revenus-pour-prendre-leur-revanche-mais\/\" \/>\n<meta property=\"og:locale\" content=\"fr_FR\" \/>\n<meta property=\"og:type\" content=\"article\" \/>\n<meta property=\"og:title\" content=\"Ils sont revenus pour prendre leur revanche mais ...\" \/>\n<meta property=\"og:description\" content=\"NETTALI.COM - Je pensais aux ann\u00e9es les plus sombres du conflit en Casamance, o\u00f9 les d\u00e9lations faisaient des ravages et les repr\u00e9sailles de tous bords, des drames aussi nombreux qu\u2019ignobles. En ce temps-l\u00e0, en effet, le cruel avec sa cruaut\u00e9 quintessentielle le disputait au diabolique le plus obscur. Je pensais \u00e0 ces ann\u00e9es-l\u00e0 et je [&hellip;]\" \/>\n<meta property=\"og:url\" content=\"https:\/\/www.nettali.com\/2024\/08\/14\/ils-sont-revenus-pour-prendre-leur-revanche-mais\/\" \/>\n<meta property=\"og:site_name\" content=\"Nettali.com\" \/>\n<meta property=\"article:publisher\" content=\"https:\/\/www.facebook.com\/nettalicom\" \/>\n<meta property=\"article:published_time\" content=\"2024-08-14T11:10:13+00:00\" \/>\n<meta property=\"og:image\" content=\"https:\/\/www.nettali.com\/wp-content\/uploads\/2023\/06\/Jean-Marie-Franc\u0327ois-Biagui.jpeg\" \/>\n\t<meta property=\"og:image:width\" content=\"712\" \/>\n\t<meta property=\"og:image:height\" content=\"431\" \/>\n<meta name=\"twitter:card\" content=\"summary_large_image\" \/>\n<meta name=\"twitter:label1\" content=\"\u00c9crit par\" \/>\n\t<meta name=\"twitter:data1\" content=\"Daouda\" \/>\n\t<meta name=\"twitter:label2\" content=\"Dur\u00e9e de lecture estim\u00e9e\" \/>\n\t<meta name=\"twitter:data2\" content=\"5 minutes\" \/>\n<script type=\"application\/ld+json\" class=\"yoast-schema-graph\">{\"@context\":\"https:\/\/schema.org\",\"@graph\":[{\"@type\":\"WebSite\",\"@id\":\"https:\/\/www.nettali.com\/#website\",\"url\":\"https:\/\/www.nettali.com\/\",\"name\":\"Nettali.com\",\"description\":\"Le rendez-vous critique du Net\",\"potentialAction\":[{\"@type\":\"SearchAction\",\"target\":{\"@type\":\"EntryPoint\",\"urlTemplate\":\"https:\/\/www.nettali.com\/?s={search_term_string}\"},\"query-input\":\"required name=search_term_string\"}],\"inLanguage\":\"fr-FR\"},{\"@type\":\"ImageObject\",\"@id\":\"https:\/\/www.nettali.com\/2024\/08\/14\/ils-sont-revenus-pour-prendre-leur-revanche-mais\/#primaryimage\",\"inLanguage\":\"fr-FR\",\"url\":\"https:\/\/www.nettali.com\/wp-content\/uploads\/2023\/06\/Jean-Marie-Franc\\u0327ois-Biagui.jpeg\",\"contentUrl\":\"https:\/\/www.nettali.com\/wp-content\/uploads\/2023\/06\/Jean-Marie-Franc\\u0327ois-Biagui.jpeg\",\"width\":712,\"height\":431},{\"@type\":\"WebPage\",\"@id\":\"https:\/\/www.nettali.com\/2024\/08\/14\/ils-sont-revenus-pour-prendre-leur-revanche-mais\/#webpage\",\"url\":\"https:\/\/www.nettali.com\/2024\/08\/14\/ils-sont-revenus-pour-prendre-leur-revanche-mais\/\",\"name\":\"Ils sont revenus pour prendre leur revanche mais ... | Nettali.com\",\"isPartOf\":{\"@id\":\"https:\/\/www.nettali.com\/#website\"},\"primaryImageOfPage\":{\"@id\":\"https:\/\/www.nettali.com\/2024\/08\/14\/ils-sont-revenus-pour-prendre-leur-revanche-mais\/#primaryimage\"},\"datePublished\":\"2024-08-14T11:10:13+00:00\",\"dateModified\":\"2024-08-14T11:10:13+00:00\",\"author\":{\"@id\":\"https:\/\/www.nettali.com\/#\/schema\/person\/3317e0bb3aa1da309fbf7b2780901bf4\"},\"breadcrumb\":{\"@id\":\"https:\/\/www.nettali.com\/2024\/08\/14\/ils-sont-revenus-pour-prendre-leur-revanche-mais\/#breadcrumb\"},\"inLanguage\":\"fr-FR\",\"potentialAction\":[{\"@type\":\"ReadAction\",\"target\":[\"https:\/\/www.nettali.com\/2024\/08\/14\/ils-sont-revenus-pour-prendre-leur-revanche-mais\/\"]}]},{\"@type\":\"BreadcrumbList\",\"@id\":\"https:\/\/www.nettali.com\/2024\/08\/14\/ils-sont-revenus-pour-prendre-leur-revanche-mais\/#breadcrumb\",\"itemListElement\":[{\"@type\":\"ListItem\",\"position\":1,\"name\":\"Accueil\",\"item\":\"https:\/\/www.nettali.com\/\"},{\"@type\":\"ListItem\",\"position\":2,\"name\":\"Ils sont revenus pour prendre leur revanche mais ...\"}]},{\"@type\":\"Person\",\"@id\":\"https:\/\/www.nettali.com\/#\/schema\/person\/3317e0bb3aa1da309fbf7b2780901bf4\",\"name\":\"Daouda\",\"image\":{\"@type\":\"ImageObject\",\"@id\":\"https:\/\/www.nettali.com\/#personlogo\",\"inLanguage\":\"fr-FR\",\"url\":\"https:\/\/secure.gravatar.com\/avatar\/8d143b5a49345098ddcfee1c49c2f47c?s=96&d=mm&r=g\",\"contentUrl\":\"https:\/\/secure.gravatar.com\/avatar\/8d143b5a49345098ddcfee1c49c2f47c?s=96&d=mm&r=g\",\"caption\":\"Daouda\"},\"sameAs\":[\"https:\/\/www.nettali.com\"]}]}<\/script>\n<!-- \/ Yoast SEO Premium plugin. -->","yoast_head_json":{"title":"Ils sont revenus pour prendre leur revanche mais ... | Nettali.com","robots":{"index":"index","follow":"follow","max-snippet":"max-snippet:-1","max-image-preview":"max-image-preview:large","max-video-preview":"max-video-preview:-1"},"canonical":"https:\/\/www.nettali.com\/2024\/08\/14\/ils-sont-revenus-pour-prendre-leur-revanche-mais\/","og_locale":"fr_FR","og_type":"article","og_title":"Ils sont revenus pour prendre leur revanche mais ...","og_description":"NETTALI.COM - Je pensais aux ann\u00e9es les plus sombres du conflit en Casamance, o\u00f9 les d\u00e9lations faisaient des ravages et les repr\u00e9sailles de tous bords, des drames aussi nombreux qu\u2019ignobles. En ce temps-l\u00e0, en effet, le cruel avec sa cruaut\u00e9 quintessentielle le disputait au diabolique le plus obscur. Je pensais \u00e0 ces ann\u00e9es-l\u00e0 et je [&hellip;]","og_url":"https:\/\/www.nettali.com\/2024\/08\/14\/ils-sont-revenus-pour-prendre-leur-revanche-mais\/","og_site_name":"Nettali.com","article_publisher":"https:\/\/www.facebook.com\/nettalicom","article_published_time":"2024-08-14T11:10:13+00:00","og_image":[{"width":712,"height":431,"url":"https:\/\/www.nettali.com\/wp-content\/uploads\/2023\/06\/Jean-Marie-Franc\u0327ois-Biagui.jpeg","type":"image\/jpeg"}],"twitter_card":"summary_large_image","twitter_misc":{"\u00c9crit par":"Daouda","Dur\u00e9e de lecture estim\u00e9e":"5 minutes"},"schema":{"@context":"https:\/\/schema.org","@graph":[{"@type":"WebSite","@id":"https:\/\/www.nettali.com\/#website","url":"https:\/\/www.nettali.com\/","name":"Nettali.com","description":"Le rendez-vous critique du Net","potentialAction":[{"@type":"SearchAction","target":{"@type":"EntryPoint","urlTemplate":"https:\/\/www.nettali.com\/?s={search_term_string}"},"query-input":"required name=search_term_string"}],"inLanguage":"fr-FR"},{"@type":"ImageObject","@id":"https:\/\/www.nettali.com\/2024\/08\/14\/ils-sont-revenus-pour-prendre-leur-revanche-mais\/#primaryimage","inLanguage":"fr-FR","url":"https:\/\/www.nettali.com\/wp-content\/uploads\/2023\/06\/Jean-Marie-Franc\u0327ois-Biagui.jpeg","contentUrl":"https:\/\/www.nettali.com\/wp-content\/uploads\/2023\/06\/Jean-Marie-Franc\u0327ois-Biagui.jpeg","width":712,"height":431},{"@type":"WebPage","@id":"https:\/\/www.nettali.com\/2024\/08\/14\/ils-sont-revenus-pour-prendre-leur-revanche-mais\/#webpage","url":"https:\/\/www.nettali.com\/2024\/08\/14\/ils-sont-revenus-pour-prendre-leur-revanche-mais\/","name":"Ils sont revenus pour prendre leur revanche mais ... | Nettali.com","isPartOf":{"@id":"https:\/\/www.nettali.com\/#website"},"primaryImageOfPage":{"@id":"https:\/\/www.nettali.com\/2024\/08\/14\/ils-sont-revenus-pour-prendre-leur-revanche-mais\/#primaryimage"},"datePublished":"2024-08-14T11:10:13+00:00","dateModified":"2024-08-14T11:10:13+00:00","author":{"@id":"https:\/\/www.nettali.com\/#\/schema\/person\/3317e0bb3aa1da309fbf7b2780901bf4"},"breadcrumb":{"@id":"https:\/\/www.nettali.com\/2024\/08\/14\/ils-sont-revenus-pour-prendre-leur-revanche-mais\/#breadcrumb"},"inLanguage":"fr-FR","potentialAction":[{"@type":"ReadAction","target":["https:\/\/www.nettali.com\/2024\/08\/14\/ils-sont-revenus-pour-prendre-leur-revanche-mais\/"]}]},{"@type":"BreadcrumbList","@id":"https:\/\/www.nettali.com\/2024\/08\/14\/ils-sont-revenus-pour-prendre-leur-revanche-mais\/#breadcrumb","itemListElement":[{"@type":"ListItem","position":1,"name":"Accueil","item":"https:\/\/www.nettali.com\/"},{"@type":"ListItem","position":2,"name":"Ils sont revenus pour prendre leur revanche mais ..."}]},{"@type":"Person","@id":"https:\/\/www.nettali.com\/#\/schema\/person\/3317e0bb3aa1da309fbf7b2780901bf4","name":"Daouda","image":{"@type":"ImageObject","@id":"https:\/\/www.nettali.com\/#personlogo","inLanguage":"fr-FR","url":"https:\/\/secure.gravatar.com\/avatar\/8d143b5a49345098ddcfee1c49c2f47c?s=96&d=mm&r=g","contentUrl":"https:\/\/secure.gravatar.com\/avatar\/8d143b5a49345098ddcfee1c49c2f47c?s=96&d=mm&r=g","caption":"Daouda"},"sameAs":["https:\/\/www.nettali.com"]}]}},"_links":{"self":[{"href":"https:\/\/www.nettali.com\/rest\/wp\/v2\/posts\/138699"}],"collection":[{"href":"https:\/\/www.nettali.com\/rest\/wp\/v2\/posts"}],"about":[{"href":"https:\/\/www.nettali.com\/rest\/wp\/v2\/types\/post"}],"author":[{"embeddable":true,"href":"https:\/\/www.nettali.com\/rest\/wp\/v2\/users\/4"}],"replies":[{"embeddable":true,"href":"https:\/\/www.nettali.com\/rest\/wp\/v2\/comments?post=138699"}],"version-history":[{"count":1,"href":"https:\/\/www.nettali.com\/rest\/wp\/v2\/posts\/138699\/revisions"}],"predecessor-version":[{"id":138701,"href":"https:\/\/www.nettali.com\/rest\/wp\/v2\/posts\/138699\/revisions\/138701"}],"wp:featuredmedia":[{"embeddable":true,"href":"https:\/\/www.nettali.com\/rest\/wp\/v2\/media\/112696"}],"wp:attachment":[{"href":"https:\/\/www.nettali.com\/rest\/wp\/v2\/media?parent=138699"}],"wp:term":[{"taxonomy":"category","embeddable":true,"href":"https:\/\/www.nettali.com\/rest\/wp\/v2\/categories?post=138699"},{"taxonomy":"post_tag","embeddable":true,"href":"https:\/\/www.nettali.com\/rest\/wp\/v2\/tags?post=138699"}],"curies":[{"name":"wp","href":"https:\/\/api.w.org\/{rel}","templated":true}]}}