{"id":138589,"date":"2024-08-10T17:36:21","date_gmt":"2024-08-10T17:36:21","guid":{"rendered":"https:\/\/www.nettali.com\/?p=138589"},"modified":"2024-08-10T17:36:21","modified_gmt":"2024-08-10T17:36:21","slug":"voyage-sonko-au-rwanda-pour-participer-a-linvestiture-de-kagame","status":"publish","type":"post","link":"https:\/\/www.nettali.com\/2024\/08\/10\/voyage-sonko-au-rwanda-pour-participer-a-linvestiture-de-kagame\/","title":{"rendered":"VOYAGE - Sonko au Rwanda pour participer \u00e0 l'investiture de Kagam\u00e9"},"content":{"rendered":"<p><strong>NETTALI.COM -\u00a0 Le Premier ministre, Ousmane Sonko, est arriv\u00e9, samedi, \u00e0 Kigali, o\u00f9 il\u00a0 va repr\u00e9senter le chef de l\u2019Etat, Bassirou Diomaye Faye, \u00e0 la c\u00e9r\u00e9monie d\u2019investiture du pr\u00e9sident Paul Kagame, pr\u00e9vue ce dimanche, rapporte la Rwanda Broadcasting Agency (RBA) sur son compte X.<\/strong><\/p>\n<p>Les pr\u00e9sidents du Soudan du Sud, Salva Kiir, de la Guin\u00e9e Bissau, Umaro Sissoco Emballo, du Zimbabwe, Emmerson Mnangagwa, le Vice-pr\u00e9sident ivoirien Tiemoko Meyliet Kon\u00e9 sont \u00e9galement arriv\u00e9s dans la capitale rwandaise pour assister \u00e0 l\u2019\u00e9v\u00e8nement.<\/p>\n<p>Le chef de l\u2019\u00c9tat rwandais Paul Kagame a \u00e9t\u00e9 r\u00e9\u00e9lu avec 99,18 % des suffrages, pour un quatri\u00e8me mandat lors de la pr\u00e9sidentielle du 15 juillet.<\/p>\n<div class='share-to-whatsapp-wrapper'><div class='share-on-whsp'>PARTAGER SUR : <\/div><a data-text='VOYAGE - Sonko au Rwanda pour participer \u00e0 l'investiture de Kagam\u00e9' data-link='https:\/\/www.nettali.com\/2024\/08\/10\/voyage-sonko-au-rwanda-pour-participer-a-linvestiture-de-kagame\/' class='whatsapp-button whatsapp-share'>WhatsApp<\/a><div class='clear '><\/div><\/div>","protected":false},"excerpt":{"rendered":"<p>NETTALI.COM -\u00a0 Le Premier ministre, Ousmane Sonko, est arriv\u00e9, samedi, \u00e0 Kigali, o\u00f9 il\u00a0 va repr\u00e9senter le chef de l\u2019Etat, Bassirou Diomaye Faye, \u00e0 la c\u00e9r\u00e9monie d\u2019investiture du pr\u00e9sident Paul Kagame, pr\u00e9vue ce dimanche, rapporte la Rwanda Broadcasting Agency (RBA) sur son compte X. Les pr\u00e9sidents du Soudan du Sud, Salva Kiir, de la Guin\u00e9e [&hellip;]<\/p>\n","protected":false},"author":4,"featured_media":138590,"comment_status":"open","ping_status":"open","sticky":false,"template":"","format":"standard","meta":{"_et_pb_use_builder":"","_et_pb_old_content":""},"categories":[2],"tags":[],"yoast_head":"<!-- This site is optimized with the Yoast SEO Premium plugin v17.8 (Yoast SEO v17.8) - https:\/\/yoast.com\/wordpress\/plugins\/seo\/ -->\n<title>VOYAGE - Sonko au Rwanda pour participer \u00e0 l&#039;investiture de Kagam\u00e9 | Nettali.com<\/title>\n<meta name=\"robots\" content=\"index, follow, max-snippet:-1, max-image-preview:large, max-video-preview:-1\" \/>\n<link rel=\"canonical\" href=\"https:\/\/www.nettali.com\/2024\/08\/10\/voyage-sonko-au-rwanda-pour-participer-a-linvestiture-de-kagame\/\" \/>\n<meta property=\"og:locale\" content=\"fr_FR\" \/>\n<meta property=\"og:type\" content=\"article\" \/>\n<meta property=\"og:title\" content=\"VOYAGE - Sonko au Rwanda pour participer \u00e0 l&#039;investiture de Kagam\u00e9\" \/>\n<meta property=\"og:description\" content=\"NETTALI.COM -\u00a0 Le Premier ministre, Ousmane Sonko, est arriv\u00e9, samedi, \u00e0 Kigali, o\u00f9 il\u00a0 va repr\u00e9senter le chef de l\u2019Etat, Bassirou Diomaye Faye, \u00e0 la c\u00e9r\u00e9monie d\u2019investiture du pr\u00e9sident Paul Kagame, pr\u00e9vue ce dimanche, rapporte la Rwanda Broadcasting Agency (RBA) sur son compte X. Les pr\u00e9sidents du Soudan du Sud, Salva Kiir, de la Guin\u00e9e [&hellip;]\" \/>\n<meta property=\"og:url\" content=\"https:\/\/www.nettali.com\/2024\/08\/10\/voyage-sonko-au-rwanda-pour-participer-a-linvestiture-de-kagame\/\" \/>\n<meta property=\"og:site_name\" content=\"Nettali.com\" \/>\n<meta property=\"article:publisher\" content=\"https:\/\/www.facebook.com\/nettalicom\" \/>\n<meta property=\"article:published_time\" content=\"2024-08-10T17:36:21+00:00\" \/>\n<meta property=\"og:image\" content=\"https:\/\/www.nettali.com\/wp-content\/uploads\/2024\/08\/Capture-de\u0301cran-2024-08-10-a\u0300-17.34.10.png\" \/>\n\t<meta property=\"og:image:width\" content=\"668\" \/>\n\t<meta property=\"og:image:height\" content=\"389\" \/>\n<meta name=\"twitter:card\" content=\"summary_large_image\" \/>\n<meta name=\"twitter:label1\" content=\"\u00c9crit par\" \/>\n\t<meta name=\"twitter:data1\" content=\"Daouda\" \/>\n\t<meta name=\"twitter:label2\" content=\"Dur\u00e9e de lecture estim\u00e9e\" \/>\n\t<meta name=\"twitter:data2\" content=\"1 minute\" \/>\n<script type=\"application\/ld+json\" class=\"yoast-schema-graph\">{\"@context\":\"https:\/\/schema.org\",\"@graph\":[{\"@type\":\"WebSite\",\"@id\":\"https:\/\/www.nettali.com\/#website\",\"url\":\"https:\/\/www.nettali.com\/\",\"name\":\"Nettali.com\",\"description\":\"Le rendez-vous critique du Net\",\"potentialAction\":[{\"@type\":\"SearchAction\",\"target\":{\"@type\":\"EntryPoint\",\"urlTemplate\":\"https:\/\/www.nettali.com\/?s={search_term_string}\"},\"query-input\":\"required name=search_term_string\"}],\"inLanguage\":\"fr-FR\"},{\"@type\":\"ImageObject\",\"@id\":\"https:\/\/www.nettali.com\/2024\/08\/10\/voyage-sonko-au-rwanda-pour-participer-a-linvestiture-de-kagame\/#primaryimage\",\"inLanguage\":\"fr-FR\",\"url\":\"https:\/\/www.nettali.com\/wp-content\/uploads\/2024\/08\/Capture-de\\u0301cran-2024-08-10-a\\u0300-17.34.10.png\",\"contentUrl\":\"https:\/\/www.nettali.com\/wp-content\/uploads\/2024\/08\/Capture-de\\u0301cran-2024-08-10-a\\u0300-17.34.10.png\",\"width\":668,\"height\":389},{\"@type\":\"WebPage\",\"@id\":\"https:\/\/www.nettali.com\/2024\/08\/10\/voyage-sonko-au-rwanda-pour-participer-a-linvestiture-de-kagame\/#webpage\",\"url\":\"https:\/\/www.nettali.com\/2024\/08\/10\/voyage-sonko-au-rwanda-pour-participer-a-linvestiture-de-kagame\/\",\"name\":\"VOYAGE - Sonko au Rwanda pour participer \\u00e0 l'investiture de Kagam\\u00e9 | Nettali.com\",\"isPartOf\":{\"@id\":\"https:\/\/www.nettali.com\/#website\"},\"primaryImageOfPage\":{\"@id\":\"https:\/\/www.nettali.com\/2024\/08\/10\/voyage-sonko-au-rwanda-pour-participer-a-linvestiture-de-kagame\/#primaryimage\"},\"datePublished\":\"2024-08-10T17:36:21+00:00\",\"dateModified\":\"2024-08-10T17:36:21+00:00\",\"author\":{\"@id\":\"https:\/\/www.nettali.com\/#\/schema\/person\/3317e0bb3aa1da309fbf7b2780901bf4\"},\"breadcrumb\":{\"@id\":\"https:\/\/www.nettali.com\/2024\/08\/10\/voyage-sonko-au-rwanda-pour-participer-a-linvestiture-de-kagame\/#breadcrumb\"},\"inLanguage\":\"fr-FR\",\"potentialAction\":[{\"@type\":\"ReadAction\",\"target\":[\"https:\/\/www.nettali.com\/2024\/08\/10\/voyage-sonko-au-rwanda-pour-participer-a-linvestiture-de-kagame\/\"]}]},{\"@type\":\"BreadcrumbList\",\"@id\":\"https:\/\/www.nettali.com\/2024\/08\/10\/voyage-sonko-au-rwanda-pour-participer-a-linvestiture-de-kagame\/#breadcrumb\",\"itemListElement\":[{\"@type\":\"ListItem\",\"position\":1,\"name\":\"Accueil\",\"item\":\"https:\/\/www.nettali.com\/\"},{\"@type\":\"ListItem\",\"position\":2,\"name\":\"VOYAGE - Sonko au Rwanda pour participer \\u00e0 l'investiture de Kagam\\u00e9\"}]},{\"@type\":\"Person\",\"@id\":\"https:\/\/www.nettali.com\/#\/schema\/person\/3317e0bb3aa1da309fbf7b2780901bf4\",\"name\":\"Daouda\",\"image\":{\"@type\":\"ImageObject\",\"@id\":\"https:\/\/www.nettali.com\/#personlogo\",\"inLanguage\":\"fr-FR\",\"url\":\"https:\/\/secure.gravatar.com\/avatar\/8d143b5a49345098ddcfee1c49c2f47c?s=96&d=mm&r=g\",\"contentUrl\":\"https:\/\/secure.gravatar.com\/avatar\/8d143b5a49345098ddcfee1c49c2f47c?s=96&d=mm&r=g\",\"caption\":\"Daouda\"},\"sameAs\":[\"https:\/\/www.nettali.com\"]}]}<\/script>\n<!-- \/ Yoast SEO Premium plugin. -->","yoast_head_json":{"title":"VOYAGE - Sonko au Rwanda pour participer \u00e0 l'investiture de Kagam\u00e9 | Nettali.com","robots":{"index":"index","follow":"follow","max-snippet":"max-snippet:-1","max-image-preview":"max-image-preview:large","max-video-preview":"max-video-preview:-1"},"canonical":"https:\/\/www.nettali.com\/2024\/08\/10\/voyage-sonko-au-rwanda-pour-participer-a-linvestiture-de-kagame\/","og_locale":"fr_FR","og_type":"article","og_title":"VOYAGE - Sonko au Rwanda pour participer \u00e0 l'investiture de Kagam\u00e9","og_description":"NETTALI.COM -\u00a0 Le Premier ministre, Ousmane Sonko, est arriv\u00e9, samedi, \u00e0 Kigali, o\u00f9 il\u00a0 va repr\u00e9senter le chef de l\u2019Etat, Bassirou Diomaye Faye, \u00e0 la c\u00e9r\u00e9monie d\u2019investiture du pr\u00e9sident Paul Kagame, pr\u00e9vue ce dimanche, rapporte la Rwanda Broadcasting Agency (RBA) sur son compte X. Les pr\u00e9sidents du Soudan du Sud, Salva Kiir, de la Guin\u00e9e [&hellip;]","og_url":"https:\/\/www.nettali.com\/2024\/08\/10\/voyage-sonko-au-rwanda-pour-participer-a-linvestiture-de-kagame\/","og_site_name":"Nettali.com","article_publisher":"https:\/\/www.facebook.com\/nettalicom","article_published_time":"2024-08-10T17:36:21+00:00","og_image":[{"width":668,"height":389,"url":"https:\/\/www.nettali.com\/wp-content\/uploads\/2024\/08\/Capture-de\u0301cran-2024-08-10-a\u0300-17.34.10.png","type":"image\/png"}],"twitter_card":"summary_large_image","twitter_misc":{"\u00c9crit par":"Daouda","Dur\u00e9e de lecture estim\u00e9e":"1 minute"},"schema":{"@context":"https:\/\/schema.org","@graph":[{"@type":"WebSite","@id":"https:\/\/www.nettali.com\/#website","url":"https:\/\/www.nettali.com\/","name":"Nettali.com","description":"Le rendez-vous critique du Net","potentialAction":[{"@type":"SearchAction","target":{"@type":"EntryPoint","urlTemplate":"https:\/\/www.nettali.com\/?s={search_term_string}"},"query-input":"required name=search_term_string"}],"inLanguage":"fr-FR"},{"@type":"ImageObject","@id":"https:\/\/www.nettali.com\/2024\/08\/10\/voyage-sonko-au-rwanda-pour-participer-a-linvestiture-de-kagame\/#primaryimage","inLanguage":"fr-FR","url":"https:\/\/www.nettali.com\/wp-content\/uploads\/2024\/08\/Capture-de\u0301cran-2024-08-10-a\u0300-17.34.10.png","contentUrl":"https:\/\/www.nettali.com\/wp-content\/uploads\/2024\/08\/Capture-de\u0301cran-2024-08-10-a\u0300-17.34.10.png","width":668,"height":389},{"@type":"WebPage","@id":"https:\/\/www.nettali.com\/2024\/08\/10\/voyage-sonko-au-rwanda-pour-participer-a-linvestiture-de-kagame\/#webpage","url":"https:\/\/www.nettali.com\/2024\/08\/10\/voyage-sonko-au-rwanda-pour-participer-a-linvestiture-de-kagame\/","name":"VOYAGE - Sonko au Rwanda pour participer \u00e0 l'investiture de Kagam\u00e9 | Nettali.com","isPartOf":{"@id":"https:\/\/www.nettali.com\/#website"},"primaryImageOfPage":{"@id":"https:\/\/www.nettali.com\/2024\/08\/10\/voyage-sonko-au-rwanda-pour-participer-a-linvestiture-de-kagame\/#primaryimage"},"datePublished":"2024-08-10T17:36:21+00:00","dateModified":"2024-08-10T17:36:21+00:00","author":{"@id":"https:\/\/www.nettali.com\/#\/schema\/person\/3317e0bb3aa1da309fbf7b2780901bf4"},"breadcrumb":{"@id":"https:\/\/www.nettali.com\/2024\/08\/10\/voyage-sonko-au-rwanda-pour-participer-a-linvestiture-de-kagame\/#breadcrumb"},"inLanguage":"fr-FR","potentialAction":[{"@type":"ReadAction","target":["https:\/\/www.nettali.com\/2024\/08\/10\/voyage-sonko-au-rwanda-pour-participer-a-linvestiture-de-kagame\/"]}]},{"@type":"BreadcrumbList","@id":"https:\/\/www.nettali.com\/2024\/08\/10\/voyage-sonko-au-rwanda-pour-participer-a-linvestiture-de-kagame\/#breadcrumb","itemListElement":[{"@type":"ListItem","position":1,"name":"Accueil","item":"https:\/\/www.nettali.com\/"},{"@type":"ListItem","position":2,"name":"VOYAGE - Sonko au Rwanda pour participer \u00e0 l'investiture de Kagam\u00e9"}]},{"@type":"Person","@id":"https:\/\/www.nettali.com\/#\/schema\/person\/3317e0bb3aa1da309fbf7b2780901bf4","name":"Daouda","image":{"@type":"ImageObject","@id":"https:\/\/www.nettali.com\/#personlogo","inLanguage":"fr-FR","url":"https:\/\/secure.gravatar.com\/avatar\/8d143b5a49345098ddcfee1c49c2f47c?s=96&d=mm&r=g","contentUrl":"https:\/\/secure.gravatar.com\/avatar\/8d143b5a49345098ddcfee1c49c2f47c?s=96&d=mm&r=g","caption":"Daouda"},"sameAs":["https:\/\/www.nettali.com"]}]}},"_links":{"self":[{"href":"https:\/\/www.nettali.com\/rest\/wp\/v2\/posts\/138589"}],"collection":[{"href":"https:\/\/www.nettali.com\/rest\/wp\/v2\/posts"}],"about":[{"href":"https:\/\/www.nettali.com\/rest\/wp\/v2\/types\/post"}],"author":[{"embeddable":true,"href":"https:\/\/www.nettali.com\/rest\/wp\/v2\/users\/4"}],"replies":[{"embeddable":true,"href":"https:\/\/www.nettali.com\/rest\/wp\/v2\/comments?post=138589"}],"version-history":[{"count":1,"href":"https:\/\/www.nettali.com\/rest\/wp\/v2\/posts\/138589\/revisions"}],"predecessor-version":[{"id":138591,"href":"https:\/\/www.nettali.com\/rest\/wp\/v2\/posts\/138589\/revisions\/138591"}],"wp:featuredmedia":[{"embeddable":true,"href":"https:\/\/www.nettali.com\/rest\/wp\/v2\/media\/138590"}],"wp:attachment":[{"href":"https:\/\/www.nettali.com\/rest\/wp\/v2\/media?parent=138589"}],"wp:term":[{"taxonomy":"category","embeddable":true,"href":"https:\/\/www.nettali.com\/rest\/wp\/v2\/categories?post=138589"},{"taxonomy":"post_tag","embeddable":true,"href":"https:\/\/www.nettali.com\/rest\/wp\/v2\/tags?post=138589"}],"curies":[{"name":"wp","href":"https:\/\/api.w.org\/{rel}","templated":true}]}}