{"id":138585,"date":"2024-08-10T14:47:04","date_gmt":"2024-08-10T14:47:04","guid":{"rendered":"https:\/\/www.nettali.com\/?p=138585"},"modified":"2024-08-10T14:47:04","modified_gmt":"2024-08-10T14:47:04","slug":"attaques-contre-le-pm-les-avocats-de-sonko-preparent-une-plainte-contre-madiambal","status":"publish","type":"post","link":"https:\/\/www.nettali.com\/2024\/08\/10\/attaques-contre-le-pm-les-avocats-de-sonko-preparent-une-plainte-contre-madiambal\/","title":{"rendered":"ATTAQUES CONTRE LE PM - Les avocats de Sonko pr\u00e9parent une plainte contre Madiambal"},"content":{"rendered":"<p><strong>NETTALI.COM - Les avocats d'Ousmane Sonko n'en peuvent plus de ce qu'ils qualifient d'attaques et injures contre leurs clients. Me Bamba Ciss\u00e9 et compagnie annoncent une plainte contre Madiambal Diagne.\u00a0<\/strong><\/p>\n<p>\"<em>Il a \u00e9t\u00e9 constat\u00e9 depuis quelques jours des attaques syst\u00e9matiques et injustifi\u00e9es, parfois m\u00eame injurieuses et\/ou s\u00e9ditieuses, sans lien avec la critique objective de la gestion du pouvoir, contre le Premier ministre Monsieur Ousmane Sonko, pr\u00e9sident du Parti Pastef-les-patriotes<\/em>\", \u00e9crit Me Bamba Ciss\u00e9 dans un communiqu\u00e9 sign\u00e9 au nom du pool des avocats de son client. Avant d'ajouter : \"<em>Ces faits sont constitutifs pour l\u2019essentiel d\u2019infractions, r\u00e9prim\u00e9es par notre dispositif p\u00e9nal<\/em>.\"<\/p>\n<p>Selon Me Bamba Ciss\u00e9 et Cie, en tant que citoyen, le Premier Ministre Ousmane Sonko, pr\u00e9sident de Pastef-les patriotes entend, par le biais de ses conseils, user de son droit de saisir la justice. \"<em>Sous ce rapport, une plainte sera d\u00e9pos\u00e9e d\u00e8s ce lundi 12 ao\u00fbt 2024 au parquet de Dakar, contre Madiambal Diagne notamment, pour diverses infractions<\/em>\", annonce le communiqu\u00e9. Qui poursuit : \"<em>Monsieur Sonko reste indiff\u00e9rent auxdites attaques, mais son pool d\u2019avocats entend assurer son r\u00f4le de veille et ne tol\u00e9rera plus aucune d\u00e9rive, non motiv\u00e9e par des consid\u00e9rations politiques, commise au d\u00e9triment de leur client, et constitutive d\u2019infraction \u00e0 la loi p\u00e9nale s\u00e9n\u00e9galaise, sans r\u00e9action judiciaire<\/em>.\"<\/p>\n<div class='share-to-whatsapp-wrapper'><div class='share-on-whsp'>PARTAGER SUR : <\/div><a data-text='ATTAQUES CONTRE LE PM - Les avocats de Sonko pr\u00e9parent une plainte contre Madiambal' data-link='https:\/\/www.nettali.com\/2024\/08\/10\/attaques-contre-le-pm-les-avocats-de-sonko-preparent-une-plainte-contre-madiambal\/' class='whatsapp-button whatsapp-share'>WhatsApp<\/a><div class='clear '><\/div><\/div>","protected":false},"excerpt":{"rendered":"<p>NETTALI.COM - Les avocats d'Ousmane Sonko n'en peuvent plus de ce qu'ils qualifient d'attaques et injures contre leurs clients. Me Bamba Ciss\u00e9 et compagnie annoncent une plainte contre Madiambal Diagne.\u00a0 \"Il a \u00e9t\u00e9 constat\u00e9 depuis quelques jours des attaques syst\u00e9matiques et injustifi\u00e9es, parfois m\u00eame injurieuses et\/ou s\u00e9ditieuses, sans lien avec la critique objective de la [&hellip;]<\/p>\n","protected":false},"author":3,"featured_media":11117,"comment_status":"open","ping_status":"open","sticky":false,"template":"","format":"standard","meta":{"_et_pb_use_builder":"","_et_pb_old_content":""},"categories":[2],"tags":[],"yoast_head":"<!-- This site is optimized with the Yoast SEO Premium plugin v17.8 (Yoast SEO v17.8) - https:\/\/yoast.com\/wordpress\/plugins\/seo\/ -->\n<title>ATTAQUES CONTRE LE PM - Les avocats de Sonko pr\u00e9parent une plainte contre Madiambal | Nettali.com<\/title>\n<meta name=\"robots\" content=\"index, follow, max-snippet:-1, max-image-preview:large, max-video-preview:-1\" \/>\n<link rel=\"canonical\" href=\"https:\/\/www.nettali.com\/2024\/08\/10\/attaques-contre-le-pm-les-avocats-de-sonko-preparent-une-plainte-contre-madiambal\/\" \/>\n<meta property=\"og:locale\" content=\"fr_FR\" \/>\n<meta property=\"og:type\" content=\"article\" \/>\n<meta property=\"og:title\" content=\"ATTAQUES CONTRE LE PM - Les avocats de Sonko pr\u00e9parent une plainte contre Madiambal\" \/>\n<meta property=\"og:description\" content=\"NETTALI.COM - Les avocats d&#039;Ousmane Sonko n&#039;en peuvent plus de ce qu&#039;ils qualifient d&#039;attaques et injures contre leurs clients. Me Bamba Ciss\u00e9 et compagnie annoncent une plainte contre Madiambal Diagne.\u00a0 &quot;Il a \u00e9t\u00e9 constat\u00e9 depuis quelques jours des attaques syst\u00e9matiques et injustifi\u00e9es, parfois m\u00eame injurieuses et\/ou s\u00e9ditieuses, sans lien avec la critique objective de la [&hellip;]\" \/>\n<meta property=\"og:url\" content=\"https:\/\/www.nettali.com\/2024\/08\/10\/attaques-contre-le-pm-les-avocats-de-sonko-preparent-une-plainte-contre-madiambal\/\" \/>\n<meta property=\"og:site_name\" content=\"Nettali.com\" \/>\n<meta property=\"article:publisher\" content=\"https:\/\/www.facebook.com\/nettalicom\" \/>\n<meta property=\"article:published_time\" content=\"2024-08-10T14:47:04+00:00\" \/>\n<meta property=\"og:image\" content=\"https:\/\/www.nettali.com\/wp-content\/uploads\/2019\/06\/Madiambal-diagne.jpg\" \/>\n\t<meta property=\"og:image:width\" content=\"613\" \/>\n\t<meta property=\"og:image:height\" content=\"472\" \/>\n<meta name=\"twitter:card\" content=\"summary_large_image\" \/>\n<meta name=\"twitter:label1\" content=\"\u00c9crit par\" \/>\n\t<meta name=\"twitter:data1\" content=\"Moustapha\" \/>\n\t<meta name=\"twitter:label2\" content=\"Dur\u00e9e de lecture estim\u00e9e\" \/>\n\t<meta name=\"twitter:data2\" content=\"2 minutes\" \/>\n<script type=\"application\/ld+json\" class=\"yoast-schema-graph\">{\"@context\":\"https:\/\/schema.org\",\"@graph\":[{\"@type\":\"WebSite\",\"@id\":\"https:\/\/www.nettali.com\/#website\",\"url\":\"https:\/\/www.nettali.com\/\",\"name\":\"Nettali.com\",\"description\":\"Le rendez-vous critique du Net\",\"potentialAction\":[{\"@type\":\"SearchAction\",\"target\":{\"@type\":\"EntryPoint\",\"urlTemplate\":\"https:\/\/www.nettali.com\/?s={search_term_string}\"},\"query-input\":\"required name=search_term_string\"}],\"inLanguage\":\"fr-FR\"},{\"@type\":\"ImageObject\",\"@id\":\"https:\/\/www.nettali.com\/2024\/08\/10\/attaques-contre-le-pm-les-avocats-de-sonko-preparent-une-plainte-contre-madiambal\/#primaryimage\",\"inLanguage\":\"fr-FR\",\"url\":\"https:\/\/www.nettali.com\/wp-content\/uploads\/2019\/06\/Madiambal-diagne.jpg\",\"contentUrl\":\"https:\/\/www.nettali.com\/wp-content\/uploads\/2019\/06\/Madiambal-diagne.jpg\",\"width\":613,\"height\":472},{\"@type\":\"WebPage\",\"@id\":\"https:\/\/www.nettali.com\/2024\/08\/10\/attaques-contre-le-pm-les-avocats-de-sonko-preparent-une-plainte-contre-madiambal\/#webpage\",\"url\":\"https:\/\/www.nettali.com\/2024\/08\/10\/attaques-contre-le-pm-les-avocats-de-sonko-preparent-une-plainte-contre-madiambal\/\",\"name\":\"ATTAQUES CONTRE LE PM - Les avocats de Sonko pr\\u00e9parent une plainte contre Madiambal | Nettali.com\",\"isPartOf\":{\"@id\":\"https:\/\/www.nettali.com\/#website\"},\"primaryImageOfPage\":{\"@id\":\"https:\/\/www.nettali.com\/2024\/08\/10\/attaques-contre-le-pm-les-avocats-de-sonko-preparent-une-plainte-contre-madiambal\/#primaryimage\"},\"datePublished\":\"2024-08-10T14:47:04+00:00\",\"dateModified\":\"2024-08-10T14:47:04+00:00\",\"author\":{\"@id\":\"https:\/\/www.nettali.com\/#\/schema\/person\/7962a12a6e0267f88f0ffa544c36469a\"},\"breadcrumb\":{\"@id\":\"https:\/\/www.nettali.com\/2024\/08\/10\/attaques-contre-le-pm-les-avocats-de-sonko-preparent-une-plainte-contre-madiambal\/#breadcrumb\"},\"inLanguage\":\"fr-FR\",\"potentialAction\":[{\"@type\":\"ReadAction\",\"target\":[\"https:\/\/www.nettali.com\/2024\/08\/10\/attaques-contre-le-pm-les-avocats-de-sonko-preparent-une-plainte-contre-madiambal\/\"]}]},{\"@type\":\"BreadcrumbList\",\"@id\":\"https:\/\/www.nettali.com\/2024\/08\/10\/attaques-contre-le-pm-les-avocats-de-sonko-preparent-une-plainte-contre-madiambal\/#breadcrumb\",\"itemListElement\":[{\"@type\":\"ListItem\",\"position\":1,\"name\":\"Accueil\",\"item\":\"https:\/\/www.nettali.com\/\"},{\"@type\":\"ListItem\",\"position\":2,\"name\":\"ATTAQUES CONTRE LE PM - Les avocats de Sonko pr\\u00e9parent une plainte contre Madiambal\"}]},{\"@type\":\"Person\",\"@id\":\"https:\/\/www.nettali.com\/#\/schema\/person\/7962a12a6e0267f88f0ffa544c36469a\",\"name\":\"Moustapha\",\"image\":{\"@type\":\"ImageObject\",\"@id\":\"https:\/\/www.nettali.com\/#personlogo\",\"inLanguage\":\"fr-FR\",\"url\":\"https:\/\/secure.gravatar.com\/avatar\/10fdf6a071cccdcf374e3dbe45159590?s=96&d=mm&r=g\",\"contentUrl\":\"https:\/\/secure.gravatar.com\/avatar\/10fdf6a071cccdcf374e3dbe45159590?s=96&d=mm&r=g\",\"caption\":\"Moustapha\"},\"sameAs\":[\"https:\/\/www.nettali.com\"]}]}<\/script>\n<!-- \/ Yoast SEO Premium plugin. -->","yoast_head_json":{"title":"ATTAQUES CONTRE LE PM - Les avocats de Sonko pr\u00e9parent une plainte contre Madiambal | Nettali.com","robots":{"index":"index","follow":"follow","max-snippet":"max-snippet:-1","max-image-preview":"max-image-preview:large","max-video-preview":"max-video-preview:-1"},"canonical":"https:\/\/www.nettali.com\/2024\/08\/10\/attaques-contre-le-pm-les-avocats-de-sonko-preparent-une-plainte-contre-madiambal\/","og_locale":"fr_FR","og_type":"article","og_title":"ATTAQUES CONTRE LE PM - Les avocats de Sonko pr\u00e9parent une plainte contre Madiambal","og_description":"NETTALI.COM - Les avocats d'Ousmane Sonko n'en peuvent plus de ce qu'ils qualifient d'attaques et injures contre leurs clients. Me Bamba Ciss\u00e9 et compagnie annoncent une plainte contre Madiambal Diagne.\u00a0 \"Il a \u00e9t\u00e9 constat\u00e9 depuis quelques jours des attaques syst\u00e9matiques et injustifi\u00e9es, parfois m\u00eame injurieuses et\/ou s\u00e9ditieuses, sans lien avec la critique objective de la [&hellip;]","og_url":"https:\/\/www.nettali.com\/2024\/08\/10\/attaques-contre-le-pm-les-avocats-de-sonko-preparent-une-plainte-contre-madiambal\/","og_site_name":"Nettali.com","article_publisher":"https:\/\/www.facebook.com\/nettalicom","article_published_time":"2024-08-10T14:47:04+00:00","og_image":[{"width":613,"height":472,"url":"https:\/\/www.nettali.com\/wp-content\/uploads\/2019\/06\/Madiambal-diagne.jpg","type":"image\/jpeg"}],"twitter_card":"summary_large_image","twitter_misc":{"\u00c9crit par":"Moustapha","Dur\u00e9e de lecture estim\u00e9e":"2 minutes"},"schema":{"@context":"https:\/\/schema.org","@graph":[{"@type":"WebSite","@id":"https:\/\/www.nettali.com\/#website","url":"https:\/\/www.nettali.com\/","name":"Nettali.com","description":"Le rendez-vous critique du Net","potentialAction":[{"@type":"SearchAction","target":{"@type":"EntryPoint","urlTemplate":"https:\/\/www.nettali.com\/?s={search_term_string}"},"query-input":"required name=search_term_string"}],"inLanguage":"fr-FR"},{"@type":"ImageObject","@id":"https:\/\/www.nettali.com\/2024\/08\/10\/attaques-contre-le-pm-les-avocats-de-sonko-preparent-une-plainte-contre-madiambal\/#primaryimage","inLanguage":"fr-FR","url":"https:\/\/www.nettali.com\/wp-content\/uploads\/2019\/06\/Madiambal-diagne.jpg","contentUrl":"https:\/\/www.nettali.com\/wp-content\/uploads\/2019\/06\/Madiambal-diagne.jpg","width":613,"height":472},{"@type":"WebPage","@id":"https:\/\/www.nettali.com\/2024\/08\/10\/attaques-contre-le-pm-les-avocats-de-sonko-preparent-une-plainte-contre-madiambal\/#webpage","url":"https:\/\/www.nettali.com\/2024\/08\/10\/attaques-contre-le-pm-les-avocats-de-sonko-preparent-une-plainte-contre-madiambal\/","name":"ATTAQUES CONTRE LE PM - Les avocats de Sonko pr\u00e9parent une plainte contre Madiambal | Nettali.com","isPartOf":{"@id":"https:\/\/www.nettali.com\/#website"},"primaryImageOfPage":{"@id":"https:\/\/www.nettali.com\/2024\/08\/10\/attaques-contre-le-pm-les-avocats-de-sonko-preparent-une-plainte-contre-madiambal\/#primaryimage"},"datePublished":"2024-08-10T14:47:04+00:00","dateModified":"2024-08-10T14:47:04+00:00","author":{"@id":"https:\/\/www.nettali.com\/#\/schema\/person\/7962a12a6e0267f88f0ffa544c36469a"},"breadcrumb":{"@id":"https:\/\/www.nettali.com\/2024\/08\/10\/attaques-contre-le-pm-les-avocats-de-sonko-preparent-une-plainte-contre-madiambal\/#breadcrumb"},"inLanguage":"fr-FR","potentialAction":[{"@type":"ReadAction","target":["https:\/\/www.nettali.com\/2024\/08\/10\/attaques-contre-le-pm-les-avocats-de-sonko-preparent-une-plainte-contre-madiambal\/"]}]},{"@type":"BreadcrumbList","@id":"https:\/\/www.nettali.com\/2024\/08\/10\/attaques-contre-le-pm-les-avocats-de-sonko-preparent-une-plainte-contre-madiambal\/#breadcrumb","itemListElement":[{"@type":"ListItem","position":1,"name":"Accueil","item":"https:\/\/www.nettali.com\/"},{"@type":"ListItem","position":2,"name":"ATTAQUES CONTRE LE PM - Les avocats de Sonko pr\u00e9parent une plainte contre Madiambal"}]},{"@type":"Person","@id":"https:\/\/www.nettali.com\/#\/schema\/person\/7962a12a6e0267f88f0ffa544c36469a","name":"Moustapha","image":{"@type":"ImageObject","@id":"https:\/\/www.nettali.com\/#personlogo","inLanguage":"fr-FR","url":"https:\/\/secure.gravatar.com\/avatar\/10fdf6a071cccdcf374e3dbe45159590?s=96&d=mm&r=g","contentUrl":"https:\/\/secure.gravatar.com\/avatar\/10fdf6a071cccdcf374e3dbe45159590?s=96&d=mm&r=g","caption":"Moustapha"},"sameAs":["https:\/\/www.nettali.com"]}]}},"_links":{"self":[{"href":"https:\/\/www.nettali.com\/rest\/wp\/v2\/posts\/138585"}],"collection":[{"href":"https:\/\/www.nettali.com\/rest\/wp\/v2\/posts"}],"about":[{"href":"https:\/\/www.nettali.com\/rest\/wp\/v2\/types\/post"}],"author":[{"embeddable":true,"href":"https:\/\/www.nettali.com\/rest\/wp\/v2\/users\/3"}],"replies":[{"embeddable":true,"href":"https:\/\/www.nettali.com\/rest\/wp\/v2\/comments?post=138585"}],"version-history":[{"count":1,"href":"https:\/\/www.nettali.com\/rest\/wp\/v2\/posts\/138585\/revisions"}],"predecessor-version":[{"id":138586,"href":"https:\/\/www.nettali.com\/rest\/wp\/v2\/posts\/138585\/revisions\/138586"}],"wp:featuredmedia":[{"embeddable":true,"href":"https:\/\/www.nettali.com\/rest\/wp\/v2\/media\/11117"}],"wp:attachment":[{"href":"https:\/\/www.nettali.com\/rest\/wp\/v2\/media?parent=138585"}],"wp:term":[{"taxonomy":"category","embeddable":true,"href":"https:\/\/www.nettali.com\/rest\/wp\/v2\/categories?post=138585"},{"taxonomy":"post_tag","embeddable":true,"href":"https:\/\/www.nettali.com\/rest\/wp\/v2\/tags?post=138585"}],"curies":[{"name":"wp","href":"https:\/\/api.w.org\/{rel}","templated":true}]}}