{"id":138562,"date":"2024-08-10T08:37:02","date_gmt":"2024-08-10T08:37:02","guid":{"rendered":"https:\/\/www.nettali.com\/?p=138562"},"modified":"2024-08-10T08:37:02","modified_gmt":"2024-08-10T08:37:02","slug":"basket-embiid-pre%cc%82t-a-affronter-la-france-et-son-public-pour-lor","status":"publish","type":"post","link":"https:\/\/www.nettali.com\/2024\/08\/10\/basket-embiid-pre%cc%82t-a-affronter-la-france-et-son-public-pour-lor\/","title":{"rendered":"BASKET - Embiid pre\u0302t a\u0300 affronter la France et son public pour l'or"},"content":{"rendered":"<div class=\"page\" title=\"Page 12\">\n<div class=\"section\">\n<div class=\"layoutArea\">\n<div class=\"column\">\n<p><strong>NETTALI.COM -<\/strong> Joel Embiid, pivot star de l'e\u0301quipe des E\u0301tats-Unis, s'appre\u0302te a\u0300 affronter la France dans un match qui s'annonce intense pour la me\u0301daille d'or en basket- ball ce samedi a\u0300 Paris. Le joueur, d'origine camerounaise et re\u0301cemment naturalise\u0301 franc\u0327ais, a e\u0301te\u0301 la cible des hue\u0301es du public franc\u0327ais tout au long des Jeux Olympiques. La raison ? Son choix controverse\u0301 de repre\u0301senter les E\u0301tats- Unis pluto\u0302t que la France.<\/p>\n<p>\"<em>Je pense que beaucoup de gens voulaient que ce soit a\u0300 cause de l\u2019histoire et tout c\u0327a. Mais pour moi, tout ce qui compte, c\u2019est de faire tout ce qu\u2019il faut pour gagner l\u2019or,<\/em>\" souligne Joe\u0308l Embiid.<\/p>\n<p>\"<em>Si le public me hue, je vais leur re\u0301pondre et leur dire, 'allez vous faire voir'. Donc c\u0327a va e\u0302tre amusant.\"<\/em> Joe\u0308l Embiid, qui a obtenu la nationalite\u0301 franc\u0327aise en 2022, e\u0301tait initialement pressenti pour jouer avec l'e\u0301quipe de France. Son choix de rejoindre Team USA a cre\u0301e\u0301 une onde de choc parmi les supporters tricolores. Mais pour Embiid, l'objectif reste clair : tout donner pour de\u0301crocher la me\u0301daille d'or avec les E\u0301tats-Unis.<\/p>\n<\/div>\n<\/div>\n<\/div>\n<\/div>\n<div class='share-to-whatsapp-wrapper'><div class='share-on-whsp'>PARTAGER SUR : <\/div><a data-text='BASKET - Embiid pre\u0302t a\u0300 affronter la France et son public pour l'or' data-link='https:\/\/www.nettali.com\/2024\/08\/10\/basket-embiid-pre%cc%82t-a-affronter-la-france-et-son-public-pour-lor\/' class='whatsapp-button whatsapp-share'>WhatsApp<\/a><div class='clear '><\/div><\/div>","protected":false},"excerpt":{"rendered":"<p>NETTALI.COM - Joel Embiid, pivot star de l'e\u0301quipe des E\u0301tats-Unis, s'appre\u0302te a\u0300 affronter la France dans un match qui s'annonce intense pour la me\u0301daille d'or en basket- ball ce samedi a\u0300 Paris. Le joueur, d'origine camerounaise et re\u0301cemment naturalise\u0301 franc\u0327ais, a e\u0301te\u0301 la cible des hue\u0301es du public franc\u0327ais tout au long des Jeux Olympiques. [&hellip;]<\/p>\n","protected":false},"author":2,"featured_media":138563,"comment_status":"open","ping_status":"open","sticky":false,"template":"","format":"standard","meta":{"_et_pb_use_builder":"","_et_pb_old_content":""},"categories":[6],"tags":[],"yoast_head":"<!-- This site is optimized with the Yoast SEO Premium plugin v17.8 (Yoast SEO v17.8) - https:\/\/yoast.com\/wordpress\/plugins\/seo\/ -->\n<title>BASKET - Embiid pre\u0302t a\u0300 affronter la France et son public pour l&#039;or | Nettali.com<\/title>\n<meta name=\"robots\" content=\"index, follow, max-snippet:-1, max-image-preview:large, max-video-preview:-1\" \/>\n<link rel=\"canonical\" href=\"https:\/\/www.nettali.com\/2024\/08\/10\/basket-embiid-pre\u0302t-a-affronter-la-france-et-son-public-pour-lor\/\" \/>\n<meta property=\"og:locale\" content=\"fr_FR\" \/>\n<meta property=\"og:type\" content=\"article\" \/>\n<meta property=\"og:title\" content=\"BASKET - Embiid pre\u0302t a\u0300 affronter la France et son public pour l&#039;or\" \/>\n<meta property=\"og:description\" content=\"NETTALI.COM - Joel Embiid, pivot star de l&#039;e\u0301quipe des E\u0301tats-Unis, s&#039;appre\u0302te a\u0300 affronter la France dans un match qui s&#039;annonce intense pour la me\u0301daille d&#039;or en basket- ball ce samedi a\u0300 Paris. Le joueur, d&#039;origine camerounaise et re\u0301cemment naturalise\u0301 franc\u0327ais, a e\u0301te\u0301 la cible des hue\u0301es du public franc\u0327ais tout au long des Jeux Olympiques. [&hellip;]\" \/>\n<meta property=\"og:url\" content=\"https:\/\/www.nettali.com\/2024\/08\/10\/basket-embiid-pre\u0302t-a-affronter-la-france-et-son-public-pour-lor\/\" \/>\n<meta property=\"og:site_name\" content=\"Nettali.com\" \/>\n<meta property=\"article:publisher\" content=\"https:\/\/www.facebook.com\/nettalicom\" \/>\n<meta property=\"article:published_time\" content=\"2024-08-10T08:37:02+00:00\" \/>\n<meta property=\"og:image\" content=\"https:\/\/www.nettali.com\/wp-content\/uploads\/2024\/08\/L6WQWISYQJBBVIAHTDM5FFPO6Y.jpg\" \/>\n\t<meta property=\"og:image:width\" content=\"932\" \/>\n\t<meta property=\"og:image:height\" content=\"582\" \/>\n<meta name=\"twitter:card\" content=\"summary_large_image\" \/>\n<meta name=\"twitter:label1\" content=\"\u00c9crit par\" \/>\n\t<meta name=\"twitter:data1\" content=\"CK\" \/>\n\t<meta name=\"twitter:label2\" content=\"Dur\u00e9e de lecture estim\u00e9e\" \/>\n\t<meta name=\"twitter:data2\" content=\"1 minute\" \/>\n<script type=\"application\/ld+json\" class=\"yoast-schema-graph\">{\"@context\":\"https:\/\/schema.org\",\"@graph\":[{\"@type\":\"WebSite\",\"@id\":\"https:\/\/www.nettali.com\/#website\",\"url\":\"https:\/\/www.nettali.com\/\",\"name\":\"Nettali.com\",\"description\":\"Le rendez-vous critique du Net\",\"potentialAction\":[{\"@type\":\"SearchAction\",\"target\":{\"@type\":\"EntryPoint\",\"urlTemplate\":\"https:\/\/www.nettali.com\/?s={search_term_string}\"},\"query-input\":\"required name=search_term_string\"}],\"inLanguage\":\"fr-FR\"},{\"@type\":\"ImageObject\",\"@id\":\"https:\/\/www.nettali.com\/2024\/08\/10\/basket-embiid-pre%cc%82t-a-affronter-la-france-et-son-public-pour-lor\/#primaryimage\",\"inLanguage\":\"fr-FR\",\"url\":\"https:\/\/www.nettali.com\/wp-content\/uploads\/2024\/08\/L6WQWISYQJBBVIAHTDM5FFPO6Y.jpg\",\"contentUrl\":\"https:\/\/www.nettali.com\/wp-content\/uploads\/2024\/08\/L6WQWISYQJBBVIAHTDM5FFPO6Y.jpg\",\"width\":932,\"height\":582,\"caption\":\"JO Paris 2024 Paris (XIIe), le 08\/08\/2024 Arena Bercy Hommes, demi-finale de basketball USA-Serbie LP \/ Fred Dugit\"},{\"@type\":\"WebPage\",\"@id\":\"https:\/\/www.nettali.com\/2024\/08\/10\/basket-embiid-pre%cc%82t-a-affronter-la-france-et-son-public-pour-lor\/#webpage\",\"url\":\"https:\/\/www.nettali.com\/2024\/08\/10\/basket-embiid-pre%cc%82t-a-affronter-la-france-et-son-public-pour-lor\/\",\"name\":\"BASKET - Embiid pre\\u0302t a\\u0300 affronter la France et son public pour l'or | Nettali.com\",\"isPartOf\":{\"@id\":\"https:\/\/www.nettali.com\/#website\"},\"primaryImageOfPage\":{\"@id\":\"https:\/\/www.nettali.com\/2024\/08\/10\/basket-embiid-pre%cc%82t-a-affronter-la-france-et-son-public-pour-lor\/#primaryimage\"},\"datePublished\":\"2024-08-10T08:37:02+00:00\",\"dateModified\":\"2024-08-10T08:37:02+00:00\",\"author\":{\"@id\":\"https:\/\/www.nettali.com\/#\/schema\/person\/d8ac7b7e27ddad43f1c0d2ef090d7f71\"},\"breadcrumb\":{\"@id\":\"https:\/\/www.nettali.com\/2024\/08\/10\/basket-embiid-pre%cc%82t-a-affronter-la-france-et-son-public-pour-lor\/#breadcrumb\"},\"inLanguage\":\"fr-FR\",\"potentialAction\":[{\"@type\":\"ReadAction\",\"target\":[\"https:\/\/www.nettali.com\/2024\/08\/10\/basket-embiid-pre%cc%82t-a-affronter-la-france-et-son-public-pour-lor\/\"]}]},{\"@type\":\"BreadcrumbList\",\"@id\":\"https:\/\/www.nettali.com\/2024\/08\/10\/basket-embiid-pre%cc%82t-a-affronter-la-france-et-son-public-pour-lor\/#breadcrumb\",\"itemListElement\":[{\"@type\":\"ListItem\",\"position\":1,\"name\":\"Accueil\",\"item\":\"https:\/\/www.nettali.com\/\"},{\"@type\":\"ListItem\",\"position\":2,\"name\":\"BASKET - Embiid pre\\u0302t a\\u0300 affronter la France et son public pour l'or\"}]},{\"@type\":\"Person\",\"@id\":\"https:\/\/www.nettali.com\/#\/schema\/person\/d8ac7b7e27ddad43f1c0d2ef090d7f71\",\"name\":\"CK\",\"image\":{\"@type\":\"ImageObject\",\"@id\":\"https:\/\/www.nettali.com\/#personlogo\",\"inLanguage\":\"fr-FR\",\"url\":\"https:\/\/secure.gravatar.com\/avatar\/1d8d5118b9327d94da7cd4ce7f17fec2?s=96&d=mm&r=g\",\"contentUrl\":\"https:\/\/secure.gravatar.com\/avatar\/1d8d5118b9327d94da7cd4ce7f17fec2?s=96&d=mm&r=g\",\"caption\":\"CK\"},\"sameAs\":[\"https:\/\/www.nettali.com\"]}]}<\/script>\n<!-- \/ Yoast SEO Premium plugin. -->","yoast_head_json":{"title":"BASKET - Embiid pre\u0302t a\u0300 affronter la France et son public pour l'or | Nettali.com","robots":{"index":"index","follow":"follow","max-snippet":"max-snippet:-1","max-image-preview":"max-image-preview:large","max-video-preview":"max-video-preview:-1"},"canonical":"https:\/\/www.nettali.com\/2024\/08\/10\/basket-embiid-pre\u0302t-a-affronter-la-france-et-son-public-pour-lor\/","og_locale":"fr_FR","og_type":"article","og_title":"BASKET - Embiid pre\u0302t a\u0300 affronter la France et son public pour l'or","og_description":"NETTALI.COM - Joel Embiid, pivot star de l'e\u0301quipe des E\u0301tats-Unis, s'appre\u0302te a\u0300 affronter la France dans un match qui s'annonce intense pour la me\u0301daille d'or en basket- ball ce samedi a\u0300 Paris. Le joueur, d'origine camerounaise et re\u0301cemment naturalise\u0301 franc\u0327ais, a e\u0301te\u0301 la cible des hue\u0301es du public franc\u0327ais tout au long des Jeux Olympiques. [&hellip;]","og_url":"https:\/\/www.nettali.com\/2024\/08\/10\/basket-embiid-pre\u0302t-a-affronter-la-france-et-son-public-pour-lor\/","og_site_name":"Nettali.com","article_publisher":"https:\/\/www.facebook.com\/nettalicom","article_published_time":"2024-08-10T08:37:02+00:00","og_image":[{"width":932,"height":582,"url":"https:\/\/www.nettali.com\/wp-content\/uploads\/2024\/08\/L6WQWISYQJBBVIAHTDM5FFPO6Y.jpg","type":"image\/jpeg"}],"twitter_card":"summary_large_image","twitter_misc":{"\u00c9crit par":"CK","Dur\u00e9e de lecture estim\u00e9e":"1 minute"},"schema":{"@context":"https:\/\/schema.org","@graph":[{"@type":"WebSite","@id":"https:\/\/www.nettali.com\/#website","url":"https:\/\/www.nettali.com\/","name":"Nettali.com","description":"Le rendez-vous critique du Net","potentialAction":[{"@type":"SearchAction","target":{"@type":"EntryPoint","urlTemplate":"https:\/\/www.nettali.com\/?s={search_term_string}"},"query-input":"required name=search_term_string"}],"inLanguage":"fr-FR"},{"@type":"ImageObject","@id":"https:\/\/www.nettali.com\/2024\/08\/10\/basket-embiid-pre%cc%82t-a-affronter-la-france-et-son-public-pour-lor\/#primaryimage","inLanguage":"fr-FR","url":"https:\/\/www.nettali.com\/wp-content\/uploads\/2024\/08\/L6WQWISYQJBBVIAHTDM5FFPO6Y.jpg","contentUrl":"https:\/\/www.nettali.com\/wp-content\/uploads\/2024\/08\/L6WQWISYQJBBVIAHTDM5FFPO6Y.jpg","width":932,"height":582,"caption":"JO Paris 2024 Paris (XIIe), le 08\/08\/2024 Arena Bercy Hommes, demi-finale de basketball USA-Serbie LP \/ Fred Dugit"},{"@type":"WebPage","@id":"https:\/\/www.nettali.com\/2024\/08\/10\/basket-embiid-pre%cc%82t-a-affronter-la-france-et-son-public-pour-lor\/#webpage","url":"https:\/\/www.nettali.com\/2024\/08\/10\/basket-embiid-pre%cc%82t-a-affronter-la-france-et-son-public-pour-lor\/","name":"BASKET - Embiid pre\u0302t a\u0300 affronter la France et son public pour l'or | Nettali.com","isPartOf":{"@id":"https:\/\/www.nettali.com\/#website"},"primaryImageOfPage":{"@id":"https:\/\/www.nettali.com\/2024\/08\/10\/basket-embiid-pre%cc%82t-a-affronter-la-france-et-son-public-pour-lor\/#primaryimage"},"datePublished":"2024-08-10T08:37:02+00:00","dateModified":"2024-08-10T08:37:02+00:00","author":{"@id":"https:\/\/www.nettali.com\/#\/schema\/person\/d8ac7b7e27ddad43f1c0d2ef090d7f71"},"breadcrumb":{"@id":"https:\/\/www.nettali.com\/2024\/08\/10\/basket-embiid-pre%cc%82t-a-affronter-la-france-et-son-public-pour-lor\/#breadcrumb"},"inLanguage":"fr-FR","potentialAction":[{"@type":"ReadAction","target":["https:\/\/www.nettali.com\/2024\/08\/10\/basket-embiid-pre%cc%82t-a-affronter-la-france-et-son-public-pour-lor\/"]}]},{"@type":"BreadcrumbList","@id":"https:\/\/www.nettali.com\/2024\/08\/10\/basket-embiid-pre%cc%82t-a-affronter-la-france-et-son-public-pour-lor\/#breadcrumb","itemListElement":[{"@type":"ListItem","position":1,"name":"Accueil","item":"https:\/\/www.nettali.com\/"},{"@type":"ListItem","position":2,"name":"BASKET - Embiid pre\u0302t a\u0300 affronter la France et son public pour l'or"}]},{"@type":"Person","@id":"https:\/\/www.nettali.com\/#\/schema\/person\/d8ac7b7e27ddad43f1c0d2ef090d7f71","name":"CK","image":{"@type":"ImageObject","@id":"https:\/\/www.nettali.com\/#personlogo","inLanguage":"fr-FR","url":"https:\/\/secure.gravatar.com\/avatar\/1d8d5118b9327d94da7cd4ce7f17fec2?s=96&d=mm&r=g","contentUrl":"https:\/\/secure.gravatar.com\/avatar\/1d8d5118b9327d94da7cd4ce7f17fec2?s=96&d=mm&r=g","caption":"CK"},"sameAs":["https:\/\/www.nettali.com"]}]}},"_links":{"self":[{"href":"https:\/\/www.nettali.com\/rest\/wp\/v2\/posts\/138562"}],"collection":[{"href":"https:\/\/www.nettali.com\/rest\/wp\/v2\/posts"}],"about":[{"href":"https:\/\/www.nettali.com\/rest\/wp\/v2\/types\/post"}],"author":[{"embeddable":true,"href":"https:\/\/www.nettali.com\/rest\/wp\/v2\/users\/2"}],"replies":[{"embeddable":true,"href":"https:\/\/www.nettali.com\/rest\/wp\/v2\/comments?post=138562"}],"version-history":[{"count":1,"href":"https:\/\/www.nettali.com\/rest\/wp\/v2\/posts\/138562\/revisions"}],"predecessor-version":[{"id":138564,"href":"https:\/\/www.nettali.com\/rest\/wp\/v2\/posts\/138562\/revisions\/138564"}],"wp:featuredmedia":[{"embeddable":true,"href":"https:\/\/www.nettali.com\/rest\/wp\/v2\/media\/138563"}],"wp:attachment":[{"href":"https:\/\/www.nettali.com\/rest\/wp\/v2\/media?parent=138562"}],"wp:term":[{"taxonomy":"category","embeddable":true,"href":"https:\/\/www.nettali.com\/rest\/wp\/v2\/categories?post=138562"},{"taxonomy":"post_tag","embeddable":true,"href":"https:\/\/www.nettali.com\/rest\/wp\/v2\/tags?post=138562"}],"curies":[{"name":"wp","href":"https:\/\/api.w.org\/{rel}","templated":true}]}}