{"id":138559,"date":"2024-08-10T08:30:15","date_gmt":"2024-08-10T08:30:15","guid":{"rendered":"https:\/\/www.nettali.com\/?p=138559"},"modified":"2024-08-12T23:49:07","modified_gmt":"2024-08-12T23:49:07","slug":"affectations-a-tamba-le-grand-remaniement-judiciaire-souleve-des-questions","status":"publish","type":"post","link":"https:\/\/www.nettali.com\/2024\/08\/10\/affectations-a-tamba-le-grand-remaniement-judiciaire-souleve-des-questions\/","title":{"rendered":"AFFECTATIONS A TAMBA - Le grand remaniement judiciaire soul\u00e8ve des questions"},"content":{"rendered":"<div class=\"page\" title=\"Page 3\">\n<div class=\"layoutArea\">\n<div class=\"column\">\n<p>NETTALI.COM - Le Conseil supe\u0301rieur de la magistrature (CSM) a proce\u0301de\u0301, le 9 aou\u0302t 2024, a\u0300 un vaste remaniement au sein de la justice se\u0301ne\u0301galaise, marque\u0301 par la re\u0301affectation de plusieurs figures emble\u0301matiques du pouvoir Judiciaire. Parmi les de\u0301cisions notables, le juge Oumar Maham Diallo, ancien doyen des juges d'instruction au tribunal de grande instance hors classe de Dakar, a e\u0301te\u0301 transfe\u0301re\u0301 a\u0300 Tambacounda en tant que pre\u0301sident de chambre a\u0300 la Cour d'appel. Il est remplace\u0301 a\u0300 Dakar par Abdoul Aziz Diallo.<\/p>\n<p>Oumar Maham Diallo et d'autres magistrats affecte\u0301s e\u0301taient perc\u0327us comme des figures controverse\u0301es sous le re\u0301gime de l'ancien pre\u0301sident Macky Sall. Ils ont e\u0301te\u0301 au c\u0153ur de dossiers judiciaires sensibles qui ont exacerbe\u0301 les tensions politiques entre 2021 et 2024, lors de la re\u0301pression des opposants, activistes et citoyens ordinaires. Leurs de\u0301cisions, souvent critique\u0301es pour leur partialite\u0301, ont contribue\u0301 a\u0300 alimenter la me\u0301fiance a\u0300 l'e\u0301gard de l'institution judiciaire.<\/p>\n<\/div>\n<div class=\"column\">\n<p>Leur transfert a\u0300 Tambacounda, bien que perc\u0327u par certains comme une sanction de\u0301guise\u0301e, n'affecte pas formellement leur carrie\u0300re ni leur avancement, selon Amadou Ba, membre du Pastef et de\u0301pute\u0301. Sur sa page Facebook, le parlementaire a souligne\u0301 que ces magistrats sont affecte\u0301s a\u0300 des fonctions correspondant a\u0300 leur grade et que le plus important est de \"<em>panser les blessures, apaiser les c\u0153urs et e\u0301riger notre syste\u0300me judiciaire en mode\u0300le pour l'Afrique<\/em>\".<\/p>\n<\/div>\n<div class=\"column\">\n<p><strong>Une sanction de\u0301guise\u0301e ou une re\u0301organisation ne\u0301cessaire ?<\/strong><\/p>\n<p>Le transfert de ces magistrats a\u0300 Tambacounda soule\u0300ve toutefois des interrogations. Certains observateurs y voient une sanction de\u0301guise\u0301e, lie\u0301e a\u0300 leur ro\u0302le dans l'affaire Ousmane Sonko, l'une des plus me\u0301diatise\u0301es et controverse\u0301es de ces dernie\u0300res anne\u0301es. Oumar Maham Diallo, en particulier, avait ordonne\u0301 le placement de Sonko sous mandat de de\u0301po\u0302t, de\u0301clenchant ainsi une se\u0301rie d'e\u0301ve\u0301nements qui ont mene\u0301 a\u0300 l'incarce\u0301ration de l'opposant politique le 31 juillet 2023.<\/p>\n<p>Sonko, leader du Pastef, n'avait pas he\u0301site\u0301 a\u0300 critiquer ouvertement ce magistrat, le qualifiant d'\"<em>adversaire politique<\/em>\" et d'\"<em>instrument de la re\u0301pression du re\u0301gime de Macky Sall<\/em>\". L\u2019actuel Premier ministre avait de\u0301- nonce\u0301 une justice \u201cinstrumentalise\u0301e et politiquement oriente\u0301e\u201d, citant Oumar Maham Diallo comme un exemple de cette de\u0301rive.<\/p>\n<p>Outre Diallo, Mamadou Seck, ancien juge au tribunal de grande ins- tance hors classe de Dakar, a e\u0301te\u0301 affecte\u0301 dans la me\u0302me re\u0301gion comme avocat ge\u0301ne\u0301ral pre\u0300s la Cour d'appel. Seck, connu pour avoir place\u0301 de nombreux militants du Pastef sous mandat de de\u0301po\u0302t, avait e\u0301te\u0301 re\u0301cuse\u0301 par Sonko lors de son proce\u0300s pour viol. Bien qu\u2019il ait finalement de\u0301cide\u0301 de se retirer pour \"<em>convenances personnelles\"<\/em>, Sonko l'avait de\u0301crit comme un juge \"<em>re\u0301pute\u0301 faible et non inde\u0301pendant<\/em>\".<\/p>\n<div class=\"page\" title=\"Page 3\">\n<div class=\"layoutArea\">\n<div class=\"column\">\n<p>Abdou Karim Diop, ancien procureur de la Re\u0301publique a\u0300 Dakar, a e\u0301galement e\u0301te\u0301 affecte\u0301 a\u0300 Tambacounda en tant qu'avocat ge\u0301ne\u0301ral pre\u0300s la Cour d'appel. C'est lui qui, lors d'une confe\u0301rence de presse le 29 juillet, avait de\u0301taille\u0301 les lourds chefs d'accusation retenus contre Ousmane Sonko, dont l\u2019\"<em>appel a\u0300 l\u2019insurrection<\/em>\" et l\u2019\"<em>atteinte a\u0300 la su\u0302rete\u0301 de l\u2019E\u0301tat<\/em>\".<\/p>\n<p><strong>Une re\u0301organisation sous le signe de la me\u0301fiance<\/strong><\/p>\n<p>Ces mutations interviennent a\u0300 un moment ou\u0300 la confiance dans le syste\u0300me judiciaire est fragile, alerte le parti de l'Alliance pour la Re\u0301publique (APR) qui a exprime\u0301 ses re\u0301serves quant aux changements en cours, s'interrogeant sur les motivations derrie\u0300re ces re\u0301affectations.<\/p>\n<p>Dans un communique\u0301, le parti a souligne\u0301 que la justice pourrait devenir \"<em>une arme de distraction et de destruction massive contre l'opposition<\/em>\", avertissant que cela pourrait ine\u0301luctablement entrai\u0302ner des sions sociales.<\/p>\n<div class=\"page\" title=\"Page 3\">\n<div class=\"layoutArea\">\n<div class=\"column\">\n<p>Les critiques fusent e\u0301galement sur les me\u0301thodes de nomination des magistrats. Les \"ape\u0301ristes\" trouvent \"surprenant\" que l\u2019on proce\u0300de a\u0300 des enque\u0302tes pour nommer aux fonctions dans un corps dont les dossiers sont tenus a\u0300 la Direction des services judiciaires (DSJ). Selon eux, une reddition des comptes objective et e\u0301quitable doit se fonder exclusivement sur des rapports des corps de contro\u0302le et non sur des audits oriente\u0301s pour traquer des opposants.<\/p>\n<p>Alors que le syste\u0300me judiciaire se\u0301ne\u0301galais traverse une pe\u0301riode de re\u0301organisation profonde, les re\u0301centes de\u0301cisions du CSM montrent que les cicatrices laisse\u0301es par les tensions politiques des dernie\u0300res anne\u0301es sont loin d'e\u0302tre gue\u0301ries. Le transfert des magistrats vers Tambacounda ne marque peut-e\u0302tre pas la fin de la pole\u0301mique, mais pluto\u0302t le de\u0301but d'une nouvelle phase dans l'e\u0301volution de la justice se\u0301ne\u0301galaise<\/p>\n<\/div>\n<\/div>\n<\/div>\n<\/div>\n<\/div>\n<\/div>\n<\/div>\n<\/div>\n<\/div>\n<div class='share-to-whatsapp-wrapper'><div class='share-on-whsp'>PARTAGER SUR : <\/div><a data-text='AFFECTATIONS A TAMBA - Le grand remaniement judiciaire soul\u00e8ve des questions' data-link='https:\/\/www.nettali.com\/2024\/08\/10\/affectations-a-tamba-le-grand-remaniement-judiciaire-souleve-des-questions\/' class='whatsapp-button whatsapp-share'>WhatsApp<\/a><div class='clear '><\/div><\/div>","protected":false},"excerpt":{"rendered":"<p>NETTALI.COM - Le Conseil supe\u0301rieur de la magistrature (CSM) a proce\u0301de\u0301, le 9 aou\u0302t 2024, a\u0300 un vaste remaniement au sein de la justice se\u0301ne\u0301galaise, marque\u0301 par la re\u0301affectation de plusieurs figures emble\u0301matiques du pouvoir Judiciaire. Parmi les de\u0301cisions notables, le juge Oumar Maham Diallo, ancien doyen des juges d'instruction au tribunal de grande instance [&hellip;]<\/p>\n","protected":false},"author":2,"featured_media":138560,"comment_status":"open","ping_status":"open","sticky":false,"template":"","format":"standard","meta":{"_et_pb_use_builder":"","_et_pb_old_content":""},"categories":[2],"tags":[],"yoast_head":"<!-- This site is optimized with the Yoast SEO Premium plugin v17.8 (Yoast SEO v17.8) - https:\/\/yoast.com\/wordpress\/plugins\/seo\/ -->\n<title>AFFECTATIONS A TAMBA - Le grand remaniement judiciaire soul\u00e8ve des questions | Nettali.com<\/title>\n<meta name=\"robots\" content=\"index, follow, max-snippet:-1, max-image-preview:large, max-video-preview:-1\" \/>\n<link rel=\"canonical\" href=\"https:\/\/www.nettali.com\/2024\/08\/10\/affectations-a-tamba-le-grand-remaniement-judiciaire-souleve-des-questions\/\" \/>\n<meta property=\"og:locale\" content=\"fr_FR\" \/>\n<meta property=\"og:type\" content=\"article\" \/>\n<meta property=\"og:title\" content=\"AFFECTATIONS A TAMBA - Le grand remaniement judiciaire soul\u00e8ve des questions\" \/>\n<meta property=\"og:description\" content=\"NETTALI.COM - Le Conseil supe\u0301rieur de la magistrature (CSM) a proce\u0301de\u0301, le 9 aou\u0302t 2024, a\u0300 un vaste remaniement au sein de la justice se\u0301ne\u0301galaise, marque\u0301 par la re\u0301affectation de plusieurs figures emble\u0301matiques du pouvoir Judiciaire. Parmi les de\u0301cisions notables, le juge Oumar Maham Diallo, ancien doyen des juges d&#039;instruction au tribunal de grande instance [&hellip;]\" \/>\n<meta property=\"og:url\" content=\"https:\/\/www.nettali.com\/2024\/08\/10\/affectations-a-tamba-le-grand-remaniement-judiciaire-souleve-des-questions\/\" \/>\n<meta property=\"og:site_name\" content=\"Nettali.com\" \/>\n<meta property=\"article:publisher\" content=\"https:\/\/www.facebook.com\/nettalicom\" \/>\n<meta property=\"article:published_time\" content=\"2024-08-10T08:30:15+00:00\" \/>\n<meta property=\"article:modified_time\" content=\"2024-08-12T23:49:07+00:00\" \/>\n<meta property=\"og:image\" content=\"https:\/\/www.nettali.com\/wp-content\/uploads\/2024\/08\/sans-titre-68_8784.png\" \/>\n\t<meta property=\"og:image:width\" content=\"1600\" \/>\n\t<meta property=\"og:image:height\" content=\"900\" \/>\n<meta name=\"twitter:card\" content=\"summary_large_image\" \/>\n<meta name=\"twitter:label1\" content=\"\u00c9crit par\" \/>\n\t<meta name=\"twitter:data1\" content=\"CK\" \/>\n\t<meta name=\"twitter:label2\" content=\"Dur\u00e9e de lecture estim\u00e9e\" \/>\n\t<meta name=\"twitter:data2\" content=\"4 minutes\" \/>\n<script type=\"application\/ld+json\" class=\"yoast-schema-graph\">{\"@context\":\"https:\/\/schema.org\",\"@graph\":[{\"@type\":\"WebSite\",\"@id\":\"https:\/\/www.nettali.com\/#website\",\"url\":\"https:\/\/www.nettali.com\/\",\"name\":\"Nettali.com\",\"description\":\"Le rendez-vous critique du Net\",\"potentialAction\":[{\"@type\":\"SearchAction\",\"target\":{\"@type\":\"EntryPoint\",\"urlTemplate\":\"https:\/\/www.nettali.com\/?s={search_term_string}\"},\"query-input\":\"required name=search_term_string\"}],\"inLanguage\":\"fr-FR\"},{\"@type\":\"ImageObject\",\"@id\":\"https:\/\/www.nettali.com\/2024\/08\/10\/affectations-a-tamba-le-grand-remaniement-judiciaire-souleve-des-questions\/#primaryimage\",\"inLanguage\":\"fr-FR\",\"url\":\"https:\/\/www.nettali.com\/wp-content\/uploads\/2024\/08\/sans-titre-68_8784.png\",\"contentUrl\":\"https:\/\/www.nettali.com\/wp-content\/uploads\/2024\/08\/sans-titre-68_8784.png\",\"width\":1600,\"height\":900},{\"@type\":\"WebPage\",\"@id\":\"https:\/\/www.nettali.com\/2024\/08\/10\/affectations-a-tamba-le-grand-remaniement-judiciaire-souleve-des-questions\/#webpage\",\"url\":\"https:\/\/www.nettali.com\/2024\/08\/10\/affectations-a-tamba-le-grand-remaniement-judiciaire-souleve-des-questions\/\",\"name\":\"AFFECTATIONS A TAMBA - Le grand remaniement judiciaire soul\\u00e8ve des questions | Nettali.com\",\"isPartOf\":{\"@id\":\"https:\/\/www.nettali.com\/#website\"},\"primaryImageOfPage\":{\"@id\":\"https:\/\/www.nettali.com\/2024\/08\/10\/affectations-a-tamba-le-grand-remaniement-judiciaire-souleve-des-questions\/#primaryimage\"},\"datePublished\":\"2024-08-10T08:30:15+00:00\",\"dateModified\":\"2024-08-12T23:49:07+00:00\",\"author\":{\"@id\":\"https:\/\/www.nettali.com\/#\/schema\/person\/d8ac7b7e27ddad43f1c0d2ef090d7f71\"},\"breadcrumb\":{\"@id\":\"https:\/\/www.nettali.com\/2024\/08\/10\/affectations-a-tamba-le-grand-remaniement-judiciaire-souleve-des-questions\/#breadcrumb\"},\"inLanguage\":\"fr-FR\",\"potentialAction\":[{\"@type\":\"ReadAction\",\"target\":[\"https:\/\/www.nettali.com\/2024\/08\/10\/affectations-a-tamba-le-grand-remaniement-judiciaire-souleve-des-questions\/\"]}]},{\"@type\":\"BreadcrumbList\",\"@id\":\"https:\/\/www.nettali.com\/2024\/08\/10\/affectations-a-tamba-le-grand-remaniement-judiciaire-souleve-des-questions\/#breadcrumb\",\"itemListElement\":[{\"@type\":\"ListItem\",\"position\":1,\"name\":\"Accueil\",\"item\":\"https:\/\/www.nettali.com\/\"},{\"@type\":\"ListItem\",\"position\":2,\"name\":\"AFFECTATIONS A TAMBA - Le grand remaniement judiciaire soul\\u00e8ve des questions\"}]},{\"@type\":\"Person\",\"@id\":\"https:\/\/www.nettali.com\/#\/schema\/person\/d8ac7b7e27ddad43f1c0d2ef090d7f71\",\"name\":\"CK\",\"image\":{\"@type\":\"ImageObject\",\"@id\":\"https:\/\/www.nettali.com\/#personlogo\",\"inLanguage\":\"fr-FR\",\"url\":\"https:\/\/secure.gravatar.com\/avatar\/1d8d5118b9327d94da7cd4ce7f17fec2?s=96&d=mm&r=g\",\"contentUrl\":\"https:\/\/secure.gravatar.com\/avatar\/1d8d5118b9327d94da7cd4ce7f17fec2?s=96&d=mm&r=g\",\"caption\":\"CK\"},\"sameAs\":[\"https:\/\/www.nettali.com\"]}]}<\/script>\n<!-- \/ Yoast SEO Premium plugin. -->","yoast_head_json":{"title":"AFFECTATIONS A TAMBA - Le grand remaniement judiciaire soul\u00e8ve des questions | Nettali.com","robots":{"index":"index","follow":"follow","max-snippet":"max-snippet:-1","max-image-preview":"max-image-preview:large","max-video-preview":"max-video-preview:-1"},"canonical":"https:\/\/www.nettali.com\/2024\/08\/10\/affectations-a-tamba-le-grand-remaniement-judiciaire-souleve-des-questions\/","og_locale":"fr_FR","og_type":"article","og_title":"AFFECTATIONS A TAMBA - Le grand remaniement judiciaire soul\u00e8ve des questions","og_description":"NETTALI.COM - Le Conseil supe\u0301rieur de la magistrature (CSM) a proce\u0301de\u0301, le 9 aou\u0302t 2024, a\u0300 un vaste remaniement au sein de la justice se\u0301ne\u0301galaise, marque\u0301 par la re\u0301affectation de plusieurs figures emble\u0301matiques du pouvoir Judiciaire. Parmi les de\u0301cisions notables, le juge Oumar Maham Diallo, ancien doyen des juges d'instruction au tribunal de grande instance [&hellip;]","og_url":"https:\/\/www.nettali.com\/2024\/08\/10\/affectations-a-tamba-le-grand-remaniement-judiciaire-souleve-des-questions\/","og_site_name":"Nettali.com","article_publisher":"https:\/\/www.facebook.com\/nettalicom","article_published_time":"2024-08-10T08:30:15+00:00","article_modified_time":"2024-08-12T23:49:07+00:00","og_image":[{"width":1600,"height":900,"url":"https:\/\/www.nettali.com\/wp-content\/uploads\/2024\/08\/sans-titre-68_8784.png","type":"image\/png"}],"twitter_card":"summary_large_image","twitter_misc":{"\u00c9crit par":"CK","Dur\u00e9e de lecture estim\u00e9e":"4 minutes"},"schema":{"@context":"https:\/\/schema.org","@graph":[{"@type":"WebSite","@id":"https:\/\/www.nettali.com\/#website","url":"https:\/\/www.nettali.com\/","name":"Nettali.com","description":"Le rendez-vous critique du Net","potentialAction":[{"@type":"SearchAction","target":{"@type":"EntryPoint","urlTemplate":"https:\/\/www.nettali.com\/?s={search_term_string}"},"query-input":"required name=search_term_string"}],"inLanguage":"fr-FR"},{"@type":"ImageObject","@id":"https:\/\/www.nettali.com\/2024\/08\/10\/affectations-a-tamba-le-grand-remaniement-judiciaire-souleve-des-questions\/#primaryimage","inLanguage":"fr-FR","url":"https:\/\/www.nettali.com\/wp-content\/uploads\/2024\/08\/sans-titre-68_8784.png","contentUrl":"https:\/\/www.nettali.com\/wp-content\/uploads\/2024\/08\/sans-titre-68_8784.png","width":1600,"height":900},{"@type":"WebPage","@id":"https:\/\/www.nettali.com\/2024\/08\/10\/affectations-a-tamba-le-grand-remaniement-judiciaire-souleve-des-questions\/#webpage","url":"https:\/\/www.nettali.com\/2024\/08\/10\/affectations-a-tamba-le-grand-remaniement-judiciaire-souleve-des-questions\/","name":"AFFECTATIONS A TAMBA - Le grand remaniement judiciaire soul\u00e8ve des questions | Nettali.com","isPartOf":{"@id":"https:\/\/www.nettali.com\/#website"},"primaryImageOfPage":{"@id":"https:\/\/www.nettali.com\/2024\/08\/10\/affectations-a-tamba-le-grand-remaniement-judiciaire-souleve-des-questions\/#primaryimage"},"datePublished":"2024-08-10T08:30:15+00:00","dateModified":"2024-08-12T23:49:07+00:00","author":{"@id":"https:\/\/www.nettali.com\/#\/schema\/person\/d8ac7b7e27ddad43f1c0d2ef090d7f71"},"breadcrumb":{"@id":"https:\/\/www.nettali.com\/2024\/08\/10\/affectations-a-tamba-le-grand-remaniement-judiciaire-souleve-des-questions\/#breadcrumb"},"inLanguage":"fr-FR","potentialAction":[{"@type":"ReadAction","target":["https:\/\/www.nettali.com\/2024\/08\/10\/affectations-a-tamba-le-grand-remaniement-judiciaire-souleve-des-questions\/"]}]},{"@type":"BreadcrumbList","@id":"https:\/\/www.nettali.com\/2024\/08\/10\/affectations-a-tamba-le-grand-remaniement-judiciaire-souleve-des-questions\/#breadcrumb","itemListElement":[{"@type":"ListItem","position":1,"name":"Accueil","item":"https:\/\/www.nettali.com\/"},{"@type":"ListItem","position":2,"name":"AFFECTATIONS A TAMBA - Le grand remaniement judiciaire soul\u00e8ve des questions"}]},{"@type":"Person","@id":"https:\/\/www.nettali.com\/#\/schema\/person\/d8ac7b7e27ddad43f1c0d2ef090d7f71","name":"CK","image":{"@type":"ImageObject","@id":"https:\/\/www.nettali.com\/#personlogo","inLanguage":"fr-FR","url":"https:\/\/secure.gravatar.com\/avatar\/1d8d5118b9327d94da7cd4ce7f17fec2?s=96&d=mm&r=g","contentUrl":"https:\/\/secure.gravatar.com\/avatar\/1d8d5118b9327d94da7cd4ce7f17fec2?s=96&d=mm&r=g","caption":"CK"},"sameAs":["https:\/\/www.nettali.com"]}]}},"_links":{"self":[{"href":"https:\/\/www.nettali.com\/rest\/wp\/v2\/posts\/138559"}],"collection":[{"href":"https:\/\/www.nettali.com\/rest\/wp\/v2\/posts"}],"about":[{"href":"https:\/\/www.nettali.com\/rest\/wp\/v2\/types\/post"}],"author":[{"embeddable":true,"href":"https:\/\/www.nettali.com\/rest\/wp\/v2\/users\/2"}],"replies":[{"embeddable":true,"href":"https:\/\/www.nettali.com\/rest\/wp\/v2\/comments?post=138559"}],"version-history":[{"count":1,"href":"https:\/\/www.nettali.com\/rest\/wp\/v2\/posts\/138559\/revisions"}],"predecessor-version":[{"id":138561,"href":"https:\/\/www.nettali.com\/rest\/wp\/v2\/posts\/138559\/revisions\/138561"}],"wp:featuredmedia":[{"embeddable":true,"href":"https:\/\/www.nettali.com\/rest\/wp\/v2\/media\/138560"}],"wp:attachment":[{"href":"https:\/\/www.nettali.com\/rest\/wp\/v2\/media?parent=138559"}],"wp:term":[{"taxonomy":"category","embeddable":true,"href":"https:\/\/www.nettali.com\/rest\/wp\/v2\/categories?post=138559"},{"taxonomy":"post_tag","embeddable":true,"href":"https:\/\/www.nettali.com\/rest\/wp\/v2\/tags?post=138559"}],"curies":[{"name":"wp","href":"https:\/\/api.w.org\/{rel}","templated":true}]}}