{"id":138520,"date":"2024-08-09T19:18:04","date_gmt":"2024-08-09T19:18:04","guid":{"rendered":"https:\/\/www.nettali.com\/?p=138520"},"modified":"2024-08-09T19:40:42","modified_gmt":"2024-08-09T19:40:42","slug":"mercato-dani-olmo-debarque-au-barca","status":"publish","type":"post","link":"https:\/\/www.nettali.com\/2024\/08\/09\/mercato-dani-olmo-debarque-au-barca\/","title":{"rendered":"MERCATO - Dani Olmo d\u00e9barque au Bar\u00e7a"},"content":{"rendered":"<p dir=\"ltr\"><strong>NETTALI.COM - Le FC Barcelone a officialis\u00e9 ce vendredi 9 ao\u00fbt le transfert du milieu offensif Dani\u00a0Olmo\u00a0en provenance du RB Leipzig. L'international espagnol, sacr\u00e9 champion d'Europe avec la Roja cet \u00e9t\u00e9, a sign\u00e9 un contrat jusqu'en 2030 avec son club formateur, qui a accept\u00e9 de payer 55 millions d'euros, plus 7 M\u20ac de bonus \u00e9ventuels, dans cette op\u00e9ration.<\/strong><\/p>\n<p dir=\"ltr\">Dani Olmo\u00a0s'est engag\u00e9 avec le club espagnol pour les six prochaines saisons. Pass\u00e9 par le Bar\u00e7a entre 2007 et 2014, ce retour en Catalogne semblait comme une \u00e9vidence pour lui : \"<em>Il y a eu des n\u00e9gociations intenses, mais c\u2019est normal. Tout a \u00e9t\u00e9 fait tr\u00e8s rapidement avec Leipzig et je leur en suis \u00e9galement tr\u00e8s reconnaissant. Maintenant, une nouvelle \u00e9tape commence et nous allons tout faire. C\u2019\u00e9tait mon r\u00eave, mais il faut aussi souligner les efforts du Bar\u00e7a pour me faire signer, il faut le valoriser. Je suis fier qu\u2019ils m\u2019aiment et je suis fier d\u2019\u00eatre ici<\/em>\",\u00a0peut-on lire sur<i>\u00a0<\/i>le site du Bar\u00e7a.<\/p>\n<p dir=\"ltr\">\"<em>Je viens pour gagner, pour tous les titres possibles. Nous sommes le Bar\u00e7a et nous devons concourir pour tout. Nous avons une \u00e9quipe, nous avons des joueurs, nous avons un staff avec lequel nous visons tout (\u2026) Je peux apporter de la polyvalence, de la qualit\u00e9, mon toucher\u2026 J\u2019ai d\u00e9j\u00e0 jou\u00e9 avec de nombreux joueurs du Bar\u00e7a. Je veux aussi jouer avec d\u2019autres joueurs comme Frenkie (de Jong) ou (Robert) Lewandowski, des footballeurs de grande qualit\u00e9. Je suis pr\u00e9par\u00e9 et j\u2019attends avec impatience de jouer pour aider l\u2019\u00e9quipe et gagner<\/em>\", a-t-il ajout\u00e9. Alors la venue de Dani Olmo va-t-elle permettre \u00e0 Barcelone de remporter son 28\u1d49 titre national et une 6\u00e8me Ligue des champions? R\u00e9ponse dans quelques mois...<\/p>\n<div class='share-to-whatsapp-wrapper'><div class='share-on-whsp'>PARTAGER SUR : <\/div><a data-text='MERCATO - Dani Olmo d\u00e9barque au Bar\u00e7a' data-link='https:\/\/www.nettali.com\/2024\/08\/09\/mercato-dani-olmo-debarque-au-barca\/' class='whatsapp-button whatsapp-share'>WhatsApp<\/a><div class='clear '><\/div><\/div>","protected":false},"excerpt":{"rendered":"<p>NETTALI.COM - Le FC Barcelone a officialis\u00e9 ce vendredi 9 ao\u00fbt le transfert du milieu offensif Dani\u00a0Olmo\u00a0en provenance du RB Leipzig. L'international espagnol, sacr\u00e9 champion d'Europe avec la Roja cet \u00e9t\u00e9, a sign\u00e9 un contrat jusqu'en 2030 avec son club formateur, qui a accept\u00e9 de payer 55 millions d'euros, plus 7 M\u20ac de bonus \u00e9ventuels, [&hellip;]<\/p>\n","protected":false},"author":5,"featured_media":138521,"comment_status":"open","ping_status":"open","sticky":false,"template":"","format":"standard","meta":{"_et_pb_use_builder":"","_et_pb_old_content":""},"categories":[6],"tags":[],"yoast_head":"<!-- This site is optimized with the Yoast SEO Premium plugin v17.8 (Yoast SEO v17.8) - https:\/\/yoast.com\/wordpress\/plugins\/seo\/ -->\n<title>MERCATO - Dani Olmo d\u00e9barque au Bar\u00e7a | Nettali.com<\/title>\n<meta name=\"robots\" content=\"index, follow, max-snippet:-1, max-image-preview:large, max-video-preview:-1\" \/>\n<link rel=\"canonical\" href=\"https:\/\/www.nettali.com\/2024\/08\/09\/mercato-dani-olmo-debarque-au-barca\/\" \/>\n<meta property=\"og:locale\" content=\"fr_FR\" \/>\n<meta property=\"og:type\" content=\"article\" \/>\n<meta property=\"og:title\" content=\"MERCATO - Dani Olmo d\u00e9barque au Bar\u00e7a\" \/>\n<meta property=\"og:description\" content=\"NETTALI.COM - Le FC Barcelone a officialis\u00e9 ce vendredi 9 ao\u00fbt le transfert du milieu offensif Dani\u00a0Olmo\u00a0en provenance du RB Leipzig. L&#039;international espagnol, sacr\u00e9 champion d&#039;Europe avec la Roja cet \u00e9t\u00e9, a sign\u00e9 un contrat jusqu&#039;en 2030 avec son club formateur, qui a accept\u00e9 de payer 55 millions d&#039;euros, plus 7 M\u20ac de bonus \u00e9ventuels, [&hellip;]\" \/>\n<meta property=\"og:url\" content=\"https:\/\/www.nettali.com\/2024\/08\/09\/mercato-dani-olmo-debarque-au-barca\/\" \/>\n<meta property=\"og:site_name\" content=\"Nettali.com\" \/>\n<meta property=\"article:publisher\" content=\"https:\/\/www.facebook.com\/nettalicom\" \/>\n<meta property=\"article:published_time\" content=\"2024-08-09T19:18:04+00:00\" \/>\n<meta property=\"article:modified_time\" content=\"2024-08-09T19:40:42+00:00\" \/>\n<meta property=\"og:image\" content=\"https:\/\/www.nettali.com\/wp-content\/uploads\/2024\/08\/Dani-Olmo.jpg.jpg\" \/>\n\t<meta property=\"og:image:width\" content=\"1920\" \/>\n\t<meta property=\"og:image:height\" content=\"1080\" \/>\n<meta name=\"twitter:card\" content=\"summary_large_image\" \/>\n<meta name=\"twitter:label1\" content=\"\u00c9crit par\" \/>\n\t<meta name=\"twitter:data1\" content=\"Ibrahima\" \/>\n\t<meta name=\"twitter:label2\" content=\"Dur\u00e9e de lecture estim\u00e9e\" \/>\n\t<meta name=\"twitter:data2\" content=\"2 minutes\" \/>\n<script type=\"application\/ld+json\" class=\"yoast-schema-graph\">{\"@context\":\"https:\/\/schema.org\",\"@graph\":[{\"@type\":\"WebSite\",\"@id\":\"https:\/\/www.nettali.com\/#website\",\"url\":\"https:\/\/www.nettali.com\/\",\"name\":\"Nettali.com\",\"description\":\"Le rendez-vous critique du Net\",\"potentialAction\":[{\"@type\":\"SearchAction\",\"target\":{\"@type\":\"EntryPoint\",\"urlTemplate\":\"https:\/\/www.nettali.com\/?s={search_term_string}\"},\"query-input\":\"required name=search_term_string\"}],\"inLanguage\":\"fr-FR\"},{\"@type\":\"ImageObject\",\"@id\":\"https:\/\/www.nettali.com\/2024\/08\/09\/mercato-dani-olmo-debarque-au-barca\/#primaryimage\",\"inLanguage\":\"fr-FR\",\"url\":\"https:\/\/www.nettali.com\/wp-content\/uploads\/2024\/08\/Dani-Olmo.jpg.jpg\",\"contentUrl\":\"https:\/\/www.nettali.com\/wp-content\/uploads\/2024\/08\/Dani-Olmo.jpg.jpg\",\"width\":1920,\"height\":1080},{\"@type\":\"WebPage\",\"@id\":\"https:\/\/www.nettali.com\/2024\/08\/09\/mercato-dani-olmo-debarque-au-barca\/#webpage\",\"url\":\"https:\/\/www.nettali.com\/2024\/08\/09\/mercato-dani-olmo-debarque-au-barca\/\",\"name\":\"MERCATO - Dani Olmo d\\u00e9barque au Bar\\u00e7a | Nettali.com\",\"isPartOf\":{\"@id\":\"https:\/\/www.nettali.com\/#website\"},\"primaryImageOfPage\":{\"@id\":\"https:\/\/www.nettali.com\/2024\/08\/09\/mercato-dani-olmo-debarque-au-barca\/#primaryimage\"},\"datePublished\":\"2024-08-09T19:18:04+00:00\",\"dateModified\":\"2024-08-09T19:40:42+00:00\",\"author\":{\"@id\":\"https:\/\/www.nettali.com\/#\/schema\/person\/bb147657c2986240405a608162b9bb23\"},\"breadcrumb\":{\"@id\":\"https:\/\/www.nettali.com\/2024\/08\/09\/mercato-dani-olmo-debarque-au-barca\/#breadcrumb\"},\"inLanguage\":\"fr-FR\",\"potentialAction\":[{\"@type\":\"ReadAction\",\"target\":[\"https:\/\/www.nettali.com\/2024\/08\/09\/mercato-dani-olmo-debarque-au-barca\/\"]}]},{\"@type\":\"BreadcrumbList\",\"@id\":\"https:\/\/www.nettali.com\/2024\/08\/09\/mercato-dani-olmo-debarque-au-barca\/#breadcrumb\",\"itemListElement\":[{\"@type\":\"ListItem\",\"position\":1,\"name\":\"Accueil\",\"item\":\"https:\/\/www.nettali.com\/\"},{\"@type\":\"ListItem\",\"position\":2,\"name\":\"MERCATO - Dani Olmo d\\u00e9barque au Bar\\u00e7a\"}]},{\"@type\":\"Person\",\"@id\":\"https:\/\/www.nettali.com\/#\/schema\/person\/bb147657c2986240405a608162b9bb23\",\"name\":\"Ibrahima\",\"image\":{\"@type\":\"ImageObject\",\"@id\":\"https:\/\/www.nettali.com\/#personlogo\",\"inLanguage\":\"fr-FR\",\"url\":\"https:\/\/secure.gravatar.com\/avatar\/26a8a81f09f0dd7624c9d5c36c9ba3a2?s=96&d=mm&r=g\",\"contentUrl\":\"https:\/\/secure.gravatar.com\/avatar\/26a8a81f09f0dd7624c9d5c36c9ba3a2?s=96&d=mm&r=g\",\"caption\":\"Ibrahima\"},\"sameAs\":[\"https:\/\/www.nettali.com\"]}]}<\/script>\n<!-- \/ Yoast SEO Premium plugin. -->","yoast_head_json":{"title":"MERCATO - Dani Olmo d\u00e9barque au Bar\u00e7a | Nettali.com","robots":{"index":"index","follow":"follow","max-snippet":"max-snippet:-1","max-image-preview":"max-image-preview:large","max-video-preview":"max-video-preview:-1"},"canonical":"https:\/\/www.nettali.com\/2024\/08\/09\/mercato-dani-olmo-debarque-au-barca\/","og_locale":"fr_FR","og_type":"article","og_title":"MERCATO - Dani Olmo d\u00e9barque au Bar\u00e7a","og_description":"NETTALI.COM - Le FC Barcelone a officialis\u00e9 ce vendredi 9 ao\u00fbt le transfert du milieu offensif Dani\u00a0Olmo\u00a0en provenance du RB Leipzig. L'international espagnol, sacr\u00e9 champion d'Europe avec la Roja cet \u00e9t\u00e9, a sign\u00e9 un contrat jusqu'en 2030 avec son club formateur, qui a accept\u00e9 de payer 55 millions d'euros, plus 7 M\u20ac de bonus \u00e9ventuels, [&hellip;]","og_url":"https:\/\/www.nettali.com\/2024\/08\/09\/mercato-dani-olmo-debarque-au-barca\/","og_site_name":"Nettali.com","article_publisher":"https:\/\/www.facebook.com\/nettalicom","article_published_time":"2024-08-09T19:18:04+00:00","article_modified_time":"2024-08-09T19:40:42+00:00","og_image":[{"width":1920,"height":1080,"url":"https:\/\/www.nettali.com\/wp-content\/uploads\/2024\/08\/Dani-Olmo.jpg.jpg","type":"image\/jpeg"}],"twitter_card":"summary_large_image","twitter_misc":{"\u00c9crit par":"Ibrahima","Dur\u00e9e de lecture estim\u00e9e":"2 minutes"},"schema":{"@context":"https:\/\/schema.org","@graph":[{"@type":"WebSite","@id":"https:\/\/www.nettali.com\/#website","url":"https:\/\/www.nettali.com\/","name":"Nettali.com","description":"Le rendez-vous critique du Net","potentialAction":[{"@type":"SearchAction","target":{"@type":"EntryPoint","urlTemplate":"https:\/\/www.nettali.com\/?s={search_term_string}"},"query-input":"required name=search_term_string"}],"inLanguage":"fr-FR"},{"@type":"ImageObject","@id":"https:\/\/www.nettali.com\/2024\/08\/09\/mercato-dani-olmo-debarque-au-barca\/#primaryimage","inLanguage":"fr-FR","url":"https:\/\/www.nettali.com\/wp-content\/uploads\/2024\/08\/Dani-Olmo.jpg.jpg","contentUrl":"https:\/\/www.nettali.com\/wp-content\/uploads\/2024\/08\/Dani-Olmo.jpg.jpg","width":1920,"height":1080},{"@type":"WebPage","@id":"https:\/\/www.nettali.com\/2024\/08\/09\/mercato-dani-olmo-debarque-au-barca\/#webpage","url":"https:\/\/www.nettali.com\/2024\/08\/09\/mercato-dani-olmo-debarque-au-barca\/","name":"MERCATO - Dani Olmo d\u00e9barque au Bar\u00e7a | Nettali.com","isPartOf":{"@id":"https:\/\/www.nettali.com\/#website"},"primaryImageOfPage":{"@id":"https:\/\/www.nettali.com\/2024\/08\/09\/mercato-dani-olmo-debarque-au-barca\/#primaryimage"},"datePublished":"2024-08-09T19:18:04+00:00","dateModified":"2024-08-09T19:40:42+00:00","author":{"@id":"https:\/\/www.nettali.com\/#\/schema\/person\/bb147657c2986240405a608162b9bb23"},"breadcrumb":{"@id":"https:\/\/www.nettali.com\/2024\/08\/09\/mercato-dani-olmo-debarque-au-barca\/#breadcrumb"},"inLanguage":"fr-FR","potentialAction":[{"@type":"ReadAction","target":["https:\/\/www.nettali.com\/2024\/08\/09\/mercato-dani-olmo-debarque-au-barca\/"]}]},{"@type":"BreadcrumbList","@id":"https:\/\/www.nettali.com\/2024\/08\/09\/mercato-dani-olmo-debarque-au-barca\/#breadcrumb","itemListElement":[{"@type":"ListItem","position":1,"name":"Accueil","item":"https:\/\/www.nettali.com\/"},{"@type":"ListItem","position":2,"name":"MERCATO - Dani Olmo d\u00e9barque au Bar\u00e7a"}]},{"@type":"Person","@id":"https:\/\/www.nettali.com\/#\/schema\/person\/bb147657c2986240405a608162b9bb23","name":"Ibrahima","image":{"@type":"ImageObject","@id":"https:\/\/www.nettali.com\/#personlogo","inLanguage":"fr-FR","url":"https:\/\/secure.gravatar.com\/avatar\/26a8a81f09f0dd7624c9d5c36c9ba3a2?s=96&d=mm&r=g","contentUrl":"https:\/\/secure.gravatar.com\/avatar\/26a8a81f09f0dd7624c9d5c36c9ba3a2?s=96&d=mm&r=g","caption":"Ibrahima"},"sameAs":["https:\/\/www.nettali.com"]}]}},"_links":{"self":[{"href":"https:\/\/www.nettali.com\/rest\/wp\/v2\/posts\/138520"}],"collection":[{"href":"https:\/\/www.nettali.com\/rest\/wp\/v2\/posts"}],"about":[{"href":"https:\/\/www.nettali.com\/rest\/wp\/v2\/types\/post"}],"author":[{"embeddable":true,"href":"https:\/\/www.nettali.com\/rest\/wp\/v2\/users\/5"}],"replies":[{"embeddable":true,"href":"https:\/\/www.nettali.com\/rest\/wp\/v2\/comments?post=138520"}],"version-history":[{"count":1,"href":"https:\/\/www.nettali.com\/rest\/wp\/v2\/posts\/138520\/revisions"}],"predecessor-version":[{"id":138524,"href":"https:\/\/www.nettali.com\/rest\/wp\/v2\/posts\/138520\/revisions\/138524"}],"wp:featuredmedia":[{"embeddable":true,"href":"https:\/\/www.nettali.com\/rest\/wp\/v2\/media\/138521"}],"wp:attachment":[{"href":"https:\/\/www.nettali.com\/rest\/wp\/v2\/media?parent=138520"}],"wp:term":[{"taxonomy":"category","embeddable":true,"href":"https:\/\/www.nettali.com\/rest\/wp\/v2\/categories?post=138520"},{"taxonomy":"post_tag","embeddable":true,"href":"https:\/\/www.nettali.com\/rest\/wp\/v2\/tags?post=138520"}],"curies":[{"name":"wp","href":"https:\/\/api.w.org\/{rel}","templated":true}]}}