{"id":138484,"date":"2024-08-09T02:19:14","date_gmt":"2024-08-09T02:19:14","guid":{"rendered":"https:\/\/www.nettali.com\/?p=138484"},"modified":"2024-08-09T02:19:14","modified_gmt":"2024-08-09T02:19:14","slug":"republique-des-valeurs-tas-perd-son-coordonnateur-des-cadres","status":"publish","type":"post","link":"https:\/\/www.nettali.com\/2024\/08\/09\/republique-des-valeurs-tas-perd-son-coordonnateur-des-cadres\/","title":{"rendered":"REPUBLIQUE DES VALEURS - TAS perd son coordonnateur des cadres"},"content":{"rendered":"<p><strong>NETTALI.COM - Thierno Alassane Sall alias TAS va devoir chercher une autre personne pour coordonner le cercle des cadres de son parti. Mamadou Aw qui occupait le poste a d\u00e9cid\u00e9 de claquer la porte.<\/strong><\/p>\n<p>C'est \u00e0 Gu\u00e9diawaye que Mamadou Aw a rencontr\u00e9 la presse ce jeudi. Rencontre au cours de laquelle il a annonc\u00e9 la fin de son compagnonnage avec Thierno Alassane Sall alias \"TAS\", pr\u00e9sident du parti \"La R\u00e9publique des valeurs\".<\/p>\n<p>\"<em>Nous rendons gr\u00e2ce \u00e0 Allah et prions sur son proph\u00e8te Mouhamed (PSL). Nous nous estimons heureux d\u2019avoir \u00e9t\u00e9 accompagn\u00e9s jusqu\u2019\u00e0 aujourd\u2019hui par nos parents, amis et proches dans le projet dans lequel nous nous sommes investis depuis des ann\u00e9es. Un projet politique port\u00e9 par des hommes et des femmes de valeurs qui se sont sacrifi\u00e9s, uniquement pour l\u2019int\u00e9r\u00eat sup\u00e9rieur de notre ch\u00e8re nation, le S\u00e9n\u00e9gal<\/em>\", a dit Mamadou Aw lors d'une rencontre avec la presse \u00e0 Gu\u00e9diawaye. Il ajoute : \"J<em>e voudrais, \u00e0 cette occasion, remercier un homme exceptionnel qui a beaucoup contribu\u00e9 \u00e0 notre parcours politique. Un homme qui nous a prouv\u00e9 qu\u2019il est possible de faire de la politique tout en gardant ses valeurs : le pr\u00e9sident Thierno Alassane Sall.\u00a0 Je remercie aussi tous les membres du cercle des cadres de la R\u00e9publique des valeurs (CECAR) pour la confiance qu\u2019ils ont accord\u00e9e \u00e0 ma modeste personne pour diriger les destin\u00e9es de ce cercle.<\/em>\" Et c'est pour ensuite annoncer : \"<em>Tout compagnonnage a une fin. Elle peut survenir parfois dans des moments difficiles ou particuli\u00e8rement inattendus, mais elle est in\u00e9vitable. Aujourd\u2019hui, je vous informe, de ma d\u00e9cision de d\u00e9missionner de mon poste de coordinateur des cadres, de mon poste de coordinateur du d\u00e9partement de Gu\u00e9diawaye et du parti la R\u00e9publique des valeurs<\/em>.\"<\/p>\n<p>A en croire le d\u00e9sormais ex-camarade de Thierno Alassane Sall, la d\u00e9cision de d\u00e9missionner n\u2019a pas \u00e9t\u00e9 facile. Mais il explique : \"<em>J\u2019ai \u00e9norm\u00e9ment appr\u00e9ci\u00e9 le temps pass\u00e9 au sein de la famille la R\u00e9publique des valeurs et je tiens \u00e0 exprimer toute ma gratitude \u00e0 ces camarades pour les opportunit\u00e9s qu\u2019ils m\u2019ont offertes de contribuer \u00e0 vendre l\u2019id\u00e9ologie de ce parti \u00e0 nos<\/em> concitoyens.\" Et de souligner : \"<em>Cette d\u00e9cision a \u00e9t\u00e9 m\u00fbrement r\u00e9fl\u00e9chie, et je la prends apr\u00e8s une longue p\u00e9riode de r\u00e9flexion et de concertation avec toute l\u2019\u00e9quipe de Gu\u00e9diawaye ici pr\u00e9sente. Cette \u00e9quipe et moi avons d\u00e9cid\u00e9 d\u00e9sormais de poursuivre notre engagement \u00e0 travers une d\u00e9marche nouvelle, empreinte de citoyennet\u00e9 et de promotion du d\u00e9veloppement local. La nouvelle alternative que nous allons proposer sera soutenue par une dynamique innovante au sein de notre localit\u00e9, pouvant inspirer d\u2019autres localit\u00e9s et port\u00e9e par des personnes ressources et cr\u00e9dibles<\/em>.\"<\/p>\n<p>&nbsp;<\/p>\n<div class='share-to-whatsapp-wrapper'><div class='share-on-whsp'>PARTAGER SUR : <\/div><a data-text='REPUBLIQUE DES VALEURS - TAS perd son coordonnateur des cadres' data-link='https:\/\/www.nettali.com\/2024\/08\/09\/republique-des-valeurs-tas-perd-son-coordonnateur-des-cadres\/' class='whatsapp-button whatsapp-share'>WhatsApp<\/a><div class='clear '><\/div><\/div>","protected":false},"excerpt":{"rendered":"<p>NETTALI.COM - Thierno Alassane Sall alias TAS va devoir chercher une autre personne pour coordonner le cercle des cadres de son parti. Mamadou Aw qui occupait le poste a d\u00e9cid\u00e9 de claquer la porte. C'est \u00e0 Gu\u00e9diawaye que Mamadou Aw a rencontr\u00e9 la presse ce jeudi. Rencontre au cours de laquelle il a annonc\u00e9 la [&hellip;]<\/p>\n","protected":false},"author":3,"featured_media":138485,"comment_status":"open","ping_status":"open","sticky":false,"template":"","format":"standard","meta":{"_et_pb_use_builder":"","_et_pb_old_content":""},"categories":[2],"tags":[],"yoast_head":"<!-- This site is optimized with the Yoast SEO Premium plugin v17.8 (Yoast SEO v17.8) - https:\/\/yoast.com\/wordpress\/plugins\/seo\/ -->\n<title>REPUBLIQUE DES VALEURS - TAS perd son coordonnateur des cadres | Nettali.com<\/title>\n<meta name=\"robots\" content=\"index, follow, max-snippet:-1, max-image-preview:large, max-video-preview:-1\" \/>\n<link rel=\"canonical\" href=\"https:\/\/www.nettali.com\/2024\/08\/09\/republique-des-valeurs-tas-perd-son-coordonnateur-des-cadres\/\" \/>\n<meta property=\"og:locale\" content=\"fr_FR\" \/>\n<meta property=\"og:type\" content=\"article\" \/>\n<meta property=\"og:title\" content=\"REPUBLIQUE DES VALEURS - TAS perd son coordonnateur des cadres\" \/>\n<meta property=\"og:description\" content=\"NETTALI.COM - Thierno Alassane Sall alias TAS va devoir chercher une autre personne pour coordonner le cercle des cadres de son parti. Mamadou Aw qui occupait le poste a d\u00e9cid\u00e9 de claquer la porte. C&#039;est \u00e0 Gu\u00e9diawaye que Mamadou Aw a rencontr\u00e9 la presse ce jeudi. Rencontre au cours de laquelle il a annonc\u00e9 la [&hellip;]\" \/>\n<meta property=\"og:url\" content=\"https:\/\/www.nettali.com\/2024\/08\/09\/republique-des-valeurs-tas-perd-son-coordonnateur-des-cadres\/\" \/>\n<meta property=\"og:site_name\" content=\"Nettali.com\" \/>\n<meta property=\"article:publisher\" content=\"https:\/\/www.facebook.com\/nettalicom\" \/>\n<meta property=\"article:published_time\" content=\"2024-08-09T02:19:14+00:00\" \/>\n<meta property=\"og:image\" content=\"https:\/\/www.nettali.com\/wp-content\/uploads\/2024\/08\/1723169912067.jpg\" \/>\n\t<meta property=\"og:image:width\" content=\"954\" \/>\n\t<meta property=\"og:image:height\" content=\"960\" \/>\n<meta name=\"twitter:card\" content=\"summary_large_image\" \/>\n<meta name=\"twitter:label1\" content=\"\u00c9crit par\" \/>\n\t<meta name=\"twitter:data1\" content=\"Moustapha\" \/>\n\t<meta name=\"twitter:label2\" content=\"Dur\u00e9e de lecture estim\u00e9e\" \/>\n\t<meta name=\"twitter:data2\" content=\"3 minutes\" \/>\n<script type=\"application\/ld+json\" class=\"yoast-schema-graph\">{\"@context\":\"https:\/\/schema.org\",\"@graph\":[{\"@type\":\"WebSite\",\"@id\":\"https:\/\/www.nettali.com\/#website\",\"url\":\"https:\/\/www.nettali.com\/\",\"name\":\"Nettali.com\",\"description\":\"Le rendez-vous critique du Net\",\"potentialAction\":[{\"@type\":\"SearchAction\",\"target\":{\"@type\":\"EntryPoint\",\"urlTemplate\":\"https:\/\/www.nettali.com\/?s={search_term_string}\"},\"query-input\":\"required name=search_term_string\"}],\"inLanguage\":\"fr-FR\"},{\"@type\":\"ImageObject\",\"@id\":\"https:\/\/www.nettali.com\/2024\/08\/09\/republique-des-valeurs-tas-perd-son-coordonnateur-des-cadres\/#primaryimage\",\"inLanguage\":\"fr-FR\",\"url\":\"https:\/\/www.nettali.com\/wp-content\/uploads\/2024\/08\/1723169912067.jpg\",\"contentUrl\":\"https:\/\/www.nettali.com\/wp-content\/uploads\/2024\/08\/1723169912067.jpg\",\"width\":954,\"height\":960},{\"@type\":\"WebPage\",\"@id\":\"https:\/\/www.nettali.com\/2024\/08\/09\/republique-des-valeurs-tas-perd-son-coordonnateur-des-cadres\/#webpage\",\"url\":\"https:\/\/www.nettali.com\/2024\/08\/09\/republique-des-valeurs-tas-perd-son-coordonnateur-des-cadres\/\",\"name\":\"REPUBLIQUE DES VALEURS - TAS perd son coordonnateur des cadres | Nettali.com\",\"isPartOf\":{\"@id\":\"https:\/\/www.nettali.com\/#website\"},\"primaryImageOfPage\":{\"@id\":\"https:\/\/www.nettali.com\/2024\/08\/09\/republique-des-valeurs-tas-perd-son-coordonnateur-des-cadres\/#primaryimage\"},\"datePublished\":\"2024-08-09T02:19:14+00:00\",\"dateModified\":\"2024-08-09T02:19:14+00:00\",\"author\":{\"@id\":\"https:\/\/www.nettali.com\/#\/schema\/person\/7962a12a6e0267f88f0ffa544c36469a\"},\"breadcrumb\":{\"@id\":\"https:\/\/www.nettali.com\/2024\/08\/09\/republique-des-valeurs-tas-perd-son-coordonnateur-des-cadres\/#breadcrumb\"},\"inLanguage\":\"fr-FR\",\"potentialAction\":[{\"@type\":\"ReadAction\",\"target\":[\"https:\/\/www.nettali.com\/2024\/08\/09\/republique-des-valeurs-tas-perd-son-coordonnateur-des-cadres\/\"]}]},{\"@type\":\"BreadcrumbList\",\"@id\":\"https:\/\/www.nettali.com\/2024\/08\/09\/republique-des-valeurs-tas-perd-son-coordonnateur-des-cadres\/#breadcrumb\",\"itemListElement\":[{\"@type\":\"ListItem\",\"position\":1,\"name\":\"Accueil\",\"item\":\"https:\/\/www.nettali.com\/\"},{\"@type\":\"ListItem\",\"position\":2,\"name\":\"REPUBLIQUE DES VALEURS - TAS perd son coordonnateur des cadres\"}]},{\"@type\":\"Person\",\"@id\":\"https:\/\/www.nettali.com\/#\/schema\/person\/7962a12a6e0267f88f0ffa544c36469a\",\"name\":\"Moustapha\",\"image\":{\"@type\":\"ImageObject\",\"@id\":\"https:\/\/www.nettali.com\/#personlogo\",\"inLanguage\":\"fr-FR\",\"url\":\"https:\/\/secure.gravatar.com\/avatar\/10fdf6a071cccdcf374e3dbe45159590?s=96&d=mm&r=g\",\"contentUrl\":\"https:\/\/secure.gravatar.com\/avatar\/10fdf6a071cccdcf374e3dbe45159590?s=96&d=mm&r=g\",\"caption\":\"Moustapha\"},\"sameAs\":[\"https:\/\/www.nettali.com\"]}]}<\/script>\n<!-- \/ Yoast SEO Premium plugin. -->","yoast_head_json":{"title":"REPUBLIQUE DES VALEURS - TAS perd son coordonnateur des cadres | Nettali.com","robots":{"index":"index","follow":"follow","max-snippet":"max-snippet:-1","max-image-preview":"max-image-preview:large","max-video-preview":"max-video-preview:-1"},"canonical":"https:\/\/www.nettali.com\/2024\/08\/09\/republique-des-valeurs-tas-perd-son-coordonnateur-des-cadres\/","og_locale":"fr_FR","og_type":"article","og_title":"REPUBLIQUE DES VALEURS - TAS perd son coordonnateur des cadres","og_description":"NETTALI.COM - Thierno Alassane Sall alias TAS va devoir chercher une autre personne pour coordonner le cercle des cadres de son parti. Mamadou Aw qui occupait le poste a d\u00e9cid\u00e9 de claquer la porte. C'est \u00e0 Gu\u00e9diawaye que Mamadou Aw a rencontr\u00e9 la presse ce jeudi. Rencontre au cours de laquelle il a annonc\u00e9 la [&hellip;]","og_url":"https:\/\/www.nettali.com\/2024\/08\/09\/republique-des-valeurs-tas-perd-son-coordonnateur-des-cadres\/","og_site_name":"Nettali.com","article_publisher":"https:\/\/www.facebook.com\/nettalicom","article_published_time":"2024-08-09T02:19:14+00:00","og_image":[{"width":954,"height":960,"url":"https:\/\/www.nettali.com\/wp-content\/uploads\/2024\/08\/1723169912067.jpg","type":"image\/jpeg"}],"twitter_card":"summary_large_image","twitter_misc":{"\u00c9crit par":"Moustapha","Dur\u00e9e de lecture estim\u00e9e":"3 minutes"},"schema":{"@context":"https:\/\/schema.org","@graph":[{"@type":"WebSite","@id":"https:\/\/www.nettali.com\/#website","url":"https:\/\/www.nettali.com\/","name":"Nettali.com","description":"Le rendez-vous critique du Net","potentialAction":[{"@type":"SearchAction","target":{"@type":"EntryPoint","urlTemplate":"https:\/\/www.nettali.com\/?s={search_term_string}"},"query-input":"required name=search_term_string"}],"inLanguage":"fr-FR"},{"@type":"ImageObject","@id":"https:\/\/www.nettali.com\/2024\/08\/09\/republique-des-valeurs-tas-perd-son-coordonnateur-des-cadres\/#primaryimage","inLanguage":"fr-FR","url":"https:\/\/www.nettali.com\/wp-content\/uploads\/2024\/08\/1723169912067.jpg","contentUrl":"https:\/\/www.nettali.com\/wp-content\/uploads\/2024\/08\/1723169912067.jpg","width":954,"height":960},{"@type":"WebPage","@id":"https:\/\/www.nettali.com\/2024\/08\/09\/republique-des-valeurs-tas-perd-son-coordonnateur-des-cadres\/#webpage","url":"https:\/\/www.nettali.com\/2024\/08\/09\/republique-des-valeurs-tas-perd-son-coordonnateur-des-cadres\/","name":"REPUBLIQUE DES VALEURS - TAS perd son coordonnateur des cadres | Nettali.com","isPartOf":{"@id":"https:\/\/www.nettali.com\/#website"},"primaryImageOfPage":{"@id":"https:\/\/www.nettali.com\/2024\/08\/09\/republique-des-valeurs-tas-perd-son-coordonnateur-des-cadres\/#primaryimage"},"datePublished":"2024-08-09T02:19:14+00:00","dateModified":"2024-08-09T02:19:14+00:00","author":{"@id":"https:\/\/www.nettali.com\/#\/schema\/person\/7962a12a6e0267f88f0ffa544c36469a"},"breadcrumb":{"@id":"https:\/\/www.nettali.com\/2024\/08\/09\/republique-des-valeurs-tas-perd-son-coordonnateur-des-cadres\/#breadcrumb"},"inLanguage":"fr-FR","potentialAction":[{"@type":"ReadAction","target":["https:\/\/www.nettali.com\/2024\/08\/09\/republique-des-valeurs-tas-perd-son-coordonnateur-des-cadres\/"]}]},{"@type":"BreadcrumbList","@id":"https:\/\/www.nettali.com\/2024\/08\/09\/republique-des-valeurs-tas-perd-son-coordonnateur-des-cadres\/#breadcrumb","itemListElement":[{"@type":"ListItem","position":1,"name":"Accueil","item":"https:\/\/www.nettali.com\/"},{"@type":"ListItem","position":2,"name":"REPUBLIQUE DES VALEURS - TAS perd son coordonnateur des cadres"}]},{"@type":"Person","@id":"https:\/\/www.nettali.com\/#\/schema\/person\/7962a12a6e0267f88f0ffa544c36469a","name":"Moustapha","image":{"@type":"ImageObject","@id":"https:\/\/www.nettali.com\/#personlogo","inLanguage":"fr-FR","url":"https:\/\/secure.gravatar.com\/avatar\/10fdf6a071cccdcf374e3dbe45159590?s=96&d=mm&r=g","contentUrl":"https:\/\/secure.gravatar.com\/avatar\/10fdf6a071cccdcf374e3dbe45159590?s=96&d=mm&r=g","caption":"Moustapha"},"sameAs":["https:\/\/www.nettali.com"]}]}},"_links":{"self":[{"href":"https:\/\/www.nettali.com\/rest\/wp\/v2\/posts\/138484"}],"collection":[{"href":"https:\/\/www.nettali.com\/rest\/wp\/v2\/posts"}],"about":[{"href":"https:\/\/www.nettali.com\/rest\/wp\/v2\/types\/post"}],"author":[{"embeddable":true,"href":"https:\/\/www.nettali.com\/rest\/wp\/v2\/users\/3"}],"replies":[{"embeddable":true,"href":"https:\/\/www.nettali.com\/rest\/wp\/v2\/comments?post=138484"}],"version-history":[{"count":1,"href":"https:\/\/www.nettali.com\/rest\/wp\/v2\/posts\/138484\/revisions"}],"predecessor-version":[{"id":138486,"href":"https:\/\/www.nettali.com\/rest\/wp\/v2\/posts\/138484\/revisions\/138486"}],"wp:featuredmedia":[{"embeddable":true,"href":"https:\/\/www.nettali.com\/rest\/wp\/v2\/media\/138485"}],"wp:attachment":[{"href":"https:\/\/www.nettali.com\/rest\/wp\/v2\/media?parent=138484"}],"wp:term":[{"taxonomy":"category","embeddable":true,"href":"https:\/\/www.nettali.com\/rest\/wp\/v2\/categories?post=138484"},{"taxonomy":"post_tag","embeddable":true,"href":"https:\/\/www.nettali.com\/rest\/wp\/v2\/tags?post=138484"}],"curies":[{"name":"wp","href":"https:\/\/api.w.org\/{rel}","templated":true}]}}