{"id":138346,"date":"2024-08-07T08:30:47","date_gmt":"2024-08-07T08:30:47","guid":{"rendered":"https:\/\/www.nettali.com\/?p=138346"},"modified":"2024-08-08T23:42:35","modified_gmt":"2024-08-08T23:42:35","slug":"affaire-voile-a-lecole-sonko-desamorce-la-bombe","status":"publish","type":"post","link":"https:\/\/www.nettali.com\/2024\/08\/07\/affaire-voile-a-lecole-sonko-desamorce-la-bombe\/","title":{"rendered":"AFFAIRE VOILE A\u0300 L\u2019E\u0301COLE - Sonko de\u0301samorce la \"bombe\""},"content":{"rendered":"<div class=\"page\" title=\"Page 2\">\n<div class=\"section\">\n<div class=\"layoutArea\">\n<div class=\"column\">\n<p><strong>NETTALI.COM -<\/strong> Suite au texte publie\u0301 par l\u2019abbe\u0301 Latyr Ndiaye conse\u0301cutif a\u0300 la sortie du Premier ministre Ousmane Sonko sur l\u2019interdiction du port du voile dans certaines e\u0301coles, le ministre de l\u2019E\u0301ducation nationale, Moustapha Mamba Guirassy, a rendu visite, le mardi 6 Ao\u00fbt a\u0300 l\u2019Archeve\u0302que de Dakar, Monseigneur Benjamin Ndiaye. C\u2019est sur instruction d\u2019Ousmane Sonko, a-t-il fait savoir.<\/p>\n<\/div>\n<\/div>\n<div class=\"layoutArea\">\n<div class=\"column\">\n<p>Devant le chef de l\u2019Eglise du Se\u0301ne\u0301gal, le ministre a de\u0301clare\u0301 : \"<em>le capital le plus pre\u0301cieux que nous avons, c\u2019est le capital spirituel<\/em>\". M. Guirassy de poursuivre : \"L<em>\u2019e\u0301cole catholique, le prive\u0301 catholique a joue\u0301 un ro\u0302le de\u0301terminant dans la formation de ce capital spirituel. Je disais la dernie\u0300re fois en rencontrant les responsables du comite\u0301 des daaras que les musulmans ont e\u0301te\u0301 les premiers a\u0300 confier leurs enfants aux e\u0301coles catholiques et les re\u0301sultats sont la\u0300, pour ce qui est de la performance. Et quand ils passent par ces e\u0301coles, on est su\u0302r que d\u2019un point de vue acade\u0301mique, les re\u0301sultats <\/em><em>seront la\u0300, mais aussi d\u2019un point de vue comportement et valeur\"<\/em>.<\/p>\n<\/div>\n<div class=\"column\">\n<p>Selon le ministre, il y a \"<em>un re\u0301sultat beaucoup plus subtil et cache\u0301, extre\u0302mement important<\/em>\". \"<em>L\u2019enfant, dit-il, qui grandit dans ce type d\u2019e\u0301cole, qui a une autre confession, qui co\u0302toie des enfants d\u2019autres confessions, il y a un vivre-ensemble qui se met en place\"<\/em>.<\/p>\n<p>Plus tard, Moustapha Mamba Guirassy a publie\u0301 un communique\u0301 pour revenir sur la porte\u0301e de sa visite a\u0300 l\u2019Archeve\u0302que. \"<em>Le de\u0301bat sur le voile au Se\u0301ne\u0301gal et les interpre\u0301tations qui en ont re\u0301sulte\u0301, e\u0301crit-il, nous e\u0301difient sur la vitalite\u0301 de notre socie\u0301te\u0301 et replacent en re\u0301alite\u0301 l\u2019enfant et le re\u0300glement inte\u0301rieur qui l\u2019encadre au c\u0153ur du de\u0301bat. L\u2019absence de de\u0301bat n\u2019est tre\u0300s souvent pas un bon signe pour une nation dans sa grande marche vers la prospe\u0301rite\u0301. L\u2019es- sentiel sera donc d\u2019avoir des dialogues de\u0301passionne\u0301s francs et since\u0300res entre toutes les parties prenantes\"<\/em>.<\/p>\n<p>Conciliant ou soucieux de de\u0301passer cette pole\u0301mique, il ajoute : \"<em>le fait religieux dans l\u2019e\u0301cole est depuis la nuit des temps dompte\u0301. Notre nation n\u2019a pas ce proble\u0300me. Ne lui en cre\u0301ons pas<\/em>\".<\/p>\n<\/div>\n<div class=\"column\">\n<p>Toujours est-il que Monseigneur Benjamin Ndiaye a salue\u0301 et magnifie\u0301 cette \"de\u0301marche\" du Premier ministre Ousmane Sonko et de son ministre de l\u2019Education Moustapha Guirassy. Devant le ministre et sa de\u0301le\u0301gation, il a dit : \"<em>Nous sommes, par notre mission, des collaborateurs dans un domaine fort important : celui de l\u2019e\u0301ducation. L\u2019e\u0301glise participe a\u0300 une mission qui nous est commune. Elle le fait avec des valeurs, mais qui sont ouvertes dans le respect et la promotion de chaque e\u0302tre humain. Je voudrais vraiment saluer l\u2019ouverture que vous montrez en venant jusqu\u2019ici pour renforcer cette collaboration. Il s\u2019agit de construire l\u2019homme se\u0301ne\u0301galais, pour ba\u0302tir une socie\u0301te\u0301 sur la base d\u2019une e\u0301ducation forte\"<\/em>. Mgr Ndiaye a termine\u0301 son propos par une prie\u0300re pour tous les acteurs de l\u2019e\u0301ducation de ce pays.<\/p>\n<\/div>\n<\/div>\n<\/div>\n<\/div>\n<div class='share-to-whatsapp-wrapper'><div class='share-on-whsp'>PARTAGER SUR : <\/div><a data-text='AFFAIRE VOILE A\u0300 L\u2019E\u0301COLE - Sonko de\u0301samorce la \"bombe\"' data-link='https:\/\/www.nettali.com\/2024\/08\/07\/affaire-voile-a-lecole-sonko-desamorce-la-bombe\/' class='whatsapp-button whatsapp-share'>WhatsApp<\/a><div class='clear '><\/div><\/div>","protected":false},"excerpt":{"rendered":"<p>NETTALI.COM - Suite au texte publie\u0301 par l\u2019abbe\u0301 Latyr Ndiaye conse\u0301cutif a\u0300 la sortie du Premier ministre Ousmane Sonko sur l\u2019interdiction du port du voile dans certaines e\u0301coles, le ministre de l\u2019E\u0301ducation nationale, Moustapha Mamba Guirassy, a rendu visite, le mardi 6 Ao\u00fbt a\u0300 l\u2019Archeve\u0302que de Dakar, Monseigneur Benjamin Ndiaye. C\u2019est sur instruction d\u2019Ousmane Sonko, [&hellip;]<\/p>\n","protected":false},"author":2,"featured_media":138347,"comment_status":"open","ping_status":"open","sticky":false,"template":"","format":"standard","meta":{"_et_pb_use_builder":"","_et_pb_old_content":""},"categories":[34945],"tags":[],"yoast_head":"<!-- This site is optimized with the Yoast SEO Premium plugin v17.8 (Yoast SEO v17.8) - https:\/\/yoast.com\/wordpress\/plugins\/seo\/ -->\n<title>AFFAIRE VOILE A\u0300 L\u2019E\u0301COLE - Sonko de\u0301samorce la &quot;bombe&quot; | Nettali.com<\/title>\n<meta name=\"robots\" content=\"index, follow, max-snippet:-1, max-image-preview:large, max-video-preview:-1\" \/>\n<link rel=\"canonical\" href=\"https:\/\/www.nettali.com\/2024\/08\/07\/affaire-voile-a-lecole-sonko-desamorce-la-bombe\/\" \/>\n<meta property=\"og:locale\" content=\"fr_FR\" \/>\n<meta property=\"og:type\" content=\"article\" \/>\n<meta property=\"og:title\" content=\"AFFAIRE VOILE A\u0300 L\u2019E\u0301COLE - Sonko de\u0301samorce la &quot;bombe&quot;\" \/>\n<meta property=\"og:description\" content=\"NETTALI.COM - Suite au texte publie\u0301 par l\u2019abbe\u0301 Latyr Ndiaye conse\u0301cutif a\u0300 la sortie du Premier ministre Ousmane Sonko sur l\u2019interdiction du port du voile dans certaines e\u0301coles, le ministre de l\u2019E\u0301ducation nationale, Moustapha Mamba Guirassy, a rendu visite, le mardi 6 Ao\u00fbt a\u0300 l\u2019Archeve\u0302que de Dakar, Monseigneur Benjamin Ndiaye. C\u2019est sur instruction d\u2019Ousmane Sonko, [&hellip;]\" \/>\n<meta property=\"og:url\" content=\"https:\/\/www.nettali.com\/2024\/08\/07\/affaire-voile-a-lecole-sonko-desamorce-la-bombe\/\" \/>\n<meta property=\"og:site_name\" content=\"Nettali.com\" \/>\n<meta property=\"article:publisher\" content=\"https:\/\/www.facebook.com\/nettalicom\" \/>\n<meta property=\"article:published_time\" content=\"2024-08-07T08:30:47+00:00\" \/>\n<meta property=\"article:modified_time\" content=\"2024-08-08T23:42:35+00:00\" \/>\n<meta property=\"og:image\" content=\"https:\/\/www.nettali.com\/wp-content\/uploads\/2024\/08\/sddefault.jpg\" \/>\n\t<meta property=\"og:image:width\" content=\"640\" \/>\n\t<meta property=\"og:image:height\" content=\"480\" \/>\n<meta name=\"twitter:card\" content=\"summary_large_image\" \/>\n<meta name=\"twitter:label1\" content=\"\u00c9crit par\" \/>\n\t<meta name=\"twitter:data1\" content=\"CK\" \/>\n\t<meta name=\"twitter:label2\" content=\"Dur\u00e9e de lecture estim\u00e9e\" \/>\n\t<meta name=\"twitter:data2\" content=\"3 minutes\" \/>\n<script type=\"application\/ld+json\" class=\"yoast-schema-graph\">{\"@context\":\"https:\/\/schema.org\",\"@graph\":[{\"@type\":\"WebSite\",\"@id\":\"https:\/\/www.nettali.com\/#website\",\"url\":\"https:\/\/www.nettali.com\/\",\"name\":\"Nettali.com\",\"description\":\"Le rendez-vous critique du Net\",\"potentialAction\":[{\"@type\":\"SearchAction\",\"target\":{\"@type\":\"EntryPoint\",\"urlTemplate\":\"https:\/\/www.nettali.com\/?s={search_term_string}\"},\"query-input\":\"required name=search_term_string\"}],\"inLanguage\":\"fr-FR\"},{\"@type\":\"ImageObject\",\"@id\":\"https:\/\/www.nettali.com\/2024\/08\/07\/affaire-voile-a-lecole-sonko-desamorce-la-bombe\/#primaryimage\",\"inLanguage\":\"fr-FR\",\"url\":\"https:\/\/www.nettali.com\/wp-content\/uploads\/2024\/08\/sddefault.jpg\",\"contentUrl\":\"https:\/\/www.nettali.com\/wp-content\/uploads\/2024\/08\/sddefault.jpg\",\"width\":640,\"height\":480},{\"@type\":\"WebPage\",\"@id\":\"https:\/\/www.nettali.com\/2024\/08\/07\/affaire-voile-a-lecole-sonko-desamorce-la-bombe\/#webpage\",\"url\":\"https:\/\/www.nettali.com\/2024\/08\/07\/affaire-voile-a-lecole-sonko-desamorce-la-bombe\/\",\"name\":\"AFFAIRE VOILE A\\u0300 L\\u2019E\\u0301COLE - Sonko de\\u0301samorce la \\\"bombe\\\" | Nettali.com\",\"isPartOf\":{\"@id\":\"https:\/\/www.nettali.com\/#website\"},\"primaryImageOfPage\":{\"@id\":\"https:\/\/www.nettali.com\/2024\/08\/07\/affaire-voile-a-lecole-sonko-desamorce-la-bombe\/#primaryimage\"},\"datePublished\":\"2024-08-07T08:30:47+00:00\",\"dateModified\":\"2024-08-08T23:42:35+00:00\",\"author\":{\"@id\":\"https:\/\/www.nettali.com\/#\/schema\/person\/d8ac7b7e27ddad43f1c0d2ef090d7f71\"},\"breadcrumb\":{\"@id\":\"https:\/\/www.nettali.com\/2024\/08\/07\/affaire-voile-a-lecole-sonko-desamorce-la-bombe\/#breadcrumb\"},\"inLanguage\":\"fr-FR\",\"potentialAction\":[{\"@type\":\"ReadAction\",\"target\":[\"https:\/\/www.nettali.com\/2024\/08\/07\/affaire-voile-a-lecole-sonko-desamorce-la-bombe\/\"]}]},{\"@type\":\"BreadcrumbList\",\"@id\":\"https:\/\/www.nettali.com\/2024\/08\/07\/affaire-voile-a-lecole-sonko-desamorce-la-bombe\/#breadcrumb\",\"itemListElement\":[{\"@type\":\"ListItem\",\"position\":1,\"name\":\"Accueil\",\"item\":\"https:\/\/www.nettali.com\/\"},{\"@type\":\"ListItem\",\"position\":2,\"name\":\"AFFAIRE VOILE A\\u0300 L\\u2019E\\u0301COLE - Sonko de\\u0301samorce la \\\"bombe\\\"\"}]},{\"@type\":\"Person\",\"@id\":\"https:\/\/www.nettali.com\/#\/schema\/person\/d8ac7b7e27ddad43f1c0d2ef090d7f71\",\"name\":\"CK\",\"image\":{\"@type\":\"ImageObject\",\"@id\":\"https:\/\/www.nettali.com\/#personlogo\",\"inLanguage\":\"fr-FR\",\"url\":\"https:\/\/secure.gravatar.com\/avatar\/1d8d5118b9327d94da7cd4ce7f17fec2?s=96&d=mm&r=g\",\"contentUrl\":\"https:\/\/secure.gravatar.com\/avatar\/1d8d5118b9327d94da7cd4ce7f17fec2?s=96&d=mm&r=g\",\"caption\":\"CK\"},\"sameAs\":[\"https:\/\/www.nettali.com\"]}]}<\/script>\n<!-- \/ Yoast SEO Premium plugin. -->","yoast_head_json":{"title":"AFFAIRE VOILE A\u0300 L\u2019E\u0301COLE - Sonko de\u0301samorce la \"bombe\" | Nettali.com","robots":{"index":"index","follow":"follow","max-snippet":"max-snippet:-1","max-image-preview":"max-image-preview:large","max-video-preview":"max-video-preview:-1"},"canonical":"https:\/\/www.nettali.com\/2024\/08\/07\/affaire-voile-a-lecole-sonko-desamorce-la-bombe\/","og_locale":"fr_FR","og_type":"article","og_title":"AFFAIRE VOILE A\u0300 L\u2019E\u0301COLE - Sonko de\u0301samorce la \"bombe\"","og_description":"NETTALI.COM - Suite au texte publie\u0301 par l\u2019abbe\u0301 Latyr Ndiaye conse\u0301cutif a\u0300 la sortie du Premier ministre Ousmane Sonko sur l\u2019interdiction du port du voile dans certaines e\u0301coles, le ministre de l\u2019E\u0301ducation nationale, Moustapha Mamba Guirassy, a rendu visite, le mardi 6 Ao\u00fbt a\u0300 l\u2019Archeve\u0302que de Dakar, Monseigneur Benjamin Ndiaye. C\u2019est sur instruction d\u2019Ousmane Sonko, [&hellip;]","og_url":"https:\/\/www.nettali.com\/2024\/08\/07\/affaire-voile-a-lecole-sonko-desamorce-la-bombe\/","og_site_name":"Nettali.com","article_publisher":"https:\/\/www.facebook.com\/nettalicom","article_published_time":"2024-08-07T08:30:47+00:00","article_modified_time":"2024-08-08T23:42:35+00:00","og_image":[{"width":640,"height":480,"url":"https:\/\/www.nettali.com\/wp-content\/uploads\/2024\/08\/sddefault.jpg","type":"image\/jpeg"}],"twitter_card":"summary_large_image","twitter_misc":{"\u00c9crit par":"CK","Dur\u00e9e de lecture estim\u00e9e":"3 minutes"},"schema":{"@context":"https:\/\/schema.org","@graph":[{"@type":"WebSite","@id":"https:\/\/www.nettali.com\/#website","url":"https:\/\/www.nettali.com\/","name":"Nettali.com","description":"Le rendez-vous critique du Net","potentialAction":[{"@type":"SearchAction","target":{"@type":"EntryPoint","urlTemplate":"https:\/\/www.nettali.com\/?s={search_term_string}"},"query-input":"required name=search_term_string"}],"inLanguage":"fr-FR"},{"@type":"ImageObject","@id":"https:\/\/www.nettali.com\/2024\/08\/07\/affaire-voile-a-lecole-sonko-desamorce-la-bombe\/#primaryimage","inLanguage":"fr-FR","url":"https:\/\/www.nettali.com\/wp-content\/uploads\/2024\/08\/sddefault.jpg","contentUrl":"https:\/\/www.nettali.com\/wp-content\/uploads\/2024\/08\/sddefault.jpg","width":640,"height":480},{"@type":"WebPage","@id":"https:\/\/www.nettali.com\/2024\/08\/07\/affaire-voile-a-lecole-sonko-desamorce-la-bombe\/#webpage","url":"https:\/\/www.nettali.com\/2024\/08\/07\/affaire-voile-a-lecole-sonko-desamorce-la-bombe\/","name":"AFFAIRE VOILE A\u0300 L\u2019E\u0301COLE - Sonko de\u0301samorce la \"bombe\" | Nettali.com","isPartOf":{"@id":"https:\/\/www.nettali.com\/#website"},"primaryImageOfPage":{"@id":"https:\/\/www.nettali.com\/2024\/08\/07\/affaire-voile-a-lecole-sonko-desamorce-la-bombe\/#primaryimage"},"datePublished":"2024-08-07T08:30:47+00:00","dateModified":"2024-08-08T23:42:35+00:00","author":{"@id":"https:\/\/www.nettali.com\/#\/schema\/person\/d8ac7b7e27ddad43f1c0d2ef090d7f71"},"breadcrumb":{"@id":"https:\/\/www.nettali.com\/2024\/08\/07\/affaire-voile-a-lecole-sonko-desamorce-la-bombe\/#breadcrumb"},"inLanguage":"fr-FR","potentialAction":[{"@type":"ReadAction","target":["https:\/\/www.nettali.com\/2024\/08\/07\/affaire-voile-a-lecole-sonko-desamorce-la-bombe\/"]}]},{"@type":"BreadcrumbList","@id":"https:\/\/www.nettali.com\/2024\/08\/07\/affaire-voile-a-lecole-sonko-desamorce-la-bombe\/#breadcrumb","itemListElement":[{"@type":"ListItem","position":1,"name":"Accueil","item":"https:\/\/www.nettali.com\/"},{"@type":"ListItem","position":2,"name":"AFFAIRE VOILE A\u0300 L\u2019E\u0301COLE - Sonko de\u0301samorce la \"bombe\""}]},{"@type":"Person","@id":"https:\/\/www.nettali.com\/#\/schema\/person\/d8ac7b7e27ddad43f1c0d2ef090d7f71","name":"CK","image":{"@type":"ImageObject","@id":"https:\/\/www.nettali.com\/#personlogo","inLanguage":"fr-FR","url":"https:\/\/secure.gravatar.com\/avatar\/1d8d5118b9327d94da7cd4ce7f17fec2?s=96&d=mm&r=g","contentUrl":"https:\/\/secure.gravatar.com\/avatar\/1d8d5118b9327d94da7cd4ce7f17fec2?s=96&d=mm&r=g","caption":"CK"},"sameAs":["https:\/\/www.nettali.com"]}]}},"_links":{"self":[{"href":"https:\/\/www.nettali.com\/rest\/wp\/v2\/posts\/138346"}],"collection":[{"href":"https:\/\/www.nettali.com\/rest\/wp\/v2\/posts"}],"about":[{"href":"https:\/\/www.nettali.com\/rest\/wp\/v2\/types\/post"}],"author":[{"embeddable":true,"href":"https:\/\/www.nettali.com\/rest\/wp\/v2\/users\/2"}],"replies":[{"embeddable":true,"href":"https:\/\/www.nettali.com\/rest\/wp\/v2\/comments?post=138346"}],"version-history":[{"count":1,"href":"https:\/\/www.nettali.com\/rest\/wp\/v2\/posts\/138346\/revisions"}],"predecessor-version":[{"id":138348,"href":"https:\/\/www.nettali.com\/rest\/wp\/v2\/posts\/138346\/revisions\/138348"}],"wp:featuredmedia":[{"embeddable":true,"href":"https:\/\/www.nettali.com\/rest\/wp\/v2\/media\/138347"}],"wp:attachment":[{"href":"https:\/\/www.nettali.com\/rest\/wp\/v2\/media?parent=138346"}],"wp:term":[{"taxonomy":"category","embeddable":true,"href":"https:\/\/www.nettali.com\/rest\/wp\/v2\/categories?post=138346"},{"taxonomy":"post_tag","embeddable":true,"href":"https:\/\/www.nettali.com\/rest\/wp\/v2\/tags?post=138346"}],"curies":[{"name":"wp","href":"https:\/\/api.w.org\/{rel}","templated":true}]}}